{"id":64189,"date":"2024-12-24T21:49:21","date_gmt":"2024-12-24T21:49:21","guid":{"rendered":"https:\/\/www.africa-press.net\/senegal\/politique\/saint-kitts-et-nevis-met-en-avant-la-reserve-de-biosphere-de-saint-marys-de-lunesco-comme-un-modele-de-reussite-regional"},"modified":"2024-12-27T10:48:26","modified_gmt":"2024-12-27T10:48:26","slug":"saint-kitts-et-nevis-met-en-avant-la-reserve-de-biosphere-de-saint-marys-de-lunesco-comme-un-modele-de-reussite-regional","status":"publish","type":"post","link":"https:\/\/www.africa-press.net\/senegal\/toutes-les-actualites\/saint-kitts-et-nevis-met-en-avant-la-reserve-de-biosphere-de-saint-marys-de-lunesco-comme-un-modele-de-reussite-regional","title":{"rendered":"Saint-Kitts-Et-Nevis Met en Avant la Re\u0301serve de Biosphe\u0300Re de Saint Mary\u2019S de L\u2019Unesco comme un Mode\u0300Le de Re\u0301ussite Re\u0301gional"},"content":{"rendered":"<p><span style=\"color: #ff6600\"><strong>Africa-Press &#8211; Senegal. <\/strong><\/span>Telca Wallace, coordinatrice nationale de la Re\u0301serve de Biosphe\u0300re de Saint Mary\u2019s, et l\u2019ambassadeur David P. Doyle, de\u0301le\u0301gue\u0301 permanent de la Fe\u0301de\u0301ration aupre\u0300s de l\u2019UNESCO a\u0300 Paris, ont re\u0301cemment participe\u0301 a\u0300 deux webinaires significatifs de l\u2019UNESCO. Ces e\u0301ve\u0301nements visaient a\u0300 montrer comment les petits E\u0301tats insulaires en de\u0301veloppement (PEID) abordent les de\u0301fis lie\u0301s a\u0300 la biodiversite\u0301 malgre\u0301 des ressources institutionnelles limite\u0301es. Ils avaient e\u0301galement pour objectif d\u2019inspirer les parties prenantes et de fournir des ide\u0301es concre\u0300tes pour atteindre les objectifs mondiaux en matie\u0300re de biodiversite\u0301 gra\u0302ce a\u0300 des strate\u0301gies collaboratives et adapte\u0301es au contexte local.<\/p>\n<p>Le premier webinaire, intitule\u0301 \u00ab De la COP16 a\u0300 l\u2019action locale: relier les objectifs mondiaux aux actions locales \u00bb, s\u2019est tenu le 15 novembre 2024. La Re\u0301serve de Biosphe\u0300re de Saint-Kitts-et-Nevis a e\u0301te\u0301 pre\u0301sente\u0301e comme une e\u0301tude de cas sur la connexion entre les engagements internationaux en matie\u0300re de biodiversite\u0301 et les efforts de conservation locaux dans les sites de\u0301signe\u0301s par l\u2019UNESCO. D\u2019autres exemples provenant de la re\u0301gion d\u2019Ame\u0301rique latine et des Carai\u0308bes ont e\u0301galement e\u0301te\u0301 partage\u0301s. Ce webinaire visait a\u0300 traduire les objectifs mondiaux en biodiversite\u0301 en strate\u0301gies concre\u0300tes et applicables aux re\u0301alite\u0301s locales.<\/p>\n<p>Un deuxie\u0300me webinaire de l\u2019UNESCO, organise\u0301 le 10 de\u0301cembre 2024, s\u2019est concentre\u0301 sur les de\u0301fis uniques auxquels font face les PEID dans la re\u0301duction durable des de\u0301chets. Sous le the\u0300me \u00ab Agir dans les sites de\u0301signe\u0301s par l\u2019UNESCO et les zones prote\u0301ge\u0301es \u00bb, Telca Wallace a mis en lumie\u0300re les proble\u0300mes lie\u0301s aux plastiques a\u0300 usage unique, en insistant sur le manque de sensibilisation aux impacts environnementaux de leur e\u0301limination incontro\u0302le\u0301e, les dommages cause\u0301s aux e\u0301cosyste\u0300mes et les menaces pour le secteur touristique de la Fe\u0301de\u0301ration.<\/p>\n<p>De\u0301but 2025, l\u2019UNESCO collaborera avec le gouvernement de Saint-Kitts-et-Nevis pour mettre en \u0153uvre et financer un cadre visant a\u0300 e\u0301liminer les plastiques a\u0300 usage unique dans la Re\u0301serve de Biosphe\u0300re de Saint Mary\u2019s (SMBR). Cette initiative s\u2019inscrit dans une strate\u0301gie nationale visant a\u0300 interdire progressivement l\u2019importation, la vente et la distribution de plastiques a\u0300 usage unique, avec une mise en \u0153uvre pre\u0301vue a\u0300 partir du 31 de\u0301cembre 2024. Joyelle Clarke, ministre de l\u2019Environnement et de l\u2019Action pour le Climat, a de\u0301clare\u0301: \u00ab L\u2019interdiction des plastiques a\u0300 usage unique est une e\u0301tape de\u0301cisive dans l\u2019engagement de notre gouvernement pour prote\u0301ger l\u2019environnement naturel et promouvoir un avenir durable pour notre nation insulaire. La Re\u0301serve de Biosphe\u0300re de Saint Mary\u2019s jouera un ro\u0302le cle\u0301 dans cette initiative en be\u0301ne\u0301ficiant de l\u2019expertise de l\u2019UNESCO. \u00bb<\/p>\n<p>Les experts de l\u2019UNESCO sont attendus a\u0300 Saint-Kitts-et-Nevis au premier trimestre 2025 pour mobiliser les parties prenantes et transformer la SMBR en un environnement sans bouteilles en plastique, en s\u2019inspirant d\u2019un mode\u0300le re\u0301ussi mis en \u0153uvre a\u0300 Sa\u0303o Tome\u0301-et-Pri\u0301ncipe.<\/p>\n<p>Antonio Abreu, directeur de la Division des Sciences E\u0301cologiques et de la Terre de l\u2019UNESCO, a salue\u0301 les efforts de la Fe\u0301de\u0301ration en matie\u0300re de biodiversite\u0301: \u00ab La Re\u0301serve de Biosphe\u0300re de Saint Mary\u2019s est un mode\u0300le vivant qui de\u0301montre l\u2019importance de concilier conservation de la nature, identite\u0301 culturelle et de\u0301veloppement socio-e\u0301conomique des communaute\u0301s locales. Cette vision inclusive fait de la re\u0301serve une source d\u2019inspiration pour d\u2019autres territoires insulaires. \u00bb<\/p>\n<p>Telca Wallace a exprime\u0301 son enthousiasme pour le projet: \u00ab Ce projet offre l\u2019opportunite\u0301 de renforcer les capacite\u0301s des autorite\u0301s responsables de l\u2019interdiction nationale des plastiques a\u0300 usage unique, tout en utilisant la SMBR comme cas d\u2019e\u0301tude pour e\u0301valuer l\u2019efficacite\u0301 des initiatives. Je suis honore\u0301e de diriger ces efforts. \u00bb<\/p>\n<p>Nerys Dockery, secre\u0301taire ge\u0301ne\u0301rale de la Commission nationale pour l\u2019UNESCO, a ajoute\u0301: \u00ab Je suis ravie que l\u2019UNESCO puisse fournir une assistance technique essentielle au gouvernement de Saint-Kitts-et-Nevis pour l\u2019accompagnement strate\u0301gique de l\u2019interdiction des plastiques pre\u0301vue en 2025. Ce projet met en e\u0301vidence l\u2019importance des partenariats pour promouvoir une i\u0302le durable. \u00bb<\/p>\n<p>Enfin, l\u2019ambassadeur David Doyle a re\u0301sume\u0301 l\u2019importance de la collaboration internationale: \u00ab Re\u0301pondre a\u0300 la perte de biodiversite\u0301 dans les petits E\u0301tats insulaires ne\u0301cessite de plus en plus des strate\u0301gies globales et une coope\u0301ration internationale pour surmonter les de\u0301fis uniques auxquels nous sommes confronte\u0301s. \u00bb<\/p>\n<p><strong>Pour plus d&rsquo;informations et d&rsquo;analyses sur la <span style=\"color: #ff6600\">Senegal<\/span>, suivez <span style=\"color: #ff6600\">Africa-Press<\/span><\/strong><\/p>\n","protected":false},"excerpt":{"rendered":"<p>Africa-Press &#8211; Senegal. Telca Wallace, coordinatrice nationale de la Re\u0301serve de Biosphe\u0300re de Saint Mary\u2019s, et l\u2019ambassadeur David P. Doyle, de\u0301le\u0301gue\u0301 permanent de la Fe\u0301de\u0301ration aupre\u0300s de l\u2019UNESCO a\u0300 Paris, ont re\u0301cemment participe\u0301 a\u0300 deux webinaires significatifs de l\u2019UNESCO. Ces e\u0301ve\u0301nements visaient a\u0300 montrer comment les petits E\u0301tats insulaires en de\u0301veloppement (PEID) abordent les de\u0301fis [&hellip;]<\/p>\n","protected":false},"author":82,"featured_media":64188,"comment_status":"open","ping_status":"closed","sticky":false,"template":"","format":"standard","meta":{"footnotes":""},"categories":[21,10],"tags":[44],"class_list":["post-64189","post","type-post","status-publish","format-standard","has-post-thumbnail","hentry","category-communaute","category-toutes-les-actualites","tag-senegal-2"],"yoast_head":"<!-- This site is optimized with the Yoast SEO Premium plugin v26.1 (Yoast SEO v27.0) - https:\/\/yoast.com\/product\/yoast-seo-premium-wordpress\/ -->\n<title>Saint-Kitts-Et-Nevis Met en Avant la Re\u0301serve de Biosphe\u0300Re de Saint Mary\u2019S de L\u2019Unesco comme un Mode\u0300Le de Re\u0301ussite Re\u0301gional - Senegal<\/title>\n<meta name=\"description\" content=\"Telca Wallace, coordinatrice nationale de la Re\u0301serve de Biosphe\u0300re de Saint Mary\u2019s, et l\u2019ambassadeur David P. Doyle, de ...\" \/>\n<meta name=\"robots\" content=\"index, follow, max-snippet:-1, max-image-preview:large, max-video-preview:-1\" \/>\n<link rel=\"canonical\" href=\"https:\/\/www.africa-press.net\/senegal\/toutes-les-actualites\/saint-kitts-et-nevis-met-en-avant-la-reserve-de-biosphere-de-saint-marys-de-lunesco-comme-un-modele-de-reussite-regional\" \/>\n<meta property=\"og:locale\" content=\"fr_FR\" \/>\n<meta property=\"og:type\" content=\"article\" \/>\n<meta property=\"og:title\" content=\"Saint-Kitts-Et-Nevis Met en Avant la Re\u0301serve de Biosphe\u0300Re de Saint Mary\u2019S de L\u2019Unesco comme un Mode\u0300Le de Re\u0301ussite Re\u0301gional\" \/>\n<meta property=\"og:description\" content=\"Telca Wallace, coordinatrice nationale de la Re\u0301serve de Biosphe\u0300re de Saint Mary\u2019s, et l\u2019ambassadeur David P. Doyle, de ...\" \/>\n<meta property=\"og:url\" content=\"https:\/\/www.africa-press.net\/senegal\/toutes-les-actualites\/saint-kitts-et-nevis-met-en-avant-la-reserve-de-biosphere-de-saint-marys-de-lunesco-comme-un-modele-de-reussite-regional\" \/>\n<meta property=\"og:site_name\" content=\"Senegal\" \/>\n<meta property=\"article:published_time\" content=\"2024-12-24T21:49:21+00:00\" \/>\n<meta property=\"article:modified_time\" content=\"2024-12-27T10:48:26+00:00\" \/>\n<meta property=\"og:image\" content=\"https:\/\/static.africa-press.net\/senegal\/sites\/13\/2024\/12\/sm_1735283764.23694.jpg\" \/>\n\t<meta property=\"og:image:width\" content=\"1024\" \/>\n\t<meta property=\"og:image:height\" content=\"512\" \/>\n\t<meta property=\"og:image:type\" content=\"image\/jpeg\" \/>\n<meta name=\"author\" content=\"cfeditorfr\" \/>\n<meta name=\"twitter:card\" content=\"summary_large_image\" \/>\n<meta name=\"twitter:label1\" content=\"\u00c9crit par\" \/>\n\t<meta name=\"twitter:data1\" content=\"cfeditorfr\" \/>\n\t<meta name=\"twitter:label2\" content=\"Dur\u00e9e de lecture estim\u00e9e\" \/>\n\t<meta name=\"twitter:data2\" content=\"4 minutes\" \/>\n<script type=\"application\/ld+json\" class=\"yoast-schema-graph\">{\"@context\":\"https:\/\/schema.org\",\"@graph\":[{\"@type\":\"Article\",\"@id\":\"https:\/\/www.africa-press.net\/senegal\/toutes-les-actualites\/saint-kitts-et-nevis-met-en-avant-la-reserve-de-biosphere-de-saint-marys-de-lunesco-comme-un-modele-de-reussite-regional#article\",\"isPartOf\":{\"@id\":\"https:\/\/www.africa-press.net\/senegal\/toutes-les-actualites\/saint-kitts-et-nevis-met-en-avant-la-reserve-de-biosphere-de-saint-marys-de-lunesco-comme-un-modele-de-reussite-regional\"},\"author\":{\"name\":\"cfeditorfr\",\"@id\":\"https:\/\/www.africa-press.net\/senegal\/#\/schema\/person\/2b1cf3cd81a31e3cd26889ca66d677f1\"},\"headline\":\"Saint-Kitts-Et-Nevis Met en Avant la Re\u0301serve de Biosphe\u0300Re de Saint Mary\u2019S de L\u2019Unesco comme un Mode\u0300Le de Re\u0301ussite Re\u0301gional\",\"datePublished\":\"2024-12-24T21:49:21+00:00\",\"dateModified\":\"2024-12-27T10:48:26+00:00\",\"mainEntityOfPage\":{\"@id\":\"https:\/\/www.africa-press.net\/senegal\/toutes-les-actualites\/saint-kitts-et-nevis-met-en-avant-la-reserve-de-biosphere-de-saint-marys-de-lunesco-comme-un-modele-de-reussite-regional\"},\"wordCount\":840,\"commentCount\":0,\"image\":{\"@id\":\"https:\/\/www.africa-press.net\/senegal\/toutes-les-actualites\/saint-kitts-et-nevis-met-en-avant-la-reserve-de-biosphere-de-saint-marys-de-lunesco-comme-un-modele-de-reussite-regional#primaryimage\"},\"thumbnailUrl\":\"https:\/\/static.africa-press.net\/senegal\/sites\/13\/2024\/12\/sm_1735283764.23694.jpg\",\"keywords\":[\"Senegal\"],\"articleSection\":[\"Communaut\u00e9\",\"Toutes les actualit\u00e9s\"],\"inLanguage\":\"fr-FR\",\"potentialAction\":[{\"@type\":\"CommentAction\",\"name\":\"Comment\",\"target\":[\"https:\/\/www.africa-press.net\/senegal\/toutes-les-actualites\/saint-kitts-et-nevis-met-en-avant-la-reserve-de-biosphere-de-saint-marys-de-lunesco-comme-un-modele-de-reussite-regional#respond\"]}]},{\"@type\":\"WebPage\",\"@id\":\"https:\/\/www.africa-press.net\/senegal\/toutes-les-actualites\/saint-kitts-et-nevis-met-en-avant-la-reserve-de-biosphere-de-saint-marys-de-lunesco-comme-un-modele-de-reussite-regional\",\"url\":\"https:\/\/www.africa-press.net\/senegal\/toutes-les-actualites\/saint-kitts-et-nevis-met-en-avant-la-reserve-de-biosphere-de-saint-marys-de-lunesco-comme-un-modele-de-reussite-regional\",\"name\":\"Saint-Kitts-Et-Nevis Met en Avant la Re\u0301serve de Biosphe\u0300Re de Saint Mary\u2019S de L\u2019Unesco comme un Mode\u0300Le de Re\u0301ussite Re\u0301gional - Senegal\",\"isPartOf\":{\"@id\":\"https:\/\/www.africa-press.net\/senegal\/#website\"},\"primaryImageOfPage\":{\"@id\":\"https:\/\/www.africa-press.net\/senegal\/toutes-les-actualites\/saint-kitts-et-nevis-met-en-avant-la-reserve-de-biosphere-de-saint-marys-de-lunesco-comme-un-modele-de-reussite-regional#primaryimage\"},\"image\":{\"@id\":\"https:\/\/www.africa-press.net\/senegal\/toutes-les-actualites\/saint-kitts-et-nevis-met-en-avant-la-reserve-de-biosphere-de-saint-marys-de-lunesco-comme-un-modele-de-reussite-regional#primaryimage\"},\"thumbnailUrl\":\"https:\/\/static.africa-press.net\/senegal\/sites\/13\/2024\/12\/sm_1735283764.23694.jpg\",\"datePublished\":\"2024-12-24T21:49:21+00:00\",\"dateModified\":\"2024-12-27T10:48:26+00:00\",\"author\":{\"@id\":\"https:\/\/www.africa-press.net\/senegal\/#\/schema\/person\/2b1cf3cd81a31e3cd26889ca66d677f1\"},\"description\":\"Telca Wallace, coordinatrice nationale de la Re\u0301serve de Biosphe\u0300re de Saint Mary\u2019s, et l\u2019ambassadeur David P. Doyle, de ...\",\"breadcrumb\":{\"@id\":\"https:\/\/www.africa-press.net\/senegal\/toutes-les-actualites\/saint-kitts-et-nevis-met-en-avant-la-reserve-de-biosphere-de-saint-marys-de-lunesco-comme-un-modele-de-reussite-regional#breadcrumb\"},\"inLanguage\":\"fr-FR\",\"potentialAction\":[{\"@type\":\"ReadAction\",\"target\":[\"https:\/\/www.africa-press.net\/senegal\/toutes-les-actualites\/saint-kitts-et-nevis-met-en-avant-la-reserve-de-biosphere-de-saint-marys-de-lunesco-comme-un-modele-de-reussite-regional\"]}]},{\"@type\":\"ImageObject\",\"inLanguage\":\"fr-FR\",\"@id\":\"https:\/\/www.africa-press.net\/senegal\/toutes-les-actualites\/saint-kitts-et-nevis-met-en-avant-la-reserve-de-biosphere-de-saint-marys-de-lunesco-comme-un-modele-de-reussite-regional#primaryimage\",\"url\":\"https:\/\/static.africa-press.net\/senegal\/sites\/13\/2024\/12\/sm_1735283764.23694.jpg\",\"contentUrl\":\"https:\/\/static.africa-press.net\/senegal\/sites\/13\/2024\/12\/sm_1735283764.23694.jpg\",\"width\":1024,\"height\":512,\"caption\":\"Saint-Kitts-Et-Nevis Met en Avant la Re\u0301serve de Biosphe\u0300Re de Saint Mary\u2019S de L\u2019Unesco comme un Mode\u0300Le de Re\u0301ussite Re\u0301gional\"},{\"@type\":\"BreadcrumbList\",\"@id\":\"https:\/\/www.africa-press.net\/senegal\/toutes-les-actualites\/saint-kitts-et-nevis-met-en-avant-la-reserve-de-biosphere-de-saint-marys-de-lunesco-comme-un-modele-de-reussite-regional#breadcrumb\",\"itemListElement\":[{\"@type\":\"ListItem\",\"position\":1,\"name\":\"Accueil\",\"item\":\"https:\/\/www.africa-press.net\/senegal\/\"},{\"@type\":\"ListItem\",\"position\":2,\"name\":\"Saint-Kitts-Et-Nevis Met en Avant la Re\u0301serve de Biosphe\u0300Re de Saint Mary\u2019S de L\u2019Unesco comme un Mode\u0300Le de Re\u0301ussite Re\u0301gional\"}]},{\"@type\":\"WebSite\",\"@id\":\"https:\/\/www.africa-press.net\/senegal\/#website\",\"url\":\"https:\/\/www.africa-press.net\/senegal\/\",\"name\":\"Africa Press | Senegal | Homepage\",\"description\":\"Just another Africa News Agency Sites site\",\"potentialAction\":[{\"@type\":\"SearchAction\",\"target\":{\"@type\":\"EntryPoint\",\"urlTemplate\":\"https:\/\/www.africa-press.net\/senegal\/?s={search_term_string}\"},\"query-input\":{\"@type\":\"PropertyValueSpecification\",\"valueRequired\":true,\"valueName\":\"search_term_string\"}}],\"inLanguage\":\"fr-FR\"},{\"@type\":\"Person\",\"@id\":\"https:\/\/www.africa-press.net\/senegal\/#\/schema\/person\/2b1cf3cd81a31e3cd26889ca66d677f1\",\"name\":\"cfeditorfr\",\"url\":\"https:\/\/www.africa-press.net\/senegal\/author\/cfeditorfr\"}]}<\/script>\n<!-- \/ Yoast SEO Premium plugin. -->","yoast_head_json":{"title":"Saint-Kitts-Et-Nevis Met en Avant la Re\u0301serve de Biosphe\u0300Re de Saint Mary\u2019S de L\u2019Unesco comme un Mode\u0300Le de Re\u0301ussite Re\u0301gional - Senegal","description":"Telca Wallace, coordinatrice nationale de la Re\u0301serve de Biosphe\u0300re de Saint Mary\u2019s, et l\u2019ambassadeur David P. Doyle, de ...","robots":{"index":"index","follow":"follow","max-snippet":"max-snippet:-1","max-image-preview":"max-image-preview:large","max-video-preview":"max-video-preview:-1"},"canonical":"https:\/\/www.africa-press.net\/senegal\/toutes-les-actualites\/saint-kitts-et-nevis-met-en-avant-la-reserve-de-biosphere-de-saint-marys-de-lunesco-comme-un-modele-de-reussite-regional","og_locale":"fr_FR","og_type":"article","og_title":"Saint-Kitts-Et-Nevis Met en Avant la Re\u0301serve de Biosphe\u0300Re de Saint Mary\u2019S de L\u2019Unesco comme un Mode\u0300Le de Re\u0301ussite Re\u0301gional","og_description":"Telca Wallace, coordinatrice nationale de la Re\u0301serve de Biosphe\u0300re de Saint Mary\u2019s, et l\u2019ambassadeur David P. Doyle, de ...","og_url":"https:\/\/www.africa-press.net\/senegal\/toutes-les-actualites\/saint-kitts-et-nevis-met-en-avant-la-reserve-de-biosphere-de-saint-marys-de-lunesco-comme-un-modele-de-reussite-regional","og_site_name":"Senegal","article_published_time":"2024-12-24T21:49:21+00:00","article_modified_time":"2024-12-27T10:48:26+00:00","og_image":[{"width":1024,"height":512,"url":"https:\/\/static.africa-press.net\/senegal\/sites\/13\/2024\/12\/sm_1735283764.23694.jpg","type":"image\/jpeg"}],"author":"cfeditorfr","twitter_card":"summary_large_image","twitter_misc":{"\u00c9crit par":"cfeditorfr","Dur\u00e9e de lecture estim\u00e9e":"4 minutes"},"schema":{"@context":"https:\/\/schema.org","@graph":[{"@type":"Article","@id":"https:\/\/www.africa-press.net\/senegal\/toutes-les-actualites\/saint-kitts-et-nevis-met-en-avant-la-reserve-de-biosphere-de-saint-marys-de-lunesco-comme-un-modele-de-reussite-regional#article","isPartOf":{"@id":"https:\/\/www.africa-press.net\/senegal\/toutes-les-actualites\/saint-kitts-et-nevis-met-en-avant-la-reserve-de-biosphere-de-saint-marys-de-lunesco-comme-un-modele-de-reussite-regional"},"author":{"name":"cfeditorfr","@id":"https:\/\/www.africa-press.net\/senegal\/#\/schema\/person\/2b1cf3cd81a31e3cd26889ca66d677f1"},"headline":"Saint-Kitts-Et-Nevis Met en Avant la Re\u0301serve de Biosphe\u0300Re de Saint Mary\u2019S de L\u2019Unesco comme un Mode\u0300Le de Re\u0301ussite Re\u0301gional","datePublished":"2024-12-24T21:49:21+00:00","dateModified":"2024-12-27T10:48:26+00:00","mainEntityOfPage":{"@id":"https:\/\/www.africa-press.net\/senegal\/toutes-les-actualites\/saint-kitts-et-nevis-met-en-avant-la-reserve-de-biosphere-de-saint-marys-de-lunesco-comme-un-modele-de-reussite-regional"},"wordCount":840,"commentCount":0,"image":{"@id":"https:\/\/www.africa-press.net\/senegal\/toutes-les-actualites\/saint-kitts-et-nevis-met-en-avant-la-reserve-de-biosphere-de-saint-marys-de-lunesco-comme-un-modele-de-reussite-regional#primaryimage"},"thumbnailUrl":"https:\/\/static.africa-press.net\/senegal\/sites\/13\/2024\/12\/sm_1735283764.23694.jpg","keywords":["Senegal"],"articleSection":["Communaut\u00e9","Toutes les actualit\u00e9s"],"inLanguage":"fr-FR","potentialAction":[{"@type":"CommentAction","name":"Comment","target":["https:\/\/www.africa-press.net\/senegal\/toutes-les-actualites\/saint-kitts-et-nevis-met-en-avant-la-reserve-de-biosphere-de-saint-marys-de-lunesco-comme-un-modele-de-reussite-regional#respond"]}]},{"@type":"WebPage","@id":"https:\/\/www.africa-press.net\/senegal\/toutes-les-actualites\/saint-kitts-et-nevis-met-en-avant-la-reserve-de-biosphere-de-saint-marys-de-lunesco-comme-un-modele-de-reussite-regional","url":"https:\/\/www.africa-press.net\/senegal\/toutes-les-actualites\/saint-kitts-et-nevis-met-en-avant-la-reserve-de-biosphere-de-saint-marys-de-lunesco-comme-un-modele-de-reussite-regional","name":"Saint-Kitts-Et-Nevis Met en Avant la Re\u0301serve de Biosphe\u0300Re de Saint Mary\u2019S de L\u2019Unesco comme un Mode\u0300Le de Re\u0301ussite Re\u0301gional - Senegal","isPartOf":{"@id":"https:\/\/www.africa-press.net\/senegal\/#website"},"primaryImageOfPage":{"@id":"https:\/\/www.africa-press.net\/senegal\/toutes-les-actualites\/saint-kitts-et-nevis-met-en-avant-la-reserve-de-biosphere-de-saint-marys-de-lunesco-comme-un-modele-de-reussite-regional#primaryimage"},"image":{"@id":"https:\/\/www.africa-press.net\/senegal\/toutes-les-actualites\/saint-kitts-et-nevis-met-en-avant-la-reserve-de-biosphere-de-saint-marys-de-lunesco-comme-un-modele-de-reussite-regional#primaryimage"},"thumbnailUrl":"https:\/\/static.africa-press.net\/senegal\/sites\/13\/2024\/12\/sm_1735283764.23694.jpg","datePublished":"2024-12-24T21:49:21+00:00","dateModified":"2024-12-27T10:48:26+00:00","author":{"@id":"https:\/\/www.africa-press.net\/senegal\/#\/schema\/person\/2b1cf3cd81a31e3cd26889ca66d677f1"},"description":"Telca Wallace, coordinatrice nationale de la Re\u0301serve de Biosphe\u0300re de Saint Mary\u2019s, et l\u2019ambassadeur David P. Doyle, de ...","breadcrumb":{"@id":"https:\/\/www.africa-press.net\/senegal\/toutes-les-actualites\/saint-kitts-et-nevis-met-en-avant-la-reserve-de-biosphere-de-saint-marys-de-lunesco-comme-un-modele-de-reussite-regional#breadcrumb"},"inLanguage":"fr-FR","potentialAction":[{"@type":"ReadAction","target":["https:\/\/www.africa-press.net\/senegal\/toutes-les-actualites\/saint-kitts-et-nevis-met-en-avant-la-reserve-de-biosphere-de-saint-marys-de-lunesco-comme-un-modele-de-reussite-regional"]}]},{"@type":"ImageObject","inLanguage":"fr-FR","@id":"https:\/\/www.africa-press.net\/senegal\/toutes-les-actualites\/saint-kitts-et-nevis-met-en-avant-la-reserve-de-biosphere-de-saint-marys-de-lunesco-comme-un-modele-de-reussite-regional#primaryimage","url":"https:\/\/static.africa-press.net\/senegal\/sites\/13\/2024\/12\/sm_1735283764.23694.jpg","contentUrl":"https:\/\/static.africa-press.net\/senegal\/sites\/13\/2024\/12\/sm_1735283764.23694.jpg","width":1024,"height":512,"caption":"Saint-Kitts-Et-Nevis Met en Avant la Re\u0301serve de Biosphe\u0300Re de Saint Mary\u2019S de L\u2019Unesco comme un Mode\u0300Le de Re\u0301ussite Re\u0301gional"},{"@type":"BreadcrumbList","@id":"https:\/\/www.africa-press.net\/senegal\/toutes-les-actualites\/saint-kitts-et-nevis-met-en-avant-la-reserve-de-biosphere-de-saint-marys-de-lunesco-comme-un-modele-de-reussite-regional#breadcrumb","itemListElement":[{"@type":"ListItem","position":1,"name":"Accueil","item":"https:\/\/www.africa-press.net\/senegal\/"},{"@type":"ListItem","position":2,"name":"Saint-Kitts-Et-Nevis Met en Avant la Re\u0301serve de Biosphe\u0300Re de Saint Mary\u2019S de L\u2019Unesco comme un Mode\u0300Le de Re\u0301ussite Re\u0301gional"}]},{"@type":"WebSite","@id":"https:\/\/www.africa-press.net\/senegal\/#website","url":"https:\/\/www.africa-press.net\/senegal\/","name":"Africa Press | Senegal | Homepage","description":"Just another Africa News Agency Sites site","potentialAction":[{"@type":"SearchAction","target":{"@type":"EntryPoint","urlTemplate":"https:\/\/www.africa-press.net\/senegal\/?s={search_term_string}"},"query-input":{"@type":"PropertyValueSpecification","valueRequired":true,"valueName":"search_term_string"}}],"inLanguage":"fr-FR"},{"@type":"Person","@id":"https:\/\/www.africa-press.net\/senegal\/#\/schema\/person\/2b1cf3cd81a31e3cd26889ca66d677f1","name":"cfeditorfr","url":"https:\/\/www.africa-press.net\/senegal\/author\/cfeditorfr"}]}},"_links":{"self":[{"href":"https:\/\/www.africa-press.net\/senegal\/wp-json\/wp\/v2\/posts\/64189","targetHints":{"allow":["GET"]}}],"collection":[{"href":"https:\/\/www.africa-press.net\/senegal\/wp-json\/wp\/v2\/posts"}],"about":[{"href":"https:\/\/www.africa-press.net\/senegal\/wp-json\/wp\/v2\/types\/post"}],"author":[{"embeddable":true,"href":"https:\/\/www.africa-press.net\/senegal\/wp-json\/wp\/v2\/users\/82"}],"replies":[{"embeddable":true,"href":"https:\/\/www.africa-press.net\/senegal\/wp-json\/wp\/v2\/comments?post=64189"}],"version-history":[{"count":0,"href":"https:\/\/www.africa-press.net\/senegal\/wp-json\/wp\/v2\/posts\/64189\/revisions"}],"wp:featuredmedia":[{"embeddable":true,"href":"https:\/\/www.africa-press.net\/senegal\/wp-json\/wp\/v2\/media\/64188"}],"wp:attachment":[{"href":"https:\/\/www.africa-press.net\/senegal\/wp-json\/wp\/v2\/media?parent=64189"}],"wp:term":[{"taxonomy":"category","embeddable":true,"href":"https:\/\/www.africa-press.net\/senegal\/wp-json\/wp\/v2\/categories?post=64189"},{"taxonomy":"post_tag","embeddable":true,"href":"https:\/\/www.africa-press.net\/senegal\/wp-json\/wp\/v2\/tags?post=64189"}],"curies":[{"name":"wp","href":"https:\/\/api.w.org\/{rel}","templated":true}]}}