{"id":64192,"date":"2024-12-27T10:03:17","date_gmt":"2024-12-27T10:03:17","guid":{"rendered":"https:\/\/www.africa-press.net\/senegal\/politique\/huit-candidats-en-lice-pour-succeder-a-adesina-a-la-presidence-de-la-bad-en-2025"},"modified":"2024-12-27T10:50:38","modified_gmt":"2024-12-27T10:50:38","slug":"huit-candidats-en-lice-pour-succeder-a-adesina-a-la-presidence-de-la-bad-en-2025","status":"publish","type":"post","link":"https:\/\/www.africa-press.net\/senegal\/dossiers\/huit-candidats-en-lice-pour-succeder-a-adesina-a-la-presidence-de-la-bad-en-2025","title":{"rendered":"Huit Candidats en Lice pour Succe\u0301der A\u0300 Adesina A\u0300 la Pre\u0301sidence de la BAD en 2025"},"content":{"rendered":"<p><span style=\"color: #ff6600\"><strong>Africa-Press &#8211; Senegal. <\/strong><\/span>En mai 2025, le mandat d\u2019Akinwumi Adesina a\u0300 la te\u0302te de la Banque africaine de de\u0301veloppement (BAD) prendra fin, ouvrant la voie a\u0300 l\u2019e\u0301lection d\u2019un nouveau pre\u0301sident.<\/p>\n<p>Plusieurs candidats ont de\u0301ja\u0300 manifeste\u0301 leur inte\u0301re\u0302t pour succe\u0301der a\u0300 Adesina, avec l\u2019intention de poursuivre son he\u0301ritage ou d\u2019orienter la Banque dans une nouvelle direction.<\/p>\n<p>Adesina, ancien ministre de l\u2019Agriculture du Nigeria, a e\u0301te\u0301 e\u0301lu pre\u0301sident de la BAD le 28 mai 2015. Re\u0301e\u0301lu a\u0300 l\u2019unanimite\u0301 pour un second mandat le 27 aou\u0302t 2020, son mandat s\u2019ache\u0300vera en mai 2025.<\/p>\n<p>Le pre\u0301sident de la BAD est e\u0301lu par le Conseil des gouverneurs pour un mandat renouvelable de cinq ans. Il supervise les ope\u0301rations quotidiennes de la Banque sous la direction du Conseil d\u2019administration, soutenu par un e\u0301conomiste en chef et cinq vice-pre\u0301sidents.<\/p>\n<p>Avec 82 pays membres (54 re\u0301gionaux et 28 non-re\u0301gionaux), la BAD accorde des pre\u0302ts et des subventions aux gouvernements, finance des projets de de\u0301veloppement et des programmes d\u2019assistance technique, et investit dans des entreprises prive\u0301es a\u0300 travers l\u2019Afrique.<\/p>\n<p><b>Dynamique de vote a\u0300 la BAD<\/b><\/p>\n<p>Les inte\u0301re\u0302ts de vote au sein de la Banque africaine de de\u0301veloppement sont influence\u0301s par des blocs re\u0301gionaux puissants, en particulier lorsqu\u2019un candidat de ces blocs est en lice.<\/p>\n<p>Ces blocs jouent un ro\u0302le significatif dans le fac\u0327onnement des re\u0301sultats des e\u0301lections en regroupant leurs votes pour renforcer leur influence. Cependant, les inte\u0301re\u0302ts individuels des pays peuvent parfois l\u2019emporter sur les accords de bloc, certains choisissant de soutenir un candidat mieux aligne\u0301 sur leurs perspectives e\u0301conomiques.<\/p>\n<p>Voici les principaux candidats de\u0301clare\u0301s a\u0300 la succession d\u2019Akinwumi Adesina:<\/p>\n<p><b>Abbas Mahamat Tolli<\/b><\/p>\n<p>Pays: Tchad<\/p>\n<p>Premier a\u0300 de\u0301clarer sa candidature en fe\u0301vrier 2024, Tolli be\u0301ne\u0301ficie du soutien de la CEMAC depuis janvier et de la CEAC depuis fe\u0301vrier.<\/p>\n<p><b>Albert Zeufack<\/b><\/p>\n<p>Pays: Cameroun<\/p>\n<p>Directeur pays de la Banque mondiale pour plusieurs nations africaines, sa candidature est compromise par l\u2019absence de soutien officiel de son pays, en raison de l\u2019appui de la CEMAC a\u0300 Abbas Mahamat Tolli.<\/p>\n<p><b>Rabah Arezki<\/b><\/p>\n<p>Pays: Alge\u0301rie<\/p>\n<p>E\u0301conomiste en chef a\u0300 la BAD depuis 2020, Arezki a occupe\u0301 des postes cle\u0301s au sein de la Banque mondiale et du FMI.<\/p>\n<p><b>Amadou Hott<\/b><\/p>\n<p>Pays: Se\u0301ne\u0301gal<\/p>\n<p>Ancien envoye\u0301 spe\u0301cial pour l\u2019Alliance pour les infrastructures vertes en Afrique, Hott a quitte\u0301 son poste en septembre pour se lancer officiellement dans la course, soutenu par le pre\u0301sident du Se\u0301ne\u0301gal.<\/p>\n<p><b>Samuel Munzele Maimbo<\/b><\/p>\n<p>Pays: Zambie<\/p>\n<p>Vice-pre\u0301sident a\u0300 la Banque mondiale, Maimbo be\u0301ne\u0301ficie d\u2019un fort soutien de la SADC et du COMESA, renforc\u0327ant ses chances dans la re\u0301gion.<\/p>\n<p><b>Ousmane Kane<\/b><\/p>\n<p>Pays: Mauritanie<\/p>\n<p>Ancien vice-pre\u0301sident de la BAD, Kane se distingue par son engagement pour un de\u0301veloppement inclusif et durable.<\/p>\n<p><b>Bajabulile Swazi Tshabalala<\/b><\/p>\n<p>Pays: Afrique du Sud<\/p>\n<p>Ancienne vice-pre\u0301sidente senior de la BAD, Tshabalala a de\u0301missionne\u0301 pour se concentrer sur sa campagne, soutenue par son gouvernement, malgre\u0301 des tensions au sein de la SADC.<\/p>\n<p><b>Romuald Wadagni<\/b><\/p>\n<p>Pays: Be\u0301nin<\/p>\n<p>Ministre de l&rsquo;E\u0301conomie et des Finances, Wadagni a annonce\u0301 sa candidature avec un appui financier de 2 millions de dollars pour le Fonds africain de de\u0301veloppement.<\/p>\n<p><b>De\u0301fis pour la BAD<\/b><\/p>\n<p>Le rapport Africa Report souligne les frustrations croissantes des pays francophones concernant un pre\u0301tendu favoritisme envers l\u2019Afrique anglophone. Cependant, la BAD re\u0301fute ces accusations, affirmant que ses investissements profitent e\u0301quitablement aux pays francophones et anglophones.<\/p>\n<p>L\u2019e\u0301lection du successeur d\u2019Adesina se tiendra le 29 mai 2025, lors de l\u2019Assemble\u0301e annuelle de la BAD a\u0300 Abidjan, pre\u0301vue du 26 au 30 mai 2025.<\/p>\n<p><strong>Pour plus d&rsquo;informations et d&rsquo;analyses sur la <span style=\"color: #ff6600\">Senegal<\/span>, suivez <span style=\"color: #ff6600\">Africa-Press<\/span><\/strong><\/p>\n","protected":false},"excerpt":{"rendered":"<p>Africa-Press &#8211; Senegal. En mai 2025, le mandat d\u2019Akinwumi Adesina a\u0300 la te\u0302te de la Banque africaine de de\u0301veloppement (BAD) prendra fin, ouvrant la voie a\u0300 l\u2019e\u0301lection d\u2019un nouveau pre\u0301sident. Plusieurs candidats ont de\u0301ja\u0300 manifeste\u0301 leur inte\u0301re\u0302t pour succe\u0301der a\u0300 Adesina, avec l\u2019intention de poursuivre son he\u0301ritage ou d\u2019orienter la Banque dans une nouvelle direction. [&hellip;]<\/p>\n","protected":false},"author":82,"featured_media":64191,"comment_status":"open","ping_status":"closed","sticky":false,"template":"","format":"standard","meta":{"footnotes":""},"categories":[7,10],"tags":[44],"class_list":["post-64192","post","type-post","status-publish","format-standard","has-post-thumbnail","hentry","category-dossiers","category-toutes-les-actualites","tag-senegal-2"],"yoast_head":"<!-- This site is optimized with the Yoast SEO Premium plugin v26.1 (Yoast SEO v27.0) - https:\/\/yoast.com\/product\/yoast-seo-premium-wordpress\/ -->\n<title>Huit Candidats en Lice pour Succe\u0301der A\u0300 Adesina A\u0300 la Pre\u0301sidence de la BAD en 2025 - Senegal<\/title>\n<meta name=\"description\" content=\"En mai 2025, le mandat d\u2019Akinwumi Adesina a\u0300 la te\u0302te de la Banque africaine de de\u0301veloppement (BAD) prendra fin, ouvran ...\" \/>\n<meta name=\"robots\" content=\"index, follow, max-snippet:-1, max-image-preview:large, max-video-preview:-1\" \/>\n<link rel=\"canonical\" href=\"https:\/\/www.africa-press.net\/senegal\/dossiers\/huit-candidats-en-lice-pour-succeder-a-adesina-a-la-presidence-de-la-bad-en-2025\" \/>\n<meta property=\"og:locale\" content=\"fr_FR\" \/>\n<meta property=\"og:type\" content=\"article\" \/>\n<meta property=\"og:title\" content=\"Huit Candidats en Lice pour Succe\u0301der A\u0300 Adesina A\u0300 la Pre\u0301sidence de la BAD en 2025\" \/>\n<meta property=\"og:description\" content=\"En mai 2025, le mandat d\u2019Akinwumi Adesina a\u0300 la te\u0302te de la Banque africaine de de\u0301veloppement (BAD) prendra fin, ouvran ...\" \/>\n<meta property=\"og:url\" content=\"https:\/\/www.africa-press.net\/senegal\/dossiers\/huit-candidats-en-lice-pour-succeder-a-adesina-a-la-presidence-de-la-bad-en-2025\" \/>\n<meta property=\"og:site_name\" content=\"Senegal\" \/>\n<meta property=\"article:published_time\" content=\"2024-12-27T10:03:17+00:00\" \/>\n<meta property=\"article:modified_time\" content=\"2024-12-27T10:50:38+00:00\" \/>\n<meta property=\"og:image\" content=\"https:\/\/static.africa-press.net\/senegal\/sites\/13\/2024\/12\/sm_1735283867.705304.jpg\" \/>\n\t<meta property=\"og:image:width\" content=\"976\" \/>\n\t<meta property=\"og:image:height\" content=\"653\" \/>\n\t<meta property=\"og:image:type\" content=\"image\/jpeg\" \/>\n<meta name=\"author\" content=\"cfeditorfr\" \/>\n<meta name=\"twitter:card\" content=\"summary_large_image\" \/>\n<meta name=\"twitter:label1\" content=\"\u00c9crit par\" \/>\n\t<meta name=\"twitter:data1\" content=\"cfeditorfr\" \/>\n\t<meta name=\"twitter:label2\" content=\"Dur\u00e9e de lecture estim\u00e9e\" \/>\n\t<meta name=\"twitter:data2\" content=\"3 minutes\" \/>\n<script type=\"application\/ld+json\" class=\"yoast-schema-graph\">{\"@context\":\"https:\/\/schema.org\",\"@graph\":[{\"@type\":\"Article\",\"@id\":\"https:\/\/www.africa-press.net\/senegal\/dossiers\/huit-candidats-en-lice-pour-succeder-a-adesina-a-la-presidence-de-la-bad-en-2025#article\",\"isPartOf\":{\"@id\":\"https:\/\/www.africa-press.net\/senegal\/dossiers\/huit-candidats-en-lice-pour-succeder-a-adesina-a-la-presidence-de-la-bad-en-2025\"},\"author\":{\"name\":\"cfeditorfr\",\"@id\":\"https:\/\/www.africa-press.net\/senegal\/#\/schema\/person\/2b1cf3cd81a31e3cd26889ca66d677f1\"},\"headline\":\"Huit Candidats en Lice pour Succe\u0301der A\u0300 Adesina A\u0300 la Pre\u0301sidence de la BAD en 2025\",\"datePublished\":\"2024-12-27T10:03:17+00:00\",\"dateModified\":\"2024-12-27T10:50:38+00:00\",\"mainEntityOfPage\":{\"@id\":\"https:\/\/www.africa-press.net\/senegal\/dossiers\/huit-candidats-en-lice-pour-succeder-a-adesina-a-la-presidence-de-la-bad-en-2025\"},\"wordCount\":674,\"commentCount\":0,\"image\":{\"@id\":\"https:\/\/www.africa-press.net\/senegal\/dossiers\/huit-candidats-en-lice-pour-succeder-a-adesina-a-la-presidence-de-la-bad-en-2025#primaryimage\"},\"thumbnailUrl\":\"https:\/\/static.africa-press.net\/senegal\/sites\/13\/2024\/12\/sm_1735283867.705304.jpg\",\"keywords\":[\"Senegal\"],\"articleSection\":[\"Dossiers\",\"Toutes les actualit\u00e9s\"],\"inLanguage\":\"fr-FR\",\"potentialAction\":[{\"@type\":\"CommentAction\",\"name\":\"Comment\",\"target\":[\"https:\/\/www.africa-press.net\/senegal\/dossiers\/huit-candidats-en-lice-pour-succeder-a-adesina-a-la-presidence-de-la-bad-en-2025#respond\"]}]},{\"@type\":\"WebPage\",\"@id\":\"https:\/\/www.africa-press.net\/senegal\/dossiers\/huit-candidats-en-lice-pour-succeder-a-adesina-a-la-presidence-de-la-bad-en-2025\",\"url\":\"https:\/\/www.africa-press.net\/senegal\/dossiers\/huit-candidats-en-lice-pour-succeder-a-adesina-a-la-presidence-de-la-bad-en-2025\",\"name\":\"Huit Candidats en Lice pour Succe\u0301der A\u0300 Adesina A\u0300 la Pre\u0301sidence de la BAD en 2025 - Senegal\",\"isPartOf\":{\"@id\":\"https:\/\/www.africa-press.net\/senegal\/#website\"},\"primaryImageOfPage\":{\"@id\":\"https:\/\/www.africa-press.net\/senegal\/dossiers\/huit-candidats-en-lice-pour-succeder-a-adesina-a-la-presidence-de-la-bad-en-2025#primaryimage\"},\"image\":{\"@id\":\"https:\/\/www.africa-press.net\/senegal\/dossiers\/huit-candidats-en-lice-pour-succeder-a-adesina-a-la-presidence-de-la-bad-en-2025#primaryimage\"},\"thumbnailUrl\":\"https:\/\/static.africa-press.net\/senegal\/sites\/13\/2024\/12\/sm_1735283867.705304.jpg\",\"datePublished\":\"2024-12-27T10:03:17+00:00\",\"dateModified\":\"2024-12-27T10:50:38+00:00\",\"author\":{\"@id\":\"https:\/\/www.africa-press.net\/senegal\/#\/schema\/person\/2b1cf3cd81a31e3cd26889ca66d677f1\"},\"description\":\"En mai 2025, le mandat d\u2019Akinwumi Adesina a\u0300 la te\u0302te de la Banque africaine de de\u0301veloppement (BAD) prendra fin, ouvran ...\",\"breadcrumb\":{\"@id\":\"https:\/\/www.africa-press.net\/senegal\/dossiers\/huit-candidats-en-lice-pour-succeder-a-adesina-a-la-presidence-de-la-bad-en-2025#breadcrumb\"},\"inLanguage\":\"fr-FR\",\"potentialAction\":[{\"@type\":\"ReadAction\",\"target\":[\"https:\/\/www.africa-press.net\/senegal\/dossiers\/huit-candidats-en-lice-pour-succeder-a-adesina-a-la-presidence-de-la-bad-en-2025\"]}]},{\"@type\":\"ImageObject\",\"inLanguage\":\"fr-FR\",\"@id\":\"https:\/\/www.africa-press.net\/senegal\/dossiers\/huit-candidats-en-lice-pour-succeder-a-adesina-a-la-presidence-de-la-bad-en-2025#primaryimage\",\"url\":\"https:\/\/static.africa-press.net\/senegal\/sites\/13\/2024\/12\/sm_1735283867.705304.jpg\",\"contentUrl\":\"https:\/\/static.africa-press.net\/senegal\/sites\/13\/2024\/12\/sm_1735283867.705304.jpg\",\"width\":976,\"height\":653,\"caption\":\"Huit Candidats en Lice pour Succe\u0301der A\u0300 Adesina A\u0300 la Pre\u0301sidence de la BAD en 2025\"},{\"@type\":\"BreadcrumbList\",\"@id\":\"https:\/\/www.africa-press.net\/senegal\/dossiers\/huit-candidats-en-lice-pour-succeder-a-adesina-a-la-presidence-de-la-bad-en-2025#breadcrumb\",\"itemListElement\":[{\"@type\":\"ListItem\",\"position\":1,\"name\":\"Accueil\",\"item\":\"https:\/\/www.africa-press.net\/senegal\/\"},{\"@type\":\"ListItem\",\"position\":2,\"name\":\"Huit Candidats en Lice pour Succe\u0301der A\u0300 Adesina A\u0300 la Pre\u0301sidence de la BAD en 2025\"}]},{\"@type\":\"WebSite\",\"@id\":\"https:\/\/www.africa-press.net\/senegal\/#website\",\"url\":\"https:\/\/www.africa-press.net\/senegal\/\",\"name\":\"Africa Press | Senegal | Homepage\",\"description\":\"Just another Africa News Agency Sites site\",\"potentialAction\":[{\"@type\":\"SearchAction\",\"target\":{\"@type\":\"EntryPoint\",\"urlTemplate\":\"https:\/\/www.africa-press.net\/senegal\/?s={search_term_string}\"},\"query-input\":{\"@type\":\"PropertyValueSpecification\",\"valueRequired\":true,\"valueName\":\"search_term_string\"}}],\"inLanguage\":\"fr-FR\"},{\"@type\":\"Person\",\"@id\":\"https:\/\/www.africa-press.net\/senegal\/#\/schema\/person\/2b1cf3cd81a31e3cd26889ca66d677f1\",\"name\":\"cfeditorfr\",\"url\":\"https:\/\/www.africa-press.net\/senegal\/author\/cfeditorfr\"}]}<\/script>\n<!-- \/ Yoast SEO Premium plugin. -->","yoast_head_json":{"title":"Huit Candidats en Lice pour Succe\u0301der A\u0300 Adesina A\u0300 la Pre\u0301sidence de la BAD en 2025 - Senegal","description":"En mai 2025, le mandat d\u2019Akinwumi Adesina a\u0300 la te\u0302te de la Banque africaine de de\u0301veloppement (BAD) prendra fin, ouvran ...","robots":{"index":"index","follow":"follow","max-snippet":"max-snippet:-1","max-image-preview":"max-image-preview:large","max-video-preview":"max-video-preview:-1"},"canonical":"https:\/\/www.africa-press.net\/senegal\/dossiers\/huit-candidats-en-lice-pour-succeder-a-adesina-a-la-presidence-de-la-bad-en-2025","og_locale":"fr_FR","og_type":"article","og_title":"Huit Candidats en Lice pour Succe\u0301der A\u0300 Adesina A\u0300 la Pre\u0301sidence de la BAD en 2025","og_description":"En mai 2025, le mandat d\u2019Akinwumi Adesina a\u0300 la te\u0302te de la Banque africaine de de\u0301veloppement (BAD) prendra fin, ouvran ...","og_url":"https:\/\/www.africa-press.net\/senegal\/dossiers\/huit-candidats-en-lice-pour-succeder-a-adesina-a-la-presidence-de-la-bad-en-2025","og_site_name":"Senegal","article_published_time":"2024-12-27T10:03:17+00:00","article_modified_time":"2024-12-27T10:50:38+00:00","og_image":[{"width":976,"height":653,"url":"https:\/\/static.africa-press.net\/senegal\/sites\/13\/2024\/12\/sm_1735283867.705304.jpg","type":"image\/jpeg"}],"author":"cfeditorfr","twitter_card":"summary_large_image","twitter_misc":{"\u00c9crit par":"cfeditorfr","Dur\u00e9e de lecture estim\u00e9e":"3 minutes"},"schema":{"@context":"https:\/\/schema.org","@graph":[{"@type":"Article","@id":"https:\/\/www.africa-press.net\/senegal\/dossiers\/huit-candidats-en-lice-pour-succeder-a-adesina-a-la-presidence-de-la-bad-en-2025#article","isPartOf":{"@id":"https:\/\/www.africa-press.net\/senegal\/dossiers\/huit-candidats-en-lice-pour-succeder-a-adesina-a-la-presidence-de-la-bad-en-2025"},"author":{"name":"cfeditorfr","@id":"https:\/\/www.africa-press.net\/senegal\/#\/schema\/person\/2b1cf3cd81a31e3cd26889ca66d677f1"},"headline":"Huit Candidats en Lice pour Succe\u0301der A\u0300 Adesina A\u0300 la Pre\u0301sidence de la BAD en 2025","datePublished":"2024-12-27T10:03:17+00:00","dateModified":"2024-12-27T10:50:38+00:00","mainEntityOfPage":{"@id":"https:\/\/www.africa-press.net\/senegal\/dossiers\/huit-candidats-en-lice-pour-succeder-a-adesina-a-la-presidence-de-la-bad-en-2025"},"wordCount":674,"commentCount":0,"image":{"@id":"https:\/\/www.africa-press.net\/senegal\/dossiers\/huit-candidats-en-lice-pour-succeder-a-adesina-a-la-presidence-de-la-bad-en-2025#primaryimage"},"thumbnailUrl":"https:\/\/static.africa-press.net\/senegal\/sites\/13\/2024\/12\/sm_1735283867.705304.jpg","keywords":["Senegal"],"articleSection":["Dossiers","Toutes les actualit\u00e9s"],"inLanguage":"fr-FR","potentialAction":[{"@type":"CommentAction","name":"Comment","target":["https:\/\/www.africa-press.net\/senegal\/dossiers\/huit-candidats-en-lice-pour-succeder-a-adesina-a-la-presidence-de-la-bad-en-2025#respond"]}]},{"@type":"WebPage","@id":"https:\/\/www.africa-press.net\/senegal\/dossiers\/huit-candidats-en-lice-pour-succeder-a-adesina-a-la-presidence-de-la-bad-en-2025","url":"https:\/\/www.africa-press.net\/senegal\/dossiers\/huit-candidats-en-lice-pour-succeder-a-adesina-a-la-presidence-de-la-bad-en-2025","name":"Huit Candidats en Lice pour Succe\u0301der A\u0300 Adesina A\u0300 la Pre\u0301sidence de la BAD en 2025 - Senegal","isPartOf":{"@id":"https:\/\/www.africa-press.net\/senegal\/#website"},"primaryImageOfPage":{"@id":"https:\/\/www.africa-press.net\/senegal\/dossiers\/huit-candidats-en-lice-pour-succeder-a-adesina-a-la-presidence-de-la-bad-en-2025#primaryimage"},"image":{"@id":"https:\/\/www.africa-press.net\/senegal\/dossiers\/huit-candidats-en-lice-pour-succeder-a-adesina-a-la-presidence-de-la-bad-en-2025#primaryimage"},"thumbnailUrl":"https:\/\/static.africa-press.net\/senegal\/sites\/13\/2024\/12\/sm_1735283867.705304.jpg","datePublished":"2024-12-27T10:03:17+00:00","dateModified":"2024-12-27T10:50:38+00:00","author":{"@id":"https:\/\/www.africa-press.net\/senegal\/#\/schema\/person\/2b1cf3cd81a31e3cd26889ca66d677f1"},"description":"En mai 2025, le mandat d\u2019Akinwumi Adesina a\u0300 la te\u0302te de la Banque africaine de de\u0301veloppement (BAD) prendra fin, ouvran ...","breadcrumb":{"@id":"https:\/\/www.africa-press.net\/senegal\/dossiers\/huit-candidats-en-lice-pour-succeder-a-adesina-a-la-presidence-de-la-bad-en-2025#breadcrumb"},"inLanguage":"fr-FR","potentialAction":[{"@type":"ReadAction","target":["https:\/\/www.africa-press.net\/senegal\/dossiers\/huit-candidats-en-lice-pour-succeder-a-adesina-a-la-presidence-de-la-bad-en-2025"]}]},{"@type":"ImageObject","inLanguage":"fr-FR","@id":"https:\/\/www.africa-press.net\/senegal\/dossiers\/huit-candidats-en-lice-pour-succeder-a-adesina-a-la-presidence-de-la-bad-en-2025#primaryimage","url":"https:\/\/static.africa-press.net\/senegal\/sites\/13\/2024\/12\/sm_1735283867.705304.jpg","contentUrl":"https:\/\/static.africa-press.net\/senegal\/sites\/13\/2024\/12\/sm_1735283867.705304.jpg","width":976,"height":653,"caption":"Huit Candidats en Lice pour Succe\u0301der A\u0300 Adesina A\u0300 la Pre\u0301sidence de la BAD en 2025"},{"@type":"BreadcrumbList","@id":"https:\/\/www.africa-press.net\/senegal\/dossiers\/huit-candidats-en-lice-pour-succeder-a-adesina-a-la-presidence-de-la-bad-en-2025#breadcrumb","itemListElement":[{"@type":"ListItem","position":1,"name":"Accueil","item":"https:\/\/www.africa-press.net\/senegal\/"},{"@type":"ListItem","position":2,"name":"Huit Candidats en Lice pour Succe\u0301der A\u0300 Adesina A\u0300 la Pre\u0301sidence de la BAD en 2025"}]},{"@type":"WebSite","@id":"https:\/\/www.africa-press.net\/senegal\/#website","url":"https:\/\/www.africa-press.net\/senegal\/","name":"Africa Press | Senegal | Homepage","description":"Just another Africa News Agency Sites site","potentialAction":[{"@type":"SearchAction","target":{"@type":"EntryPoint","urlTemplate":"https:\/\/www.africa-press.net\/senegal\/?s={search_term_string}"},"query-input":{"@type":"PropertyValueSpecification","valueRequired":true,"valueName":"search_term_string"}}],"inLanguage":"fr-FR"},{"@type":"Person","@id":"https:\/\/www.africa-press.net\/senegal\/#\/schema\/person\/2b1cf3cd81a31e3cd26889ca66d677f1","name":"cfeditorfr","url":"https:\/\/www.africa-press.net\/senegal\/author\/cfeditorfr"}]}},"_links":{"self":[{"href":"https:\/\/www.africa-press.net\/senegal\/wp-json\/wp\/v2\/posts\/64192","targetHints":{"allow":["GET"]}}],"collection":[{"href":"https:\/\/www.africa-press.net\/senegal\/wp-json\/wp\/v2\/posts"}],"about":[{"href":"https:\/\/www.africa-press.net\/senegal\/wp-json\/wp\/v2\/types\/post"}],"author":[{"embeddable":true,"href":"https:\/\/www.africa-press.net\/senegal\/wp-json\/wp\/v2\/users\/82"}],"replies":[{"embeddable":true,"href":"https:\/\/www.africa-press.net\/senegal\/wp-json\/wp\/v2\/comments?post=64192"}],"version-history":[{"count":0,"href":"https:\/\/www.africa-press.net\/senegal\/wp-json\/wp\/v2\/posts\/64192\/revisions"}],"wp:featuredmedia":[{"embeddable":true,"href":"https:\/\/www.africa-press.net\/senegal\/wp-json\/wp\/v2\/media\/64191"}],"wp:attachment":[{"href":"https:\/\/www.africa-press.net\/senegal\/wp-json\/wp\/v2\/media?parent=64192"}],"wp:term":[{"taxonomy":"category","embeddable":true,"href":"https:\/\/www.africa-press.net\/senegal\/wp-json\/wp\/v2\/categories?post=64192"},{"taxonomy":"post_tag","embeddable":true,"href":"https:\/\/www.africa-press.net\/senegal\/wp-json\/wp\/v2\/tags?post=64192"}],"curies":[{"name":"wp","href":"https:\/\/api.w.org\/{rel}","templated":true}]}}