{"id":64231,"date":"2024-12-27T15:59:48","date_gmt":"2024-12-27T15:59:48","guid":{"rendered":"https:\/\/www.africa-press.net\/senegal\/politique\/une-journee-innovation-et-climat-organisee-par-3m-engage-lindustrie"},"modified":"2024-12-28T06:19:46","modified_gmt":"2024-12-28T06:19:46","slug":"une-journee-innovation-et-climat-organisee-par-3m-engage-lindustrie","status":"publish","type":"post","link":"https:\/\/www.africa-press.net\/senegal\/toutes-les-actualites\/une-journee-innovation-et-climat-organisee-par-3m-engage-lindustrie","title":{"rendered":"Une Journe\u0301e Innovation et Climat Organise\u0301e par 3M Engage L\u2019Industrie"},"content":{"rendered":"<p><b>Source: futura-sciences<\/b><\/p>\n<p><span style=\"color: #ff6600\"><strong>Africa-Press &#8211; Senegal. <\/strong><\/span>En tant qu&rsquo;acteur cle\u0301 de l&rsquo;industrie, 3M conside\u0300re qu&rsquo;il est de sa responsabilite\u0301 de jouer un ro\u0302le majeur dans la lutte contre le re\u0301chauffement climatique et a ainsi organise\u0301 une journe\u0301e de\u0301die\u0301e intitule\u0301e Innovation et Climat.<\/p>\n<p>A\u0300 quelques jours de la COP29 et de la semaine de l\u2019industrie, 3M a organise\u0301 une journe\u0301e \u00ab Innovation et Climat \u00bb pour aborder les de\u0301fis de l&rsquo;industrie d&rsquo;aujourd&rsquo;hui et de demain sur ces enjeux. L\u2019ide\u0301e e\u0301tait de \u00ab re\u0301unir des acteurs de plusieurs secteurs pour e\u0301changer sur les the\u0300mes du de\u0301fi de l&rsquo;innovation climatique, d&rsquo;une industrialisation verte et des compe\u0301tences a\u0300 y cre\u0301er et a\u0300 y de\u0301velopper \u00bb, pre\u0301sente Alain Simonnet, directeur ge\u0301ne\u0301ral de 3M France.<\/p>\n<p>Plusieurs grands noms avaient re\u0301pondu pre\u0301sent comme Franc\u0327ois Gemenne, chercheur spe\u0301cialiste des questions de ge\u0301opolitique de l\u2019environnement, membre du Giec, auteur et professeur a\u0300 HEC Paris. Selon lui, l\u2019avenir \u00ab va largement de\u0301pendre des de\u0301cisions, des actions, des innovations que nous allons prendre et lancer au cours des prochaines anne\u0301es \u00bb et que \u00ab le ro\u0302le des entreprises va e\u0302tre d&rsquo;abord de pouvoir tenir ces transformations dans le long terme et ensuite de les rendre de\u0301sirables \u00bb.<\/p>\n<p><b>L\u2019innovation pour un avenir durable<\/b><\/p>\n<p>Pour y parvenir, un levier: l\u2019innovation, che\u0300re au groupe 3M depuis plus d&rsquo;un sie\u0300cle. Selon Alain Simonnet \u00ab a\u0300 l&rsquo;horizon de 2050, pre\u0300s de la moitie\u0301 des re\u0301ductions d&rsquo;e\u0301missions ne\u0301cessaires de\u0301pendront de technologies qui sont encore en cours de de\u0301veloppement \u00bb. L\u2019innovation a\u0300 tous les niveaux \u00ab par la science des mate\u0301riaux, par leur inte\u0301gration dans de nouveaux processus ou dans de nouveaux designs, de solutions plus vertes, plus durables pour l&rsquo;avenir \u00bb. Mais e\u0301galement l\u2019innovation dans tous les secteurs, comme a te\u0301moigne\u0301 Michael Haddad, directeur innovation et partenariats chez Alstom, sur la de\u0301carbonation des mobilite\u0301s responsable de 32 % des e\u0301missions de gaz a\u0300 effet de serre en France.<\/p>\n<p>Autres invite\u0301s sur ce the\u0300me de l\u2019innovation: Elsie Nakhle, analyste pour Zenon, qui \u00ab vulgarise les donne\u0301es et les recherches scientifiques et techniques et apporte un support plus compre\u0301hensible et accessible aux de\u0301cideurs \u00bb, et aussi Julien Le Guennec, fondateur et CEO de Olenergies qui, lui, est venu pre\u0301senter ses solutions de stockage d&rsquo;e\u0301nergie pour pallier son intermittence: \u00ab si les Ame\u0301ricains ont re\u0301ussi leur transition nume\u0301rique, les Chinois sont en passe de re\u0301ussir leur transition e\u0301nerge\u0301tique, je crois que nous en Europe on a cette force pour re\u0301ussir le meilleur des deux mondes \u00bb. Ce dont e\u0301tait convaincu Maxime Bureau, directeur du de\u0301veloppement durable et des affaires publiques chez 3M, qui milite pour que les entreprises soient \u00ab audacieuses \u00bb et \u00ab ambitieuses sur les objectifs \u00bb.<\/p>\n<p><b>Le capital humain, facteur cle\u0301<\/b><\/p>\n<p>\u00ab Mais sans capital humain, sans talent, sans main d&rsquo;\u0153uvre, peu de possibilite\u0301s pour cette innovation de se mettre en \u0153uvre \u00bb, estime Alain Simonnet. La journe\u0301e a donc accorde\u0301 une large place a\u0300 ce sujet avec notamment l\u2019invitation de Jean-Michel Blanquer, ancien ministre de l\u2019E\u0301ducation et de\u0301sormais pre\u0301sident de Terra Academia. Le projet veut \u00ab agir sur ce qui est clairement identifie\u0301 comme le premier moteur de la transformation e\u0301cologique: les compe\u0301tences \u00bb et \u00ab se propose de contribuer pour 60 000 personnes a\u0300 la formation aux compe\u0301tences de la transformation e\u0301cologique d\u2019ici a\u0300 2030, plus de 100 000 personnes sensibilise\u0301s \u00bb. De son co\u0302te\u0301, France Travail, a annonce\u0301 par le biais de son directeur du de\u0301veloppement des compe\u0301tences dans les territoires, Herve\u0301 Jouanneau, que le re\u0301pertoire ope\u0301rationnel des me\u0301tiers et des emplois aller passer d\u2019ici a\u0300 2027, de 532 a\u0300 3 000 items pour prendre en compte cette e\u0301volution. Il a aussi insiste\u0301 sur \u00ab la ne\u0301cessite\u0301 d&rsquo;avoir des entreprises qui ouvrent leurs portes et qui font connai\u0302tre leur me\u0301tier et tous les nouveaux me\u0301tiers \u00bb.<\/p>\n<p>Ve\u0301ronique Delpla-Dabon, Directrice de la RSE et Pre\u0301sidente de la Fondation 3M en France, a, elle, rappele\u0301 que 3M avait investi 39 millions de dollars au niveau mondial depuis 2021 sur les sujets de l&rsquo;e\u0301ducation et 100 000 heures de volontariat. Le groupe travaille activement sur le sujet de l\u2019attractivite\u0301 des me\u0301tiers de l\u2019industrie, mais aussi sur les sujets de diversite\u0301, d&rsquo;e\u0301quite\u0301 et d&rsquo;inclusion.<\/p>\n<p>D\u2019autant que \u00ab de me\u0302me que le digital est utilise\u0301 par l&rsquo;ensemble maintenant des me\u0301tiers, il est important d&rsquo;avoir cette dimension de de\u0301veloppement durable a\u0300 l&rsquo;inte\u0301rieur de chacun des me\u0301tiers \u00bb, a-t-elle souligne\u0301.<\/p>\n<p><b>Des avance\u0301es en durabilite\u0301 et innovation climatique<\/b><\/p>\n<p>Les participants a\u0300 cet e\u0301ve\u0301nement ont pu aussi toucher de pre\u0300s certaines avance\u0301es en durabilite\u0301 et innovation climatique que 3M de\u0301veloppe avec ses 49 plateformes technologiques. Ses films pour vitrages par exemple qui augmentent le confort thermique et e\u0301conomisent l\u2019e\u0301nergie ou encore son film de protection Scotch Cushion Lock, une alternative durable au film a\u0300 bulles en plastique qui est facilement recycle\u0301 ou re\u0301utilise\u0301. Le casque Peltor, premier casque de protection auto-rechargeable, a aussi e\u0301te\u0301 mis en e\u0301vidence. Fabrique\u0301 en partie a\u0300 partir de mate\u0301riaux recycle\u0301s, il utilise la technologie brevete\u0301e de cellules solaires Powerfoyl pour convertir la lumie\u0300re, solaire ou artificielle, en e\u0301nergie propre.<\/p>\n<p><strong>Pour plus d&rsquo;informations et d&rsquo;analyses sur la <span style=\"color: #ff6600\">Senegal<\/span>, suivez <span style=\"color: #ff6600\">Africa-Press<\/span><\/strong><\/p>\n","protected":false},"excerpt":{"rendered":"<p>Source: futura-sciences Africa-Press &#8211; Senegal. En tant qu&rsquo;acteur cle\u0301 de l&rsquo;industrie, 3M conside\u0300re qu&rsquo;il est de sa responsabilite\u0301 de jouer un ro\u0302le majeur dans la lutte contre le re\u0301chauffement climatique et a ainsi organise\u0301 une journe\u0301e de\u0301die\u0301e intitule\u0301e Innovation et Climat. A\u0300 quelques jours de la COP29 et de la semaine de l\u2019industrie, 3M a [&hellip;]<\/p>\n","protected":false},"author":82,"featured_media":64230,"comment_status":"open","ping_status":"closed","sticky":false,"template":"","format":"standard","meta":{"footnotes":""},"categories":[22,10],"tags":[44],"class_list":["post-64231","post","type-post","status-publish","format-standard","has-post-thumbnail","hentry","category-divers","category-toutes-les-actualites","tag-senegal-2"],"yoast_head":"<!-- This site is optimized with the Yoast SEO Premium plugin v26.1 (Yoast SEO v27.0) - https:\/\/yoast.com\/product\/yoast-seo-premium-wordpress\/ -->\n<title>Une Journe\u0301e Innovation et Climat Organise\u0301e par 3M Engage L\u2019Industrie - Senegal<\/title>\n<meta name=\"description\" content=\"En tant qu&#039;acteur cle\u0301 de l&#039;industrie, 3M conside\u0300re qu&#039;il est de sa responsabilite\u0301 de jouer un ro\u0302le majeur dans la lu ...\" \/>\n<meta name=\"robots\" content=\"index, follow, max-snippet:-1, max-image-preview:large, max-video-preview:-1\" \/>\n<link rel=\"canonical\" href=\"https:\/\/www.africa-press.net\/senegal\/toutes-les-actualites\/une-journee-innovation-et-climat-organisee-par-3m-engage-lindustrie\" \/>\n<meta property=\"og:locale\" content=\"fr_FR\" \/>\n<meta property=\"og:type\" content=\"article\" \/>\n<meta property=\"og:title\" content=\"Une Journe\u0301e Innovation et Climat Organise\u0301e par 3M Engage L\u2019Industrie\" \/>\n<meta property=\"og:description\" content=\"En tant qu&#039;acteur cle\u0301 de l&#039;industrie, 3M conside\u0300re qu&#039;il est de sa responsabilite\u0301 de jouer un ro\u0302le majeur dans la lu ...\" \/>\n<meta property=\"og:url\" content=\"https:\/\/www.africa-press.net\/senegal\/toutes-les-actualites\/une-journee-innovation-et-climat-organisee-par-3m-engage-lindustrie\" \/>\n<meta property=\"og:site_name\" content=\"Senegal\" \/>\n<meta property=\"article:published_time\" content=\"2024-12-27T15:59:48+00:00\" \/>\n<meta property=\"article:modified_time\" content=\"2024-12-28T06:19:46+00:00\" \/>\n<meta property=\"og:image\" content=\"https:\/\/static.africa-press.net\/senegal\/sites\/13\/2024\/12\/sm_1735354040.29068.jpg\" \/>\n\t<meta property=\"og:image:width\" content=\"1259\" \/>\n\t<meta property=\"og:image:height\" content=\"768\" \/>\n\t<meta property=\"og:image:type\" content=\"image\/jpeg\" \/>\n<meta name=\"author\" content=\"cfeditorfr\" \/>\n<meta name=\"twitter:card\" content=\"summary_large_image\" \/>\n<meta name=\"twitter:label1\" content=\"\u00c9crit par\" \/>\n\t<meta name=\"twitter:data1\" content=\"cfeditorfr\" \/>\n\t<meta name=\"twitter:label2\" content=\"Dur\u00e9e de lecture estim\u00e9e\" \/>\n\t<meta name=\"twitter:data2\" content=\"5 minutes\" \/>\n<script type=\"application\/ld+json\" class=\"yoast-schema-graph\">{\"@context\":\"https:\/\/schema.org\",\"@graph\":[{\"@type\":\"Article\",\"@id\":\"https:\/\/www.africa-press.net\/senegal\/toutes-les-actualites\/une-journee-innovation-et-climat-organisee-par-3m-engage-lindustrie#article\",\"isPartOf\":{\"@id\":\"https:\/\/www.africa-press.net\/senegal\/toutes-les-actualites\/une-journee-innovation-et-climat-organisee-par-3m-engage-lindustrie\"},\"author\":{\"name\":\"cfeditorfr\",\"@id\":\"https:\/\/www.africa-press.net\/senegal\/#\/schema\/person\/2b1cf3cd81a31e3cd26889ca66d677f1\"},\"headline\":\"Une Journe\u0301e Innovation et Climat Organise\u0301e par 3M Engage L\u2019Industrie\",\"datePublished\":\"2024-12-27T15:59:48+00:00\",\"dateModified\":\"2024-12-28T06:19:46+00:00\",\"mainEntityOfPage\":{\"@id\":\"https:\/\/www.africa-press.net\/senegal\/toutes-les-actualites\/une-journee-innovation-et-climat-organisee-par-3m-engage-lindustrie\"},\"wordCount\":957,\"commentCount\":0,\"image\":{\"@id\":\"https:\/\/www.africa-press.net\/senegal\/toutes-les-actualites\/une-journee-innovation-et-climat-organisee-par-3m-engage-lindustrie#primaryimage\"},\"thumbnailUrl\":\"https:\/\/static.africa-press.net\/senegal\/sites\/13\/2024\/12\/sm_1735354040.29068.jpg\",\"keywords\":[\"Senegal\"],\"articleSection\":[\"Divers\",\"Toutes les actualit\u00e9s\"],\"inLanguage\":\"fr-FR\",\"potentialAction\":[{\"@type\":\"CommentAction\",\"name\":\"Comment\",\"target\":[\"https:\/\/www.africa-press.net\/senegal\/toutes-les-actualites\/une-journee-innovation-et-climat-organisee-par-3m-engage-lindustrie#respond\"]}]},{\"@type\":\"WebPage\",\"@id\":\"https:\/\/www.africa-press.net\/senegal\/toutes-les-actualites\/une-journee-innovation-et-climat-organisee-par-3m-engage-lindustrie\",\"url\":\"https:\/\/www.africa-press.net\/senegal\/toutes-les-actualites\/une-journee-innovation-et-climat-organisee-par-3m-engage-lindustrie\",\"name\":\"Une Journe\u0301e Innovation et Climat Organise\u0301e par 3M Engage L\u2019Industrie - Senegal\",\"isPartOf\":{\"@id\":\"https:\/\/www.africa-press.net\/senegal\/#website\"},\"primaryImageOfPage\":{\"@id\":\"https:\/\/www.africa-press.net\/senegal\/toutes-les-actualites\/une-journee-innovation-et-climat-organisee-par-3m-engage-lindustrie#primaryimage\"},\"image\":{\"@id\":\"https:\/\/www.africa-press.net\/senegal\/toutes-les-actualites\/une-journee-innovation-et-climat-organisee-par-3m-engage-lindustrie#primaryimage\"},\"thumbnailUrl\":\"https:\/\/static.africa-press.net\/senegal\/sites\/13\/2024\/12\/sm_1735354040.29068.jpg\",\"datePublished\":\"2024-12-27T15:59:48+00:00\",\"dateModified\":\"2024-12-28T06:19:46+00:00\",\"author\":{\"@id\":\"https:\/\/www.africa-press.net\/senegal\/#\/schema\/person\/2b1cf3cd81a31e3cd26889ca66d677f1\"},\"description\":\"En tant qu'acteur cle\u0301 de l'industrie, 3M conside\u0300re qu'il est de sa responsabilite\u0301 de jouer un ro\u0302le majeur dans la lu ...\",\"breadcrumb\":{\"@id\":\"https:\/\/www.africa-press.net\/senegal\/toutes-les-actualites\/une-journee-innovation-et-climat-organisee-par-3m-engage-lindustrie#breadcrumb\"},\"inLanguage\":\"fr-FR\",\"potentialAction\":[{\"@type\":\"ReadAction\",\"target\":[\"https:\/\/www.africa-press.net\/senegal\/toutes-les-actualites\/une-journee-innovation-et-climat-organisee-par-3m-engage-lindustrie\"]}]},{\"@type\":\"ImageObject\",\"inLanguage\":\"fr-FR\",\"@id\":\"https:\/\/www.africa-press.net\/senegal\/toutes-les-actualites\/une-journee-innovation-et-climat-organisee-par-3m-engage-lindustrie#primaryimage\",\"url\":\"https:\/\/static.africa-press.net\/senegal\/sites\/13\/2024\/12\/sm_1735354040.29068.jpg\",\"contentUrl\":\"https:\/\/static.africa-press.net\/senegal\/sites\/13\/2024\/12\/sm_1735354040.29068.jpg\",\"width\":1259,\"height\":768,\"caption\":\"Une Journe\u0301e Innovation et Climat Organise\u0301e par 3M Engage L\u2019Industrie\"},{\"@type\":\"BreadcrumbList\",\"@id\":\"https:\/\/www.africa-press.net\/senegal\/toutes-les-actualites\/une-journee-innovation-et-climat-organisee-par-3m-engage-lindustrie#breadcrumb\",\"itemListElement\":[{\"@type\":\"ListItem\",\"position\":1,\"name\":\"Accueil\",\"item\":\"https:\/\/www.africa-press.net\/senegal\/\"},{\"@type\":\"ListItem\",\"position\":2,\"name\":\"Une Journe\u0301e Innovation et Climat Organise\u0301e par 3M Engage L\u2019Industrie\"}]},{\"@type\":\"WebSite\",\"@id\":\"https:\/\/www.africa-press.net\/senegal\/#website\",\"url\":\"https:\/\/www.africa-press.net\/senegal\/\",\"name\":\"Africa Press | Senegal | Homepage\",\"description\":\"Just another Africa News Agency Sites site\",\"potentialAction\":[{\"@type\":\"SearchAction\",\"target\":{\"@type\":\"EntryPoint\",\"urlTemplate\":\"https:\/\/www.africa-press.net\/senegal\/?s={search_term_string}\"},\"query-input\":{\"@type\":\"PropertyValueSpecification\",\"valueRequired\":true,\"valueName\":\"search_term_string\"}}],\"inLanguage\":\"fr-FR\"},{\"@type\":\"Person\",\"@id\":\"https:\/\/www.africa-press.net\/senegal\/#\/schema\/person\/2b1cf3cd81a31e3cd26889ca66d677f1\",\"name\":\"cfeditorfr\",\"url\":\"https:\/\/www.africa-press.net\/senegal\/author\/cfeditorfr\"}]}<\/script>\n<!-- \/ Yoast SEO Premium plugin. -->","yoast_head_json":{"title":"Une Journe\u0301e Innovation et Climat Organise\u0301e par 3M Engage L\u2019Industrie - Senegal","description":"En tant qu'acteur cle\u0301 de l'industrie, 3M conside\u0300re qu'il est de sa responsabilite\u0301 de jouer un ro\u0302le majeur dans la lu ...","robots":{"index":"index","follow":"follow","max-snippet":"max-snippet:-1","max-image-preview":"max-image-preview:large","max-video-preview":"max-video-preview:-1"},"canonical":"https:\/\/www.africa-press.net\/senegal\/toutes-les-actualites\/une-journee-innovation-et-climat-organisee-par-3m-engage-lindustrie","og_locale":"fr_FR","og_type":"article","og_title":"Une Journe\u0301e Innovation et Climat Organise\u0301e par 3M Engage L\u2019Industrie","og_description":"En tant qu'acteur cle\u0301 de l'industrie, 3M conside\u0300re qu'il est de sa responsabilite\u0301 de jouer un ro\u0302le majeur dans la lu ...","og_url":"https:\/\/www.africa-press.net\/senegal\/toutes-les-actualites\/une-journee-innovation-et-climat-organisee-par-3m-engage-lindustrie","og_site_name":"Senegal","article_published_time":"2024-12-27T15:59:48+00:00","article_modified_time":"2024-12-28T06:19:46+00:00","og_image":[{"width":1259,"height":768,"url":"https:\/\/static.africa-press.net\/senegal\/sites\/13\/2024\/12\/sm_1735354040.29068.jpg","type":"image\/jpeg"}],"author":"cfeditorfr","twitter_card":"summary_large_image","twitter_misc":{"\u00c9crit par":"cfeditorfr","Dur\u00e9e de lecture estim\u00e9e":"5 minutes"},"schema":{"@context":"https:\/\/schema.org","@graph":[{"@type":"Article","@id":"https:\/\/www.africa-press.net\/senegal\/toutes-les-actualites\/une-journee-innovation-et-climat-organisee-par-3m-engage-lindustrie#article","isPartOf":{"@id":"https:\/\/www.africa-press.net\/senegal\/toutes-les-actualites\/une-journee-innovation-et-climat-organisee-par-3m-engage-lindustrie"},"author":{"name":"cfeditorfr","@id":"https:\/\/www.africa-press.net\/senegal\/#\/schema\/person\/2b1cf3cd81a31e3cd26889ca66d677f1"},"headline":"Une Journe\u0301e Innovation et Climat Organise\u0301e par 3M Engage L\u2019Industrie","datePublished":"2024-12-27T15:59:48+00:00","dateModified":"2024-12-28T06:19:46+00:00","mainEntityOfPage":{"@id":"https:\/\/www.africa-press.net\/senegal\/toutes-les-actualites\/une-journee-innovation-et-climat-organisee-par-3m-engage-lindustrie"},"wordCount":957,"commentCount":0,"image":{"@id":"https:\/\/www.africa-press.net\/senegal\/toutes-les-actualites\/une-journee-innovation-et-climat-organisee-par-3m-engage-lindustrie#primaryimage"},"thumbnailUrl":"https:\/\/static.africa-press.net\/senegal\/sites\/13\/2024\/12\/sm_1735354040.29068.jpg","keywords":["Senegal"],"articleSection":["Divers","Toutes les actualit\u00e9s"],"inLanguage":"fr-FR","potentialAction":[{"@type":"CommentAction","name":"Comment","target":["https:\/\/www.africa-press.net\/senegal\/toutes-les-actualites\/une-journee-innovation-et-climat-organisee-par-3m-engage-lindustrie#respond"]}]},{"@type":"WebPage","@id":"https:\/\/www.africa-press.net\/senegal\/toutes-les-actualites\/une-journee-innovation-et-climat-organisee-par-3m-engage-lindustrie","url":"https:\/\/www.africa-press.net\/senegal\/toutes-les-actualites\/une-journee-innovation-et-climat-organisee-par-3m-engage-lindustrie","name":"Une Journe\u0301e Innovation et Climat Organise\u0301e par 3M Engage L\u2019Industrie - Senegal","isPartOf":{"@id":"https:\/\/www.africa-press.net\/senegal\/#website"},"primaryImageOfPage":{"@id":"https:\/\/www.africa-press.net\/senegal\/toutes-les-actualites\/une-journee-innovation-et-climat-organisee-par-3m-engage-lindustrie#primaryimage"},"image":{"@id":"https:\/\/www.africa-press.net\/senegal\/toutes-les-actualites\/une-journee-innovation-et-climat-organisee-par-3m-engage-lindustrie#primaryimage"},"thumbnailUrl":"https:\/\/static.africa-press.net\/senegal\/sites\/13\/2024\/12\/sm_1735354040.29068.jpg","datePublished":"2024-12-27T15:59:48+00:00","dateModified":"2024-12-28T06:19:46+00:00","author":{"@id":"https:\/\/www.africa-press.net\/senegal\/#\/schema\/person\/2b1cf3cd81a31e3cd26889ca66d677f1"},"description":"En tant qu'acteur cle\u0301 de l'industrie, 3M conside\u0300re qu'il est de sa responsabilite\u0301 de jouer un ro\u0302le majeur dans la lu ...","breadcrumb":{"@id":"https:\/\/www.africa-press.net\/senegal\/toutes-les-actualites\/une-journee-innovation-et-climat-organisee-par-3m-engage-lindustrie#breadcrumb"},"inLanguage":"fr-FR","potentialAction":[{"@type":"ReadAction","target":["https:\/\/www.africa-press.net\/senegal\/toutes-les-actualites\/une-journee-innovation-et-climat-organisee-par-3m-engage-lindustrie"]}]},{"@type":"ImageObject","inLanguage":"fr-FR","@id":"https:\/\/www.africa-press.net\/senegal\/toutes-les-actualites\/une-journee-innovation-et-climat-organisee-par-3m-engage-lindustrie#primaryimage","url":"https:\/\/static.africa-press.net\/senegal\/sites\/13\/2024\/12\/sm_1735354040.29068.jpg","contentUrl":"https:\/\/static.africa-press.net\/senegal\/sites\/13\/2024\/12\/sm_1735354040.29068.jpg","width":1259,"height":768,"caption":"Une Journe\u0301e Innovation et Climat Organise\u0301e par 3M Engage L\u2019Industrie"},{"@type":"BreadcrumbList","@id":"https:\/\/www.africa-press.net\/senegal\/toutes-les-actualites\/une-journee-innovation-et-climat-organisee-par-3m-engage-lindustrie#breadcrumb","itemListElement":[{"@type":"ListItem","position":1,"name":"Accueil","item":"https:\/\/www.africa-press.net\/senegal\/"},{"@type":"ListItem","position":2,"name":"Une Journe\u0301e Innovation et Climat Organise\u0301e par 3M Engage L\u2019Industrie"}]},{"@type":"WebSite","@id":"https:\/\/www.africa-press.net\/senegal\/#website","url":"https:\/\/www.africa-press.net\/senegal\/","name":"Africa Press | Senegal | Homepage","description":"Just another Africa News Agency Sites site","potentialAction":[{"@type":"SearchAction","target":{"@type":"EntryPoint","urlTemplate":"https:\/\/www.africa-press.net\/senegal\/?s={search_term_string}"},"query-input":{"@type":"PropertyValueSpecification","valueRequired":true,"valueName":"search_term_string"}}],"inLanguage":"fr-FR"},{"@type":"Person","@id":"https:\/\/www.africa-press.net\/senegal\/#\/schema\/person\/2b1cf3cd81a31e3cd26889ca66d677f1","name":"cfeditorfr","url":"https:\/\/www.africa-press.net\/senegal\/author\/cfeditorfr"}]}},"_links":{"self":[{"href":"https:\/\/www.africa-press.net\/senegal\/wp-json\/wp\/v2\/posts\/64231","targetHints":{"allow":["GET"]}}],"collection":[{"href":"https:\/\/www.africa-press.net\/senegal\/wp-json\/wp\/v2\/posts"}],"about":[{"href":"https:\/\/www.africa-press.net\/senegal\/wp-json\/wp\/v2\/types\/post"}],"author":[{"embeddable":true,"href":"https:\/\/www.africa-press.net\/senegal\/wp-json\/wp\/v2\/users\/82"}],"replies":[{"embeddable":true,"href":"https:\/\/www.africa-press.net\/senegal\/wp-json\/wp\/v2\/comments?post=64231"}],"version-history":[{"count":0,"href":"https:\/\/www.africa-press.net\/senegal\/wp-json\/wp\/v2\/posts\/64231\/revisions"}],"wp:featuredmedia":[{"embeddable":true,"href":"https:\/\/www.africa-press.net\/senegal\/wp-json\/wp\/v2\/media\/64230"}],"wp:attachment":[{"href":"https:\/\/www.africa-press.net\/senegal\/wp-json\/wp\/v2\/media?parent=64231"}],"wp:term":[{"taxonomy":"category","embeddable":true,"href":"https:\/\/www.africa-press.net\/senegal\/wp-json\/wp\/v2\/categories?post=64231"},{"taxonomy":"post_tag","embeddable":true,"href":"https:\/\/www.africa-press.net\/senegal\/wp-json\/wp\/v2\/tags?post=64231"}],"curies":[{"name":"wp","href":"https:\/\/api.w.org\/{rel}","templated":true}]}}