{"id":64252,"date":"2024-12-28T12:20:00","date_gmt":"2024-12-28T12:20:00","guid":{"rendered":"https:\/\/www.africa-press.net\/senegal\/politique\/a-un-an-de-louverture-de-la-can-2025-a-quoi-peut-on-sattendre"},"modified":"2024-12-28T23:28:02","modified_gmt":"2024-12-28T23:28:02","slug":"a-un-an-de-louverture-de-la-can-2025-a-quoi-peut-on-sattendre","status":"publish","type":"post","link":"https:\/\/www.africa-press.net\/senegal\/sports\/a-un-an-de-louverture-de-la-can-2025-a-quoi-peut-on-sattendre","title":{"rendered":"\u00c0 un an de l\u2019ouverture de la CAN 2025, \u00e0 quoi peut-on s\u2019attendre ?"},"content":{"rendered":"<p><span style=\"color: #ff6600\"><strong>Africa-Press &#8211; Senegal. <\/strong><\/span>La BBC fait le point sur ce que l&rsquo;on sait et ce que l&rsquo;on ne sait pas sur la fe\u0302te du football de l&rsquo;anne\u0301e prochaine.<\/p>\n<p>Pour la Coupe d&rsquo;Afrique des nations (CAN) 2025, le Maroc accueillera l&rsquo;Afrique pour la deuxie\u0300me fois, apre\u0300s l&rsquo;avoir fait en 1988.<\/p>\n<p>Les e\u0301liminatoires se sont acheve\u0301es en novembre dernier. Plusieurs questions concernant le plus grand e\u0301ve\u0301nement sportif du continent restent sans re\u0301ponse.<\/p>\n<p><b>Quand aura lieu la CAN 2025 ?<\/b><\/p>\n<p>Le calendrier de la compe\u0301tition biennale a une nouvelle fois change\u0301, les calendriers des clubs et des compe\u0301titions internationales e\u0301tant tre\u0300s charge\u0301s et cre\u0301ant un \u00ab\u00a0cauchemar de programmation\u00a0\u00bb pour l&rsquo;organisateur, la Confe\u0301de\u0301ration africaine de football (CAF).<\/p>\n<p>Les deux dernie\u0300res e\u0301ditions se sont de\u0301roule\u0301es en janvier et fe\u0301vrier et l&rsquo;engagement pris en 2017 d&rsquo;organiser la CAN en milieu d&rsquo;anne\u0301e a de nouveau e\u0301te\u0301 ne\u0301glige\u0301.<\/p>\n<p>L&rsquo;e\u0301dition 2025 de la CAN va de\u0301marre le 21 de\u0301cembre de l&rsquo;anne\u0301e prochaine et se poursuivra jusqu&rsquo;au 18 janvier 2026.<\/p>\n<p>Ce sera la premie\u0300re fois que le tournoi se de\u0301roulera pendant la pe\u0301riode des fe\u0302tes de fin d&rsquo;anne\u0301e, ce qui pourrait s&rsquo;ave\u0301rer proble\u0301matique.<\/p>\n<p>Le calendrier des matches n&rsquo;a pas encore e\u0301te\u0301 annonce\u0301, et il est donc possible que des matches soient joue\u0301s le jour de Noe\u0308l. Le premier tour du tournoi 2023 s&rsquo;est de\u0301roule\u0301 sur cinq jours.<\/p>\n<p><strong>Pour plus d&rsquo;informations et d&rsquo;analyses sur la <span style=\"color: #ff6600\">Senegal<\/span>, suivez <span style=\"color: #ff6600\">Africa-Press<\/span><\/strong><\/p>\n","protected":false},"excerpt":{"rendered":"<p>Africa-Press &#8211; Senegal. La BBC fait le point sur ce que l&rsquo;on sait et ce que l&rsquo;on ne sait pas sur la fe\u0302te du football de l&rsquo;anne\u0301e prochaine. Pour la Coupe d&rsquo;Afrique des nations (CAN) 2025, le Maroc accueillera l&rsquo;Afrique pour la deuxie\u0300me fois, apre\u0300s l&rsquo;avoir fait en 1988. Les e\u0301liminatoires se sont acheve\u0301es en [&hellip;]<\/p>\n","protected":false},"author":82,"featured_media":64251,"comment_status":"open","ping_status":"closed","sticky":false,"template":"","format":"standard","meta":{"footnotes":""},"categories":[6,10],"tags":[44],"class_list":["post-64252","post","type-post","status-publish","format-standard","has-post-thumbnail","hentry","category-sports","category-toutes-les-actualites","tag-senegal-2"],"yoast_head":"<!-- This site is optimized with the Yoast SEO Premium plugin v26.1 (Yoast SEO v27.0) - https:\/\/yoast.com\/product\/yoast-seo-premium-wordpress\/ -->\n<title>\u00c0 un an de l\u2019ouverture de la CAN 2025, \u00e0 quoi peut-on s\u2019attendre ? - Senegal<\/title>\n<meta name=\"description\" content=\"La BBC fait le point sur ce que l&#039;on sait et ce que l&#039;on ne sait pas sur la fe\u0302te du football de l&#039;anne\u0301e prochaine. Po ...\" \/>\n<meta name=\"robots\" content=\"index, follow, max-snippet:-1, max-image-preview:large, max-video-preview:-1\" \/>\n<link rel=\"canonical\" href=\"https:\/\/www.africa-press.net\/senegal\/sports\/a-un-an-de-louverture-de-la-can-2025-a-quoi-peut-on-sattendre\" \/>\n<meta property=\"og:locale\" content=\"fr_FR\" \/>\n<meta property=\"og:type\" content=\"article\" \/>\n<meta property=\"og:title\" content=\"\u00c0 un an de l\u2019ouverture de la CAN 2025, \u00e0 quoi peut-on s\u2019attendre ?\" \/>\n<meta property=\"og:description\" content=\"La BBC fait le point sur ce que l&#039;on sait et ce que l&#039;on ne sait pas sur la fe\u0302te du football de l&#039;anne\u0301e prochaine. Po ...\" \/>\n<meta property=\"og:url\" content=\"https:\/\/www.africa-press.net\/senegal\/sports\/a-un-an-de-louverture-de-la-can-2025-a-quoi-peut-on-sattendre\" \/>\n<meta property=\"og:site_name\" content=\"Senegal\" \/>\n<meta property=\"article:published_time\" content=\"2024-12-28T12:20:00+00:00\" \/>\n<meta property=\"article:modified_time\" content=\"2024-12-28T23:28:02+00:00\" \/>\n<meta property=\"og:image\" content=\"https:\/\/static.africa-press.net\/senegal\/sites\/13\/2024\/12\/sm_1735457192.128207.jpg\" \/>\n\t<meta property=\"og:image:width\" content=\"721\" \/>\n\t<meta property=\"og:image:height\" content=\"374\" \/>\n\t<meta property=\"og:image:type\" content=\"image\/jpeg\" \/>\n<meta name=\"author\" content=\"cfeditorfr\" \/>\n<meta name=\"twitter:card\" content=\"summary_large_image\" \/>\n<meta name=\"twitter:label1\" content=\"\u00c9crit par\" \/>\n\t<meta name=\"twitter:data1\" content=\"cfeditorfr\" \/>\n\t<meta name=\"twitter:label2\" content=\"Dur\u00e9e de lecture estim\u00e9e\" \/>\n\t<meta name=\"twitter:data2\" content=\"1 minute\" \/>\n<script type=\"application\/ld+json\" class=\"yoast-schema-graph\">{\"@context\":\"https:\/\/schema.org\",\"@graph\":[{\"@type\":\"Article\",\"@id\":\"https:\/\/www.africa-press.net\/senegal\/sports\/a-un-an-de-louverture-de-la-can-2025-a-quoi-peut-on-sattendre#article\",\"isPartOf\":{\"@id\":\"https:\/\/www.africa-press.net\/senegal\/sports\/a-un-an-de-louverture-de-la-can-2025-a-quoi-peut-on-sattendre\"},\"author\":{\"name\":\"cfeditorfr\",\"@id\":\"https:\/\/www.africa-press.net\/senegal\/#\/schema\/person\/2b1cf3cd81a31e3cd26889ca66d677f1\"},\"headline\":\"\u00c0 un an de l\u2019ouverture de la CAN 2025, \u00e0 quoi peut-on s\u2019attendre ?\",\"datePublished\":\"2024-12-28T12:20:00+00:00\",\"dateModified\":\"2024-12-28T23:28:02+00:00\",\"mainEntityOfPage\":{\"@id\":\"https:\/\/www.africa-press.net\/senegal\/sports\/a-un-an-de-louverture-de-la-can-2025-a-quoi-peut-on-sattendre\"},\"wordCount\":288,\"commentCount\":0,\"image\":{\"@id\":\"https:\/\/www.africa-press.net\/senegal\/sports\/a-un-an-de-louverture-de-la-can-2025-a-quoi-peut-on-sattendre#primaryimage\"},\"thumbnailUrl\":\"https:\/\/static.africa-press.net\/senegal\/sites\/13\/2024\/12\/sm_1735457192.128207.jpg\",\"keywords\":[\"Senegal\"],\"articleSection\":[\"Sports\",\"Toutes les actualit\u00e9s\"],\"inLanguage\":\"fr-FR\",\"potentialAction\":[{\"@type\":\"CommentAction\",\"name\":\"Comment\",\"target\":[\"https:\/\/www.africa-press.net\/senegal\/sports\/a-un-an-de-louverture-de-la-can-2025-a-quoi-peut-on-sattendre#respond\"]}]},{\"@type\":\"WebPage\",\"@id\":\"https:\/\/www.africa-press.net\/senegal\/sports\/a-un-an-de-louverture-de-la-can-2025-a-quoi-peut-on-sattendre\",\"url\":\"https:\/\/www.africa-press.net\/senegal\/sports\/a-un-an-de-louverture-de-la-can-2025-a-quoi-peut-on-sattendre\",\"name\":\"\u00c0 un an de l\u2019ouverture de la CAN 2025, \u00e0 quoi peut-on s\u2019attendre ? - Senegal\",\"isPartOf\":{\"@id\":\"https:\/\/www.africa-press.net\/senegal\/#website\"},\"primaryImageOfPage\":{\"@id\":\"https:\/\/www.africa-press.net\/senegal\/sports\/a-un-an-de-louverture-de-la-can-2025-a-quoi-peut-on-sattendre#primaryimage\"},\"image\":{\"@id\":\"https:\/\/www.africa-press.net\/senegal\/sports\/a-un-an-de-louverture-de-la-can-2025-a-quoi-peut-on-sattendre#primaryimage\"},\"thumbnailUrl\":\"https:\/\/static.africa-press.net\/senegal\/sites\/13\/2024\/12\/sm_1735457192.128207.jpg\",\"datePublished\":\"2024-12-28T12:20:00+00:00\",\"dateModified\":\"2024-12-28T23:28:02+00:00\",\"author\":{\"@id\":\"https:\/\/www.africa-press.net\/senegal\/#\/schema\/person\/2b1cf3cd81a31e3cd26889ca66d677f1\"},\"description\":\"La BBC fait le point sur ce que l'on sait et ce que l'on ne sait pas sur la fe\u0302te du football de l'anne\u0301e prochaine. Po ...\",\"breadcrumb\":{\"@id\":\"https:\/\/www.africa-press.net\/senegal\/sports\/a-un-an-de-louverture-de-la-can-2025-a-quoi-peut-on-sattendre#breadcrumb\"},\"inLanguage\":\"fr-FR\",\"potentialAction\":[{\"@type\":\"ReadAction\",\"target\":[\"https:\/\/www.africa-press.net\/senegal\/sports\/a-un-an-de-louverture-de-la-can-2025-a-quoi-peut-on-sattendre\"]}]},{\"@type\":\"ImageObject\",\"inLanguage\":\"fr-FR\",\"@id\":\"https:\/\/www.africa-press.net\/senegal\/sports\/a-un-an-de-louverture-de-la-can-2025-a-quoi-peut-on-sattendre#primaryimage\",\"url\":\"https:\/\/static.africa-press.net\/senegal\/sites\/13\/2024\/12\/sm_1735457192.128207.jpg\",\"contentUrl\":\"https:\/\/static.africa-press.net\/senegal\/sites\/13\/2024\/12\/sm_1735457192.128207.jpg\",\"width\":721,\"height\":374,\"caption\":\"\u00c0 un an de l\u2019ouverture de la CAN 2025, \u00e0 quoi peut-on s\u2019attendre ?\"},{\"@type\":\"BreadcrumbList\",\"@id\":\"https:\/\/www.africa-press.net\/senegal\/sports\/a-un-an-de-louverture-de-la-can-2025-a-quoi-peut-on-sattendre#breadcrumb\",\"itemListElement\":[{\"@type\":\"ListItem\",\"position\":1,\"name\":\"Accueil\",\"item\":\"https:\/\/www.africa-press.net\/senegal\/\"},{\"@type\":\"ListItem\",\"position\":2,\"name\":\"\u00c0 un an de l\u2019ouverture de la CAN 2025, \u00e0 quoi peut-on s\u2019attendre ?\"}]},{\"@type\":\"WebSite\",\"@id\":\"https:\/\/www.africa-press.net\/senegal\/#website\",\"url\":\"https:\/\/www.africa-press.net\/senegal\/\",\"name\":\"Africa Press | Senegal | Homepage\",\"description\":\"Just another Africa News Agency Sites site\",\"potentialAction\":[{\"@type\":\"SearchAction\",\"target\":{\"@type\":\"EntryPoint\",\"urlTemplate\":\"https:\/\/www.africa-press.net\/senegal\/?s={search_term_string}\"},\"query-input\":{\"@type\":\"PropertyValueSpecification\",\"valueRequired\":true,\"valueName\":\"search_term_string\"}}],\"inLanguage\":\"fr-FR\"},{\"@type\":\"Person\",\"@id\":\"https:\/\/www.africa-press.net\/senegal\/#\/schema\/person\/2b1cf3cd81a31e3cd26889ca66d677f1\",\"name\":\"cfeditorfr\",\"url\":\"https:\/\/www.africa-press.net\/senegal\/author\/cfeditorfr\"}]}<\/script>\n<!-- \/ Yoast SEO Premium plugin. -->","yoast_head_json":{"title":"\u00c0 un an de l\u2019ouverture de la CAN 2025, \u00e0 quoi peut-on s\u2019attendre ? - Senegal","description":"La BBC fait le point sur ce que l'on sait et ce que l'on ne sait pas sur la fe\u0302te du football de l'anne\u0301e prochaine. Po ...","robots":{"index":"index","follow":"follow","max-snippet":"max-snippet:-1","max-image-preview":"max-image-preview:large","max-video-preview":"max-video-preview:-1"},"canonical":"https:\/\/www.africa-press.net\/senegal\/sports\/a-un-an-de-louverture-de-la-can-2025-a-quoi-peut-on-sattendre","og_locale":"fr_FR","og_type":"article","og_title":"\u00c0 un an de l\u2019ouverture de la CAN 2025, \u00e0 quoi peut-on s\u2019attendre ?","og_description":"La BBC fait le point sur ce que l'on sait et ce que l'on ne sait pas sur la fe\u0302te du football de l'anne\u0301e prochaine. Po ...","og_url":"https:\/\/www.africa-press.net\/senegal\/sports\/a-un-an-de-louverture-de-la-can-2025-a-quoi-peut-on-sattendre","og_site_name":"Senegal","article_published_time":"2024-12-28T12:20:00+00:00","article_modified_time":"2024-12-28T23:28:02+00:00","og_image":[{"width":721,"height":374,"url":"https:\/\/static.africa-press.net\/senegal\/sites\/13\/2024\/12\/sm_1735457192.128207.jpg","type":"image\/jpeg"}],"author":"cfeditorfr","twitter_card":"summary_large_image","twitter_misc":{"\u00c9crit par":"cfeditorfr","Dur\u00e9e de lecture estim\u00e9e":"1 minute"},"schema":{"@context":"https:\/\/schema.org","@graph":[{"@type":"Article","@id":"https:\/\/www.africa-press.net\/senegal\/sports\/a-un-an-de-louverture-de-la-can-2025-a-quoi-peut-on-sattendre#article","isPartOf":{"@id":"https:\/\/www.africa-press.net\/senegal\/sports\/a-un-an-de-louverture-de-la-can-2025-a-quoi-peut-on-sattendre"},"author":{"name":"cfeditorfr","@id":"https:\/\/www.africa-press.net\/senegal\/#\/schema\/person\/2b1cf3cd81a31e3cd26889ca66d677f1"},"headline":"\u00c0 un an de l\u2019ouverture de la CAN 2025, \u00e0 quoi peut-on s\u2019attendre ?","datePublished":"2024-12-28T12:20:00+00:00","dateModified":"2024-12-28T23:28:02+00:00","mainEntityOfPage":{"@id":"https:\/\/www.africa-press.net\/senegal\/sports\/a-un-an-de-louverture-de-la-can-2025-a-quoi-peut-on-sattendre"},"wordCount":288,"commentCount":0,"image":{"@id":"https:\/\/www.africa-press.net\/senegal\/sports\/a-un-an-de-louverture-de-la-can-2025-a-quoi-peut-on-sattendre#primaryimage"},"thumbnailUrl":"https:\/\/static.africa-press.net\/senegal\/sites\/13\/2024\/12\/sm_1735457192.128207.jpg","keywords":["Senegal"],"articleSection":["Sports","Toutes les actualit\u00e9s"],"inLanguage":"fr-FR","potentialAction":[{"@type":"CommentAction","name":"Comment","target":["https:\/\/www.africa-press.net\/senegal\/sports\/a-un-an-de-louverture-de-la-can-2025-a-quoi-peut-on-sattendre#respond"]}]},{"@type":"WebPage","@id":"https:\/\/www.africa-press.net\/senegal\/sports\/a-un-an-de-louverture-de-la-can-2025-a-quoi-peut-on-sattendre","url":"https:\/\/www.africa-press.net\/senegal\/sports\/a-un-an-de-louverture-de-la-can-2025-a-quoi-peut-on-sattendre","name":"\u00c0 un an de l\u2019ouverture de la CAN 2025, \u00e0 quoi peut-on s\u2019attendre ? - Senegal","isPartOf":{"@id":"https:\/\/www.africa-press.net\/senegal\/#website"},"primaryImageOfPage":{"@id":"https:\/\/www.africa-press.net\/senegal\/sports\/a-un-an-de-louverture-de-la-can-2025-a-quoi-peut-on-sattendre#primaryimage"},"image":{"@id":"https:\/\/www.africa-press.net\/senegal\/sports\/a-un-an-de-louverture-de-la-can-2025-a-quoi-peut-on-sattendre#primaryimage"},"thumbnailUrl":"https:\/\/static.africa-press.net\/senegal\/sites\/13\/2024\/12\/sm_1735457192.128207.jpg","datePublished":"2024-12-28T12:20:00+00:00","dateModified":"2024-12-28T23:28:02+00:00","author":{"@id":"https:\/\/www.africa-press.net\/senegal\/#\/schema\/person\/2b1cf3cd81a31e3cd26889ca66d677f1"},"description":"La BBC fait le point sur ce que l'on sait et ce que l'on ne sait pas sur la fe\u0302te du football de l'anne\u0301e prochaine. Po ...","breadcrumb":{"@id":"https:\/\/www.africa-press.net\/senegal\/sports\/a-un-an-de-louverture-de-la-can-2025-a-quoi-peut-on-sattendre#breadcrumb"},"inLanguage":"fr-FR","potentialAction":[{"@type":"ReadAction","target":["https:\/\/www.africa-press.net\/senegal\/sports\/a-un-an-de-louverture-de-la-can-2025-a-quoi-peut-on-sattendre"]}]},{"@type":"ImageObject","inLanguage":"fr-FR","@id":"https:\/\/www.africa-press.net\/senegal\/sports\/a-un-an-de-louverture-de-la-can-2025-a-quoi-peut-on-sattendre#primaryimage","url":"https:\/\/static.africa-press.net\/senegal\/sites\/13\/2024\/12\/sm_1735457192.128207.jpg","contentUrl":"https:\/\/static.africa-press.net\/senegal\/sites\/13\/2024\/12\/sm_1735457192.128207.jpg","width":721,"height":374,"caption":"\u00c0 un an de l\u2019ouverture de la CAN 2025, \u00e0 quoi peut-on s\u2019attendre ?"},{"@type":"BreadcrumbList","@id":"https:\/\/www.africa-press.net\/senegal\/sports\/a-un-an-de-louverture-de-la-can-2025-a-quoi-peut-on-sattendre#breadcrumb","itemListElement":[{"@type":"ListItem","position":1,"name":"Accueil","item":"https:\/\/www.africa-press.net\/senegal\/"},{"@type":"ListItem","position":2,"name":"\u00c0 un an de l\u2019ouverture de la CAN 2025, \u00e0 quoi peut-on s\u2019attendre ?"}]},{"@type":"WebSite","@id":"https:\/\/www.africa-press.net\/senegal\/#website","url":"https:\/\/www.africa-press.net\/senegal\/","name":"Africa Press | Senegal | Homepage","description":"Just another Africa News Agency Sites site","potentialAction":[{"@type":"SearchAction","target":{"@type":"EntryPoint","urlTemplate":"https:\/\/www.africa-press.net\/senegal\/?s={search_term_string}"},"query-input":{"@type":"PropertyValueSpecification","valueRequired":true,"valueName":"search_term_string"}}],"inLanguage":"fr-FR"},{"@type":"Person","@id":"https:\/\/www.africa-press.net\/senegal\/#\/schema\/person\/2b1cf3cd81a31e3cd26889ca66d677f1","name":"cfeditorfr","url":"https:\/\/www.africa-press.net\/senegal\/author\/cfeditorfr"}]}},"_links":{"self":[{"href":"https:\/\/www.africa-press.net\/senegal\/wp-json\/wp\/v2\/posts\/64252","targetHints":{"allow":["GET"]}}],"collection":[{"href":"https:\/\/www.africa-press.net\/senegal\/wp-json\/wp\/v2\/posts"}],"about":[{"href":"https:\/\/www.africa-press.net\/senegal\/wp-json\/wp\/v2\/types\/post"}],"author":[{"embeddable":true,"href":"https:\/\/www.africa-press.net\/senegal\/wp-json\/wp\/v2\/users\/82"}],"replies":[{"embeddable":true,"href":"https:\/\/www.africa-press.net\/senegal\/wp-json\/wp\/v2\/comments?post=64252"}],"version-history":[{"count":0,"href":"https:\/\/www.africa-press.net\/senegal\/wp-json\/wp\/v2\/posts\/64252\/revisions"}],"wp:featuredmedia":[{"embeddable":true,"href":"https:\/\/www.africa-press.net\/senegal\/wp-json\/wp\/v2\/media\/64251"}],"wp:attachment":[{"href":"https:\/\/www.africa-press.net\/senegal\/wp-json\/wp\/v2\/media?parent=64252"}],"wp:term":[{"taxonomy":"category","embeddable":true,"href":"https:\/\/www.africa-press.net\/senegal\/wp-json\/wp\/v2\/categories?post=64252"},{"taxonomy":"post_tag","embeddable":true,"href":"https:\/\/www.africa-press.net\/senegal\/wp-json\/wp\/v2\/tags?post=64252"}],"curies":[{"name":"wp","href":"https:\/\/api.w.org\/{rel}","templated":true}]}}