{"id":64345,"date":"2024-12-30T12:00:00","date_gmt":"2024-12-30T12:00:00","guid":{"rendered":"https:\/\/www.africa-press.net\/senegal\/politique\/et-si-les-contes-de-fees-permettaient-de-parler-du-sommeil-avec-les-enfants"},"modified":"2024-12-31T02:09:00","modified_gmt":"2024-12-31T02:09:00","slug":"et-si-les-contes-de-fees-permettaient-de-parler-du-sommeil-avec-les-enfants","status":"publish","type":"post","link":"https:\/\/www.africa-press.net\/senegal\/toutes-les-actualites\/et-si-les-contes-de-fees-permettaient-de-parler-du-sommeil-avec-les-enfants","title":{"rendered":"Et si les contes de f\u00e9es permettaient de parler du sommeil avec les enfants ?"},"content":{"rendered":"<p><span style=\"color: #ff6600\"><strong>Africa-Press &#8211; Senegal. <\/strong><\/span>Le British Medical Journal, ou BMJ pour les intimes, s\u2019est penche\u0301, dans son e\u0301dition de Noe\u0308l 2024, sur les contes de fe\u0301es et le sommeil. Boucle d\u2019or et les trois ours, Blanche Neige, La Princesse au petit pois et Peter Pan, ont e\u0301te\u0301 au coeur des cogitations. Contrairement a\u0300 ce que l\u2019on pourrait attendre, ces recherches n\u2019abordent pas les bienfaits de raconter une histoire aux enfants avant le coucher, mais montrent comment les le\u0301gendes merveilleuses explorent la question d\u2019un bon dodo. En particulier, elles mettent en lumie\u0300re la fac\u0327on dont les re\u0301cits pre\u0301fe\u0301re\u0301s des plus petits abordent les be\u0301ne\u0301fices du repos, ou, a\u0300 l\u2019inverse, les conse\u0301quences d\u2019un manque de sommeil.<\/p>\n<p><b>Silence e\u0301pais et noir inte\u0301gral<\/b><\/p>\n<p>Prenons l\u2019exemple de Boucle d\u2019or et les trois ours. Nous devons la premie\u0300re e\u0301dition de ce conte, qui vient d\u2019une le\u0301gende e\u0301cossaise, aux fre\u0300res Grimm ; elle remonte a\u0300 1837. Elle e\u0301voque l\u2019aventure d\u2019une petite fille visitant la maison d\u2019une famille de trois ours pendant qu\u2019ils sont partis en fore\u0302t. Dans la version de Flora Annie Steel, le fillette gou\u0302te leur nourriture, essaye leurs sie\u0300ges et enfin s\u2019endort dans le lit de l\u2019ourson. En effet, les deux autres lits, ceux des parents, ne lui e\u0301taient pas assez confortable. L\u2019histoire montre ainsi que l\u2019environnement joue un grand ro\u0302le dans le repos, un matelas adapte\u0301 et douillet, une tempe\u0301rature ni trop e\u0301leve\u0301e ni trop basse, un silence des plus e\u0301pais et e\u0302tre dans le noir contribue donc a\u0300 la qualite\u0301 de la sieste de la blondinette.<\/p>\n<p>Blanche Neige, est, quant a\u0300 elle, originaire d\u2019Allemagne et apparue en 1812 dans un recueil des fre\u0300res Grimm. La variante de Walt Disney, Blanche Neige et les sept nains, de\u0301crit la fuite du cha\u0302teau de celle-ci, sa belle-me\u0300re voulant la tuer pour devenir la plus belle du royaume, et sa rencontre avec les sept nains. Il est donc assez aise\u0301 de relier directement Dormeur, le plus fatigue\u0301 de tous les nains, avec des troubles du sommeil. De plus, l\u2019irritabilite\u0301, de Grincheux, les difficulte\u0301s sociales de Timide, et les proble\u0300mes d\u2019attention ou de mai\u0302trise des mots dont souffrent Prof, peuvent e\u0302tre des conse\u0301quences d\u2019une mauvaise nuit. Atchoum, l\u2019e\u0301ternel malade, dormirait mal lui aussi, en preuve, son syste\u0300me immunitaire affaiblit. Joyeux, lui, ronfle, un peu comme tous les autres nains d\u2019ailleurs. Cela serait du\u0302 a\u0300 leur petite taille entrai\u0302nant une apne\u0301e obstructive du sommeil, pouvant le de\u0301ranger et le re\u0301veiller nombreuses fois.<\/p>\n<p><b>Diffe\u0301rentes causes de troubles du sommeil<\/b><\/p>\n<p>Pour La Princesse au petit pois, la relation entre un repos me\u0301diocre et un inconfort dans le lit est e\u0301vidente. En effet, le conte danois de Hans Christian Andersen, paru en 1835, e\u0301voque la nuit horrible qu\u2019elle vient de passer malgre\u0301 les 20 matelas et 20 e\u0301dredons sur lesquels elle est installe\u0301e. Le petit pois enfouies sous les matelas l\u2019a donc empe\u0302che\u0301 de dormir. Ici, la princesse semble avoir un trouble du spectre de l\u2019autisme, caracte\u0301rise\u0301 dans l\u2019histoire par une grande sensibilite\u0301 sensorielle et des insomnies, l\u2019incapacite\u0301 a\u0300 s\u2019endormir rapidement ou a\u0300 rester endormi. Le petit pois n\u2019est donc pas la seule cause de son insomnie.<\/p>\n<p>Enfin, l\u2019oeuvre Peter Pan, de James Matthew Barrie, de 1902, de\u0301peint un petit garc\u0327on vivant sur une i\u0302le magique, ou\u0300 les enfants ne grandissent jamais, le Pays Imaginaire. Tout au long du mythe, des sympto\u0302mes de parasomnies sont pre\u0301sents. Is incluent du somnambulisme, des terreurs nocturnes, repre\u0301sente\u0301es par les cauchemars de Peter Pan, ou encore des re\u0301veils confus pendant la nuit. Par ailleurs, ce trouble du sommeil, courant durant l\u2019enfance, et dont les Garc\u0327ons perdus souffrent certainement, peut e\u0302tre entrai\u0302ne\u0301 par le stress ou le manque de repos, cause\u0301s ici par le Capitaine Crochet, ainsi que par une anxie\u0301te\u0301 de se\u0301paration, tous ayant e\u0301te\u0301 abandonne\u0301s par leur famille.<\/p>\n<p>Et c\u2019est ainsi que les parents, au travers de contes pour enfants, peuvent leurs parler des conse\u0301quences d\u2019un sommeil de mauvaise qualite\u0301 et de l\u2019importance de prendre soin de son environnement de repos.<\/p>\n<p><strong>Pour plus d&rsquo;informations et d&rsquo;analyses sur la <span style=\"color: #ff6600\">Senegal<\/span>, suivez <span style=\"color: #ff6600\">Africa-Press<\/span><\/strong><\/p>\n","protected":false},"excerpt":{"rendered":"<p>Africa-Press &#8211; Senegal. Le British Medical Journal, ou BMJ pour les intimes, s\u2019est penche\u0301, dans son e\u0301dition de Noe\u0308l 2024, sur les contes de fe\u0301es et le sommeil. Boucle d\u2019or et les trois ours, Blanche Neige, La Princesse au petit pois et Peter Pan, ont e\u0301te\u0301 au coeur des cogitations. Contrairement a\u0300 ce que l\u2019on [&hellip;]<\/p>\n","protected":false},"author":82,"featured_media":64344,"comment_status":"open","ping_status":"closed","sticky":false,"template":"","format":"standard","meta":{"footnotes":""},"categories":[22,10],"tags":[44],"class_list":["post-64345","post","type-post","status-publish","format-standard","has-post-thumbnail","hentry","category-divers","category-toutes-les-actualites","tag-senegal-2"],"yoast_head":"<!-- This site is optimized with the Yoast SEO Premium plugin v26.1 (Yoast SEO v27.0) - https:\/\/yoast.com\/product\/yoast-seo-premium-wordpress\/ -->\n<title>Et si les contes de f\u00e9es permettaient de parler du sommeil avec les enfants ? - Senegal<\/title>\n<meta name=\"description\" content=\"Le British Medical Journal, ou BMJ pour les intimes, s\u2019est penche\u0301, dans son e\u0301dition de Noe\u0308l 2024, sur les contes de f ...\" \/>\n<meta name=\"robots\" content=\"index, follow, max-snippet:-1, max-image-preview:large, max-video-preview:-1\" \/>\n<link rel=\"canonical\" href=\"https:\/\/www.africa-press.net\/senegal\/toutes-les-actualites\/et-si-les-contes-de-fees-permettaient-de-parler-du-sommeil-avec-les-enfants\" \/>\n<meta property=\"og:locale\" content=\"fr_FR\" \/>\n<meta property=\"og:type\" content=\"article\" \/>\n<meta property=\"og:title\" content=\"Et si les contes de f\u00e9es permettaient de parler du sommeil avec les enfants ?\" \/>\n<meta property=\"og:description\" content=\"Le British Medical Journal, ou BMJ pour les intimes, s\u2019est penche\u0301, dans son e\u0301dition de Noe\u0308l 2024, sur les contes de f ...\" \/>\n<meta property=\"og:url\" content=\"https:\/\/www.africa-press.net\/senegal\/toutes-les-actualites\/et-si-les-contes-de-fees-permettaient-de-parler-du-sommeil-avec-les-enfants\" \/>\n<meta property=\"og:site_name\" content=\"Senegal\" \/>\n<meta property=\"article:published_time\" content=\"2024-12-30T12:00:00+00:00\" \/>\n<meta property=\"article:modified_time\" content=\"2024-12-31T02:09:00+00:00\" \/>\n<meta property=\"og:image\" content=\"https:\/\/static.africa-press.net\/senegal\/sites\/13\/2024\/12\/sm_1735639179.292309.jpg\" \/>\n\t<meta property=\"og:image:width\" content=\"1280\" \/>\n\t<meta property=\"og:image:height\" content=\"720\" \/>\n\t<meta property=\"og:image:type\" content=\"image\/jpeg\" \/>\n<meta name=\"author\" content=\"cfeditorfr\" \/>\n<meta name=\"twitter:card\" content=\"summary_large_image\" \/>\n<meta name=\"twitter:label1\" content=\"\u00c9crit par\" \/>\n\t<meta name=\"twitter:data1\" content=\"cfeditorfr\" \/>\n\t<meta name=\"twitter:label2\" content=\"Dur\u00e9e de lecture estim\u00e9e\" \/>\n\t<meta name=\"twitter:data2\" content=\"4 minutes\" \/>\n<script type=\"application\/ld+json\" class=\"yoast-schema-graph\">{\"@context\":\"https:\/\/schema.org\",\"@graph\":[{\"@type\":\"Article\",\"@id\":\"https:\/\/www.africa-press.net\/senegal\/toutes-les-actualites\/et-si-les-contes-de-fees-permettaient-de-parler-du-sommeil-avec-les-enfants#article\",\"isPartOf\":{\"@id\":\"https:\/\/www.africa-press.net\/senegal\/toutes-les-actualites\/et-si-les-contes-de-fees-permettaient-de-parler-du-sommeil-avec-les-enfants\"},\"author\":{\"name\":\"cfeditorfr\",\"@id\":\"https:\/\/www.africa-press.net\/senegal\/#\/schema\/person\/2b1cf3cd81a31e3cd26889ca66d677f1\"},\"headline\":\"Et si les contes de f\u00e9es permettaient de parler du sommeil avec les enfants ?\",\"datePublished\":\"2024-12-30T12:00:00+00:00\",\"dateModified\":\"2024-12-31T02:09:00+00:00\",\"mainEntityOfPage\":{\"@id\":\"https:\/\/www.africa-press.net\/senegal\/toutes-les-actualites\/et-si-les-contes-de-fees-permettaient-de-parler-du-sommeil-avec-les-enfants\"},\"wordCount\":782,\"commentCount\":0,\"image\":{\"@id\":\"https:\/\/www.africa-press.net\/senegal\/toutes-les-actualites\/et-si-les-contes-de-fees-permettaient-de-parler-du-sommeil-avec-les-enfants#primaryimage\"},\"thumbnailUrl\":\"https:\/\/static.africa-press.net\/senegal\/sites\/13\/2024\/12\/sm_1735639179.292309.jpg\",\"keywords\":[\"Senegal\"],\"articleSection\":[\"Divers\",\"Toutes les actualit\u00e9s\"],\"inLanguage\":\"fr-FR\",\"potentialAction\":[{\"@type\":\"CommentAction\",\"name\":\"Comment\",\"target\":[\"https:\/\/www.africa-press.net\/senegal\/toutes-les-actualites\/et-si-les-contes-de-fees-permettaient-de-parler-du-sommeil-avec-les-enfants#respond\"]}]},{\"@type\":\"WebPage\",\"@id\":\"https:\/\/www.africa-press.net\/senegal\/toutes-les-actualites\/et-si-les-contes-de-fees-permettaient-de-parler-du-sommeil-avec-les-enfants\",\"url\":\"https:\/\/www.africa-press.net\/senegal\/toutes-les-actualites\/et-si-les-contes-de-fees-permettaient-de-parler-du-sommeil-avec-les-enfants\",\"name\":\"Et si les contes de f\u00e9es permettaient de parler du sommeil avec les enfants ? - Senegal\",\"isPartOf\":{\"@id\":\"https:\/\/www.africa-press.net\/senegal\/#website\"},\"primaryImageOfPage\":{\"@id\":\"https:\/\/www.africa-press.net\/senegal\/toutes-les-actualites\/et-si-les-contes-de-fees-permettaient-de-parler-du-sommeil-avec-les-enfants#primaryimage\"},\"image\":{\"@id\":\"https:\/\/www.africa-press.net\/senegal\/toutes-les-actualites\/et-si-les-contes-de-fees-permettaient-de-parler-du-sommeil-avec-les-enfants#primaryimage\"},\"thumbnailUrl\":\"https:\/\/static.africa-press.net\/senegal\/sites\/13\/2024\/12\/sm_1735639179.292309.jpg\",\"datePublished\":\"2024-12-30T12:00:00+00:00\",\"dateModified\":\"2024-12-31T02:09:00+00:00\",\"author\":{\"@id\":\"https:\/\/www.africa-press.net\/senegal\/#\/schema\/person\/2b1cf3cd81a31e3cd26889ca66d677f1\"},\"description\":\"Le British Medical Journal, ou BMJ pour les intimes, s\u2019est penche\u0301, dans son e\u0301dition de Noe\u0308l 2024, sur les contes de f ...\",\"breadcrumb\":{\"@id\":\"https:\/\/www.africa-press.net\/senegal\/toutes-les-actualites\/et-si-les-contes-de-fees-permettaient-de-parler-du-sommeil-avec-les-enfants#breadcrumb\"},\"inLanguage\":\"fr-FR\",\"potentialAction\":[{\"@type\":\"ReadAction\",\"target\":[\"https:\/\/www.africa-press.net\/senegal\/toutes-les-actualites\/et-si-les-contes-de-fees-permettaient-de-parler-du-sommeil-avec-les-enfants\"]}]},{\"@type\":\"ImageObject\",\"inLanguage\":\"fr-FR\",\"@id\":\"https:\/\/www.africa-press.net\/senegal\/toutes-les-actualites\/et-si-les-contes-de-fees-permettaient-de-parler-du-sommeil-avec-les-enfants#primaryimage\",\"url\":\"https:\/\/static.africa-press.net\/senegal\/sites\/13\/2024\/12\/sm_1735639179.292309.jpg\",\"contentUrl\":\"https:\/\/static.africa-press.net\/senegal\/sites\/13\/2024\/12\/sm_1735639179.292309.jpg\",\"width\":1280,\"height\":720,\"caption\":\"Et si les contes de f\u00e9es permettaient de parler du sommeil avec les enfants ?\"},{\"@type\":\"BreadcrumbList\",\"@id\":\"https:\/\/www.africa-press.net\/senegal\/toutes-les-actualites\/et-si-les-contes-de-fees-permettaient-de-parler-du-sommeil-avec-les-enfants#breadcrumb\",\"itemListElement\":[{\"@type\":\"ListItem\",\"position\":1,\"name\":\"Accueil\",\"item\":\"https:\/\/www.africa-press.net\/senegal\/\"},{\"@type\":\"ListItem\",\"position\":2,\"name\":\"Et si les contes de f\u00e9es permettaient de parler du sommeil avec les enfants ?\"}]},{\"@type\":\"WebSite\",\"@id\":\"https:\/\/www.africa-press.net\/senegal\/#website\",\"url\":\"https:\/\/www.africa-press.net\/senegal\/\",\"name\":\"Africa Press | Senegal | Homepage\",\"description\":\"Just another Africa News Agency Sites site\",\"potentialAction\":[{\"@type\":\"SearchAction\",\"target\":{\"@type\":\"EntryPoint\",\"urlTemplate\":\"https:\/\/www.africa-press.net\/senegal\/?s={search_term_string}\"},\"query-input\":{\"@type\":\"PropertyValueSpecification\",\"valueRequired\":true,\"valueName\":\"search_term_string\"}}],\"inLanguage\":\"fr-FR\"},{\"@type\":\"Person\",\"@id\":\"https:\/\/www.africa-press.net\/senegal\/#\/schema\/person\/2b1cf3cd81a31e3cd26889ca66d677f1\",\"name\":\"cfeditorfr\",\"url\":\"https:\/\/www.africa-press.net\/senegal\/author\/cfeditorfr\"}]}<\/script>\n<!-- \/ Yoast SEO Premium plugin. -->","yoast_head_json":{"title":"Et si les contes de f\u00e9es permettaient de parler du sommeil avec les enfants ? - Senegal","description":"Le British Medical Journal, ou BMJ pour les intimes, s\u2019est penche\u0301, dans son e\u0301dition de Noe\u0308l 2024, sur les contes de f ...","robots":{"index":"index","follow":"follow","max-snippet":"max-snippet:-1","max-image-preview":"max-image-preview:large","max-video-preview":"max-video-preview:-1"},"canonical":"https:\/\/www.africa-press.net\/senegal\/toutes-les-actualites\/et-si-les-contes-de-fees-permettaient-de-parler-du-sommeil-avec-les-enfants","og_locale":"fr_FR","og_type":"article","og_title":"Et si les contes de f\u00e9es permettaient de parler du sommeil avec les enfants ?","og_description":"Le British Medical Journal, ou BMJ pour les intimes, s\u2019est penche\u0301, dans son e\u0301dition de Noe\u0308l 2024, sur les contes de f ...","og_url":"https:\/\/www.africa-press.net\/senegal\/toutes-les-actualites\/et-si-les-contes-de-fees-permettaient-de-parler-du-sommeil-avec-les-enfants","og_site_name":"Senegal","article_published_time":"2024-12-30T12:00:00+00:00","article_modified_time":"2024-12-31T02:09:00+00:00","og_image":[{"width":1280,"height":720,"url":"https:\/\/static.africa-press.net\/senegal\/sites\/13\/2024\/12\/sm_1735639179.292309.jpg","type":"image\/jpeg"}],"author":"cfeditorfr","twitter_card":"summary_large_image","twitter_misc":{"\u00c9crit par":"cfeditorfr","Dur\u00e9e de lecture estim\u00e9e":"4 minutes"},"schema":{"@context":"https:\/\/schema.org","@graph":[{"@type":"Article","@id":"https:\/\/www.africa-press.net\/senegal\/toutes-les-actualites\/et-si-les-contes-de-fees-permettaient-de-parler-du-sommeil-avec-les-enfants#article","isPartOf":{"@id":"https:\/\/www.africa-press.net\/senegal\/toutes-les-actualites\/et-si-les-contes-de-fees-permettaient-de-parler-du-sommeil-avec-les-enfants"},"author":{"name":"cfeditorfr","@id":"https:\/\/www.africa-press.net\/senegal\/#\/schema\/person\/2b1cf3cd81a31e3cd26889ca66d677f1"},"headline":"Et si les contes de f\u00e9es permettaient de parler du sommeil avec les enfants ?","datePublished":"2024-12-30T12:00:00+00:00","dateModified":"2024-12-31T02:09:00+00:00","mainEntityOfPage":{"@id":"https:\/\/www.africa-press.net\/senegal\/toutes-les-actualites\/et-si-les-contes-de-fees-permettaient-de-parler-du-sommeil-avec-les-enfants"},"wordCount":782,"commentCount":0,"image":{"@id":"https:\/\/www.africa-press.net\/senegal\/toutes-les-actualites\/et-si-les-contes-de-fees-permettaient-de-parler-du-sommeil-avec-les-enfants#primaryimage"},"thumbnailUrl":"https:\/\/static.africa-press.net\/senegal\/sites\/13\/2024\/12\/sm_1735639179.292309.jpg","keywords":["Senegal"],"articleSection":["Divers","Toutes les actualit\u00e9s"],"inLanguage":"fr-FR","potentialAction":[{"@type":"CommentAction","name":"Comment","target":["https:\/\/www.africa-press.net\/senegal\/toutes-les-actualites\/et-si-les-contes-de-fees-permettaient-de-parler-du-sommeil-avec-les-enfants#respond"]}]},{"@type":"WebPage","@id":"https:\/\/www.africa-press.net\/senegal\/toutes-les-actualites\/et-si-les-contes-de-fees-permettaient-de-parler-du-sommeil-avec-les-enfants","url":"https:\/\/www.africa-press.net\/senegal\/toutes-les-actualites\/et-si-les-contes-de-fees-permettaient-de-parler-du-sommeil-avec-les-enfants","name":"Et si les contes de f\u00e9es permettaient de parler du sommeil avec les enfants ? - Senegal","isPartOf":{"@id":"https:\/\/www.africa-press.net\/senegal\/#website"},"primaryImageOfPage":{"@id":"https:\/\/www.africa-press.net\/senegal\/toutes-les-actualites\/et-si-les-contes-de-fees-permettaient-de-parler-du-sommeil-avec-les-enfants#primaryimage"},"image":{"@id":"https:\/\/www.africa-press.net\/senegal\/toutes-les-actualites\/et-si-les-contes-de-fees-permettaient-de-parler-du-sommeil-avec-les-enfants#primaryimage"},"thumbnailUrl":"https:\/\/static.africa-press.net\/senegal\/sites\/13\/2024\/12\/sm_1735639179.292309.jpg","datePublished":"2024-12-30T12:00:00+00:00","dateModified":"2024-12-31T02:09:00+00:00","author":{"@id":"https:\/\/www.africa-press.net\/senegal\/#\/schema\/person\/2b1cf3cd81a31e3cd26889ca66d677f1"},"description":"Le British Medical Journal, ou BMJ pour les intimes, s\u2019est penche\u0301, dans son e\u0301dition de Noe\u0308l 2024, sur les contes de f ...","breadcrumb":{"@id":"https:\/\/www.africa-press.net\/senegal\/toutes-les-actualites\/et-si-les-contes-de-fees-permettaient-de-parler-du-sommeil-avec-les-enfants#breadcrumb"},"inLanguage":"fr-FR","potentialAction":[{"@type":"ReadAction","target":["https:\/\/www.africa-press.net\/senegal\/toutes-les-actualites\/et-si-les-contes-de-fees-permettaient-de-parler-du-sommeil-avec-les-enfants"]}]},{"@type":"ImageObject","inLanguage":"fr-FR","@id":"https:\/\/www.africa-press.net\/senegal\/toutes-les-actualites\/et-si-les-contes-de-fees-permettaient-de-parler-du-sommeil-avec-les-enfants#primaryimage","url":"https:\/\/static.africa-press.net\/senegal\/sites\/13\/2024\/12\/sm_1735639179.292309.jpg","contentUrl":"https:\/\/static.africa-press.net\/senegal\/sites\/13\/2024\/12\/sm_1735639179.292309.jpg","width":1280,"height":720,"caption":"Et si les contes de f\u00e9es permettaient de parler du sommeil avec les enfants ?"},{"@type":"BreadcrumbList","@id":"https:\/\/www.africa-press.net\/senegal\/toutes-les-actualites\/et-si-les-contes-de-fees-permettaient-de-parler-du-sommeil-avec-les-enfants#breadcrumb","itemListElement":[{"@type":"ListItem","position":1,"name":"Accueil","item":"https:\/\/www.africa-press.net\/senegal\/"},{"@type":"ListItem","position":2,"name":"Et si les contes de f\u00e9es permettaient de parler du sommeil avec les enfants ?"}]},{"@type":"WebSite","@id":"https:\/\/www.africa-press.net\/senegal\/#website","url":"https:\/\/www.africa-press.net\/senegal\/","name":"Africa Press | Senegal | Homepage","description":"Just another Africa News Agency Sites site","potentialAction":[{"@type":"SearchAction","target":{"@type":"EntryPoint","urlTemplate":"https:\/\/www.africa-press.net\/senegal\/?s={search_term_string}"},"query-input":{"@type":"PropertyValueSpecification","valueRequired":true,"valueName":"search_term_string"}}],"inLanguage":"fr-FR"},{"@type":"Person","@id":"https:\/\/www.africa-press.net\/senegal\/#\/schema\/person\/2b1cf3cd81a31e3cd26889ca66d677f1","name":"cfeditorfr","url":"https:\/\/www.africa-press.net\/senegal\/author\/cfeditorfr"}]}},"_links":{"self":[{"href":"https:\/\/www.africa-press.net\/senegal\/wp-json\/wp\/v2\/posts\/64345","targetHints":{"allow":["GET"]}}],"collection":[{"href":"https:\/\/www.africa-press.net\/senegal\/wp-json\/wp\/v2\/posts"}],"about":[{"href":"https:\/\/www.africa-press.net\/senegal\/wp-json\/wp\/v2\/types\/post"}],"author":[{"embeddable":true,"href":"https:\/\/www.africa-press.net\/senegal\/wp-json\/wp\/v2\/users\/82"}],"replies":[{"embeddable":true,"href":"https:\/\/www.africa-press.net\/senegal\/wp-json\/wp\/v2\/comments?post=64345"}],"version-history":[{"count":0,"href":"https:\/\/www.africa-press.net\/senegal\/wp-json\/wp\/v2\/posts\/64345\/revisions"}],"wp:featuredmedia":[{"embeddable":true,"href":"https:\/\/www.africa-press.net\/senegal\/wp-json\/wp\/v2\/media\/64344"}],"wp:attachment":[{"href":"https:\/\/www.africa-press.net\/senegal\/wp-json\/wp\/v2\/media?parent=64345"}],"wp:term":[{"taxonomy":"category","embeddable":true,"href":"https:\/\/www.africa-press.net\/senegal\/wp-json\/wp\/v2\/categories?post=64345"},{"taxonomy":"post_tag","embeddable":true,"href":"https:\/\/www.africa-press.net\/senegal\/wp-json\/wp\/v2\/tags?post=64345"}],"curies":[{"name":"wp","href":"https:\/\/api.w.org\/{rel}","templated":true}]}}