{"id":64405,"date":"2024-12-31T12:10:00","date_gmt":"2024-12-31T12:10:00","guid":{"rendered":"https:\/\/www.africa-press.net\/senegal\/politique\/problemes-dans-le-secteur-informel-les-acteurs-exposent-leurs-doleances"},"modified":"2025-01-01T04:44:46","modified_gmt":"2025-01-01T04:44:46","slug":"problemes-dans-le-secteur-informel-les-acteurs-exposent-leurs-doleances","status":"publish","type":"post","link":"https:\/\/www.africa-press.net\/senegal\/politique\/problemes-dans-le-secteur-informel-les-acteurs-exposent-leurs-doleances","title":{"rendered":"Probl\u00e8mes dans le secteur informel : Les acteurs exposent leurs dol\u00e9ances"},"content":{"rendered":"<p><span style=\"color: #ff6600\"><strong>Africa-Press &#8211; Senegal. <\/strong><\/span>La coordonnatrice nationale du Programme de modernisation et de gestion des marche\u0301s (PROMOGEM), Rougui Aladji Sow a re\u0301ceptionne\u0301 ce lundi 30 de\u0301cembre 2024 le document de contribution conc\u0327u par des associations du secteur informel regroupe\u0301es autour de la Plateforme des acteurs du secteur informel (PASI).<\/p>\n<p>Dans ce document, les acteurs du secteur informel, notamment des commerc\u0327ants, des marchands ambulants, des tabliers, entre autres, font part de leurs dole\u0301ances avant de formuler des solutions visant a\u0300 soigner les maux du secteur informel.<\/p>\n<p>Recevant le cahier de dole\u0301ances et de recommandations, Rougui Sow promet de partager ce document de contribution avec toutes les autorite\u0301s concerne\u0301es. Elle compte e\u0301galement e\u0301largir les discussions de\u0301ja\u0300 entame\u0301es avec tous les acteurs informels, sans exception, afin d&rsquo;apporter des re\u0301formes significatives et une re\u0301ponse favorable au cri du c\u0153ur des acteurs.<\/p>\n<p>Pour mieux re\u0301gulariser le monde informel, la coordonnatrice ambitionne de former et de formaliser les acteurs informels pour qu&rsquo;ils puissent be\u0301ne\u0301ficier des financements. La coordinatrice du PROMOGEM n&rsquo;a pas manque\u0301 d&rsquo;inviter les marchands ambulants a\u0300 libe\u0301rer les voies publiques qu&rsquo;ils occupent de manie\u0300re anarchique pour permettre la libre circulation.<\/p>\n<p>Les membres de PASI, par la voix de leur coordonnatrice Annie Diouf, sollicitent l&rsquo;appui de l&rsquo;E\u0301tat et des autorite\u0301s locales pour relever l&rsquo;e\u0301conomie informelle. Pour ces acteurs, ce document repre\u0301sente la cle\u0301 pour mettre fin aux proble\u0300mes qui gangre\u0300nent leur secteur.<\/p>\n<p><strong>Pour plus d&rsquo;informations et d&rsquo;analyses sur la <span style=\"color: #ff6600\">Senegal<\/span>, suivez <span style=\"color: #ff6600\">Africa-Press<\/span><\/strong><\/p>\n","protected":false},"excerpt":{"rendered":"<p>Africa-Press &#8211; Senegal. La coordonnatrice nationale du Programme de modernisation et de gestion des marche\u0301s (PROMOGEM), Rougui Aladji Sow a re\u0301ceptionne\u0301 ce lundi 30 de\u0301cembre 2024 le document de contribution conc\u0327u par des associations du secteur informel regroupe\u0301es autour de la Plateforme des acteurs du secteur informel (PASI). Dans ce document, les acteurs du secteur [&hellip;]<\/p>\n","protected":false},"author":82,"featured_media":64404,"comment_status":"open","ping_status":"closed","sticky":false,"template":"","format":"standard","meta":{"footnotes":""},"categories":[2,10],"tags":[5063,5064,5065,44],"class_list":["post-64405","post","type-post","status-publish","format-standard","has-post-thumbnail","hentry","category-politique","category-toutes-les-actualites","tag-doleances","tag-rougui-aladji-sow","tag-secteur-informel","tag-senegal-2"],"yoast_head":"<!-- This site is optimized with the Yoast SEO Premium plugin v26.1 (Yoast SEO v27.0) - https:\/\/yoast.com\/product\/yoast-seo-premium-wordpress\/ -->\n<title>Probl\u00e8mes dans le secteur informel : Les acteurs exposent leurs dol\u00e9ances - Senegal<\/title>\n<meta name=\"description\" content=\"La coordonnatrice nationale du Programme de modernisation et de gestion des marche\u0301s (PROMOGEM), Rougui Aladji Sow a re\u0301 ...\" \/>\n<meta name=\"robots\" content=\"index, follow, max-snippet:-1, max-image-preview:large, max-video-preview:-1\" \/>\n<link rel=\"canonical\" href=\"https:\/\/www.africa-press.net\/senegal\/politique\/problemes-dans-le-secteur-informel-les-acteurs-exposent-leurs-doleances\" \/>\n<meta property=\"og:locale\" content=\"fr_FR\" \/>\n<meta property=\"og:type\" content=\"article\" \/>\n<meta property=\"og:title\" content=\"Probl\u00e8mes dans le secteur informel : Les acteurs exposent leurs dol\u00e9ances\" \/>\n<meta property=\"og:description\" content=\"La coordonnatrice nationale du Programme de modernisation et de gestion des marche\u0301s (PROMOGEM), Rougui Aladji Sow a re\u0301 ...\" \/>\n<meta property=\"og:url\" content=\"https:\/\/www.africa-press.net\/senegal\/politique\/problemes-dans-le-secteur-informel-les-acteurs-exposent-leurs-doleances\" \/>\n<meta property=\"og:site_name\" content=\"Senegal\" \/>\n<meta property=\"article:published_time\" content=\"2024-12-31T12:10:00+00:00\" \/>\n<meta property=\"article:modified_time\" content=\"2025-01-01T04:44:46+00:00\" \/>\n<meta property=\"og:image\" content=\"https:\/\/static.africa-press.net\/senegal\/sites\/13\/2025\/01\/sm_1735735417.606613.jpg\" \/>\n\t<meta property=\"og:image:width\" content=\"720\" \/>\n\t<meta property=\"og:image:height\" content=\"350\" \/>\n\t<meta property=\"og:image:type\" content=\"image\/jpeg\" \/>\n<meta name=\"author\" content=\"cfeditorfr\" \/>\n<meta name=\"twitter:card\" content=\"summary_large_image\" \/>\n<meta name=\"twitter:label1\" content=\"\u00c9crit par\" \/>\n\t<meta name=\"twitter:data1\" content=\"cfeditorfr\" \/>\n\t<meta name=\"twitter:label2\" content=\"Dur\u00e9e de lecture estim\u00e9e\" \/>\n\t<meta name=\"twitter:data2\" content=\"1 minute\" \/>\n<script type=\"application\/ld+json\" class=\"yoast-schema-graph\">{\"@context\":\"https:\/\/schema.org\",\"@graph\":[{\"@type\":\"Article\",\"@id\":\"https:\/\/www.africa-press.net\/senegal\/politique\/problemes-dans-le-secteur-informel-les-acteurs-exposent-leurs-doleances#article\",\"isPartOf\":{\"@id\":\"https:\/\/www.africa-press.net\/senegal\/politique\/problemes-dans-le-secteur-informel-les-acteurs-exposent-leurs-doleances\"},\"author\":{\"name\":\"cfeditorfr\",\"@id\":\"https:\/\/www.africa-press.net\/senegal\/#\/schema\/person\/2b1cf3cd81a31e3cd26889ca66d677f1\"},\"headline\":\"Probl\u00e8mes dans le secteur informel : Les acteurs exposent leurs dol\u00e9ances\",\"datePublished\":\"2024-12-31T12:10:00+00:00\",\"dateModified\":\"2025-01-01T04:44:46+00:00\",\"mainEntityOfPage\":{\"@id\":\"https:\/\/www.africa-press.net\/senegal\/politique\/problemes-dans-le-secteur-informel-les-acteurs-exposent-leurs-doleances\"},\"wordCount\":284,\"commentCount\":0,\"image\":{\"@id\":\"https:\/\/www.africa-press.net\/senegal\/politique\/problemes-dans-le-secteur-informel-les-acteurs-exposent-leurs-doleances#primaryimage\"},\"thumbnailUrl\":\"https:\/\/static.africa-press.net\/senegal\/sites\/13\/2025\/01\/sm_1735735417.606613.jpg\",\"keywords\":[\"doleances\",\"Rougui Aladji Sow\",\"secteur informel\",\"Senegal\"],\"articleSection\":[\"Politique\",\"Toutes les actualit\u00e9s\"],\"inLanguage\":\"fr-FR\",\"potentialAction\":[{\"@type\":\"CommentAction\",\"name\":\"Comment\",\"target\":[\"https:\/\/www.africa-press.net\/senegal\/politique\/problemes-dans-le-secteur-informel-les-acteurs-exposent-leurs-doleances#respond\"]}]},{\"@type\":\"WebPage\",\"@id\":\"https:\/\/www.africa-press.net\/senegal\/politique\/problemes-dans-le-secteur-informel-les-acteurs-exposent-leurs-doleances\",\"url\":\"https:\/\/www.africa-press.net\/senegal\/politique\/problemes-dans-le-secteur-informel-les-acteurs-exposent-leurs-doleances\",\"name\":\"Probl\u00e8mes dans le secteur informel : Les acteurs exposent leurs dol\u00e9ances - Senegal\",\"isPartOf\":{\"@id\":\"https:\/\/www.africa-press.net\/senegal\/#website\"},\"primaryImageOfPage\":{\"@id\":\"https:\/\/www.africa-press.net\/senegal\/politique\/problemes-dans-le-secteur-informel-les-acteurs-exposent-leurs-doleances#primaryimage\"},\"image\":{\"@id\":\"https:\/\/www.africa-press.net\/senegal\/politique\/problemes-dans-le-secteur-informel-les-acteurs-exposent-leurs-doleances#primaryimage\"},\"thumbnailUrl\":\"https:\/\/static.africa-press.net\/senegal\/sites\/13\/2025\/01\/sm_1735735417.606613.jpg\",\"datePublished\":\"2024-12-31T12:10:00+00:00\",\"dateModified\":\"2025-01-01T04:44:46+00:00\",\"author\":{\"@id\":\"https:\/\/www.africa-press.net\/senegal\/#\/schema\/person\/2b1cf3cd81a31e3cd26889ca66d677f1\"},\"description\":\"La coordonnatrice nationale du Programme de modernisation et de gestion des marche\u0301s (PROMOGEM), Rougui Aladji Sow a re\u0301 ...\",\"breadcrumb\":{\"@id\":\"https:\/\/www.africa-press.net\/senegal\/politique\/problemes-dans-le-secteur-informel-les-acteurs-exposent-leurs-doleances#breadcrumb\"},\"inLanguage\":\"fr-FR\",\"potentialAction\":[{\"@type\":\"ReadAction\",\"target\":[\"https:\/\/www.africa-press.net\/senegal\/politique\/problemes-dans-le-secteur-informel-les-acteurs-exposent-leurs-doleances\"]}]},{\"@type\":\"ImageObject\",\"inLanguage\":\"fr-FR\",\"@id\":\"https:\/\/www.africa-press.net\/senegal\/politique\/problemes-dans-le-secteur-informel-les-acteurs-exposent-leurs-doleances#primaryimage\",\"url\":\"https:\/\/static.africa-press.net\/senegal\/sites\/13\/2025\/01\/sm_1735735417.606613.jpg\",\"contentUrl\":\"https:\/\/static.africa-press.net\/senegal\/sites\/13\/2025\/01\/sm_1735735417.606613.jpg\",\"width\":720,\"height\":350,\"caption\":\"Probl\u00e8mes dans le secteur informel : Les acteurs exposent leurs dol\u00e9ances\"},{\"@type\":\"BreadcrumbList\",\"@id\":\"https:\/\/www.africa-press.net\/senegal\/politique\/problemes-dans-le-secteur-informel-les-acteurs-exposent-leurs-doleances#breadcrumb\",\"itemListElement\":[{\"@type\":\"ListItem\",\"position\":1,\"name\":\"Accueil\",\"item\":\"https:\/\/www.africa-press.net\/senegal\/\"},{\"@type\":\"ListItem\",\"position\":2,\"name\":\"Probl\u00e8mes dans le secteur informel : Les acteurs exposent leurs dol\u00e9ances\"}]},{\"@type\":\"WebSite\",\"@id\":\"https:\/\/www.africa-press.net\/senegal\/#website\",\"url\":\"https:\/\/www.africa-press.net\/senegal\/\",\"name\":\"Africa Press | Senegal | Homepage\",\"description\":\"Just another Africa News Agency Sites site\",\"potentialAction\":[{\"@type\":\"SearchAction\",\"target\":{\"@type\":\"EntryPoint\",\"urlTemplate\":\"https:\/\/www.africa-press.net\/senegal\/?s={search_term_string}\"},\"query-input\":{\"@type\":\"PropertyValueSpecification\",\"valueRequired\":true,\"valueName\":\"search_term_string\"}}],\"inLanguage\":\"fr-FR\"},{\"@type\":\"Person\",\"@id\":\"https:\/\/www.africa-press.net\/senegal\/#\/schema\/person\/2b1cf3cd81a31e3cd26889ca66d677f1\",\"name\":\"cfeditorfr\",\"url\":\"https:\/\/www.africa-press.net\/senegal\/author\/cfeditorfr\"}]}<\/script>\n<!-- \/ Yoast SEO Premium plugin. -->","yoast_head_json":{"title":"Probl\u00e8mes dans le secteur informel : Les acteurs exposent leurs dol\u00e9ances - Senegal","description":"La coordonnatrice nationale du Programme de modernisation et de gestion des marche\u0301s (PROMOGEM), Rougui Aladji Sow a re\u0301 ...","robots":{"index":"index","follow":"follow","max-snippet":"max-snippet:-1","max-image-preview":"max-image-preview:large","max-video-preview":"max-video-preview:-1"},"canonical":"https:\/\/www.africa-press.net\/senegal\/politique\/problemes-dans-le-secteur-informel-les-acteurs-exposent-leurs-doleances","og_locale":"fr_FR","og_type":"article","og_title":"Probl\u00e8mes dans le secteur informel : Les acteurs exposent leurs dol\u00e9ances","og_description":"La coordonnatrice nationale du Programme de modernisation et de gestion des marche\u0301s (PROMOGEM), Rougui Aladji Sow a re\u0301 ...","og_url":"https:\/\/www.africa-press.net\/senegal\/politique\/problemes-dans-le-secteur-informel-les-acteurs-exposent-leurs-doleances","og_site_name":"Senegal","article_published_time":"2024-12-31T12:10:00+00:00","article_modified_time":"2025-01-01T04:44:46+00:00","og_image":[{"width":720,"height":350,"url":"https:\/\/static.africa-press.net\/senegal\/sites\/13\/2025\/01\/sm_1735735417.606613.jpg","type":"image\/jpeg"}],"author":"cfeditorfr","twitter_card":"summary_large_image","twitter_misc":{"\u00c9crit par":"cfeditorfr","Dur\u00e9e de lecture estim\u00e9e":"1 minute"},"schema":{"@context":"https:\/\/schema.org","@graph":[{"@type":"Article","@id":"https:\/\/www.africa-press.net\/senegal\/politique\/problemes-dans-le-secteur-informel-les-acteurs-exposent-leurs-doleances#article","isPartOf":{"@id":"https:\/\/www.africa-press.net\/senegal\/politique\/problemes-dans-le-secteur-informel-les-acteurs-exposent-leurs-doleances"},"author":{"name":"cfeditorfr","@id":"https:\/\/www.africa-press.net\/senegal\/#\/schema\/person\/2b1cf3cd81a31e3cd26889ca66d677f1"},"headline":"Probl\u00e8mes dans le secteur informel : Les acteurs exposent leurs dol\u00e9ances","datePublished":"2024-12-31T12:10:00+00:00","dateModified":"2025-01-01T04:44:46+00:00","mainEntityOfPage":{"@id":"https:\/\/www.africa-press.net\/senegal\/politique\/problemes-dans-le-secteur-informel-les-acteurs-exposent-leurs-doleances"},"wordCount":284,"commentCount":0,"image":{"@id":"https:\/\/www.africa-press.net\/senegal\/politique\/problemes-dans-le-secteur-informel-les-acteurs-exposent-leurs-doleances#primaryimage"},"thumbnailUrl":"https:\/\/static.africa-press.net\/senegal\/sites\/13\/2025\/01\/sm_1735735417.606613.jpg","keywords":["doleances","Rougui Aladji Sow","secteur informel","Senegal"],"articleSection":["Politique","Toutes les actualit\u00e9s"],"inLanguage":"fr-FR","potentialAction":[{"@type":"CommentAction","name":"Comment","target":["https:\/\/www.africa-press.net\/senegal\/politique\/problemes-dans-le-secteur-informel-les-acteurs-exposent-leurs-doleances#respond"]}]},{"@type":"WebPage","@id":"https:\/\/www.africa-press.net\/senegal\/politique\/problemes-dans-le-secteur-informel-les-acteurs-exposent-leurs-doleances","url":"https:\/\/www.africa-press.net\/senegal\/politique\/problemes-dans-le-secteur-informel-les-acteurs-exposent-leurs-doleances","name":"Probl\u00e8mes dans le secteur informel : Les acteurs exposent leurs dol\u00e9ances - Senegal","isPartOf":{"@id":"https:\/\/www.africa-press.net\/senegal\/#website"},"primaryImageOfPage":{"@id":"https:\/\/www.africa-press.net\/senegal\/politique\/problemes-dans-le-secteur-informel-les-acteurs-exposent-leurs-doleances#primaryimage"},"image":{"@id":"https:\/\/www.africa-press.net\/senegal\/politique\/problemes-dans-le-secteur-informel-les-acteurs-exposent-leurs-doleances#primaryimage"},"thumbnailUrl":"https:\/\/static.africa-press.net\/senegal\/sites\/13\/2025\/01\/sm_1735735417.606613.jpg","datePublished":"2024-12-31T12:10:00+00:00","dateModified":"2025-01-01T04:44:46+00:00","author":{"@id":"https:\/\/www.africa-press.net\/senegal\/#\/schema\/person\/2b1cf3cd81a31e3cd26889ca66d677f1"},"description":"La coordonnatrice nationale du Programme de modernisation et de gestion des marche\u0301s (PROMOGEM), Rougui Aladji Sow a re\u0301 ...","breadcrumb":{"@id":"https:\/\/www.africa-press.net\/senegal\/politique\/problemes-dans-le-secteur-informel-les-acteurs-exposent-leurs-doleances#breadcrumb"},"inLanguage":"fr-FR","potentialAction":[{"@type":"ReadAction","target":["https:\/\/www.africa-press.net\/senegal\/politique\/problemes-dans-le-secteur-informel-les-acteurs-exposent-leurs-doleances"]}]},{"@type":"ImageObject","inLanguage":"fr-FR","@id":"https:\/\/www.africa-press.net\/senegal\/politique\/problemes-dans-le-secteur-informel-les-acteurs-exposent-leurs-doleances#primaryimage","url":"https:\/\/static.africa-press.net\/senegal\/sites\/13\/2025\/01\/sm_1735735417.606613.jpg","contentUrl":"https:\/\/static.africa-press.net\/senegal\/sites\/13\/2025\/01\/sm_1735735417.606613.jpg","width":720,"height":350,"caption":"Probl\u00e8mes dans le secteur informel : Les acteurs exposent leurs dol\u00e9ances"},{"@type":"BreadcrumbList","@id":"https:\/\/www.africa-press.net\/senegal\/politique\/problemes-dans-le-secteur-informel-les-acteurs-exposent-leurs-doleances#breadcrumb","itemListElement":[{"@type":"ListItem","position":1,"name":"Accueil","item":"https:\/\/www.africa-press.net\/senegal\/"},{"@type":"ListItem","position":2,"name":"Probl\u00e8mes dans le secteur informel : Les acteurs exposent leurs dol\u00e9ances"}]},{"@type":"WebSite","@id":"https:\/\/www.africa-press.net\/senegal\/#website","url":"https:\/\/www.africa-press.net\/senegal\/","name":"Africa Press | Senegal | Homepage","description":"Just another Africa News Agency Sites site","potentialAction":[{"@type":"SearchAction","target":{"@type":"EntryPoint","urlTemplate":"https:\/\/www.africa-press.net\/senegal\/?s={search_term_string}"},"query-input":{"@type":"PropertyValueSpecification","valueRequired":true,"valueName":"search_term_string"}}],"inLanguage":"fr-FR"},{"@type":"Person","@id":"https:\/\/www.africa-press.net\/senegal\/#\/schema\/person\/2b1cf3cd81a31e3cd26889ca66d677f1","name":"cfeditorfr","url":"https:\/\/www.africa-press.net\/senegal\/author\/cfeditorfr"}]}},"_links":{"self":[{"href":"https:\/\/www.africa-press.net\/senegal\/wp-json\/wp\/v2\/posts\/64405","targetHints":{"allow":["GET"]}}],"collection":[{"href":"https:\/\/www.africa-press.net\/senegal\/wp-json\/wp\/v2\/posts"}],"about":[{"href":"https:\/\/www.africa-press.net\/senegal\/wp-json\/wp\/v2\/types\/post"}],"author":[{"embeddable":true,"href":"https:\/\/www.africa-press.net\/senegal\/wp-json\/wp\/v2\/users\/82"}],"replies":[{"embeddable":true,"href":"https:\/\/www.africa-press.net\/senegal\/wp-json\/wp\/v2\/comments?post=64405"}],"version-history":[{"count":0,"href":"https:\/\/www.africa-press.net\/senegal\/wp-json\/wp\/v2\/posts\/64405\/revisions"}],"wp:featuredmedia":[{"embeddable":true,"href":"https:\/\/www.africa-press.net\/senegal\/wp-json\/wp\/v2\/media\/64404"}],"wp:attachment":[{"href":"https:\/\/www.africa-press.net\/senegal\/wp-json\/wp\/v2\/media?parent=64405"}],"wp:term":[{"taxonomy":"category","embeddable":true,"href":"https:\/\/www.africa-press.net\/senegal\/wp-json\/wp\/v2\/categories?post=64405"},{"taxonomy":"post_tag","embeddable":true,"href":"https:\/\/www.africa-press.net\/senegal\/wp-json\/wp\/v2\/tags?post=64405"}],"curies":[{"name":"wp","href":"https:\/\/api.w.org\/{rel}","templated":true}]}}