{"id":64424,"date":"2024-12-31T12:00:00","date_gmt":"2024-12-31T12:00:00","guid":{"rendered":"https:\/\/www.africa-press.net\/senegal\/politique\/a-65-ans-lesperance-de-vie-sans-incapacite-estimee-entre-105-et-12-ans"},"modified":"2025-01-01T04:50:04","modified_gmt":"2025-01-01T04:50:04","slug":"a-65-ans-lesperance-de-vie-sans-incapacite-estimee-entre-105-et-12-ans","status":"publish","type":"post","link":"https:\/\/www.africa-press.net\/senegal\/toutes-les-actualites\/a-65-ans-lesperance-de-vie-sans-incapacite-estimee-entre-105-et-12-ans","title":{"rendered":"A 65 ans, l\u2019esp\u00e9rance de vie sans incapacit\u00e9 estim\u00e9e entre 10,5 et 12 ans"},"content":{"rendered":"<p><span style=\"color: #ff6600\"><strong>Africa-Press &#8211; Senegal. <\/strong><\/span>A 65 ans, les femmes peuvent espe\u0301rer vivre encore 12 ans sans incapacite\u0301, c\u2019est-a\u0300-dire sans e\u0302tre limite\u0301es dans les activite\u0301s de la vie quotidienne, et les hommes 10,5 ans, selon une e\u0301tude du ministe\u0300re de la Sante\u0301 publie\u0301e le 31 de\u0301cembre 2024. Cet indicateur correspond au nombre d\u2019anne\u0301es qu\u2019une personne peut espe\u0301rer vivre sans e\u0302tre limite\u0301e par un proble\u0300me de sante\u0301.<\/p>\n<p>\u201cL\u2019espe\u0301rance de vie s\u2019allonge re\u0301gulie\u0300rement mais ces anne\u0301es supple\u0301mentaires de vie ne sont pas toutes ne\u0301cessairement ve\u0301cues \u2018en bonne sante\u0301&rsquo;\u201d, souligne la Direction statistique des ministe\u0300res sociaux (Drees). L\u2019espe\u0301rance de vie sans incapacite\u0301 a\u0300 65 ans a progresse\u0301 depuis 2008 d\u2019un an et onze mois pour les femmes, et d\u2019un an et dix mois pour les hommes, de\u0301taille la Drees. Sur cette pe\u0301riode, l\u2019espe\u0301rance de vie sans incapacite\u0301 a\u0300 65 ans a cru\u0302 plus vite que l\u2019espe\u0301rance de vie.<\/p>\n<p><b>Une nette progression depuis 2008<\/b><\/p>\n<p>Parmi les anne\u0301es restant a\u0300 vivre a\u0300 65 ans, la part de celles qui seront ve\u0301cues sans incapacite\u0301 est passe\u0301e, entre 2008 et 2023, de 44,7% a\u0300 50,8% pour les femmes, et de 47,7 % a\u0300 52,9% pour les hommes, indique la Drees.<\/p>\n<p>En 2022, la France e\u0301tait le cinquie\u0300me pays de l\u2019Union europe\u0301enne pour l\u2019espe\u0301rance de vie sans incapacite\u0301 des femmes a\u0300 65 ans, supe\u0301rieure de deux ans et six mois a\u0300 la moyenne europe\u0301enne. Pour les hommes, la France se situe au septie\u0300me rang de l\u2019UE, au-dessus de la moyenne europe\u0301enne mais avec un e\u0301cart moindre (+ un an et quatre mois).<\/p>\n<p><strong>Pour plus d&rsquo;informations et d&rsquo;analyses sur la <span style=\"color: #ff6600\">Senegal<\/span>, suivez <span style=\"color: #ff6600\">Africa-Press<\/span><\/strong><\/p>\n","protected":false},"excerpt":{"rendered":"<p>Africa-Press &#8211; Senegal. A 65 ans, les femmes peuvent espe\u0301rer vivre encore 12 ans sans incapacite\u0301, c\u2019est-a\u0300-dire sans e\u0302tre limite\u0301es dans les activite\u0301s de la vie quotidienne, et les hommes 10,5 ans, selon une e\u0301tude du ministe\u0300re de la Sante\u0301 publie\u0301e le 31 de\u0301cembre 2024. Cet indicateur correspond au nombre d\u2019anne\u0301es qu\u2019une personne peut espe\u0301rer [&hellip;]<\/p>\n","protected":false},"author":82,"featured_media":64423,"comment_status":"open","ping_status":"closed","sticky":false,"template":"","format":"standard","meta":{"footnotes":""},"categories":[22,10],"tags":[44],"class_list":["post-64424","post","type-post","status-publish","format-standard","has-post-thumbnail","hentry","category-divers","category-toutes-les-actualites","tag-senegal-2"],"yoast_head":"<!-- This site is optimized with the Yoast SEO Premium plugin v26.1 (Yoast SEO v27.0) - https:\/\/yoast.com\/product\/yoast-seo-premium-wordpress\/ -->\n<title>A 65 ans, l\u2019esp\u00e9rance de vie sans incapacit\u00e9 estim\u00e9e entre 10,5 et 12 ans - Senegal<\/title>\n<meta name=\"description\" content=\"A 65 ans, les femmes peuvent espe\u0301rer vivre encore 12 ans sans incapacite\u0301, c\u2019est-a\u0300-dire sans e\u0302tre limite\u0301es dans les ...\" \/>\n<meta name=\"robots\" content=\"index, follow, max-snippet:-1, max-image-preview:large, max-video-preview:-1\" \/>\n<link rel=\"canonical\" href=\"https:\/\/www.africa-press.net\/senegal\/toutes-les-actualites\/a-65-ans-lesperance-de-vie-sans-incapacite-estimee-entre-105-et-12-ans\" \/>\n<meta property=\"og:locale\" content=\"fr_FR\" \/>\n<meta property=\"og:type\" content=\"article\" \/>\n<meta property=\"og:title\" content=\"A 65 ans, l\u2019esp\u00e9rance de vie sans incapacit\u00e9 estim\u00e9e entre 10,5 et 12 ans\" \/>\n<meta property=\"og:description\" content=\"A 65 ans, les femmes peuvent espe\u0301rer vivre encore 12 ans sans incapacite\u0301, c\u2019est-a\u0300-dire sans e\u0302tre limite\u0301es dans les ...\" \/>\n<meta property=\"og:url\" content=\"https:\/\/www.africa-press.net\/senegal\/toutes-les-actualites\/a-65-ans-lesperance-de-vie-sans-incapacite-estimee-entre-105-et-12-ans\" \/>\n<meta property=\"og:site_name\" content=\"Senegal\" \/>\n<meta property=\"article:published_time\" content=\"2024-12-31T12:00:00+00:00\" \/>\n<meta property=\"article:modified_time\" content=\"2025-01-01T04:50:04+00:00\" \/>\n<meta property=\"og:image\" content=\"https:\/\/static.africa-press.net\/senegal\/sites\/13\/2025\/01\/sm_1735735775.23612.jpg\" \/>\n\t<meta property=\"og:image:width\" content=\"1280\" \/>\n\t<meta property=\"og:image:height\" content=\"720\" \/>\n\t<meta property=\"og:image:type\" content=\"image\/jpeg\" \/>\n<meta name=\"author\" content=\"cfeditorfr\" \/>\n<meta name=\"twitter:card\" content=\"summary_large_image\" \/>\n<meta name=\"twitter:label1\" content=\"\u00c9crit par\" \/>\n\t<meta name=\"twitter:data1\" content=\"cfeditorfr\" \/>\n\t<meta name=\"twitter:label2\" content=\"Dur\u00e9e de lecture estim\u00e9e\" \/>\n\t<meta name=\"twitter:data2\" content=\"1 minute\" \/>\n<script type=\"application\/ld+json\" class=\"yoast-schema-graph\">{\"@context\":\"https:\/\/schema.org\",\"@graph\":[{\"@type\":\"Article\",\"@id\":\"https:\/\/www.africa-press.net\/senegal\/toutes-les-actualites\/a-65-ans-lesperance-de-vie-sans-incapacite-estimee-entre-105-et-12-ans#article\",\"isPartOf\":{\"@id\":\"https:\/\/www.africa-press.net\/senegal\/toutes-les-actualites\/a-65-ans-lesperance-de-vie-sans-incapacite-estimee-entre-105-et-12-ans\"},\"author\":{\"name\":\"cfeditorfr\",\"@id\":\"https:\/\/www.africa-press.net\/senegal\/#\/schema\/person\/2b1cf3cd81a31e3cd26889ca66d677f1\"},\"headline\":\"A 65 ans, l\u2019esp\u00e9rance de vie sans incapacit\u00e9 estim\u00e9e entre 10,5 et 12 ans\",\"datePublished\":\"2024-12-31T12:00:00+00:00\",\"dateModified\":\"2025-01-01T04:50:04+00:00\",\"mainEntityOfPage\":{\"@id\":\"https:\/\/www.africa-press.net\/senegal\/toutes-les-actualites\/a-65-ans-lesperance-de-vie-sans-incapacite-estimee-entre-105-et-12-ans\"},\"wordCount\":310,\"commentCount\":0,\"image\":{\"@id\":\"https:\/\/www.africa-press.net\/senegal\/toutes-les-actualites\/a-65-ans-lesperance-de-vie-sans-incapacite-estimee-entre-105-et-12-ans#primaryimage\"},\"thumbnailUrl\":\"https:\/\/static.africa-press.net\/senegal\/sites\/13\/2025\/01\/sm_1735735775.23612.jpg\",\"keywords\":[\"Senegal\"],\"articleSection\":[\"Divers\",\"Toutes les actualit\u00e9s\"],\"inLanguage\":\"fr-FR\",\"potentialAction\":[{\"@type\":\"CommentAction\",\"name\":\"Comment\",\"target\":[\"https:\/\/www.africa-press.net\/senegal\/toutes-les-actualites\/a-65-ans-lesperance-de-vie-sans-incapacite-estimee-entre-105-et-12-ans#respond\"]}]},{\"@type\":\"WebPage\",\"@id\":\"https:\/\/www.africa-press.net\/senegal\/toutes-les-actualites\/a-65-ans-lesperance-de-vie-sans-incapacite-estimee-entre-105-et-12-ans\",\"url\":\"https:\/\/www.africa-press.net\/senegal\/toutes-les-actualites\/a-65-ans-lesperance-de-vie-sans-incapacite-estimee-entre-105-et-12-ans\",\"name\":\"A 65 ans, l\u2019esp\u00e9rance de vie sans incapacit\u00e9 estim\u00e9e entre 10,5 et 12 ans - Senegal\",\"isPartOf\":{\"@id\":\"https:\/\/www.africa-press.net\/senegal\/#website\"},\"primaryImageOfPage\":{\"@id\":\"https:\/\/www.africa-press.net\/senegal\/toutes-les-actualites\/a-65-ans-lesperance-de-vie-sans-incapacite-estimee-entre-105-et-12-ans#primaryimage\"},\"image\":{\"@id\":\"https:\/\/www.africa-press.net\/senegal\/toutes-les-actualites\/a-65-ans-lesperance-de-vie-sans-incapacite-estimee-entre-105-et-12-ans#primaryimage\"},\"thumbnailUrl\":\"https:\/\/static.africa-press.net\/senegal\/sites\/13\/2025\/01\/sm_1735735775.23612.jpg\",\"datePublished\":\"2024-12-31T12:00:00+00:00\",\"dateModified\":\"2025-01-01T04:50:04+00:00\",\"author\":{\"@id\":\"https:\/\/www.africa-press.net\/senegal\/#\/schema\/person\/2b1cf3cd81a31e3cd26889ca66d677f1\"},\"description\":\"A 65 ans, les femmes peuvent espe\u0301rer vivre encore 12 ans sans incapacite\u0301, c\u2019est-a\u0300-dire sans e\u0302tre limite\u0301es dans les ...\",\"breadcrumb\":{\"@id\":\"https:\/\/www.africa-press.net\/senegal\/toutes-les-actualites\/a-65-ans-lesperance-de-vie-sans-incapacite-estimee-entre-105-et-12-ans#breadcrumb\"},\"inLanguage\":\"fr-FR\",\"potentialAction\":[{\"@type\":\"ReadAction\",\"target\":[\"https:\/\/www.africa-press.net\/senegal\/toutes-les-actualites\/a-65-ans-lesperance-de-vie-sans-incapacite-estimee-entre-105-et-12-ans\"]}]},{\"@type\":\"ImageObject\",\"inLanguage\":\"fr-FR\",\"@id\":\"https:\/\/www.africa-press.net\/senegal\/toutes-les-actualites\/a-65-ans-lesperance-de-vie-sans-incapacite-estimee-entre-105-et-12-ans#primaryimage\",\"url\":\"https:\/\/static.africa-press.net\/senegal\/sites\/13\/2025\/01\/sm_1735735775.23612.jpg\",\"contentUrl\":\"https:\/\/static.africa-press.net\/senegal\/sites\/13\/2025\/01\/sm_1735735775.23612.jpg\",\"width\":1280,\"height\":720,\"caption\":\"A 65 ans, l\u2019esp\u00e9rance de vie sans incapacit\u00e9 estim\u00e9e entre 10,5 et 12 ans\"},{\"@type\":\"BreadcrumbList\",\"@id\":\"https:\/\/www.africa-press.net\/senegal\/toutes-les-actualites\/a-65-ans-lesperance-de-vie-sans-incapacite-estimee-entre-105-et-12-ans#breadcrumb\",\"itemListElement\":[{\"@type\":\"ListItem\",\"position\":1,\"name\":\"Accueil\",\"item\":\"https:\/\/www.africa-press.net\/senegal\/\"},{\"@type\":\"ListItem\",\"position\":2,\"name\":\"A 65 ans, l\u2019esp\u00e9rance de vie sans incapacit\u00e9 estim\u00e9e entre 10,5 et 12 ans\"}]},{\"@type\":\"WebSite\",\"@id\":\"https:\/\/www.africa-press.net\/senegal\/#website\",\"url\":\"https:\/\/www.africa-press.net\/senegal\/\",\"name\":\"Africa Press | Senegal | Homepage\",\"description\":\"Just another Africa News Agency Sites site\",\"potentialAction\":[{\"@type\":\"SearchAction\",\"target\":{\"@type\":\"EntryPoint\",\"urlTemplate\":\"https:\/\/www.africa-press.net\/senegal\/?s={search_term_string}\"},\"query-input\":{\"@type\":\"PropertyValueSpecification\",\"valueRequired\":true,\"valueName\":\"search_term_string\"}}],\"inLanguage\":\"fr-FR\"},{\"@type\":\"Person\",\"@id\":\"https:\/\/www.africa-press.net\/senegal\/#\/schema\/person\/2b1cf3cd81a31e3cd26889ca66d677f1\",\"name\":\"cfeditorfr\",\"url\":\"https:\/\/www.africa-press.net\/senegal\/author\/cfeditorfr\"}]}<\/script>\n<!-- \/ Yoast SEO Premium plugin. -->","yoast_head_json":{"title":"A 65 ans, l\u2019esp\u00e9rance de vie sans incapacit\u00e9 estim\u00e9e entre 10,5 et 12 ans - Senegal","description":"A 65 ans, les femmes peuvent espe\u0301rer vivre encore 12 ans sans incapacite\u0301, c\u2019est-a\u0300-dire sans e\u0302tre limite\u0301es dans les ...","robots":{"index":"index","follow":"follow","max-snippet":"max-snippet:-1","max-image-preview":"max-image-preview:large","max-video-preview":"max-video-preview:-1"},"canonical":"https:\/\/www.africa-press.net\/senegal\/toutes-les-actualites\/a-65-ans-lesperance-de-vie-sans-incapacite-estimee-entre-105-et-12-ans","og_locale":"fr_FR","og_type":"article","og_title":"A 65 ans, l\u2019esp\u00e9rance de vie sans incapacit\u00e9 estim\u00e9e entre 10,5 et 12 ans","og_description":"A 65 ans, les femmes peuvent espe\u0301rer vivre encore 12 ans sans incapacite\u0301, c\u2019est-a\u0300-dire sans e\u0302tre limite\u0301es dans les ...","og_url":"https:\/\/www.africa-press.net\/senegal\/toutes-les-actualites\/a-65-ans-lesperance-de-vie-sans-incapacite-estimee-entre-105-et-12-ans","og_site_name":"Senegal","article_published_time":"2024-12-31T12:00:00+00:00","article_modified_time":"2025-01-01T04:50:04+00:00","og_image":[{"width":1280,"height":720,"url":"https:\/\/static.africa-press.net\/senegal\/sites\/13\/2025\/01\/sm_1735735775.23612.jpg","type":"image\/jpeg"}],"author":"cfeditorfr","twitter_card":"summary_large_image","twitter_misc":{"\u00c9crit par":"cfeditorfr","Dur\u00e9e de lecture estim\u00e9e":"1 minute"},"schema":{"@context":"https:\/\/schema.org","@graph":[{"@type":"Article","@id":"https:\/\/www.africa-press.net\/senegal\/toutes-les-actualites\/a-65-ans-lesperance-de-vie-sans-incapacite-estimee-entre-105-et-12-ans#article","isPartOf":{"@id":"https:\/\/www.africa-press.net\/senegal\/toutes-les-actualites\/a-65-ans-lesperance-de-vie-sans-incapacite-estimee-entre-105-et-12-ans"},"author":{"name":"cfeditorfr","@id":"https:\/\/www.africa-press.net\/senegal\/#\/schema\/person\/2b1cf3cd81a31e3cd26889ca66d677f1"},"headline":"A 65 ans, l\u2019esp\u00e9rance de vie sans incapacit\u00e9 estim\u00e9e entre 10,5 et 12 ans","datePublished":"2024-12-31T12:00:00+00:00","dateModified":"2025-01-01T04:50:04+00:00","mainEntityOfPage":{"@id":"https:\/\/www.africa-press.net\/senegal\/toutes-les-actualites\/a-65-ans-lesperance-de-vie-sans-incapacite-estimee-entre-105-et-12-ans"},"wordCount":310,"commentCount":0,"image":{"@id":"https:\/\/www.africa-press.net\/senegal\/toutes-les-actualites\/a-65-ans-lesperance-de-vie-sans-incapacite-estimee-entre-105-et-12-ans#primaryimage"},"thumbnailUrl":"https:\/\/static.africa-press.net\/senegal\/sites\/13\/2025\/01\/sm_1735735775.23612.jpg","keywords":["Senegal"],"articleSection":["Divers","Toutes les actualit\u00e9s"],"inLanguage":"fr-FR","potentialAction":[{"@type":"CommentAction","name":"Comment","target":["https:\/\/www.africa-press.net\/senegal\/toutes-les-actualites\/a-65-ans-lesperance-de-vie-sans-incapacite-estimee-entre-105-et-12-ans#respond"]}]},{"@type":"WebPage","@id":"https:\/\/www.africa-press.net\/senegal\/toutes-les-actualites\/a-65-ans-lesperance-de-vie-sans-incapacite-estimee-entre-105-et-12-ans","url":"https:\/\/www.africa-press.net\/senegal\/toutes-les-actualites\/a-65-ans-lesperance-de-vie-sans-incapacite-estimee-entre-105-et-12-ans","name":"A 65 ans, l\u2019esp\u00e9rance de vie sans incapacit\u00e9 estim\u00e9e entre 10,5 et 12 ans - Senegal","isPartOf":{"@id":"https:\/\/www.africa-press.net\/senegal\/#website"},"primaryImageOfPage":{"@id":"https:\/\/www.africa-press.net\/senegal\/toutes-les-actualites\/a-65-ans-lesperance-de-vie-sans-incapacite-estimee-entre-105-et-12-ans#primaryimage"},"image":{"@id":"https:\/\/www.africa-press.net\/senegal\/toutes-les-actualites\/a-65-ans-lesperance-de-vie-sans-incapacite-estimee-entre-105-et-12-ans#primaryimage"},"thumbnailUrl":"https:\/\/static.africa-press.net\/senegal\/sites\/13\/2025\/01\/sm_1735735775.23612.jpg","datePublished":"2024-12-31T12:00:00+00:00","dateModified":"2025-01-01T04:50:04+00:00","author":{"@id":"https:\/\/www.africa-press.net\/senegal\/#\/schema\/person\/2b1cf3cd81a31e3cd26889ca66d677f1"},"description":"A 65 ans, les femmes peuvent espe\u0301rer vivre encore 12 ans sans incapacite\u0301, c\u2019est-a\u0300-dire sans e\u0302tre limite\u0301es dans les ...","breadcrumb":{"@id":"https:\/\/www.africa-press.net\/senegal\/toutes-les-actualites\/a-65-ans-lesperance-de-vie-sans-incapacite-estimee-entre-105-et-12-ans#breadcrumb"},"inLanguage":"fr-FR","potentialAction":[{"@type":"ReadAction","target":["https:\/\/www.africa-press.net\/senegal\/toutes-les-actualites\/a-65-ans-lesperance-de-vie-sans-incapacite-estimee-entre-105-et-12-ans"]}]},{"@type":"ImageObject","inLanguage":"fr-FR","@id":"https:\/\/www.africa-press.net\/senegal\/toutes-les-actualites\/a-65-ans-lesperance-de-vie-sans-incapacite-estimee-entre-105-et-12-ans#primaryimage","url":"https:\/\/static.africa-press.net\/senegal\/sites\/13\/2025\/01\/sm_1735735775.23612.jpg","contentUrl":"https:\/\/static.africa-press.net\/senegal\/sites\/13\/2025\/01\/sm_1735735775.23612.jpg","width":1280,"height":720,"caption":"A 65 ans, l\u2019esp\u00e9rance de vie sans incapacit\u00e9 estim\u00e9e entre 10,5 et 12 ans"},{"@type":"BreadcrumbList","@id":"https:\/\/www.africa-press.net\/senegal\/toutes-les-actualites\/a-65-ans-lesperance-de-vie-sans-incapacite-estimee-entre-105-et-12-ans#breadcrumb","itemListElement":[{"@type":"ListItem","position":1,"name":"Accueil","item":"https:\/\/www.africa-press.net\/senegal\/"},{"@type":"ListItem","position":2,"name":"A 65 ans, l\u2019esp\u00e9rance de vie sans incapacit\u00e9 estim\u00e9e entre 10,5 et 12 ans"}]},{"@type":"WebSite","@id":"https:\/\/www.africa-press.net\/senegal\/#website","url":"https:\/\/www.africa-press.net\/senegal\/","name":"Africa Press | Senegal | Homepage","description":"Just another Africa News Agency Sites site","potentialAction":[{"@type":"SearchAction","target":{"@type":"EntryPoint","urlTemplate":"https:\/\/www.africa-press.net\/senegal\/?s={search_term_string}"},"query-input":{"@type":"PropertyValueSpecification","valueRequired":true,"valueName":"search_term_string"}}],"inLanguage":"fr-FR"},{"@type":"Person","@id":"https:\/\/www.africa-press.net\/senegal\/#\/schema\/person\/2b1cf3cd81a31e3cd26889ca66d677f1","name":"cfeditorfr","url":"https:\/\/www.africa-press.net\/senegal\/author\/cfeditorfr"}]}},"_links":{"self":[{"href":"https:\/\/www.africa-press.net\/senegal\/wp-json\/wp\/v2\/posts\/64424","targetHints":{"allow":["GET"]}}],"collection":[{"href":"https:\/\/www.africa-press.net\/senegal\/wp-json\/wp\/v2\/posts"}],"about":[{"href":"https:\/\/www.africa-press.net\/senegal\/wp-json\/wp\/v2\/types\/post"}],"author":[{"embeddable":true,"href":"https:\/\/www.africa-press.net\/senegal\/wp-json\/wp\/v2\/users\/82"}],"replies":[{"embeddable":true,"href":"https:\/\/www.africa-press.net\/senegal\/wp-json\/wp\/v2\/comments?post=64424"}],"version-history":[{"count":0,"href":"https:\/\/www.africa-press.net\/senegal\/wp-json\/wp\/v2\/posts\/64424\/revisions"}],"wp:featuredmedia":[{"embeddable":true,"href":"https:\/\/www.africa-press.net\/senegal\/wp-json\/wp\/v2\/media\/64423"}],"wp:attachment":[{"href":"https:\/\/www.africa-press.net\/senegal\/wp-json\/wp\/v2\/media?parent=64424"}],"wp:term":[{"taxonomy":"category","embeddable":true,"href":"https:\/\/www.africa-press.net\/senegal\/wp-json\/wp\/v2\/categories?post=64424"},{"taxonomy":"post_tag","embeddable":true,"href":"https:\/\/www.africa-press.net\/senegal\/wp-json\/wp\/v2\/tags?post=64424"}],"curies":[{"name":"wp","href":"https:\/\/api.w.org\/{rel}","templated":true}]}}