{"id":64449,"date":"2024-12-31T12:00:00","date_gmt":"2024-12-31T12:00:00","guid":{"rendered":"https:\/\/www.africa-press.net\/senegal\/politique\/la-mangeoie-revele-ses-tresors-neolithiques"},"modified":"2025-01-02T02:34:16","modified_gmt":"2025-01-02T02:34:16","slug":"la-mangeoie-revele-ses-tresors-neolithiques","status":"publish","type":"post","link":"https:\/\/www.africa-press.net\/senegal\/toutes-les-actualites\/la-mangeoie-revele-ses-tresors-neolithiques","title":{"rendered":"La Mangeoie r\u00e9v\u00e8le ses tr\u00e9sors n\u00e9olithiques"},"content":{"rendered":"<p><span style=\"color: #ff6600\"><strong>Africa-Press &#8211; Senegal. <\/strong><\/span>Franc\u0327ois Renard fouille avec minutie l\u2019extre\u0301mite\u0301 d\u2019un fosse\u0301 du site de la Mangeoie, a\u0300 Saint-Le\u0301ger-de-Montbrillais dans la Vienne. Be\u0301ne\u0301vole, il accompagne re\u0301gulie\u0300rement les e\u0301quipes de Vincent Ard, arche\u0301ologue charge\u0301 de recherche au CNRS et spe\u0301cialiste du ne\u0301olithique. A\u0300 l\u2019occasion de ce chantier, Franc\u0327ois Renard est de retour sur ses terres natales.<\/p>\n<p>Au de\u0301but des anne\u0301es 1980, alors qu\u2019il est encore adolescent, son pe\u0300re fait creuser une petite mare a\u0300 proximite\u0301. Dans les de\u0301blais, il trouve une pointe de fle\u0300che et une hache polie. \u201cPas grand-chose, mais pour un enfant, c\u0327a fait briller les yeux. J\u2019ai commence\u0301 a\u0300 e\u0301largir un peu la prospection et a\u0300 monter sur cette colline juste a\u0300 co\u0302te\u0301. Et la\u0300, je me suis aperc\u0327u qu\u2019il y avait quand me\u0302me beaucoup plus de silex qu\u2019ailleurs&#8230; \u201d Riche ide\u0301e que d\u2019e\u0301tendre ses recherches, car sur la petite butte de la Mangeoie, il y a un peu plus de 5000 ans, se dressait un village. Ici ont ve\u0301cu plusieurs ge\u0301ne\u0301rations d\u2019hommes, de femmes et d\u2019enfants avec leurs troupeaux, prote\u0301ge\u0301s derrie\u0300re de grands fosse\u0301s qui encerclaient leurs habitations.<\/p>\n<p>Aujourd\u2019hui, signe d\u2019une forme de continuite\u0301 entre leur e\u0301poque et la no\u0302tre, ce sont des champs de ble\u0301 et de mai\u0308s qui recouvrent l\u2019ancien habitat de ces populations ne\u0301olithiques, les premiers agriculteurs de l\u2019histoire de l\u2019humanite\u0301. Des anne\u0301es apre\u0300s ses de\u0301couvertes, Franc\u0327ois Renard parle fortuitement du site a\u0300 Vincent Ard, qui conduit des fouilles sur des dolmens non loin de la\u0300. Intrigue\u0301, ce dernier lance une e\u0301tude ge\u0301ophysique qui confirme la pre\u0301sence d\u2019une \u201cenceinte a\u0300 fosse\u0301s interrompus\u201d.<\/p>\n<p>Tout autour de la butte, il y a environ 2 kilome\u0300tres de fosse\u0301s ; seules quelques parties non ouvrage\u0301es permettaient d\u2019entrer dans l\u2019enceinte. Ces fosse\u0301s e\u0301taient double\u0301s de remparts e\u0301rige\u0301s avec la terre de creusement. Un travail colossal surtout qu\u2019au ne\u0301olithique, on ne dispose pas de me\u0301tal. \u201cIl y a un caracte\u0300re de\u0301fensif a\u0300 ces sites-la\u0300, explique Vincent Ard. Il faut imaginer l\u2019investissement pour les construire. Finalement, c\u2019est aussi conside\u0301rable que de construire un dolmen. \u201d De\u0301fensif contre d\u2019autres communaute\u0301s humaines ? Peut-e\u0302tre, puisqu\u2019au ne\u0301olithique, les conflits entre communaute\u0301s semblent s\u2019amplifier. Mais ces fosse\u0301s servaient aussi certainement a\u0300 prote\u0301ger le be\u0301tail et les humains de la faune sauvage.<\/p>\n<p><b>Des fosse\u0301s transforme\u0301s en un de\u0301potoir riche d\u2019artefacts<\/b><\/p>\n<p>Au cours de l\u2019occupation du hameau, environ 3200 ans avant notre e\u0300re, les fosse\u0301s sont devenus une sorte de de\u0301potoir. De\u0300s le de\u0301but de la fouille en 2021, sont de\u0301couvertes de grandes quantite\u0301s d\u2019objets du quotidien: ce\u0301ramique, outils lithiques, de\u0301chets de boucherie&#8230; Ce qui indique un lieu de vie. A\u0300 l\u2019inverse, dans les dolmens on trouve des e\u0301le\u0301ments se\u0301lectionne\u0301s pour accompagner les morts, comme des objets de parure. Apre\u0300s quatre anne\u0301es de fouilles sur diffe\u0301rentes portions de l\u2019enceinte, la quantite\u0301 de vestiges permet a\u0300 Vincent Ard de commencer a\u0300 saisir l\u2019histoire de ce lieu.<\/p>\n<p>\u201cLa communaute\u0301 devait e\u0302tre relativement importante. On peut aussi se demander si ce n\u2019e\u0301tait pas une place de marche\u0301, un lieu ou\u0300 pouvaient venir d\u2019autres communaute\u0301s pour des fe\u0302tes particulie\u0300res, ce qui expliquerait qu\u2019il y a ici davantage d\u2019animaux qui ont e\u0301te\u0301 consomme\u0301s. \u201d Plus largement, ce type de de\u0301couvertes permet de repenser certaines ide\u0301es que l\u2019on pouvait avoir sur le ne\u0301olithique avec la seule e\u0301tude des se\u0301pultures, en particulier que ces socie\u0301te\u0301s accorderaient une tre\u0300s grande importance aux beaux objets et a\u0300 la parure. \u201cEn fait, la richesse premie\u0300re de ces communaute\u0301s, explique Vincent Ard, c\u2019e\u0301tait leurs animaux. Ici, quand on voit la quantite\u0301 de be\u0302tes qui ont e\u0301te\u0301 consomme\u0301es, c\u0327a veut dire que la communaute\u0301 e\u0301tait suffisamment riche pour pouvoir en abattre autant. \u201d<\/p>\n<p>En 2023, l\u2019e\u0301quipe de Vincent Ard met au jour plusieurs ossements d\u2019enfants. Cette de\u0301couverte donne une nouvelle dimension au site car il est assez rare de retrouver des squelettes du ne\u0301olithique sur un site en cours de fouille. En outre, la pre\u0301sence de certains os donne aux chercheurs l\u2019espoir d\u2019e\u0301tudier l\u2019ADN de ces individus. Pour la campagne 2024, Delphine Linard, arche\u0301oanthropologue contractuelle au CNRS, accompagne l\u2019e\u0301quipe.<\/p>\n<p>Elle de\u0301gage de\u0301licatement les petits ossements en notant avec pre\u0301cision leur position dans le fosse\u0301. Une attention particulie\u0300re est porte\u0301e aux parties pe\u0301treuses des os temporaux, une portion d\u2019os qui conserve particulie\u0300rement bien l\u2019ADN ancien. Ils sont sortis de terre me\u0301ticuleusement et contrairement aux autres ossements, ils ne seront pas lave\u0301s ni trop manipule\u0301s pour e\u0301viter de de\u0301grader l\u2019ADN qu\u2019ils pourraient encore contenir. A\u0300 l\u2019issue de la campagne de fouille, quatre individus sont identifie\u0301s: un enfant d\u2019environ 3 ans, un de 5-7 ans, un autre de 8-9 ans et un dernier de\u0301ce\u0301de\u0301 entre 11 et 12 ans. Sur site, les chercheurs commencent a\u0300 e\u0301mettre des hypothe\u0300ses&#8230;<\/p>\n<p>\u201cLes corps ne sont pas complets mais certaines connexions anatomiques ont e\u0301te\u0301 globalement pre\u0301serve\u0301es. Ils ont donc pu e\u0302tre jete\u0301s ou de\u0301pose\u0301s dans ce fosse\u0301 et ensuite ont un peu bouge\u0301, peut-e\u0302tre a\u0300 cause de ruissellements d\u2019eau ou du passage d\u2019animaux \u201c, avance Delphine Linard. On ne peut pas parler de se\u0301pulture, car aucun soin ne semble avoir e\u0301te\u0301 apporte\u0301 au de\u0301po\u0302t des de\u0301funts. \u201cIci, on a des corps qui sont jete\u0301s dans les fosse\u0301s comme des contenus de poubelles, de\u0301crit Vincent Ard. C\u2019est assez e\u0301tonnant pour nous, mais il faut imaginer qu\u2019on n\u2019e\u0301tait pas du tout dans les me\u0302mes relations a\u0300 la mort. \u201d Ces corps d\u2019enfants retrouve\u0301s dans les fosse\u0301s contrastent avec les se\u0301pultures grandioses que sont les dolmens.<\/p>\n<p>A\u0300 quelques kilome\u0300tres de la Mangeoie se dresse le dolmen monumental de Chantebrault IV. La diffe\u0301rence de traitement entre les personnes enterre\u0301es dans un dolmen et ceux jete\u0301s dans les fosse\u0301s est criante, mais comment l\u2019expliquer ? Une partie de la re\u0301ponse se trouve peut-e\u0302tre dans leur patrimoine ge\u0301ne\u0301tique. Ces dernie\u0300res anne\u0301es, les recherches sur l\u2019ADN ancien se sont multiplie\u0301es et apportent des re\u0301ponses a\u0300 certaines questions laisse\u0301es en suspens par l\u2019arche\u0301ologie et l\u2019anthropologie. Vincent Ard et son e\u0301quipe travaillent main dans la main avec les chercheurs du laboratoire Pacea a\u0300 Bordeaux.<\/p>\n<p>Me\u0301lanie Pruvost, pale\u0301oge\u0301ne\u0301ticienne et chercheuse CNRS, coordonne le projet Link, un programme d\u2019e\u0301tude de l\u2019e\u0301volution et de l\u2019organisation sociale des communaute\u0301s du ne\u0301olithique et de l\u2019a\u0302ge du bronze dans le sud et l\u2019ouest de la France. Dans le cadre de ce projet, l\u2019ADN de sept individus retrouve\u0301s dans le dolmen de Chantebrault IV est en cours d\u2019e\u0301tude. \u201cEn analysant l\u2019ADN, on voit qu\u2019ils sont tous du ne\u0301olithique. Et ce qui est inte\u0301ressant, c\u2019est que bien qu\u2019on n\u2019ait analyse\u0301 que quelques individus pour l\u2019instant, on a de\u0301ja\u0300 un lien de parente\u0301 de type pe\u0300re-fils \u201c, de\u0301taille la chercheuse. Un lien que l\u2019on a de\u0301ja\u0300 trouve\u0301 dans d\u2019autres dolmens. \u201cDans les dolmens et sur les sites ne\u0301olithiques en ge\u0301ne\u0301ral, on retrouve un syste\u0300me de patrilocalite\u0301, c\u2019est-a\u0300-dire que les hommes restent sur place, explique la chercheuse. Et quand il y a des femmes, ce sont les e\u0301pouses de ces individus \u2013 on le voit parce qu\u2019il y a des descendants \u2013 et en ge\u0301ne\u0301ral, elles viennent d\u2019ailleurs. \u201d<\/p>\n<p><b>Les pre\u0301mices d\u2019une hie\u0301rarchisation sociale<\/b><\/p>\n<p>Au de\u0301but du me\u0301galithisme sur la fac\u0327ade Atlantique, entre 4500 et 4000 ans avant notre e\u0300re, des individus d\u2019une me\u0302me famille ont souvent e\u0301te\u0301 de\u0301pose\u0301s dans des dolmens sur plusieurs ge\u0301ne\u0301rations. On a donc des familles dominantes, me\u0302me si on ne sait pas encore pourquoi: pouvoir politique, religieux, e\u0301conomique ou tout c\u0327a me\u0301lange\u0301 ? \u201cC\u2019est un vrai changement avec le ne\u0301olithique. C\u2019est le de\u0301but d\u2019une forme de hie\u0301rarchisation sociale. Il y a des pauvres et il y a des riches, c\u2019est quelque chose que l\u2019on perc\u0327oit avec les tombes \u201c, explique Vincent Ard.<\/p>\n<p>Au laboratoire Pacea a\u0300 Bordeaux, Ana Arzelier, post-doctorante en anthropologie biologique, s\u2019appre\u0302te a\u0300 forer la partie pe\u0301treuse d\u2019un os temporal vieux de plus de 5000 ans. E\u0301quipe\u0301e de gants, masque et charlotte, elle effectue ce pre\u0301le\u0300vement en conditions ste\u0301riles afin de limiter les contaminations. Pour retrouver la poudre d\u2019os blanche qui contient l\u2019ADN ancien, il faut percer assez profonde\u0301ment dans cet os dense. Il a e\u0301te\u0301 retrouve\u0301 sur un site ne\u0301olithique non loin de Be\u0301ziers, dans l\u2019He\u0301rault.<\/p>\n<p>Comme celui des enfants de la Mangeoie, le patrimoine ge\u0301ne\u0301tique de cet individu sera inte\u0301gre\u0301 au programme Link, pour mieux comprendre les e\u0301changes entre communaute\u0301s au ne\u0301olithique et a\u0300 l\u2019a\u0302ge du bronze. Car si l\u2019e\u0301tude de l\u2019ADN ancien permet de mieux connai\u0302tre le mode de vie des populations d\u2019autrefois, elle est aussi devenue l\u2019un des principaux outils d\u2019analyse des migrations humaines a\u0300 grande e\u0301chelle et sur le temps long. A\u0300 la Mangeoie, a\u0300 l\u2019extre\u0302me ouest de l\u2019Europe, Vincent Ard estime que le ne\u0301olithique de\u0301bute environ 5000 ans avant notre e\u0300re. Ce nouveau mode de vie, parfois qualifie\u0301 de \u201cre\u0301volution\u201d, voit le de\u0301but de l\u2019agriculture, de l\u2019e\u0301levage et le passage d\u2019Homo sapiens d\u2019un mode de vie de chasseur-cueilleur a\u0300 une vie plus se\u0301dentaire et au de\u0301but d\u2019une e\u0301conomie de production. \u201cCes socie\u0301te\u0301s n\u2019e\u0301taient pas tre\u0300s diffe\u0301rentes des socie\u0301te\u0301s pre\u0301industrielles qu\u2019on avait encore dans nos re\u0301gions il n\u2019y a pas si longtemps&#8230; \u201c, e\u0301voque Vincent Ard.<\/p>\n<p><b>Un changement de population de\u0301cele\u0301 par la pale\u0301oge\u0301ne\u0301tique<\/b><\/p>\n<p>Le ne\u0301olithique de\u0301bute au Proche-Orient et \u201cavance\u201d vers l\u2019ouest de l\u2019Europe sur environ cinq mille\u0301naires. Avec la seule arche\u0301ologie, il est difficile de comprendre comment s\u2019est passe\u0301e cette transmission: transfert de compe\u0301tence ou migrations ? La pale\u0301oge\u0301ne\u0301tique apporte un nouvel e\u0301clairage et permet de re\u0301pondre a\u0300 cette question. En effet, les populations me\u0301solithiques d\u2019Europe de l\u2019Ouest (les chasseurs-cueilleurs pre\u0301ne\u0301olithiques) sont bien distinctes ge\u0301ne\u0301tiquement des populations suivantes. \u201cOn a constate\u0301 que les populations ne\u0301olithiques d\u2019Europe e\u0301taient tre\u0300s, tre\u0300s proches des populations des premiers agriculteurs du Proche-Orient, explique Me\u0301lanie Pruvost. Et c\u2019est comme c\u0327a qu\u2019on a vraiment pu indiquer que c\u2019e\u0301tait un courant de migration qui venait du Proche-Orient, et non pas une diffusion culturelle qui avait apporte\u0301 ce savoir-faire: une agriculture et la domestication jusqu\u2019en Europe. \u201d<\/p>\n<p>De me\u0302me, environ 2500 ans avant notre e\u0300re, une nouvelle population va arriver en Europe de l\u2019Ouest, se me\u0301tisser avec la population locale et laisser son empreinte dans les ge\u0300nes de leurs descendants. \u201cEntre la fin du ne\u0301olithique et le de\u0301but de l\u2019a\u0302ge du bronze, on distingue vraiment un apport au niveau ge\u0301ne\u0301tique de populations qui viennent des steppes avec un remplacement presque complet du chromosome Y, ce qui indique qu\u2019une nouvelle ligne\u0301e paternelle devient majoritaire. \u201d L\u2019impact de ce mouvement n\u2019est pas prononce\u0301 de la me\u0302me fac\u0327on entre le nord et le sud de la France, mais on ne sait pas encore pourquoi.<\/p>\n<p>Me\u0301lanie Pruvost, Vincent Ard et leurs colle\u0300gues vont de\u0301sormais essayer de comprendre ces interactions entre groupes de migrants et populations locales en s\u2019appuyant sur les indices arche\u0301ologiques, anthropologiques et ge\u0301ne\u0301tiques.<\/p>\n<p><b>L\u2019avance\u0301e du ne\u0301olithique vers l\u2019Atlantique<\/b><\/p>\n<p>La pe\u0301riode ne\u0301olithique de\u0301bute au Proche-Orient aux alentours de 10.000 ans avant notre e\u0300re. Dans l\u2019ouest de la France, cette pe\u0301riode commence presque 5 mille\u0301naires plus tard, vers -5000. Gra\u0302ce a\u0300 l\u2019e\u0301tude des ce\u0301ramiques, les arche\u0301ologues ont de\u0301termine\u0301 que cette re\u0301volution se diffuse par deux courants. En effet, les techniques et de\u0301cors se copient et permettent de tracer des routes de diffusion de cette e\u0301conomie ne\u0301olithique.<\/p>\n<p>Le courant me\u0301diterrane\u0301en ou \u201ccardial\u201d (appele\u0301 ainsi car les poteries sont de\u0301core\u0301es avec un coquillage, le \u201ccardium\u201d) passe par la Me\u0301diterrane\u0301e et arrive dans le sud-est de la France vers -6200, avant de continuer vers l\u2019Atlantique. Le courant danubien ou \u201crubane\u0301\u201d (a\u0300 cause des de\u0301cors en ruban des ce\u0301ramiques) suit le Danube et arrive par le Bassin parisien. Les populations ne\u0301olithiques proche-orientales se de\u0301placent au cours des sie\u0300cles le long de ces routes. Elles s\u2019arre\u0302tent, repartent et rencontrent les populations de chasseurs-cueilleurs me\u0301solithiques (ante\u0301rieures au ne\u0301olithique) avec lesquelles elles se me\u0301tissent, me\u0302lant ainsi les patrimoines ge\u0301ne\u0301tiques.<\/p>\n<p><strong>Pour plus d&rsquo;informations et d&rsquo;analyses sur la <span style=\"color: #ff6600\">Senegal<\/span>, suivez <span style=\"color: #ff6600\">Africa-Press<\/span><\/strong><\/p>\n","protected":false},"excerpt":{"rendered":"<p>Africa-Press &#8211; Senegal. Franc\u0327ois Renard fouille avec minutie l\u2019extre\u0301mite\u0301 d\u2019un fosse\u0301 du site de la Mangeoie, a\u0300 Saint-Le\u0301ger-de-Montbrillais dans la Vienne. Be\u0301ne\u0301vole, il accompagne re\u0301gulie\u0300rement les e\u0301quipes de Vincent Ard, arche\u0301ologue charge\u0301 de recherche au CNRS et spe\u0301cialiste du ne\u0301olithique. A\u0300 l\u2019occasion de ce chantier, Franc\u0327ois Renard est de retour sur ses terres natales. Au [&hellip;]<\/p>\n","protected":false},"author":82,"featured_media":64448,"comment_status":"open","ping_status":"closed","sticky":false,"template":"","format":"standard","meta":{"footnotes":""},"categories":[22,10],"tags":[44],"class_list":["post-64449","post","type-post","status-publish","format-standard","has-post-thumbnail","hentry","category-divers","category-toutes-les-actualites","tag-senegal-2"],"yoast_head":"<!-- This site is optimized with the Yoast SEO Premium plugin v26.1 (Yoast SEO v27.0) - https:\/\/yoast.com\/product\/yoast-seo-premium-wordpress\/ -->\n<title>La Mangeoie r\u00e9v\u00e8le ses tr\u00e9sors n\u00e9olithiques - Senegal<\/title>\n<meta name=\"description\" content=\"Franc\u0327ois Renard fouille avec minutie l\u2019extre\u0301mite\u0301 d\u2019un fosse\u0301 du site de la Mangeoie, a\u0300 Saint-Le\u0301ger-de-Montbrillais ...\" \/>\n<meta name=\"robots\" content=\"index, follow, max-snippet:-1, max-image-preview:large, max-video-preview:-1\" \/>\n<link rel=\"canonical\" href=\"https:\/\/www.africa-press.net\/senegal\/toutes-les-actualites\/la-mangeoie-revele-ses-tresors-neolithiques\" \/>\n<meta property=\"og:locale\" content=\"fr_FR\" \/>\n<meta property=\"og:type\" content=\"article\" \/>\n<meta property=\"og:title\" content=\"La Mangeoie r\u00e9v\u00e8le ses tr\u00e9sors n\u00e9olithiques\" \/>\n<meta property=\"og:description\" content=\"Franc\u0327ois Renard fouille avec minutie l\u2019extre\u0301mite\u0301 d\u2019un fosse\u0301 du site de la Mangeoie, a\u0300 Saint-Le\u0301ger-de-Montbrillais ...\" \/>\n<meta property=\"og:url\" content=\"https:\/\/www.africa-press.net\/senegal\/toutes-les-actualites\/la-mangeoie-revele-ses-tresors-neolithiques\" \/>\n<meta property=\"og:site_name\" content=\"Senegal\" \/>\n<meta property=\"article:published_time\" content=\"2024-12-31T12:00:00+00:00\" \/>\n<meta property=\"article:modified_time\" content=\"2025-01-02T02:34:16+00:00\" \/>\n<meta property=\"og:image\" content=\"https:\/\/static.africa-press.net\/senegal\/sites\/13\/2025\/01\/sm_1735737082.749429.jpg\" \/>\n\t<meta property=\"og:image:width\" content=\"1280\" \/>\n\t<meta property=\"og:image:height\" content=\"720\" \/>\n\t<meta property=\"og:image:type\" content=\"image\/jpeg\" \/>\n<meta name=\"author\" content=\"cfeditorfr\" \/>\n<meta name=\"twitter:card\" content=\"summary_large_image\" \/>\n<meta name=\"twitter:label1\" content=\"\u00c9crit par\" \/>\n\t<meta name=\"twitter:data1\" content=\"cfeditorfr\" \/>\n\t<meta name=\"twitter:label2\" content=\"Dur\u00e9e de lecture estim\u00e9e\" \/>\n\t<meta name=\"twitter:data2\" content=\"12 minutes\" \/>\n<script type=\"application\/ld+json\" class=\"yoast-schema-graph\">{\"@context\":\"https:\/\/schema.org\",\"@graph\":[{\"@type\":\"Article\",\"@id\":\"https:\/\/www.africa-press.net\/senegal\/toutes-les-actualites\/la-mangeoie-revele-ses-tresors-neolithiques#article\",\"isPartOf\":{\"@id\":\"https:\/\/www.africa-press.net\/senegal\/toutes-les-actualites\/la-mangeoie-revele-ses-tresors-neolithiques\"},\"author\":{\"name\":\"cfeditorfr\",\"@id\":\"https:\/\/www.africa-press.net\/senegal\/#\/schema\/person\/2b1cf3cd81a31e3cd26889ca66d677f1\"},\"headline\":\"La Mangeoie r\u00e9v\u00e8le ses tr\u00e9sors n\u00e9olithiques\",\"datePublished\":\"2024-12-31T12:00:00+00:00\",\"dateModified\":\"2025-01-02T02:34:16+00:00\",\"mainEntityOfPage\":{\"@id\":\"https:\/\/www.africa-press.net\/senegal\/toutes-les-actualites\/la-mangeoie-revele-ses-tresors-neolithiques\"},\"wordCount\":2355,\"commentCount\":0,\"image\":{\"@id\":\"https:\/\/www.africa-press.net\/senegal\/toutes-les-actualites\/la-mangeoie-revele-ses-tresors-neolithiques#primaryimage\"},\"thumbnailUrl\":\"https:\/\/static.africa-press.net\/senegal\/sites\/13\/2025\/01\/sm_1735737082.749429.jpg\",\"keywords\":[\"Senegal\"],\"articleSection\":[\"Divers\",\"Toutes les actualit\u00e9s\"],\"inLanguage\":\"fr-FR\",\"potentialAction\":[{\"@type\":\"CommentAction\",\"name\":\"Comment\",\"target\":[\"https:\/\/www.africa-press.net\/senegal\/toutes-les-actualites\/la-mangeoie-revele-ses-tresors-neolithiques#respond\"]}]},{\"@type\":\"WebPage\",\"@id\":\"https:\/\/www.africa-press.net\/senegal\/toutes-les-actualites\/la-mangeoie-revele-ses-tresors-neolithiques\",\"url\":\"https:\/\/www.africa-press.net\/senegal\/toutes-les-actualites\/la-mangeoie-revele-ses-tresors-neolithiques\",\"name\":\"La Mangeoie r\u00e9v\u00e8le ses tr\u00e9sors n\u00e9olithiques - Senegal\",\"isPartOf\":{\"@id\":\"https:\/\/www.africa-press.net\/senegal\/#website\"},\"primaryImageOfPage\":{\"@id\":\"https:\/\/www.africa-press.net\/senegal\/toutes-les-actualites\/la-mangeoie-revele-ses-tresors-neolithiques#primaryimage\"},\"image\":{\"@id\":\"https:\/\/www.africa-press.net\/senegal\/toutes-les-actualites\/la-mangeoie-revele-ses-tresors-neolithiques#primaryimage\"},\"thumbnailUrl\":\"https:\/\/static.africa-press.net\/senegal\/sites\/13\/2025\/01\/sm_1735737082.749429.jpg\",\"datePublished\":\"2024-12-31T12:00:00+00:00\",\"dateModified\":\"2025-01-02T02:34:16+00:00\",\"author\":{\"@id\":\"https:\/\/www.africa-press.net\/senegal\/#\/schema\/person\/2b1cf3cd81a31e3cd26889ca66d677f1\"},\"description\":\"Franc\u0327ois Renard fouille avec minutie l\u2019extre\u0301mite\u0301 d\u2019un fosse\u0301 du site de la Mangeoie, a\u0300 Saint-Le\u0301ger-de-Montbrillais ...\",\"breadcrumb\":{\"@id\":\"https:\/\/www.africa-press.net\/senegal\/toutes-les-actualites\/la-mangeoie-revele-ses-tresors-neolithiques#breadcrumb\"},\"inLanguage\":\"fr-FR\",\"potentialAction\":[{\"@type\":\"ReadAction\",\"target\":[\"https:\/\/www.africa-press.net\/senegal\/toutes-les-actualites\/la-mangeoie-revele-ses-tresors-neolithiques\"]}]},{\"@type\":\"ImageObject\",\"inLanguage\":\"fr-FR\",\"@id\":\"https:\/\/www.africa-press.net\/senegal\/toutes-les-actualites\/la-mangeoie-revele-ses-tresors-neolithiques#primaryimage\",\"url\":\"https:\/\/static.africa-press.net\/senegal\/sites\/13\/2025\/01\/sm_1735737082.749429.jpg\",\"contentUrl\":\"https:\/\/static.africa-press.net\/senegal\/sites\/13\/2025\/01\/sm_1735737082.749429.jpg\",\"width\":1280,\"height\":720,\"caption\":\"La Mangeoie r\u00e9v\u00e8le ses tr\u00e9sors n\u00e9olithiques\"},{\"@type\":\"BreadcrumbList\",\"@id\":\"https:\/\/www.africa-press.net\/senegal\/toutes-les-actualites\/la-mangeoie-revele-ses-tresors-neolithiques#breadcrumb\",\"itemListElement\":[{\"@type\":\"ListItem\",\"position\":1,\"name\":\"Accueil\",\"item\":\"https:\/\/www.africa-press.net\/senegal\/\"},{\"@type\":\"ListItem\",\"position\":2,\"name\":\"La Mangeoie r\u00e9v\u00e8le ses tr\u00e9sors n\u00e9olithiques\"}]},{\"@type\":\"WebSite\",\"@id\":\"https:\/\/www.africa-press.net\/senegal\/#website\",\"url\":\"https:\/\/www.africa-press.net\/senegal\/\",\"name\":\"Africa Press | Senegal | Homepage\",\"description\":\"Just another Africa News Agency Sites site\",\"potentialAction\":[{\"@type\":\"SearchAction\",\"target\":{\"@type\":\"EntryPoint\",\"urlTemplate\":\"https:\/\/www.africa-press.net\/senegal\/?s={search_term_string}\"},\"query-input\":{\"@type\":\"PropertyValueSpecification\",\"valueRequired\":true,\"valueName\":\"search_term_string\"}}],\"inLanguage\":\"fr-FR\"},{\"@type\":\"Person\",\"@id\":\"https:\/\/www.africa-press.net\/senegal\/#\/schema\/person\/2b1cf3cd81a31e3cd26889ca66d677f1\",\"name\":\"cfeditorfr\",\"url\":\"https:\/\/www.africa-press.net\/senegal\/author\/cfeditorfr\"}]}<\/script>\n<!-- \/ Yoast SEO Premium plugin. -->","yoast_head_json":{"title":"La Mangeoie r\u00e9v\u00e8le ses tr\u00e9sors n\u00e9olithiques - Senegal","description":"Franc\u0327ois Renard fouille avec minutie l\u2019extre\u0301mite\u0301 d\u2019un fosse\u0301 du site de la Mangeoie, a\u0300 Saint-Le\u0301ger-de-Montbrillais ...","robots":{"index":"index","follow":"follow","max-snippet":"max-snippet:-1","max-image-preview":"max-image-preview:large","max-video-preview":"max-video-preview:-1"},"canonical":"https:\/\/www.africa-press.net\/senegal\/toutes-les-actualites\/la-mangeoie-revele-ses-tresors-neolithiques","og_locale":"fr_FR","og_type":"article","og_title":"La Mangeoie r\u00e9v\u00e8le ses tr\u00e9sors n\u00e9olithiques","og_description":"Franc\u0327ois Renard fouille avec minutie l\u2019extre\u0301mite\u0301 d\u2019un fosse\u0301 du site de la Mangeoie, a\u0300 Saint-Le\u0301ger-de-Montbrillais ...","og_url":"https:\/\/www.africa-press.net\/senegal\/toutes-les-actualites\/la-mangeoie-revele-ses-tresors-neolithiques","og_site_name":"Senegal","article_published_time":"2024-12-31T12:00:00+00:00","article_modified_time":"2025-01-02T02:34:16+00:00","og_image":[{"width":1280,"height":720,"url":"https:\/\/static.africa-press.net\/senegal\/sites\/13\/2025\/01\/sm_1735737082.749429.jpg","type":"image\/jpeg"}],"author":"cfeditorfr","twitter_card":"summary_large_image","twitter_misc":{"\u00c9crit par":"cfeditorfr","Dur\u00e9e de lecture estim\u00e9e":"12 minutes"},"schema":{"@context":"https:\/\/schema.org","@graph":[{"@type":"Article","@id":"https:\/\/www.africa-press.net\/senegal\/toutes-les-actualites\/la-mangeoie-revele-ses-tresors-neolithiques#article","isPartOf":{"@id":"https:\/\/www.africa-press.net\/senegal\/toutes-les-actualites\/la-mangeoie-revele-ses-tresors-neolithiques"},"author":{"name":"cfeditorfr","@id":"https:\/\/www.africa-press.net\/senegal\/#\/schema\/person\/2b1cf3cd81a31e3cd26889ca66d677f1"},"headline":"La Mangeoie r\u00e9v\u00e8le ses tr\u00e9sors n\u00e9olithiques","datePublished":"2024-12-31T12:00:00+00:00","dateModified":"2025-01-02T02:34:16+00:00","mainEntityOfPage":{"@id":"https:\/\/www.africa-press.net\/senegal\/toutes-les-actualites\/la-mangeoie-revele-ses-tresors-neolithiques"},"wordCount":2355,"commentCount":0,"image":{"@id":"https:\/\/www.africa-press.net\/senegal\/toutes-les-actualites\/la-mangeoie-revele-ses-tresors-neolithiques#primaryimage"},"thumbnailUrl":"https:\/\/static.africa-press.net\/senegal\/sites\/13\/2025\/01\/sm_1735737082.749429.jpg","keywords":["Senegal"],"articleSection":["Divers","Toutes les actualit\u00e9s"],"inLanguage":"fr-FR","potentialAction":[{"@type":"CommentAction","name":"Comment","target":["https:\/\/www.africa-press.net\/senegal\/toutes-les-actualites\/la-mangeoie-revele-ses-tresors-neolithiques#respond"]}]},{"@type":"WebPage","@id":"https:\/\/www.africa-press.net\/senegal\/toutes-les-actualites\/la-mangeoie-revele-ses-tresors-neolithiques","url":"https:\/\/www.africa-press.net\/senegal\/toutes-les-actualites\/la-mangeoie-revele-ses-tresors-neolithiques","name":"La Mangeoie r\u00e9v\u00e8le ses tr\u00e9sors n\u00e9olithiques - Senegal","isPartOf":{"@id":"https:\/\/www.africa-press.net\/senegal\/#website"},"primaryImageOfPage":{"@id":"https:\/\/www.africa-press.net\/senegal\/toutes-les-actualites\/la-mangeoie-revele-ses-tresors-neolithiques#primaryimage"},"image":{"@id":"https:\/\/www.africa-press.net\/senegal\/toutes-les-actualites\/la-mangeoie-revele-ses-tresors-neolithiques#primaryimage"},"thumbnailUrl":"https:\/\/static.africa-press.net\/senegal\/sites\/13\/2025\/01\/sm_1735737082.749429.jpg","datePublished":"2024-12-31T12:00:00+00:00","dateModified":"2025-01-02T02:34:16+00:00","author":{"@id":"https:\/\/www.africa-press.net\/senegal\/#\/schema\/person\/2b1cf3cd81a31e3cd26889ca66d677f1"},"description":"Franc\u0327ois Renard fouille avec minutie l\u2019extre\u0301mite\u0301 d\u2019un fosse\u0301 du site de la Mangeoie, a\u0300 Saint-Le\u0301ger-de-Montbrillais ...","breadcrumb":{"@id":"https:\/\/www.africa-press.net\/senegal\/toutes-les-actualites\/la-mangeoie-revele-ses-tresors-neolithiques#breadcrumb"},"inLanguage":"fr-FR","potentialAction":[{"@type":"ReadAction","target":["https:\/\/www.africa-press.net\/senegal\/toutes-les-actualites\/la-mangeoie-revele-ses-tresors-neolithiques"]}]},{"@type":"ImageObject","inLanguage":"fr-FR","@id":"https:\/\/www.africa-press.net\/senegal\/toutes-les-actualites\/la-mangeoie-revele-ses-tresors-neolithiques#primaryimage","url":"https:\/\/static.africa-press.net\/senegal\/sites\/13\/2025\/01\/sm_1735737082.749429.jpg","contentUrl":"https:\/\/static.africa-press.net\/senegal\/sites\/13\/2025\/01\/sm_1735737082.749429.jpg","width":1280,"height":720,"caption":"La Mangeoie r\u00e9v\u00e8le ses tr\u00e9sors n\u00e9olithiques"},{"@type":"BreadcrumbList","@id":"https:\/\/www.africa-press.net\/senegal\/toutes-les-actualites\/la-mangeoie-revele-ses-tresors-neolithiques#breadcrumb","itemListElement":[{"@type":"ListItem","position":1,"name":"Accueil","item":"https:\/\/www.africa-press.net\/senegal\/"},{"@type":"ListItem","position":2,"name":"La Mangeoie r\u00e9v\u00e8le ses tr\u00e9sors n\u00e9olithiques"}]},{"@type":"WebSite","@id":"https:\/\/www.africa-press.net\/senegal\/#website","url":"https:\/\/www.africa-press.net\/senegal\/","name":"Africa Press | Senegal | Homepage","description":"Just another Africa News Agency Sites site","potentialAction":[{"@type":"SearchAction","target":{"@type":"EntryPoint","urlTemplate":"https:\/\/www.africa-press.net\/senegal\/?s={search_term_string}"},"query-input":{"@type":"PropertyValueSpecification","valueRequired":true,"valueName":"search_term_string"}}],"inLanguage":"fr-FR"},{"@type":"Person","@id":"https:\/\/www.africa-press.net\/senegal\/#\/schema\/person\/2b1cf3cd81a31e3cd26889ca66d677f1","name":"cfeditorfr","url":"https:\/\/www.africa-press.net\/senegal\/author\/cfeditorfr"}]}},"_links":{"self":[{"href":"https:\/\/www.africa-press.net\/senegal\/wp-json\/wp\/v2\/posts\/64449","targetHints":{"allow":["GET"]}}],"collection":[{"href":"https:\/\/www.africa-press.net\/senegal\/wp-json\/wp\/v2\/posts"}],"about":[{"href":"https:\/\/www.africa-press.net\/senegal\/wp-json\/wp\/v2\/types\/post"}],"author":[{"embeddable":true,"href":"https:\/\/www.africa-press.net\/senegal\/wp-json\/wp\/v2\/users\/82"}],"replies":[{"embeddable":true,"href":"https:\/\/www.africa-press.net\/senegal\/wp-json\/wp\/v2\/comments?post=64449"}],"version-history":[{"count":0,"href":"https:\/\/www.africa-press.net\/senegal\/wp-json\/wp\/v2\/posts\/64449\/revisions"}],"wp:featuredmedia":[{"embeddable":true,"href":"https:\/\/www.africa-press.net\/senegal\/wp-json\/wp\/v2\/media\/64448"}],"wp:attachment":[{"href":"https:\/\/www.africa-press.net\/senegal\/wp-json\/wp\/v2\/media?parent=64449"}],"wp:term":[{"taxonomy":"category","embeddable":true,"href":"https:\/\/www.africa-press.net\/senegal\/wp-json\/wp\/v2\/categories?post=64449"},{"taxonomy":"post_tag","embeddable":true,"href":"https:\/\/www.africa-press.net\/senegal\/wp-json\/wp\/v2\/tags?post=64449"}],"curies":[{"name":"wp","href":"https:\/\/api.w.org\/{rel}","templated":true}]}}