{"id":64472,"date":"2025-01-02T12:00:00","date_gmt":"2025-01-02T12:00:00","guid":{"rendered":"https:\/\/www.africa-press.net\/senegal\/politique\/le-flou-regne-sur-lavenir-du-cannabis-medical-en-france"},"modified":"2025-01-03T01:47:07","modified_gmt":"2025-01-03T01:47:07","slug":"le-flou-regne-sur-lavenir-du-cannabis-medical-en-france","status":"publish","type":"post","link":"https:\/\/www.africa-press.net\/senegal\/toutes-les-actualites\/le-flou-regne-sur-lavenir-du-cannabis-medical-en-france","title":{"rendered":"Le flou r\u00e8gne sur l\u2019avenir du cannabis m\u00e9dical en France"},"content":{"rendered":"<p><span style=\"color: #ff6600\"><strong>Africa-Press &#8211; Senegal. <\/strong><\/span>L\u2019expe\u0301rimentation de l\u2019usage me\u0301dical du cannabis, lance\u0301e en mars 2021, prendra fin le 31 de\u0301cembre 2024\u201d, avait confirme\u0301 fin de\u0301cembre a\u0300 l\u2019AFP l\u2019Agence nationale de se\u0301curite\u0301 du me\u0301dicament (ANSM). Cette expe\u0301rience, mene\u0301e aupre\u0300s de quelques milliers de patients, devait permettre de de\u0301cider si l\u2019utilisation du cannabis a\u0300 des fins the\u0301rapeutiques pouvait devenir re\u0301alite\u0301 en France.<\/p>\n<p>S\u2019il n\u2019est autorise\u0301 a\u0300 des fins re\u0301cre\u0301atives que dans quelques pays comme l\u2019Allemagne, le cannabis sert en revanche de traitement, principalement contre la douleur et l\u2019anxie\u0301te\u0301, dans la majorite\u0301 de l\u2019Union europe\u0301enne (UE), ainsi que dans plusieurs Etats ame\u0301ricains. Ce n\u2019est pas le cas en France, mais c\u2019e\u0301tait parti pour le devenir. Apre\u0300s plusieurs anne\u0301es d\u2019expe\u0301rimentation, l\u2019ANSM, qui chapeautait celle-ci, avait annonce\u0301 en fe\u0301vrier dernier que les premiers traitements a\u0300 base de cannabis seraient disponibles en 2025.<\/p>\n<p><b>\u201cUne pe\u0301riode de transition\u201d de six mois<\/b><\/p>\n<p>Depuis, rien. Le sujet est particulie\u0300rement pre\u0301occupant pour les quelque 1.800 patients encore traite\u0301s dans le cadre de l\u2019expe\u0301rimentation. Ils sont confronte\u0301s a\u0300 la perspective d\u2019un arre\u0302t brusque de celle-ci, sans pouvoir enchai\u0302ner avec un me\u0301dicament autorise\u0301 par la loi. Certes, le ministe\u0300re de la Sante\u0301 vient de leur donner un sursis: \u201cune pe\u0301riode de transition\u201d de six mois a\u0300 partir du mercredi 1er janvier, a rapporte\u0301 l\u2019ANSM. Mais il s\u2019agit explicitement de faciliter un \u201carre\u0302t de la prise en charge\u201d, autrement dit de permettre a\u0300 ces patients de passer a\u0300 d\u2019autres traitements.<\/p>\n<p>\u201cDans les prochaines semaines, je re\u0301unirai les acteurs concerne\u0301s pour leur donner une visibilite\u0301 durable sur le sujet\u201d, a promis mardi soir le ministre de la Sante\u0301 Yannick Neuder, dans un communique\u0301. Pour l\u2019heure, le flou reste complet quant au devenir du cannabis me\u0301dical en France, me\u0302me si, sur le plan me\u0301dical, l\u2019enjeu n\u2019est pas force\u0301ment crucial.<\/p>\n<p><b>Un manque de transparence<\/b><\/p>\n<p>L\u2019inte\u0301re\u0302t du cannabis me\u0301dical ne fait en effet pas consensus. En France, l\u2019Acade\u0301mie de me\u0301decine, certes pluto\u0302t conservatrice dans ses positions, se montre sceptique. La recherche, elle, est mitige\u0301e. La principale e\u0301tude de re\u0301fe\u0301rence, publie\u0301e en 2021 dans le British Medical Journal (BMJ) et re\u0301alise\u0301e a\u0300 partir de nombreux autres travaux, concluait que le cannabis me\u0301dical permet d\u2019ame\u0301liorer de fac\u0327on \u201climite\u0301e\u201d ou \u201ctre\u0300s limite\u0301e\u201d la situation des patients.<\/p>\n<p>La proble\u0301matique se situe d\u2019abord sur le terrain de la transparence de\u0301mocratique: l\u2019expe\u0301rimentation franc\u0327aise apparaissait comme un succe\u0300s aux termes qui lui avaient e\u0301te\u0301 fixe\u0301es. Et les parlementaires ont bien approuve\u0301 l\u2019introduction de traitements a\u0300 base de cannabis. Pourquoi ces dispositions n\u2019ont-elles jamais e\u0301te\u0301 concre\u0301tise\u0301es par l\u2019Etat ? En 2024, aucune explication n\u2019a e\u0301te\u0301 fournie par le ministe\u0300re de la Sante\u0301, dans un contexte certes marque\u0301 par une forte instabilite\u0301 politique avec quatre gouvernements en un an.<\/p>\n<p>Certains acteurs se refusent ne\u0301anmoins a\u0300 y voir la seule explication de ce blocage, rappelant que l\u2019expe\u0301rimentation n\u2019a cesse\u0301 de connai\u0302tre reports et contretemps au fil des ans. \u201cL\u2019instabilite\u0301 politique n\u2019a probablement pas aide\u0301 a\u0300 l\u2019avance\u0301e de ce dossier mais il faut aussi dire que les derniers gouvernements semblaient de moins en moins favorables (&#8230;) a\u0300 concre\u0301tiser l\u2019acce\u0300s a\u0300 ces me\u0301dicaments\u201d, juge aupre\u0300s de l\u2019AFP le professeur Nicolas Authier, qui supervise l\u2019expe\u0301rimentation sur le plan scientifique.<\/p>\n<p>Y a-t-il une chance de voir finalement apparai\u0302tre de tels traitements ? Selon M. Authier, un tel choix ne peut e\u0302tre que \u201cpolitique\u201d et supposerait ensuite au moins six mois de de\u0301marches administratives pour devenir concret. La de\u0301cision est donc largement entre les mains du ministre de la Sante\u0301, Yannick Neuder. Issu de la droite et nomme\u0301 en de\u0301cembre dans le gouvernement Bayrou, il a de\u0301fendu par le passe\u0301 le cannabis me\u0301dical, tout en se montrant intransigeant contre une de\u0301pe\u0301nalisation de son usage re\u0301cre\u0301atif.<\/p>\n<p><strong>Pour plus d&rsquo;informations et d&rsquo;analyses sur la <span style=\"color: #ff6600\">Senegal<\/span>, suivez <span style=\"color: #ff6600\">Africa-Press<\/span><\/strong><\/p>\n","protected":false},"excerpt":{"rendered":"<p>Africa-Press &#8211; Senegal. L\u2019expe\u0301rimentation de l\u2019usage me\u0301dical du cannabis, lance\u0301e en mars 2021, prendra fin le 31 de\u0301cembre 2024\u201d, avait confirme\u0301 fin de\u0301cembre a\u0300 l\u2019AFP l\u2019Agence nationale de se\u0301curite\u0301 du me\u0301dicament (ANSM). Cette expe\u0301rience, mene\u0301e aupre\u0300s de quelques milliers de patients, devait permettre de de\u0301cider si l\u2019utilisation du cannabis a\u0300 des fins the\u0301rapeutiques pouvait devenir [&hellip;]<\/p>\n","protected":false},"author":82,"featured_media":64471,"comment_status":"open","ping_status":"closed","sticky":false,"template":"","format":"standard","meta":{"footnotes":""},"categories":[22,10],"tags":[44],"class_list":["post-64472","post","type-post","status-publish","format-standard","has-post-thumbnail","hentry","category-divers","category-toutes-les-actualites","tag-senegal-2"],"yoast_head":"<!-- This site is optimized with the Yoast SEO Premium plugin v26.1 (Yoast SEO v27.0) - https:\/\/yoast.com\/product\/yoast-seo-premium-wordpress\/ -->\n<title>Le flou r\u00e8gne sur l\u2019avenir du cannabis m\u00e9dical en France - Senegal<\/title>\n<meta name=\"description\" content=\"L\u2019expe\u0301rimentation de l\u2019usage me\u0301dical du cannabis, lance\u0301e en mars 2021, prendra fin le 31 de\u0301cembre 2024\u201d, avait confi ...\" \/>\n<meta name=\"robots\" content=\"index, follow, max-snippet:-1, max-image-preview:large, max-video-preview:-1\" \/>\n<link rel=\"canonical\" href=\"https:\/\/www.africa-press.net\/senegal\/toutes-les-actualites\/le-flou-regne-sur-lavenir-du-cannabis-medical-en-france\" \/>\n<meta property=\"og:locale\" content=\"fr_FR\" \/>\n<meta property=\"og:type\" content=\"article\" \/>\n<meta property=\"og:title\" content=\"Le flou r\u00e8gne sur l\u2019avenir du cannabis m\u00e9dical en France\" \/>\n<meta property=\"og:description\" content=\"L\u2019expe\u0301rimentation de l\u2019usage me\u0301dical du cannabis, lance\u0301e en mars 2021, prendra fin le 31 de\u0301cembre 2024\u201d, avait confi ...\" \/>\n<meta property=\"og:url\" content=\"https:\/\/www.africa-press.net\/senegal\/toutes-les-actualites\/le-flou-regne-sur-lavenir-du-cannabis-medical-en-france\" \/>\n<meta property=\"og:site_name\" content=\"Senegal\" \/>\n<meta property=\"article:published_time\" content=\"2025-01-02T12:00:00+00:00\" \/>\n<meta property=\"article:modified_time\" content=\"2025-01-03T01:47:07+00:00\" \/>\n<meta property=\"og:image\" content=\"https:\/\/static.africa-press.net\/senegal\/sites\/13\/2025\/01\/sm_1735897419.574231.jpg\" \/>\n\t<meta property=\"og:image:width\" content=\"1280\" \/>\n\t<meta property=\"og:image:height\" content=\"720\" \/>\n\t<meta property=\"og:image:type\" content=\"image\/jpeg\" \/>\n<meta name=\"author\" content=\"cfeditorfr\" \/>\n<meta name=\"twitter:card\" content=\"summary_large_image\" \/>\n<meta name=\"twitter:label1\" content=\"\u00c9crit par\" \/>\n\t<meta name=\"twitter:data1\" content=\"cfeditorfr\" \/>\n\t<meta name=\"twitter:label2\" content=\"Dur\u00e9e de lecture estim\u00e9e\" \/>\n\t<meta name=\"twitter:data2\" content=\"4 minutes\" \/>\n<script type=\"application\/ld+json\" class=\"yoast-schema-graph\">{\"@context\":\"https:\/\/schema.org\",\"@graph\":[{\"@type\":\"Article\",\"@id\":\"https:\/\/www.africa-press.net\/senegal\/toutes-les-actualites\/le-flou-regne-sur-lavenir-du-cannabis-medical-en-france#article\",\"isPartOf\":{\"@id\":\"https:\/\/www.africa-press.net\/senegal\/toutes-les-actualites\/le-flou-regne-sur-lavenir-du-cannabis-medical-en-france\"},\"author\":{\"name\":\"cfeditorfr\",\"@id\":\"https:\/\/www.africa-press.net\/senegal\/#\/schema\/person\/2b1cf3cd81a31e3cd26889ca66d677f1\"},\"headline\":\"Le flou r\u00e8gne sur l\u2019avenir du cannabis m\u00e9dical en France\",\"datePublished\":\"2025-01-02T12:00:00+00:00\",\"dateModified\":\"2025-01-03T01:47:07+00:00\",\"mainEntityOfPage\":{\"@id\":\"https:\/\/www.africa-press.net\/senegal\/toutes-les-actualites\/le-flou-regne-sur-lavenir-du-cannabis-medical-en-france\"},\"wordCount\":747,\"commentCount\":0,\"image\":{\"@id\":\"https:\/\/www.africa-press.net\/senegal\/toutes-les-actualites\/le-flou-regne-sur-lavenir-du-cannabis-medical-en-france#primaryimage\"},\"thumbnailUrl\":\"https:\/\/static.africa-press.net\/senegal\/sites\/13\/2025\/01\/sm_1735897419.574231.jpg\",\"keywords\":[\"Senegal\"],\"articleSection\":[\"Divers\",\"Toutes les actualit\u00e9s\"],\"inLanguage\":\"fr-FR\",\"potentialAction\":[{\"@type\":\"CommentAction\",\"name\":\"Comment\",\"target\":[\"https:\/\/www.africa-press.net\/senegal\/toutes-les-actualites\/le-flou-regne-sur-lavenir-du-cannabis-medical-en-france#respond\"]}]},{\"@type\":\"WebPage\",\"@id\":\"https:\/\/www.africa-press.net\/senegal\/toutes-les-actualites\/le-flou-regne-sur-lavenir-du-cannabis-medical-en-france\",\"url\":\"https:\/\/www.africa-press.net\/senegal\/toutes-les-actualites\/le-flou-regne-sur-lavenir-du-cannabis-medical-en-france\",\"name\":\"Le flou r\u00e8gne sur l\u2019avenir du cannabis m\u00e9dical en France - Senegal\",\"isPartOf\":{\"@id\":\"https:\/\/www.africa-press.net\/senegal\/#website\"},\"primaryImageOfPage\":{\"@id\":\"https:\/\/www.africa-press.net\/senegal\/toutes-les-actualites\/le-flou-regne-sur-lavenir-du-cannabis-medical-en-france#primaryimage\"},\"image\":{\"@id\":\"https:\/\/www.africa-press.net\/senegal\/toutes-les-actualites\/le-flou-regne-sur-lavenir-du-cannabis-medical-en-france#primaryimage\"},\"thumbnailUrl\":\"https:\/\/static.africa-press.net\/senegal\/sites\/13\/2025\/01\/sm_1735897419.574231.jpg\",\"datePublished\":\"2025-01-02T12:00:00+00:00\",\"dateModified\":\"2025-01-03T01:47:07+00:00\",\"author\":{\"@id\":\"https:\/\/www.africa-press.net\/senegal\/#\/schema\/person\/2b1cf3cd81a31e3cd26889ca66d677f1\"},\"description\":\"L\u2019expe\u0301rimentation de l\u2019usage me\u0301dical du cannabis, lance\u0301e en mars 2021, prendra fin le 31 de\u0301cembre 2024\u201d, avait confi ...\",\"breadcrumb\":{\"@id\":\"https:\/\/www.africa-press.net\/senegal\/toutes-les-actualites\/le-flou-regne-sur-lavenir-du-cannabis-medical-en-france#breadcrumb\"},\"inLanguage\":\"fr-FR\",\"potentialAction\":[{\"@type\":\"ReadAction\",\"target\":[\"https:\/\/www.africa-press.net\/senegal\/toutes-les-actualites\/le-flou-regne-sur-lavenir-du-cannabis-medical-en-france\"]}]},{\"@type\":\"ImageObject\",\"inLanguage\":\"fr-FR\",\"@id\":\"https:\/\/www.africa-press.net\/senegal\/toutes-les-actualites\/le-flou-regne-sur-lavenir-du-cannabis-medical-en-france#primaryimage\",\"url\":\"https:\/\/static.africa-press.net\/senegal\/sites\/13\/2025\/01\/sm_1735897419.574231.jpg\",\"contentUrl\":\"https:\/\/static.africa-press.net\/senegal\/sites\/13\/2025\/01\/sm_1735897419.574231.jpg\",\"width\":1280,\"height\":720,\"caption\":\"Le flou r\u00e8gne sur l\u2019avenir du cannabis m\u00e9dical en France\"},{\"@type\":\"BreadcrumbList\",\"@id\":\"https:\/\/www.africa-press.net\/senegal\/toutes-les-actualites\/le-flou-regne-sur-lavenir-du-cannabis-medical-en-france#breadcrumb\",\"itemListElement\":[{\"@type\":\"ListItem\",\"position\":1,\"name\":\"Accueil\",\"item\":\"https:\/\/www.africa-press.net\/senegal\/\"},{\"@type\":\"ListItem\",\"position\":2,\"name\":\"Le flou r\u00e8gne sur l\u2019avenir du cannabis m\u00e9dical en France\"}]},{\"@type\":\"WebSite\",\"@id\":\"https:\/\/www.africa-press.net\/senegal\/#website\",\"url\":\"https:\/\/www.africa-press.net\/senegal\/\",\"name\":\"Africa Press | Senegal | Homepage\",\"description\":\"Just another Africa News Agency Sites site\",\"potentialAction\":[{\"@type\":\"SearchAction\",\"target\":{\"@type\":\"EntryPoint\",\"urlTemplate\":\"https:\/\/www.africa-press.net\/senegal\/?s={search_term_string}\"},\"query-input\":{\"@type\":\"PropertyValueSpecification\",\"valueRequired\":true,\"valueName\":\"search_term_string\"}}],\"inLanguage\":\"fr-FR\"},{\"@type\":\"Person\",\"@id\":\"https:\/\/www.africa-press.net\/senegal\/#\/schema\/person\/2b1cf3cd81a31e3cd26889ca66d677f1\",\"name\":\"cfeditorfr\",\"url\":\"https:\/\/www.africa-press.net\/senegal\/author\/cfeditorfr\"}]}<\/script>\n<!-- \/ Yoast SEO Premium plugin. -->","yoast_head_json":{"title":"Le flou r\u00e8gne sur l\u2019avenir du cannabis m\u00e9dical en France - Senegal","description":"L\u2019expe\u0301rimentation de l\u2019usage me\u0301dical du cannabis, lance\u0301e en mars 2021, prendra fin le 31 de\u0301cembre 2024\u201d, avait confi ...","robots":{"index":"index","follow":"follow","max-snippet":"max-snippet:-1","max-image-preview":"max-image-preview:large","max-video-preview":"max-video-preview:-1"},"canonical":"https:\/\/www.africa-press.net\/senegal\/toutes-les-actualites\/le-flou-regne-sur-lavenir-du-cannabis-medical-en-france","og_locale":"fr_FR","og_type":"article","og_title":"Le flou r\u00e8gne sur l\u2019avenir du cannabis m\u00e9dical en France","og_description":"L\u2019expe\u0301rimentation de l\u2019usage me\u0301dical du cannabis, lance\u0301e en mars 2021, prendra fin le 31 de\u0301cembre 2024\u201d, avait confi ...","og_url":"https:\/\/www.africa-press.net\/senegal\/toutes-les-actualites\/le-flou-regne-sur-lavenir-du-cannabis-medical-en-france","og_site_name":"Senegal","article_published_time":"2025-01-02T12:00:00+00:00","article_modified_time":"2025-01-03T01:47:07+00:00","og_image":[{"width":1280,"height":720,"url":"https:\/\/static.africa-press.net\/senegal\/sites\/13\/2025\/01\/sm_1735897419.574231.jpg","type":"image\/jpeg"}],"author":"cfeditorfr","twitter_card":"summary_large_image","twitter_misc":{"\u00c9crit par":"cfeditorfr","Dur\u00e9e de lecture estim\u00e9e":"4 minutes"},"schema":{"@context":"https:\/\/schema.org","@graph":[{"@type":"Article","@id":"https:\/\/www.africa-press.net\/senegal\/toutes-les-actualites\/le-flou-regne-sur-lavenir-du-cannabis-medical-en-france#article","isPartOf":{"@id":"https:\/\/www.africa-press.net\/senegal\/toutes-les-actualites\/le-flou-regne-sur-lavenir-du-cannabis-medical-en-france"},"author":{"name":"cfeditorfr","@id":"https:\/\/www.africa-press.net\/senegal\/#\/schema\/person\/2b1cf3cd81a31e3cd26889ca66d677f1"},"headline":"Le flou r\u00e8gne sur l\u2019avenir du cannabis m\u00e9dical en France","datePublished":"2025-01-02T12:00:00+00:00","dateModified":"2025-01-03T01:47:07+00:00","mainEntityOfPage":{"@id":"https:\/\/www.africa-press.net\/senegal\/toutes-les-actualites\/le-flou-regne-sur-lavenir-du-cannabis-medical-en-france"},"wordCount":747,"commentCount":0,"image":{"@id":"https:\/\/www.africa-press.net\/senegal\/toutes-les-actualites\/le-flou-regne-sur-lavenir-du-cannabis-medical-en-france#primaryimage"},"thumbnailUrl":"https:\/\/static.africa-press.net\/senegal\/sites\/13\/2025\/01\/sm_1735897419.574231.jpg","keywords":["Senegal"],"articleSection":["Divers","Toutes les actualit\u00e9s"],"inLanguage":"fr-FR","potentialAction":[{"@type":"CommentAction","name":"Comment","target":["https:\/\/www.africa-press.net\/senegal\/toutes-les-actualites\/le-flou-regne-sur-lavenir-du-cannabis-medical-en-france#respond"]}]},{"@type":"WebPage","@id":"https:\/\/www.africa-press.net\/senegal\/toutes-les-actualites\/le-flou-regne-sur-lavenir-du-cannabis-medical-en-france","url":"https:\/\/www.africa-press.net\/senegal\/toutes-les-actualites\/le-flou-regne-sur-lavenir-du-cannabis-medical-en-france","name":"Le flou r\u00e8gne sur l\u2019avenir du cannabis m\u00e9dical en France - Senegal","isPartOf":{"@id":"https:\/\/www.africa-press.net\/senegal\/#website"},"primaryImageOfPage":{"@id":"https:\/\/www.africa-press.net\/senegal\/toutes-les-actualites\/le-flou-regne-sur-lavenir-du-cannabis-medical-en-france#primaryimage"},"image":{"@id":"https:\/\/www.africa-press.net\/senegal\/toutes-les-actualites\/le-flou-regne-sur-lavenir-du-cannabis-medical-en-france#primaryimage"},"thumbnailUrl":"https:\/\/static.africa-press.net\/senegal\/sites\/13\/2025\/01\/sm_1735897419.574231.jpg","datePublished":"2025-01-02T12:00:00+00:00","dateModified":"2025-01-03T01:47:07+00:00","author":{"@id":"https:\/\/www.africa-press.net\/senegal\/#\/schema\/person\/2b1cf3cd81a31e3cd26889ca66d677f1"},"description":"L\u2019expe\u0301rimentation de l\u2019usage me\u0301dical du cannabis, lance\u0301e en mars 2021, prendra fin le 31 de\u0301cembre 2024\u201d, avait confi ...","breadcrumb":{"@id":"https:\/\/www.africa-press.net\/senegal\/toutes-les-actualites\/le-flou-regne-sur-lavenir-du-cannabis-medical-en-france#breadcrumb"},"inLanguage":"fr-FR","potentialAction":[{"@type":"ReadAction","target":["https:\/\/www.africa-press.net\/senegal\/toutes-les-actualites\/le-flou-regne-sur-lavenir-du-cannabis-medical-en-france"]}]},{"@type":"ImageObject","inLanguage":"fr-FR","@id":"https:\/\/www.africa-press.net\/senegal\/toutes-les-actualites\/le-flou-regne-sur-lavenir-du-cannabis-medical-en-france#primaryimage","url":"https:\/\/static.africa-press.net\/senegal\/sites\/13\/2025\/01\/sm_1735897419.574231.jpg","contentUrl":"https:\/\/static.africa-press.net\/senegal\/sites\/13\/2025\/01\/sm_1735897419.574231.jpg","width":1280,"height":720,"caption":"Le flou r\u00e8gne sur l\u2019avenir du cannabis m\u00e9dical en France"},{"@type":"BreadcrumbList","@id":"https:\/\/www.africa-press.net\/senegal\/toutes-les-actualites\/le-flou-regne-sur-lavenir-du-cannabis-medical-en-france#breadcrumb","itemListElement":[{"@type":"ListItem","position":1,"name":"Accueil","item":"https:\/\/www.africa-press.net\/senegal\/"},{"@type":"ListItem","position":2,"name":"Le flou r\u00e8gne sur l\u2019avenir du cannabis m\u00e9dical en France"}]},{"@type":"WebSite","@id":"https:\/\/www.africa-press.net\/senegal\/#website","url":"https:\/\/www.africa-press.net\/senegal\/","name":"Africa Press | Senegal | Homepage","description":"Just another Africa News Agency Sites site","potentialAction":[{"@type":"SearchAction","target":{"@type":"EntryPoint","urlTemplate":"https:\/\/www.africa-press.net\/senegal\/?s={search_term_string}"},"query-input":{"@type":"PropertyValueSpecification","valueRequired":true,"valueName":"search_term_string"}}],"inLanguage":"fr-FR"},{"@type":"Person","@id":"https:\/\/www.africa-press.net\/senegal\/#\/schema\/person\/2b1cf3cd81a31e3cd26889ca66d677f1","name":"cfeditorfr","url":"https:\/\/www.africa-press.net\/senegal\/author\/cfeditorfr"}]}},"_links":{"self":[{"href":"https:\/\/www.africa-press.net\/senegal\/wp-json\/wp\/v2\/posts\/64472","targetHints":{"allow":["GET"]}}],"collection":[{"href":"https:\/\/www.africa-press.net\/senegal\/wp-json\/wp\/v2\/posts"}],"about":[{"href":"https:\/\/www.africa-press.net\/senegal\/wp-json\/wp\/v2\/types\/post"}],"author":[{"embeddable":true,"href":"https:\/\/www.africa-press.net\/senegal\/wp-json\/wp\/v2\/users\/82"}],"replies":[{"embeddable":true,"href":"https:\/\/www.africa-press.net\/senegal\/wp-json\/wp\/v2\/comments?post=64472"}],"version-history":[{"count":0,"href":"https:\/\/www.africa-press.net\/senegal\/wp-json\/wp\/v2\/posts\/64472\/revisions"}],"wp:featuredmedia":[{"embeddable":true,"href":"https:\/\/www.africa-press.net\/senegal\/wp-json\/wp\/v2\/media\/64471"}],"wp:attachment":[{"href":"https:\/\/www.africa-press.net\/senegal\/wp-json\/wp\/v2\/media?parent=64472"}],"wp:term":[{"taxonomy":"category","embeddable":true,"href":"https:\/\/www.africa-press.net\/senegal\/wp-json\/wp\/v2\/categories?post=64472"},{"taxonomy":"post_tag","embeddable":true,"href":"https:\/\/www.africa-press.net\/senegal\/wp-json\/wp\/v2\/tags?post=64472"}],"curies":[{"name":"wp","href":"https:\/\/api.w.org\/{rel}","templated":true}]}}