{"id":64492,"date":"2025-01-03T00:14:58","date_gmt":"2025-01-03T00:14:58","guid":{"rendered":"https:\/\/www.africa-press.net\/senegal\/politique\/apple-vision-pro-ce-serait-deja-la-fin-pour-le-casque-de-realite-mixte"},"modified":"2025-01-03T07:01:42","modified_gmt":"2025-01-03T07:01:42","slug":"apple-vision-pro-ce-serait-deja-la-fin-pour-le-casque-de-realite-mixte","status":"publish","type":"post","link":"https:\/\/www.africa-press.net\/senegal\/toutes-les-actualites\/apple-vision-pro-ce-serait-deja-la-fin-pour-le-casque-de-realite-mixte","title":{"rendered":"Apple Vision Pro : ce Serait D\u00e9j\u00e0 la Fin pour le Casque de R\u00e9alit\u00e9 Mixte"},"content":{"rendered":"<p><span style=\"color: #ff6600\"><strong>Africa-Press &#8211; Senegal. <\/strong><\/span>Le casque Vision Pro d&rsquo;Apple n&rsquo;a pas vraiment brille\u0301 depuis sa sortie. Re\u0301sultat, sa production pourrait de\u0301ja\u0300 avoir e\u0301te\u0301 arre\u0302te\u0301e !<\/p>\n<p>C&rsquo;e\u0301tait un e\u0301ve\u0301nement tre\u0300s attendu. En fe\u0301vrier dernier, Apple commercialisait son tout premier casque dit de re\u0301alite\u0301 mixte: le Vision Pro. Un casque qui e\u0301tait le tout premier produit ine\u0301dit de l&rsquo;e\u0300re Tim Cook, mais qui n&rsquo;a malheureusement pas vraiment trouve\u0301 son public. En cause notamment, le manque de fonctionnalite\u0301s, mais surtout son prix, il faut le dire, franchement prohibitif. Apple a donc au final du\u0302 mettre le hola\u0300 !<\/p>\n<p><b>Apple aurait mis fin a\u0300 la production de l&rsquo;Apple Vision Pro<\/b><\/p>\n<p>La production de l&rsquo;Apple Vision Pro n&rsquo;aura pas de\u0301borde\u0301 les fournisseurs d&rsquo;Apple en 2024. MacRumors nous rappelle ainsi un renseignement de The Information, en date d&rsquo;octobre. A\u0300 l&rsquo;e\u0301poque, on apprenait qu&rsquo;Apple avait de\u0301cide\u0301 de re\u0301duire de moitie\u0301 la production de ce casque.<\/p>\n<p>Son sous-traitant chinois Luxshare aurait ainsi fait passer sa production a\u0300 1000 unite\u0301s assemble\u0301es par jour. Mais me\u0302me avant c\u0327a, il semble qu&rsquo;Apple avait de\u0301cide\u0301 de re\u0301duire la voilure de\u0300s l&rsquo;e\u0301te\u0301 dernier. Et a\u0300 la fin du mois de de\u0301cembre, la firme de Cupertino aurait tout simplement arre\u0302te\u0301 totalement la production.<\/p>\n<p><b>Apple aurait de\u0301ja\u0300 de quoi re\u0301pondre a\u0300 la demande de l&rsquo;ensemble de l&rsquo;anne\u0301e 2025<\/b><\/p>\n<p>En effet, l&rsquo;entreprise ame\u0301ricaine aurait accumule\u0301 assez de stock pour pouvoir re\u0301pondre a\u0300 une demande sur l&rsquo;ensemble de l&rsquo;anne\u0301e 2025, demande potentielles comprise entre 500 et 600 000 unite\u0301s.<\/p>\n<p>Si la production est arre\u0302te\u0301e, les lignes ne seront elles pas totalement de\u0301mantele\u0301es, Apple se mettant aussi en position de relancer la fabrication si jamais la demande pour le Vision Pro repartait a\u0300 la hausse. Mais l&rsquo;entreprise a de\u0301ja\u0300 les yeux vers la ge\u0301ne\u0301ration suivante.<\/p>\n<p>Car le successeur de ce casque, l&rsquo;Apple Vision Pro 2, pourrait e\u0302tre lance\u0301 lors du printemps 2026. L&rsquo;argument principal de cet appareil serait d&rsquo;e\u0302tre mis en vente a\u0300 un tarif moins e\u0301leve\u0301 que la premie\u0300re ge\u0301ne\u0301ration, ce qui devrait permettre d&rsquo;attirer plus de clients potentiels.<\/p>\n<p><strong>Pour plus d&rsquo;informations et d&rsquo;analyses sur la <span style=\"color: #ff6600\">Senegal<\/span>, suivez <span style=\"color: #ff6600\">Africa-Press<\/span><\/strong><\/p>\n","protected":false},"excerpt":{"rendered":"<p>Africa-Press &#8211; Senegal. Le casque Vision Pro d&rsquo;Apple n&rsquo;a pas vraiment brille\u0301 depuis sa sortie. Re\u0301sultat, sa production pourrait de\u0301ja\u0300 avoir e\u0301te\u0301 arre\u0302te\u0301e ! C&rsquo;e\u0301tait un e\u0301ve\u0301nement tre\u0300s attendu. En fe\u0301vrier dernier, Apple commercialisait son tout premier casque dit de re\u0301alite\u0301 mixte: le Vision Pro. Un casque qui e\u0301tait le tout premier produit ine\u0301dit de [&hellip;]<\/p>\n","protected":false},"author":82,"featured_media":64491,"comment_status":"open","ping_status":"closed","sticky":false,"template":"","format":"standard","meta":{"footnotes":""},"categories":[22,10],"tags":[44],"class_list":["post-64492","post","type-post","status-publish","format-standard","has-post-thumbnail","hentry","category-divers","category-toutes-les-actualites","tag-senegal-2"],"yoast_head":"<!-- This site is optimized with the Yoast SEO Premium plugin v26.1 (Yoast SEO v27.0) - https:\/\/yoast.com\/product\/yoast-seo-premium-wordpress\/ -->\n<title>Apple Vision Pro : ce Serait D\u00e9j\u00e0 la Fin pour le Casque de R\u00e9alit\u00e9 Mixte - Senegal<\/title>\n<meta name=\"description\" content=\"Le casque Vision Pro d&#039;Apple n&#039;a pas vraiment brille\u0301 depuis sa sortie. Re\u0301sultat, sa production pourrait de\u0301ja\u0300 avoir e ...\" \/>\n<meta name=\"robots\" content=\"index, follow, max-snippet:-1, max-image-preview:large, max-video-preview:-1\" \/>\n<link rel=\"canonical\" href=\"https:\/\/www.africa-press.net\/senegal\/toutes-les-actualites\/apple-vision-pro-ce-serait-deja-la-fin-pour-le-casque-de-realite-mixte\" \/>\n<meta property=\"og:locale\" content=\"fr_FR\" \/>\n<meta property=\"og:type\" content=\"article\" \/>\n<meta property=\"og:title\" content=\"Apple Vision Pro : ce Serait D\u00e9j\u00e0 la Fin pour le Casque de R\u00e9alit\u00e9 Mixte\" \/>\n<meta property=\"og:description\" content=\"Le casque Vision Pro d&#039;Apple n&#039;a pas vraiment brille\u0301 depuis sa sortie. Re\u0301sultat, sa production pourrait de\u0301ja\u0300 avoir e ...\" \/>\n<meta property=\"og:url\" content=\"https:\/\/www.africa-press.net\/senegal\/toutes-les-actualites\/apple-vision-pro-ce-serait-deja-la-fin-pour-le-casque-de-realite-mixte\" \/>\n<meta property=\"og:site_name\" content=\"Senegal\" \/>\n<meta property=\"article:published_time\" content=\"2025-01-03T00:14:58+00:00\" \/>\n<meta property=\"article:modified_time\" content=\"2025-01-03T07:01:42+00:00\" \/>\n<meta property=\"og:image\" content=\"https:\/\/static.africa-press.net\/senegal\/sites\/13\/2025\/01\/sm_1735874797.693458.jpg\" \/>\n\t<meta property=\"og:image:width\" content=\"768\" \/>\n\t<meta property=\"og:image:height\" content=\"512\" \/>\n\t<meta property=\"og:image:type\" content=\"image\/jpeg\" \/>\n<meta name=\"author\" content=\"cfeditorfr\" \/>\n<meta name=\"twitter:card\" content=\"summary_large_image\" \/>\n<meta name=\"twitter:label1\" content=\"\u00c9crit par\" \/>\n\t<meta name=\"twitter:data1\" content=\"cfeditorfr\" \/>\n\t<meta name=\"twitter:label2\" content=\"Dur\u00e9e de lecture estim\u00e9e\" \/>\n\t<meta name=\"twitter:data2\" content=\"2 minutes\" \/>\n<script type=\"application\/ld+json\" class=\"yoast-schema-graph\">{\"@context\":\"https:\/\/schema.org\",\"@graph\":[{\"@type\":\"Article\",\"@id\":\"https:\/\/www.africa-press.net\/senegal\/toutes-les-actualites\/apple-vision-pro-ce-serait-deja-la-fin-pour-le-casque-de-realite-mixte#article\",\"isPartOf\":{\"@id\":\"https:\/\/www.africa-press.net\/senegal\/toutes-les-actualites\/apple-vision-pro-ce-serait-deja-la-fin-pour-le-casque-de-realite-mixte\"},\"author\":{\"name\":\"cfeditorfr\",\"@id\":\"https:\/\/www.africa-press.net\/senegal\/#\/schema\/person\/2b1cf3cd81a31e3cd26889ca66d677f1\"},\"headline\":\"Apple Vision Pro : ce Serait D\u00e9j\u00e0 la Fin pour le Casque de R\u00e9alit\u00e9 Mixte\",\"datePublished\":\"2025-01-03T00:14:58+00:00\",\"dateModified\":\"2025-01-03T07:01:42+00:00\",\"mainEntityOfPage\":{\"@id\":\"https:\/\/www.africa-press.net\/senegal\/toutes-les-actualites\/apple-vision-pro-ce-serait-deja-la-fin-pour-le-casque-de-realite-mixte\"},\"wordCount\":421,\"commentCount\":0,\"image\":{\"@id\":\"https:\/\/www.africa-press.net\/senegal\/toutes-les-actualites\/apple-vision-pro-ce-serait-deja-la-fin-pour-le-casque-de-realite-mixte#primaryimage\"},\"thumbnailUrl\":\"https:\/\/static.africa-press.net\/senegal\/sites\/13\/2025\/01\/sm_1735874797.693458.jpg\",\"keywords\":[\"Senegal\"],\"articleSection\":[\"Divers\",\"Toutes les actualit\u00e9s\"],\"inLanguage\":\"fr-FR\",\"potentialAction\":[{\"@type\":\"CommentAction\",\"name\":\"Comment\",\"target\":[\"https:\/\/www.africa-press.net\/senegal\/toutes-les-actualites\/apple-vision-pro-ce-serait-deja-la-fin-pour-le-casque-de-realite-mixte#respond\"]}]},{\"@type\":\"WebPage\",\"@id\":\"https:\/\/www.africa-press.net\/senegal\/toutes-les-actualites\/apple-vision-pro-ce-serait-deja-la-fin-pour-le-casque-de-realite-mixte\",\"url\":\"https:\/\/www.africa-press.net\/senegal\/toutes-les-actualites\/apple-vision-pro-ce-serait-deja-la-fin-pour-le-casque-de-realite-mixte\",\"name\":\"Apple Vision Pro : ce Serait D\u00e9j\u00e0 la Fin pour le Casque de R\u00e9alit\u00e9 Mixte - Senegal\",\"isPartOf\":{\"@id\":\"https:\/\/www.africa-press.net\/senegal\/#website\"},\"primaryImageOfPage\":{\"@id\":\"https:\/\/www.africa-press.net\/senegal\/toutes-les-actualites\/apple-vision-pro-ce-serait-deja-la-fin-pour-le-casque-de-realite-mixte#primaryimage\"},\"image\":{\"@id\":\"https:\/\/www.africa-press.net\/senegal\/toutes-les-actualites\/apple-vision-pro-ce-serait-deja-la-fin-pour-le-casque-de-realite-mixte#primaryimage\"},\"thumbnailUrl\":\"https:\/\/static.africa-press.net\/senegal\/sites\/13\/2025\/01\/sm_1735874797.693458.jpg\",\"datePublished\":\"2025-01-03T00:14:58+00:00\",\"dateModified\":\"2025-01-03T07:01:42+00:00\",\"author\":{\"@id\":\"https:\/\/www.africa-press.net\/senegal\/#\/schema\/person\/2b1cf3cd81a31e3cd26889ca66d677f1\"},\"description\":\"Le casque Vision Pro d'Apple n'a pas vraiment brille\u0301 depuis sa sortie. Re\u0301sultat, sa production pourrait de\u0301ja\u0300 avoir e ...\",\"breadcrumb\":{\"@id\":\"https:\/\/www.africa-press.net\/senegal\/toutes-les-actualites\/apple-vision-pro-ce-serait-deja-la-fin-pour-le-casque-de-realite-mixte#breadcrumb\"},\"inLanguage\":\"fr-FR\",\"potentialAction\":[{\"@type\":\"ReadAction\",\"target\":[\"https:\/\/www.africa-press.net\/senegal\/toutes-les-actualites\/apple-vision-pro-ce-serait-deja-la-fin-pour-le-casque-de-realite-mixte\"]}]},{\"@type\":\"ImageObject\",\"inLanguage\":\"fr-FR\",\"@id\":\"https:\/\/www.africa-press.net\/senegal\/toutes-les-actualites\/apple-vision-pro-ce-serait-deja-la-fin-pour-le-casque-de-realite-mixte#primaryimage\",\"url\":\"https:\/\/static.africa-press.net\/senegal\/sites\/13\/2025\/01\/sm_1735874797.693458.jpg\",\"contentUrl\":\"https:\/\/static.africa-press.net\/senegal\/sites\/13\/2025\/01\/sm_1735874797.693458.jpg\",\"width\":768,\"height\":512,\"caption\":\"Apple Vision Pro : ce Serait D\u00e9j\u00e0 la Fin pour le Casque de R\u00e9alit\u00e9 Mixte\"},{\"@type\":\"BreadcrumbList\",\"@id\":\"https:\/\/www.africa-press.net\/senegal\/toutes-les-actualites\/apple-vision-pro-ce-serait-deja-la-fin-pour-le-casque-de-realite-mixte#breadcrumb\",\"itemListElement\":[{\"@type\":\"ListItem\",\"position\":1,\"name\":\"Accueil\",\"item\":\"https:\/\/www.africa-press.net\/senegal\/\"},{\"@type\":\"ListItem\",\"position\":2,\"name\":\"Apple Vision Pro : ce Serait D\u00e9j\u00e0 la Fin pour le Casque de R\u00e9alit\u00e9 Mixte\"}]},{\"@type\":\"WebSite\",\"@id\":\"https:\/\/www.africa-press.net\/senegal\/#website\",\"url\":\"https:\/\/www.africa-press.net\/senegal\/\",\"name\":\"Africa Press | Senegal | Homepage\",\"description\":\"Just another Africa News Agency Sites site\",\"potentialAction\":[{\"@type\":\"SearchAction\",\"target\":{\"@type\":\"EntryPoint\",\"urlTemplate\":\"https:\/\/www.africa-press.net\/senegal\/?s={search_term_string}\"},\"query-input\":{\"@type\":\"PropertyValueSpecification\",\"valueRequired\":true,\"valueName\":\"search_term_string\"}}],\"inLanguage\":\"fr-FR\"},{\"@type\":\"Person\",\"@id\":\"https:\/\/www.africa-press.net\/senegal\/#\/schema\/person\/2b1cf3cd81a31e3cd26889ca66d677f1\",\"name\":\"cfeditorfr\",\"url\":\"https:\/\/www.africa-press.net\/senegal\/author\/cfeditorfr\"}]}<\/script>\n<!-- \/ Yoast SEO Premium plugin. -->","yoast_head_json":{"title":"Apple Vision Pro : ce Serait D\u00e9j\u00e0 la Fin pour le Casque de R\u00e9alit\u00e9 Mixte - Senegal","description":"Le casque Vision Pro d'Apple n'a pas vraiment brille\u0301 depuis sa sortie. Re\u0301sultat, sa production pourrait de\u0301ja\u0300 avoir e ...","robots":{"index":"index","follow":"follow","max-snippet":"max-snippet:-1","max-image-preview":"max-image-preview:large","max-video-preview":"max-video-preview:-1"},"canonical":"https:\/\/www.africa-press.net\/senegal\/toutes-les-actualites\/apple-vision-pro-ce-serait-deja-la-fin-pour-le-casque-de-realite-mixte","og_locale":"fr_FR","og_type":"article","og_title":"Apple Vision Pro : ce Serait D\u00e9j\u00e0 la Fin pour le Casque de R\u00e9alit\u00e9 Mixte","og_description":"Le casque Vision Pro d'Apple n'a pas vraiment brille\u0301 depuis sa sortie. Re\u0301sultat, sa production pourrait de\u0301ja\u0300 avoir e ...","og_url":"https:\/\/www.africa-press.net\/senegal\/toutes-les-actualites\/apple-vision-pro-ce-serait-deja-la-fin-pour-le-casque-de-realite-mixte","og_site_name":"Senegal","article_published_time":"2025-01-03T00:14:58+00:00","article_modified_time":"2025-01-03T07:01:42+00:00","og_image":[{"width":768,"height":512,"url":"https:\/\/static.africa-press.net\/senegal\/sites\/13\/2025\/01\/sm_1735874797.693458.jpg","type":"image\/jpeg"}],"author":"cfeditorfr","twitter_card":"summary_large_image","twitter_misc":{"\u00c9crit par":"cfeditorfr","Dur\u00e9e de lecture estim\u00e9e":"2 minutes"},"schema":{"@context":"https:\/\/schema.org","@graph":[{"@type":"Article","@id":"https:\/\/www.africa-press.net\/senegal\/toutes-les-actualites\/apple-vision-pro-ce-serait-deja-la-fin-pour-le-casque-de-realite-mixte#article","isPartOf":{"@id":"https:\/\/www.africa-press.net\/senegal\/toutes-les-actualites\/apple-vision-pro-ce-serait-deja-la-fin-pour-le-casque-de-realite-mixte"},"author":{"name":"cfeditorfr","@id":"https:\/\/www.africa-press.net\/senegal\/#\/schema\/person\/2b1cf3cd81a31e3cd26889ca66d677f1"},"headline":"Apple Vision Pro : ce Serait D\u00e9j\u00e0 la Fin pour le Casque de R\u00e9alit\u00e9 Mixte","datePublished":"2025-01-03T00:14:58+00:00","dateModified":"2025-01-03T07:01:42+00:00","mainEntityOfPage":{"@id":"https:\/\/www.africa-press.net\/senegal\/toutes-les-actualites\/apple-vision-pro-ce-serait-deja-la-fin-pour-le-casque-de-realite-mixte"},"wordCount":421,"commentCount":0,"image":{"@id":"https:\/\/www.africa-press.net\/senegal\/toutes-les-actualites\/apple-vision-pro-ce-serait-deja-la-fin-pour-le-casque-de-realite-mixte#primaryimage"},"thumbnailUrl":"https:\/\/static.africa-press.net\/senegal\/sites\/13\/2025\/01\/sm_1735874797.693458.jpg","keywords":["Senegal"],"articleSection":["Divers","Toutes les actualit\u00e9s"],"inLanguage":"fr-FR","potentialAction":[{"@type":"CommentAction","name":"Comment","target":["https:\/\/www.africa-press.net\/senegal\/toutes-les-actualites\/apple-vision-pro-ce-serait-deja-la-fin-pour-le-casque-de-realite-mixte#respond"]}]},{"@type":"WebPage","@id":"https:\/\/www.africa-press.net\/senegal\/toutes-les-actualites\/apple-vision-pro-ce-serait-deja-la-fin-pour-le-casque-de-realite-mixte","url":"https:\/\/www.africa-press.net\/senegal\/toutes-les-actualites\/apple-vision-pro-ce-serait-deja-la-fin-pour-le-casque-de-realite-mixte","name":"Apple Vision Pro : ce Serait D\u00e9j\u00e0 la Fin pour le Casque de R\u00e9alit\u00e9 Mixte - Senegal","isPartOf":{"@id":"https:\/\/www.africa-press.net\/senegal\/#website"},"primaryImageOfPage":{"@id":"https:\/\/www.africa-press.net\/senegal\/toutes-les-actualites\/apple-vision-pro-ce-serait-deja-la-fin-pour-le-casque-de-realite-mixte#primaryimage"},"image":{"@id":"https:\/\/www.africa-press.net\/senegal\/toutes-les-actualites\/apple-vision-pro-ce-serait-deja-la-fin-pour-le-casque-de-realite-mixte#primaryimage"},"thumbnailUrl":"https:\/\/static.africa-press.net\/senegal\/sites\/13\/2025\/01\/sm_1735874797.693458.jpg","datePublished":"2025-01-03T00:14:58+00:00","dateModified":"2025-01-03T07:01:42+00:00","author":{"@id":"https:\/\/www.africa-press.net\/senegal\/#\/schema\/person\/2b1cf3cd81a31e3cd26889ca66d677f1"},"description":"Le casque Vision Pro d'Apple n'a pas vraiment brille\u0301 depuis sa sortie. Re\u0301sultat, sa production pourrait de\u0301ja\u0300 avoir e ...","breadcrumb":{"@id":"https:\/\/www.africa-press.net\/senegal\/toutes-les-actualites\/apple-vision-pro-ce-serait-deja-la-fin-pour-le-casque-de-realite-mixte#breadcrumb"},"inLanguage":"fr-FR","potentialAction":[{"@type":"ReadAction","target":["https:\/\/www.africa-press.net\/senegal\/toutes-les-actualites\/apple-vision-pro-ce-serait-deja-la-fin-pour-le-casque-de-realite-mixte"]}]},{"@type":"ImageObject","inLanguage":"fr-FR","@id":"https:\/\/www.africa-press.net\/senegal\/toutes-les-actualites\/apple-vision-pro-ce-serait-deja-la-fin-pour-le-casque-de-realite-mixte#primaryimage","url":"https:\/\/static.africa-press.net\/senegal\/sites\/13\/2025\/01\/sm_1735874797.693458.jpg","contentUrl":"https:\/\/static.africa-press.net\/senegal\/sites\/13\/2025\/01\/sm_1735874797.693458.jpg","width":768,"height":512,"caption":"Apple Vision Pro : ce Serait D\u00e9j\u00e0 la Fin pour le Casque de R\u00e9alit\u00e9 Mixte"},{"@type":"BreadcrumbList","@id":"https:\/\/www.africa-press.net\/senegal\/toutes-les-actualites\/apple-vision-pro-ce-serait-deja-la-fin-pour-le-casque-de-realite-mixte#breadcrumb","itemListElement":[{"@type":"ListItem","position":1,"name":"Accueil","item":"https:\/\/www.africa-press.net\/senegal\/"},{"@type":"ListItem","position":2,"name":"Apple Vision Pro : ce Serait D\u00e9j\u00e0 la Fin pour le Casque de R\u00e9alit\u00e9 Mixte"}]},{"@type":"WebSite","@id":"https:\/\/www.africa-press.net\/senegal\/#website","url":"https:\/\/www.africa-press.net\/senegal\/","name":"Africa Press | Senegal | Homepage","description":"Just another Africa News Agency Sites site","potentialAction":[{"@type":"SearchAction","target":{"@type":"EntryPoint","urlTemplate":"https:\/\/www.africa-press.net\/senegal\/?s={search_term_string}"},"query-input":{"@type":"PropertyValueSpecification","valueRequired":true,"valueName":"search_term_string"}}],"inLanguage":"fr-FR"},{"@type":"Person","@id":"https:\/\/www.africa-press.net\/senegal\/#\/schema\/person\/2b1cf3cd81a31e3cd26889ca66d677f1","name":"cfeditorfr","url":"https:\/\/www.africa-press.net\/senegal\/author\/cfeditorfr"}]}},"_links":{"self":[{"href":"https:\/\/www.africa-press.net\/senegal\/wp-json\/wp\/v2\/posts\/64492","targetHints":{"allow":["GET"]}}],"collection":[{"href":"https:\/\/www.africa-press.net\/senegal\/wp-json\/wp\/v2\/posts"}],"about":[{"href":"https:\/\/www.africa-press.net\/senegal\/wp-json\/wp\/v2\/types\/post"}],"author":[{"embeddable":true,"href":"https:\/\/www.africa-press.net\/senegal\/wp-json\/wp\/v2\/users\/82"}],"replies":[{"embeddable":true,"href":"https:\/\/www.africa-press.net\/senegal\/wp-json\/wp\/v2\/comments?post=64492"}],"version-history":[{"count":0,"href":"https:\/\/www.africa-press.net\/senegal\/wp-json\/wp\/v2\/posts\/64492\/revisions"}],"wp:featuredmedia":[{"embeddable":true,"href":"https:\/\/www.africa-press.net\/senegal\/wp-json\/wp\/v2\/media\/64491"}],"wp:attachment":[{"href":"https:\/\/www.africa-press.net\/senegal\/wp-json\/wp\/v2\/media?parent=64492"}],"wp:term":[{"taxonomy":"category","embeddable":true,"href":"https:\/\/www.africa-press.net\/senegal\/wp-json\/wp\/v2\/categories?post=64492"},{"taxonomy":"post_tag","embeddable":true,"href":"https:\/\/www.africa-press.net\/senegal\/wp-json\/wp\/v2\/tags?post=64492"}],"curies":[{"name":"wp","href":"https:\/\/api.w.org\/{rel}","templated":true}]}}