{"id":64502,"date":"2025-01-02T16:30:38","date_gmt":"2025-01-02T16:30:38","guid":{"rendered":"https:\/\/www.africa-press.net\/senegal\/politique\/mercato-vers-un-transfert-de-pape-meissa-ba-a-schalke-04"},"modified":"2025-01-03T07:14:24","modified_gmt":"2025-01-03T07:14:24","slug":"mercato-vers-un-transfert-de-pape-meissa-ba-a-schalke-04","status":"publish","type":"post","link":"https:\/\/www.africa-press.net\/senegal\/sports\/mercato-vers-un-transfert-de-pape-meissa-ba-a-schalke-04","title":{"rendered":"Mercato : vers un Transfert de Pape Me\u00efssa Ba \u00e0 Schalke 04"},"content":{"rendered":"<p><span style=\"color: #ff6600\"><strong>Africa-Press &#8211; Senegal. <\/strong><\/span>Pape Mei\u0308ssa Ba inte\u0301resse le club allemand de Schalke 04. Le Se\u0301ne\u0301galais, pensionnaire de Grenoble Foot 38, est en feu en ce de\u0301but de saison. Auteur de 10 buts en 15 matchs en Ligue 2, Pape Mei\u0308ssa Ba est dans sa dernie\u0300re anne\u0301e de contrat avec le club franc\u0327ais et a exprime\u0301 son souhait de ne pas prolonger.<\/p>\n<p>D\u2019autres clubs europe\u0301ens ont aussi manifeste\u0301 un inte\u0301re\u0302t pour le joueur forme\u0301 au Se\u0301ne\u0301gal. Le Deportivo de la Corogne et Le Standard de Lie\u0300ge.<\/p>\n<p><strong>Pour plus d&rsquo;informations et d&rsquo;analyses sur la <span style=\"color: #ff6600\">Senegal<\/span>, suivez <span style=\"color: #ff6600\">Africa-Press<\/span><\/strong><\/p>\n","protected":false},"excerpt":{"rendered":"<p>Africa-Press &#8211; Senegal. Pape Mei\u0308ssa Ba inte\u0301resse le club allemand de Schalke 04. Le Se\u0301ne\u0301galais, pensionnaire de Grenoble Foot 38, est en feu en ce de\u0301but de saison. Auteur de 10 buts en 15 matchs en Ligue 2, Pape Mei\u0308ssa Ba est dans sa dernie\u0300re anne\u0301e de contrat avec le club franc\u0327ais et a exprime\u0301 [&hellip;]<\/p>\n","protected":false},"author":82,"featured_media":64501,"comment_status":"open","ping_status":"closed","sticky":false,"template":"","format":"standard","meta":{"footnotes":""},"categories":[6,10],"tags":[44],"class_list":["post-64502","post","type-post","status-publish","format-standard","has-post-thumbnail","hentry","category-sports","category-toutes-les-actualites","tag-senegal-2"],"yoast_head":"<!-- This site is optimized with the Yoast SEO Premium plugin v26.1 (Yoast SEO v27.0) - https:\/\/yoast.com\/product\/yoast-seo-premium-wordpress\/ -->\n<title>Mercato : vers un Transfert de Pape Me\u00efssa Ba \u00e0 Schalke 04 - Senegal<\/title>\n<meta name=\"description\" content=\"Pape Mei\u0308ssa Ba inte\u0301resse le club allemand de Schalke 04. Le Se\u0301ne\u0301galais, pensionnaire de Grenoble Foot 38, est en feu ...\" \/>\n<meta name=\"robots\" content=\"index, follow, max-snippet:-1, max-image-preview:large, max-video-preview:-1\" \/>\n<link rel=\"canonical\" href=\"https:\/\/www.africa-press.net\/senegal\/sports\/mercato-vers-un-transfert-de-pape-meissa-ba-a-schalke-04\" \/>\n<meta property=\"og:locale\" content=\"fr_FR\" \/>\n<meta property=\"og:type\" content=\"article\" \/>\n<meta property=\"og:title\" content=\"Mercato : vers un Transfert de Pape Me\u00efssa Ba \u00e0 Schalke 04\" \/>\n<meta property=\"og:description\" content=\"Pape Mei\u0308ssa Ba inte\u0301resse le club allemand de Schalke 04. Le Se\u0301ne\u0301galais, pensionnaire de Grenoble Foot 38, est en feu ...\" \/>\n<meta property=\"og:url\" content=\"https:\/\/www.africa-press.net\/senegal\/sports\/mercato-vers-un-transfert-de-pape-meissa-ba-a-schalke-04\" \/>\n<meta property=\"og:site_name\" content=\"Senegal\" \/>\n<meta property=\"article:published_time\" content=\"2025-01-02T16:30:38+00:00\" \/>\n<meta property=\"article:modified_time\" content=\"2025-01-03T07:14:24+00:00\" \/>\n<meta property=\"og:image\" content=\"https:\/\/static.africa-press.net\/senegal\/sites\/13\/2025\/01\/sm_1735875341.946315.jpg\" \/>\n\t<meta property=\"og:image:width\" content=\"750\" \/>\n\t<meta property=\"og:image:height\" content=\"430\" \/>\n\t<meta property=\"og:image:type\" content=\"image\/jpeg\" \/>\n<meta name=\"author\" content=\"cfeditorfr\" \/>\n<meta name=\"twitter:card\" content=\"summary_large_image\" \/>\n<meta name=\"twitter:label1\" content=\"\u00c9crit par\" \/>\n\t<meta name=\"twitter:data1\" content=\"cfeditorfr\" \/>\n\t<meta name=\"twitter:label2\" content=\"Dur\u00e9e de lecture estim\u00e9e\" \/>\n\t<meta name=\"twitter:data2\" content=\"1 minute\" \/>\n<script type=\"application\/ld+json\" class=\"yoast-schema-graph\">{\"@context\":\"https:\/\/schema.org\",\"@graph\":[{\"@type\":\"Article\",\"@id\":\"https:\/\/www.africa-press.net\/senegal\/sports\/mercato-vers-un-transfert-de-pape-meissa-ba-a-schalke-04#article\",\"isPartOf\":{\"@id\":\"https:\/\/www.africa-press.net\/senegal\/sports\/mercato-vers-un-transfert-de-pape-meissa-ba-a-schalke-04\"},\"author\":{\"name\":\"cfeditorfr\",\"@id\":\"https:\/\/www.africa-press.net\/senegal\/#\/schema\/person\/2b1cf3cd81a31e3cd26889ca66d677f1\"},\"headline\":\"Mercato : vers un Transfert de Pape Me\u00efssa Ba \u00e0 Schalke 04\",\"datePublished\":\"2025-01-02T16:30:38+00:00\",\"dateModified\":\"2025-01-03T07:14:24+00:00\",\"mainEntityOfPage\":{\"@id\":\"https:\/\/www.africa-press.net\/senegal\/sports\/mercato-vers-un-transfert-de-pape-meissa-ba-a-schalke-04\"},\"wordCount\":118,\"commentCount\":0,\"image\":{\"@id\":\"https:\/\/www.africa-press.net\/senegal\/sports\/mercato-vers-un-transfert-de-pape-meissa-ba-a-schalke-04#primaryimage\"},\"thumbnailUrl\":\"https:\/\/static.africa-press.net\/senegal\/sites\/13\/2025\/01\/sm_1735875341.946315.jpg\",\"keywords\":[\"Senegal\"],\"articleSection\":[\"Sports\",\"Toutes les actualit\u00e9s\"],\"inLanguage\":\"fr-FR\",\"potentialAction\":[{\"@type\":\"CommentAction\",\"name\":\"Comment\",\"target\":[\"https:\/\/www.africa-press.net\/senegal\/sports\/mercato-vers-un-transfert-de-pape-meissa-ba-a-schalke-04#respond\"]}]},{\"@type\":\"WebPage\",\"@id\":\"https:\/\/www.africa-press.net\/senegal\/sports\/mercato-vers-un-transfert-de-pape-meissa-ba-a-schalke-04\",\"url\":\"https:\/\/www.africa-press.net\/senegal\/sports\/mercato-vers-un-transfert-de-pape-meissa-ba-a-schalke-04\",\"name\":\"Mercato : vers un Transfert de Pape Me\u00efssa Ba \u00e0 Schalke 04 - Senegal\",\"isPartOf\":{\"@id\":\"https:\/\/www.africa-press.net\/senegal\/#website\"},\"primaryImageOfPage\":{\"@id\":\"https:\/\/www.africa-press.net\/senegal\/sports\/mercato-vers-un-transfert-de-pape-meissa-ba-a-schalke-04#primaryimage\"},\"image\":{\"@id\":\"https:\/\/www.africa-press.net\/senegal\/sports\/mercato-vers-un-transfert-de-pape-meissa-ba-a-schalke-04#primaryimage\"},\"thumbnailUrl\":\"https:\/\/static.africa-press.net\/senegal\/sites\/13\/2025\/01\/sm_1735875341.946315.jpg\",\"datePublished\":\"2025-01-02T16:30:38+00:00\",\"dateModified\":\"2025-01-03T07:14:24+00:00\",\"author\":{\"@id\":\"https:\/\/www.africa-press.net\/senegal\/#\/schema\/person\/2b1cf3cd81a31e3cd26889ca66d677f1\"},\"description\":\"Pape Mei\u0308ssa Ba inte\u0301resse le club allemand de Schalke 04. Le Se\u0301ne\u0301galais, pensionnaire de Grenoble Foot 38, est en feu ...\",\"breadcrumb\":{\"@id\":\"https:\/\/www.africa-press.net\/senegal\/sports\/mercato-vers-un-transfert-de-pape-meissa-ba-a-schalke-04#breadcrumb\"},\"inLanguage\":\"fr-FR\",\"potentialAction\":[{\"@type\":\"ReadAction\",\"target\":[\"https:\/\/www.africa-press.net\/senegal\/sports\/mercato-vers-un-transfert-de-pape-meissa-ba-a-schalke-04\"]}]},{\"@type\":\"ImageObject\",\"inLanguage\":\"fr-FR\",\"@id\":\"https:\/\/www.africa-press.net\/senegal\/sports\/mercato-vers-un-transfert-de-pape-meissa-ba-a-schalke-04#primaryimage\",\"url\":\"https:\/\/static.africa-press.net\/senegal\/sites\/13\/2025\/01\/sm_1735875341.946315.jpg\",\"contentUrl\":\"https:\/\/static.africa-press.net\/senegal\/sites\/13\/2025\/01\/sm_1735875341.946315.jpg\",\"width\":750,\"height\":430,\"caption\":\"Mercato : vers un Transfert de Pape Me\u00efssa Ba \u00e0 Schalke 04\"},{\"@type\":\"BreadcrumbList\",\"@id\":\"https:\/\/www.africa-press.net\/senegal\/sports\/mercato-vers-un-transfert-de-pape-meissa-ba-a-schalke-04#breadcrumb\",\"itemListElement\":[{\"@type\":\"ListItem\",\"position\":1,\"name\":\"Accueil\",\"item\":\"https:\/\/www.africa-press.net\/senegal\/\"},{\"@type\":\"ListItem\",\"position\":2,\"name\":\"Mercato : vers un Transfert de Pape Me\u00efssa Ba \u00e0 Schalke 04\"}]},{\"@type\":\"WebSite\",\"@id\":\"https:\/\/www.africa-press.net\/senegal\/#website\",\"url\":\"https:\/\/www.africa-press.net\/senegal\/\",\"name\":\"Africa Press | Senegal | Homepage\",\"description\":\"Just another Africa News Agency Sites site\",\"potentialAction\":[{\"@type\":\"SearchAction\",\"target\":{\"@type\":\"EntryPoint\",\"urlTemplate\":\"https:\/\/www.africa-press.net\/senegal\/?s={search_term_string}\"},\"query-input\":{\"@type\":\"PropertyValueSpecification\",\"valueRequired\":true,\"valueName\":\"search_term_string\"}}],\"inLanguage\":\"fr-FR\"},{\"@type\":\"Person\",\"@id\":\"https:\/\/www.africa-press.net\/senegal\/#\/schema\/person\/2b1cf3cd81a31e3cd26889ca66d677f1\",\"name\":\"cfeditorfr\",\"url\":\"https:\/\/www.africa-press.net\/senegal\/author\/cfeditorfr\"}]}<\/script>\n<!-- \/ Yoast SEO Premium plugin. -->","yoast_head_json":{"title":"Mercato : vers un Transfert de Pape Me\u00efssa Ba \u00e0 Schalke 04 - Senegal","description":"Pape Mei\u0308ssa Ba inte\u0301resse le club allemand de Schalke 04. Le Se\u0301ne\u0301galais, pensionnaire de Grenoble Foot 38, est en feu ...","robots":{"index":"index","follow":"follow","max-snippet":"max-snippet:-1","max-image-preview":"max-image-preview:large","max-video-preview":"max-video-preview:-1"},"canonical":"https:\/\/www.africa-press.net\/senegal\/sports\/mercato-vers-un-transfert-de-pape-meissa-ba-a-schalke-04","og_locale":"fr_FR","og_type":"article","og_title":"Mercato : vers un Transfert de Pape Me\u00efssa Ba \u00e0 Schalke 04","og_description":"Pape Mei\u0308ssa Ba inte\u0301resse le club allemand de Schalke 04. Le Se\u0301ne\u0301galais, pensionnaire de Grenoble Foot 38, est en feu ...","og_url":"https:\/\/www.africa-press.net\/senegal\/sports\/mercato-vers-un-transfert-de-pape-meissa-ba-a-schalke-04","og_site_name":"Senegal","article_published_time":"2025-01-02T16:30:38+00:00","article_modified_time":"2025-01-03T07:14:24+00:00","og_image":[{"width":750,"height":430,"url":"https:\/\/static.africa-press.net\/senegal\/sites\/13\/2025\/01\/sm_1735875341.946315.jpg","type":"image\/jpeg"}],"author":"cfeditorfr","twitter_card":"summary_large_image","twitter_misc":{"\u00c9crit par":"cfeditorfr","Dur\u00e9e de lecture estim\u00e9e":"1 minute"},"schema":{"@context":"https:\/\/schema.org","@graph":[{"@type":"Article","@id":"https:\/\/www.africa-press.net\/senegal\/sports\/mercato-vers-un-transfert-de-pape-meissa-ba-a-schalke-04#article","isPartOf":{"@id":"https:\/\/www.africa-press.net\/senegal\/sports\/mercato-vers-un-transfert-de-pape-meissa-ba-a-schalke-04"},"author":{"name":"cfeditorfr","@id":"https:\/\/www.africa-press.net\/senegal\/#\/schema\/person\/2b1cf3cd81a31e3cd26889ca66d677f1"},"headline":"Mercato : vers un Transfert de Pape Me\u00efssa Ba \u00e0 Schalke 04","datePublished":"2025-01-02T16:30:38+00:00","dateModified":"2025-01-03T07:14:24+00:00","mainEntityOfPage":{"@id":"https:\/\/www.africa-press.net\/senegal\/sports\/mercato-vers-un-transfert-de-pape-meissa-ba-a-schalke-04"},"wordCount":118,"commentCount":0,"image":{"@id":"https:\/\/www.africa-press.net\/senegal\/sports\/mercato-vers-un-transfert-de-pape-meissa-ba-a-schalke-04#primaryimage"},"thumbnailUrl":"https:\/\/static.africa-press.net\/senegal\/sites\/13\/2025\/01\/sm_1735875341.946315.jpg","keywords":["Senegal"],"articleSection":["Sports","Toutes les actualit\u00e9s"],"inLanguage":"fr-FR","potentialAction":[{"@type":"CommentAction","name":"Comment","target":["https:\/\/www.africa-press.net\/senegal\/sports\/mercato-vers-un-transfert-de-pape-meissa-ba-a-schalke-04#respond"]}]},{"@type":"WebPage","@id":"https:\/\/www.africa-press.net\/senegal\/sports\/mercato-vers-un-transfert-de-pape-meissa-ba-a-schalke-04","url":"https:\/\/www.africa-press.net\/senegal\/sports\/mercato-vers-un-transfert-de-pape-meissa-ba-a-schalke-04","name":"Mercato : vers un Transfert de Pape Me\u00efssa Ba \u00e0 Schalke 04 - Senegal","isPartOf":{"@id":"https:\/\/www.africa-press.net\/senegal\/#website"},"primaryImageOfPage":{"@id":"https:\/\/www.africa-press.net\/senegal\/sports\/mercato-vers-un-transfert-de-pape-meissa-ba-a-schalke-04#primaryimage"},"image":{"@id":"https:\/\/www.africa-press.net\/senegal\/sports\/mercato-vers-un-transfert-de-pape-meissa-ba-a-schalke-04#primaryimage"},"thumbnailUrl":"https:\/\/static.africa-press.net\/senegal\/sites\/13\/2025\/01\/sm_1735875341.946315.jpg","datePublished":"2025-01-02T16:30:38+00:00","dateModified":"2025-01-03T07:14:24+00:00","author":{"@id":"https:\/\/www.africa-press.net\/senegal\/#\/schema\/person\/2b1cf3cd81a31e3cd26889ca66d677f1"},"description":"Pape Mei\u0308ssa Ba inte\u0301resse le club allemand de Schalke 04. Le Se\u0301ne\u0301galais, pensionnaire de Grenoble Foot 38, est en feu ...","breadcrumb":{"@id":"https:\/\/www.africa-press.net\/senegal\/sports\/mercato-vers-un-transfert-de-pape-meissa-ba-a-schalke-04#breadcrumb"},"inLanguage":"fr-FR","potentialAction":[{"@type":"ReadAction","target":["https:\/\/www.africa-press.net\/senegal\/sports\/mercato-vers-un-transfert-de-pape-meissa-ba-a-schalke-04"]}]},{"@type":"ImageObject","inLanguage":"fr-FR","@id":"https:\/\/www.africa-press.net\/senegal\/sports\/mercato-vers-un-transfert-de-pape-meissa-ba-a-schalke-04#primaryimage","url":"https:\/\/static.africa-press.net\/senegal\/sites\/13\/2025\/01\/sm_1735875341.946315.jpg","contentUrl":"https:\/\/static.africa-press.net\/senegal\/sites\/13\/2025\/01\/sm_1735875341.946315.jpg","width":750,"height":430,"caption":"Mercato : vers un Transfert de Pape Me\u00efssa Ba \u00e0 Schalke 04"},{"@type":"BreadcrumbList","@id":"https:\/\/www.africa-press.net\/senegal\/sports\/mercato-vers-un-transfert-de-pape-meissa-ba-a-schalke-04#breadcrumb","itemListElement":[{"@type":"ListItem","position":1,"name":"Accueil","item":"https:\/\/www.africa-press.net\/senegal\/"},{"@type":"ListItem","position":2,"name":"Mercato : vers un Transfert de Pape Me\u00efssa Ba \u00e0 Schalke 04"}]},{"@type":"WebSite","@id":"https:\/\/www.africa-press.net\/senegal\/#website","url":"https:\/\/www.africa-press.net\/senegal\/","name":"Africa Press | Senegal | Homepage","description":"Just another Africa News Agency Sites site","potentialAction":[{"@type":"SearchAction","target":{"@type":"EntryPoint","urlTemplate":"https:\/\/www.africa-press.net\/senegal\/?s={search_term_string}"},"query-input":{"@type":"PropertyValueSpecification","valueRequired":true,"valueName":"search_term_string"}}],"inLanguage":"fr-FR"},{"@type":"Person","@id":"https:\/\/www.africa-press.net\/senegal\/#\/schema\/person\/2b1cf3cd81a31e3cd26889ca66d677f1","name":"cfeditorfr","url":"https:\/\/www.africa-press.net\/senegal\/author\/cfeditorfr"}]}},"_links":{"self":[{"href":"https:\/\/www.africa-press.net\/senegal\/wp-json\/wp\/v2\/posts\/64502","targetHints":{"allow":["GET"]}}],"collection":[{"href":"https:\/\/www.africa-press.net\/senegal\/wp-json\/wp\/v2\/posts"}],"about":[{"href":"https:\/\/www.africa-press.net\/senegal\/wp-json\/wp\/v2\/types\/post"}],"author":[{"embeddable":true,"href":"https:\/\/www.africa-press.net\/senegal\/wp-json\/wp\/v2\/users\/82"}],"replies":[{"embeddable":true,"href":"https:\/\/www.africa-press.net\/senegal\/wp-json\/wp\/v2\/comments?post=64502"}],"version-history":[{"count":0,"href":"https:\/\/www.africa-press.net\/senegal\/wp-json\/wp\/v2\/posts\/64502\/revisions"}],"wp:featuredmedia":[{"embeddable":true,"href":"https:\/\/www.africa-press.net\/senegal\/wp-json\/wp\/v2\/media\/64501"}],"wp:attachment":[{"href":"https:\/\/www.africa-press.net\/senegal\/wp-json\/wp\/v2\/media?parent=64502"}],"wp:term":[{"taxonomy":"category","embeddable":true,"href":"https:\/\/www.africa-press.net\/senegal\/wp-json\/wp\/v2\/categories?post=64502"},{"taxonomy":"post_tag","embeddable":true,"href":"https:\/\/www.africa-press.net\/senegal\/wp-json\/wp\/v2\/tags?post=64502"}],"curies":[{"name":"wp","href":"https:\/\/api.w.org\/{rel}","templated":true}]}}