{"id":64508,"date":"2025-01-02T18:15:20","date_gmt":"2025-01-02T18:15:20","guid":{"rendered":"https:\/\/www.africa-press.net\/senegal\/politique\/coupe-caf-lusma-face-a-lasec-berkane-au-mali-les-affiches-de-la-4e-journee"},"modified":"2025-01-03T15:35:55","modified_gmt":"2025-01-03T15:35:55","slug":"coupe-caf-lusma-face-a-lasec-berkane-au-mali-les-affiches-de-la-4e-journee","status":"publish","type":"post","link":"https:\/\/www.africa-press.net\/senegal\/sports\/coupe-caf-lusma-face-a-lasec-berkane-au-mali-les-affiches-de-la-4e-journee","title":{"rendered":"Coupe CAF : L\u2019USMA Face \u00e0 L\u2019Asec, Berkane au Mali, les Affiches de la 4E Journ\u00e9e"},"content":{"rendered":"<p><span style=\"color: #ff6600\"><strong>Africa-Press &#8211; Senegal. <\/strong><\/span>La quatrie\u0300me journe\u0301e de la phase de groupes de la Coupe de la CAF se tiendra le dimanche 5 janvier 2025, avec plusieurs rencontres de\u0301cisives.<\/p>\n<p>Plusieurs matchs sont programme\u0301s a\u0300 16H GMT. Le CS Sfaxien affrontera le Simba SC, tandis qu\u2019Enyimba croisera le fer avec l\u2019Associac\u0327a\u0303o Black Bulls. Dans le me\u0302me cre\u0301neau horaire, Al-Masry et Zamalek disputeront un derby e\u0301gyptien, alors que l\u2019ASEC Mimosas recevra l\u2019USM Alger pour un choc prometteur.<\/p>\n<p>Plus tard, a\u0300 19h00, le CS Constantine sera oppose\u0301 aux Bravos do Maquis, tandis que le Stade Malien accueillera la RSB Berkane.<\/p>\n<p><b>Programme complet des matchs (Heures GMT)<\/b><br \/>\n<b>Dimanche 5 janvier 2025<\/b><\/p>\n<p>16h00: CS Sfaxien vs Simba SC<\/p>\n<p>16h00: Stellenbosch FC vs Lunda Sul<\/p>\n<p>16h00: Jaraaf vs Orapa United FC<\/p>\n<p>16h00: Enyimba vs Associac\u0327a\u0303o Black Bulls<\/p>\n<p>16h00: Al-Masry vs Zamalek<\/p>\n<p>16h00: ASEC Mimosas vs USM Alger<\/p>\n<p>19h00: CS Constantine vs Bravos do Maquis<\/p>\n<p>19h00: Stade Malien vs RSB Berkane<\/p>\n<p><strong>Pour plus d&rsquo;informations et d&rsquo;analyses sur la <span style=\"color: #ff6600\">Senegal<\/span>, suivez <span style=\"color: #ff6600\">Africa-Press<\/span><\/strong><\/p>\n","protected":false},"excerpt":{"rendered":"<p>Africa-Press &#8211; Senegal. La quatrie\u0300me journe\u0301e de la phase de groupes de la Coupe de la CAF se tiendra le dimanche 5 janvier 2025, avec plusieurs rencontres de\u0301cisives. Plusieurs matchs sont programme\u0301s a\u0300 16H GMT. Le CS Sfaxien affrontera le Simba SC, tandis qu\u2019Enyimba croisera le fer avec l\u2019Associac\u0327a\u0303o Black Bulls. Dans le me\u0302me cre\u0301neau [&hellip;]<\/p>\n","protected":false},"author":82,"featured_media":64507,"comment_status":"open","ping_status":"closed","sticky":false,"template":"","format":"standard","meta":{"footnotes":""},"categories":[6,10],"tags":[44],"class_list":["post-64508","post","type-post","status-publish","format-standard","has-post-thumbnail","hentry","category-sports","category-toutes-les-actualites","tag-senegal-2"],"yoast_head":"<!-- This site is optimized with the Yoast SEO Premium plugin v26.1 (Yoast SEO v27.0) - https:\/\/yoast.com\/product\/yoast-seo-premium-wordpress\/ -->\n<title>Coupe CAF : L\u2019USMA Face \u00e0 L\u2019Asec, Berkane au Mali, les Affiches de la 4E Journ\u00e9e - Senegal<\/title>\n<meta name=\"description\" content=\"La quatrie\u0300me journe\u0301e de la phase de groupes de la Coupe de la CAF se tiendra le dimanche 5 janvier 2025, avec plusieur ...\" \/>\n<meta name=\"robots\" content=\"index, follow, max-snippet:-1, max-image-preview:large, max-video-preview:-1\" \/>\n<link rel=\"canonical\" href=\"https:\/\/www.africa-press.net\/senegal\/sports\/coupe-caf-lusma-face-a-lasec-berkane-au-mali-les-affiches-de-la-4e-journee\" \/>\n<meta property=\"og:locale\" content=\"fr_FR\" \/>\n<meta property=\"og:type\" content=\"article\" \/>\n<meta property=\"og:title\" content=\"Coupe CAF : L\u2019USMA Face \u00e0 L\u2019Asec, Berkane au Mali, les Affiches de la 4E Journ\u00e9e\" \/>\n<meta property=\"og:description\" content=\"La quatrie\u0300me journe\u0301e de la phase de groupes de la Coupe de la CAF se tiendra le dimanche 5 janvier 2025, avec plusieur ...\" \/>\n<meta property=\"og:url\" content=\"https:\/\/www.africa-press.net\/senegal\/sports\/coupe-caf-lusma-face-a-lasec-berkane-au-mali-les-affiches-de-la-4e-journee\" \/>\n<meta property=\"og:site_name\" content=\"Senegal\" \/>\n<meta property=\"article:published_time\" content=\"2025-01-02T18:15:20+00:00\" \/>\n<meta property=\"article:modified_time\" content=\"2025-01-03T15:35:55+00:00\" \/>\n<meta property=\"og:image\" content=\"https:\/\/static.africa-press.net\/senegal\/sites\/13\/2025\/01\/sm_1735875593.725229.jpg\" \/>\n\t<meta property=\"og:image:width\" content=\"737\" \/>\n\t<meta property=\"og:image:height\" content=\"540\" \/>\n\t<meta property=\"og:image:type\" content=\"image\/jpeg\" \/>\n<meta name=\"author\" content=\"cfeditorfr\" \/>\n<meta name=\"twitter:card\" content=\"summary_large_image\" \/>\n<meta name=\"twitter:label1\" content=\"\u00c9crit par\" \/>\n\t<meta name=\"twitter:data1\" content=\"cfeditorfr\" \/>\n\t<meta name=\"twitter:label2\" content=\"Dur\u00e9e de lecture estim\u00e9e\" \/>\n\t<meta name=\"twitter:data2\" content=\"2 minutes\" \/>\n<script type=\"application\/ld+json\" class=\"yoast-schema-graph\">{\"@context\":\"https:\/\/schema.org\",\"@graph\":[{\"@type\":\"Article\",\"@id\":\"https:\/\/www.africa-press.net\/senegal\/sports\/coupe-caf-lusma-face-a-lasec-berkane-au-mali-les-affiches-de-la-4e-journee#article\",\"isPartOf\":{\"@id\":\"https:\/\/www.africa-press.net\/senegal\/sports\/coupe-caf-lusma-face-a-lasec-berkane-au-mali-les-affiches-de-la-4e-journee\"},\"author\":{\"name\":\"cfeditorfr\",\"@id\":\"https:\/\/www.africa-press.net\/senegal\/#\/schema\/person\/2b1cf3cd81a31e3cd26889ca66d677f1\"},\"headline\":\"Coupe CAF : L\u2019USMA Face \u00e0 L\u2019Asec, Berkane au Mali, les Affiches de la 4E Journ\u00e9e\",\"datePublished\":\"2025-01-02T18:15:20+00:00\",\"dateModified\":\"2025-01-03T15:35:55+00:00\",\"mainEntityOfPage\":{\"@id\":\"https:\/\/www.africa-press.net\/senegal\/sports\/coupe-caf-lusma-face-a-lasec-berkane-au-mali-les-affiches-de-la-4e-journee\"},\"wordCount\":193,\"commentCount\":0,\"image\":{\"@id\":\"https:\/\/www.africa-press.net\/senegal\/sports\/coupe-caf-lusma-face-a-lasec-berkane-au-mali-les-affiches-de-la-4e-journee#primaryimage\"},\"thumbnailUrl\":\"https:\/\/static.africa-press.net\/senegal\/sites\/13\/2025\/01\/sm_1735875593.725229.jpg\",\"keywords\":[\"Senegal\"],\"articleSection\":[\"Sports\",\"Toutes les actualit\u00e9s\"],\"inLanguage\":\"fr-FR\",\"potentialAction\":[{\"@type\":\"CommentAction\",\"name\":\"Comment\",\"target\":[\"https:\/\/www.africa-press.net\/senegal\/sports\/coupe-caf-lusma-face-a-lasec-berkane-au-mali-les-affiches-de-la-4e-journee#respond\"]}]},{\"@type\":\"WebPage\",\"@id\":\"https:\/\/www.africa-press.net\/senegal\/sports\/coupe-caf-lusma-face-a-lasec-berkane-au-mali-les-affiches-de-la-4e-journee\",\"url\":\"https:\/\/www.africa-press.net\/senegal\/sports\/coupe-caf-lusma-face-a-lasec-berkane-au-mali-les-affiches-de-la-4e-journee\",\"name\":\"Coupe CAF : L\u2019USMA Face \u00e0 L\u2019Asec, Berkane au Mali, les Affiches de la 4E Journ\u00e9e - Senegal\",\"isPartOf\":{\"@id\":\"https:\/\/www.africa-press.net\/senegal\/#website\"},\"primaryImageOfPage\":{\"@id\":\"https:\/\/www.africa-press.net\/senegal\/sports\/coupe-caf-lusma-face-a-lasec-berkane-au-mali-les-affiches-de-la-4e-journee#primaryimage\"},\"image\":{\"@id\":\"https:\/\/www.africa-press.net\/senegal\/sports\/coupe-caf-lusma-face-a-lasec-berkane-au-mali-les-affiches-de-la-4e-journee#primaryimage\"},\"thumbnailUrl\":\"https:\/\/static.africa-press.net\/senegal\/sites\/13\/2025\/01\/sm_1735875593.725229.jpg\",\"datePublished\":\"2025-01-02T18:15:20+00:00\",\"dateModified\":\"2025-01-03T15:35:55+00:00\",\"author\":{\"@id\":\"https:\/\/www.africa-press.net\/senegal\/#\/schema\/person\/2b1cf3cd81a31e3cd26889ca66d677f1\"},\"description\":\"La quatrie\u0300me journe\u0301e de la phase de groupes de la Coupe de la CAF se tiendra le dimanche 5 janvier 2025, avec plusieur ...\",\"breadcrumb\":{\"@id\":\"https:\/\/www.africa-press.net\/senegal\/sports\/coupe-caf-lusma-face-a-lasec-berkane-au-mali-les-affiches-de-la-4e-journee#breadcrumb\"},\"inLanguage\":\"fr-FR\",\"potentialAction\":[{\"@type\":\"ReadAction\",\"target\":[\"https:\/\/www.africa-press.net\/senegal\/sports\/coupe-caf-lusma-face-a-lasec-berkane-au-mali-les-affiches-de-la-4e-journee\"]}]},{\"@type\":\"ImageObject\",\"inLanguage\":\"fr-FR\",\"@id\":\"https:\/\/www.africa-press.net\/senegal\/sports\/coupe-caf-lusma-face-a-lasec-berkane-au-mali-les-affiches-de-la-4e-journee#primaryimage\",\"url\":\"https:\/\/static.africa-press.net\/senegal\/sites\/13\/2025\/01\/sm_1735875593.725229.jpg\",\"contentUrl\":\"https:\/\/static.africa-press.net\/senegal\/sites\/13\/2025\/01\/sm_1735875593.725229.jpg\",\"width\":737,\"height\":540,\"caption\":\"Coupe CAF : L\u2019USMA Face \u00e0 L\u2019Asec, Berkane au Mali, les Affiches de la 4E Journ\u00e9e\"},{\"@type\":\"BreadcrumbList\",\"@id\":\"https:\/\/www.africa-press.net\/senegal\/sports\/coupe-caf-lusma-face-a-lasec-berkane-au-mali-les-affiches-de-la-4e-journee#breadcrumb\",\"itemListElement\":[{\"@type\":\"ListItem\",\"position\":1,\"name\":\"Accueil\",\"item\":\"https:\/\/www.africa-press.net\/senegal\/\"},{\"@type\":\"ListItem\",\"position\":2,\"name\":\"Coupe CAF : L\u2019USMA Face \u00e0 L\u2019Asec, Berkane au Mali, les Affiches de la 4E Journ\u00e9e\"}]},{\"@type\":\"WebSite\",\"@id\":\"https:\/\/www.africa-press.net\/senegal\/#website\",\"url\":\"https:\/\/www.africa-press.net\/senegal\/\",\"name\":\"Africa Press | Senegal | Homepage\",\"description\":\"Just another Africa News Agency Sites site\",\"potentialAction\":[{\"@type\":\"SearchAction\",\"target\":{\"@type\":\"EntryPoint\",\"urlTemplate\":\"https:\/\/www.africa-press.net\/senegal\/?s={search_term_string}\"},\"query-input\":{\"@type\":\"PropertyValueSpecification\",\"valueRequired\":true,\"valueName\":\"search_term_string\"}}],\"inLanguage\":\"fr-FR\"},{\"@type\":\"Person\",\"@id\":\"https:\/\/www.africa-press.net\/senegal\/#\/schema\/person\/2b1cf3cd81a31e3cd26889ca66d677f1\",\"name\":\"cfeditorfr\",\"url\":\"https:\/\/www.africa-press.net\/senegal\/author\/cfeditorfr\"}]}<\/script>\n<!-- \/ Yoast SEO Premium plugin. -->","yoast_head_json":{"title":"Coupe CAF : L\u2019USMA Face \u00e0 L\u2019Asec, Berkane au Mali, les Affiches de la 4E Journ\u00e9e - Senegal","description":"La quatrie\u0300me journe\u0301e de la phase de groupes de la Coupe de la CAF se tiendra le dimanche 5 janvier 2025, avec plusieur ...","robots":{"index":"index","follow":"follow","max-snippet":"max-snippet:-1","max-image-preview":"max-image-preview:large","max-video-preview":"max-video-preview:-1"},"canonical":"https:\/\/www.africa-press.net\/senegal\/sports\/coupe-caf-lusma-face-a-lasec-berkane-au-mali-les-affiches-de-la-4e-journee","og_locale":"fr_FR","og_type":"article","og_title":"Coupe CAF : L\u2019USMA Face \u00e0 L\u2019Asec, Berkane au Mali, les Affiches de la 4E Journ\u00e9e","og_description":"La quatrie\u0300me journe\u0301e de la phase de groupes de la Coupe de la CAF se tiendra le dimanche 5 janvier 2025, avec plusieur ...","og_url":"https:\/\/www.africa-press.net\/senegal\/sports\/coupe-caf-lusma-face-a-lasec-berkane-au-mali-les-affiches-de-la-4e-journee","og_site_name":"Senegal","article_published_time":"2025-01-02T18:15:20+00:00","article_modified_time":"2025-01-03T15:35:55+00:00","og_image":[{"width":737,"height":540,"url":"https:\/\/static.africa-press.net\/senegal\/sites\/13\/2025\/01\/sm_1735875593.725229.jpg","type":"image\/jpeg"}],"author":"cfeditorfr","twitter_card":"summary_large_image","twitter_misc":{"\u00c9crit par":"cfeditorfr","Dur\u00e9e de lecture estim\u00e9e":"2 minutes"},"schema":{"@context":"https:\/\/schema.org","@graph":[{"@type":"Article","@id":"https:\/\/www.africa-press.net\/senegal\/sports\/coupe-caf-lusma-face-a-lasec-berkane-au-mali-les-affiches-de-la-4e-journee#article","isPartOf":{"@id":"https:\/\/www.africa-press.net\/senegal\/sports\/coupe-caf-lusma-face-a-lasec-berkane-au-mali-les-affiches-de-la-4e-journee"},"author":{"name":"cfeditorfr","@id":"https:\/\/www.africa-press.net\/senegal\/#\/schema\/person\/2b1cf3cd81a31e3cd26889ca66d677f1"},"headline":"Coupe CAF : L\u2019USMA Face \u00e0 L\u2019Asec, Berkane au Mali, les Affiches de la 4E Journ\u00e9e","datePublished":"2025-01-02T18:15:20+00:00","dateModified":"2025-01-03T15:35:55+00:00","mainEntityOfPage":{"@id":"https:\/\/www.africa-press.net\/senegal\/sports\/coupe-caf-lusma-face-a-lasec-berkane-au-mali-les-affiches-de-la-4e-journee"},"wordCount":193,"commentCount":0,"image":{"@id":"https:\/\/www.africa-press.net\/senegal\/sports\/coupe-caf-lusma-face-a-lasec-berkane-au-mali-les-affiches-de-la-4e-journee#primaryimage"},"thumbnailUrl":"https:\/\/static.africa-press.net\/senegal\/sites\/13\/2025\/01\/sm_1735875593.725229.jpg","keywords":["Senegal"],"articleSection":["Sports","Toutes les actualit\u00e9s"],"inLanguage":"fr-FR","potentialAction":[{"@type":"CommentAction","name":"Comment","target":["https:\/\/www.africa-press.net\/senegal\/sports\/coupe-caf-lusma-face-a-lasec-berkane-au-mali-les-affiches-de-la-4e-journee#respond"]}]},{"@type":"WebPage","@id":"https:\/\/www.africa-press.net\/senegal\/sports\/coupe-caf-lusma-face-a-lasec-berkane-au-mali-les-affiches-de-la-4e-journee","url":"https:\/\/www.africa-press.net\/senegal\/sports\/coupe-caf-lusma-face-a-lasec-berkane-au-mali-les-affiches-de-la-4e-journee","name":"Coupe CAF : L\u2019USMA Face \u00e0 L\u2019Asec, Berkane au Mali, les Affiches de la 4E Journ\u00e9e - Senegal","isPartOf":{"@id":"https:\/\/www.africa-press.net\/senegal\/#website"},"primaryImageOfPage":{"@id":"https:\/\/www.africa-press.net\/senegal\/sports\/coupe-caf-lusma-face-a-lasec-berkane-au-mali-les-affiches-de-la-4e-journee#primaryimage"},"image":{"@id":"https:\/\/www.africa-press.net\/senegal\/sports\/coupe-caf-lusma-face-a-lasec-berkane-au-mali-les-affiches-de-la-4e-journee#primaryimage"},"thumbnailUrl":"https:\/\/static.africa-press.net\/senegal\/sites\/13\/2025\/01\/sm_1735875593.725229.jpg","datePublished":"2025-01-02T18:15:20+00:00","dateModified":"2025-01-03T15:35:55+00:00","author":{"@id":"https:\/\/www.africa-press.net\/senegal\/#\/schema\/person\/2b1cf3cd81a31e3cd26889ca66d677f1"},"description":"La quatrie\u0300me journe\u0301e de la phase de groupes de la Coupe de la CAF se tiendra le dimanche 5 janvier 2025, avec plusieur ...","breadcrumb":{"@id":"https:\/\/www.africa-press.net\/senegal\/sports\/coupe-caf-lusma-face-a-lasec-berkane-au-mali-les-affiches-de-la-4e-journee#breadcrumb"},"inLanguage":"fr-FR","potentialAction":[{"@type":"ReadAction","target":["https:\/\/www.africa-press.net\/senegal\/sports\/coupe-caf-lusma-face-a-lasec-berkane-au-mali-les-affiches-de-la-4e-journee"]}]},{"@type":"ImageObject","inLanguage":"fr-FR","@id":"https:\/\/www.africa-press.net\/senegal\/sports\/coupe-caf-lusma-face-a-lasec-berkane-au-mali-les-affiches-de-la-4e-journee#primaryimage","url":"https:\/\/static.africa-press.net\/senegal\/sites\/13\/2025\/01\/sm_1735875593.725229.jpg","contentUrl":"https:\/\/static.africa-press.net\/senegal\/sites\/13\/2025\/01\/sm_1735875593.725229.jpg","width":737,"height":540,"caption":"Coupe CAF : L\u2019USMA Face \u00e0 L\u2019Asec, Berkane au Mali, les Affiches de la 4E Journ\u00e9e"},{"@type":"BreadcrumbList","@id":"https:\/\/www.africa-press.net\/senegal\/sports\/coupe-caf-lusma-face-a-lasec-berkane-au-mali-les-affiches-de-la-4e-journee#breadcrumb","itemListElement":[{"@type":"ListItem","position":1,"name":"Accueil","item":"https:\/\/www.africa-press.net\/senegal\/"},{"@type":"ListItem","position":2,"name":"Coupe CAF : L\u2019USMA Face \u00e0 L\u2019Asec, Berkane au Mali, les Affiches de la 4E Journ\u00e9e"}]},{"@type":"WebSite","@id":"https:\/\/www.africa-press.net\/senegal\/#website","url":"https:\/\/www.africa-press.net\/senegal\/","name":"Africa Press | Senegal | Homepage","description":"Just another Africa News Agency Sites site","potentialAction":[{"@type":"SearchAction","target":{"@type":"EntryPoint","urlTemplate":"https:\/\/www.africa-press.net\/senegal\/?s={search_term_string}"},"query-input":{"@type":"PropertyValueSpecification","valueRequired":true,"valueName":"search_term_string"}}],"inLanguage":"fr-FR"},{"@type":"Person","@id":"https:\/\/www.africa-press.net\/senegal\/#\/schema\/person\/2b1cf3cd81a31e3cd26889ca66d677f1","name":"cfeditorfr","url":"https:\/\/www.africa-press.net\/senegal\/author\/cfeditorfr"}]}},"_links":{"self":[{"href":"https:\/\/www.africa-press.net\/senegal\/wp-json\/wp\/v2\/posts\/64508","targetHints":{"allow":["GET"]}}],"collection":[{"href":"https:\/\/www.africa-press.net\/senegal\/wp-json\/wp\/v2\/posts"}],"about":[{"href":"https:\/\/www.africa-press.net\/senegal\/wp-json\/wp\/v2\/types\/post"}],"author":[{"embeddable":true,"href":"https:\/\/www.africa-press.net\/senegal\/wp-json\/wp\/v2\/users\/82"}],"replies":[{"embeddable":true,"href":"https:\/\/www.africa-press.net\/senegal\/wp-json\/wp\/v2\/comments?post=64508"}],"version-history":[{"count":0,"href":"https:\/\/www.africa-press.net\/senegal\/wp-json\/wp\/v2\/posts\/64508\/revisions"}],"wp:featuredmedia":[{"embeddable":true,"href":"https:\/\/www.africa-press.net\/senegal\/wp-json\/wp\/v2\/media\/64507"}],"wp:attachment":[{"href":"https:\/\/www.africa-press.net\/senegal\/wp-json\/wp\/v2\/media?parent=64508"}],"wp:term":[{"taxonomy":"category","embeddable":true,"href":"https:\/\/www.africa-press.net\/senegal\/wp-json\/wp\/v2\/categories?post=64508"},{"taxonomy":"post_tag","embeddable":true,"href":"https:\/\/www.africa-press.net\/senegal\/wp-json\/wp\/v2\/tags?post=64508"}],"curies":[{"name":"wp","href":"https:\/\/api.w.org\/{rel}","templated":true}]}}