{"id":64513,"date":"2025-01-02T21:34:43","date_gmt":"2025-01-02T21:34:43","guid":{"rendered":"https:\/\/www.africa-press.net\/senegal\/politique\/ldc-caf-4e-journee-al-ahly-a-un-pas-du-second-tour"},"modified":"2025-01-03T15:40:03","modified_gmt":"2025-01-03T15:40:03","slug":"ldc-caf-4e-journee-al-ahly-a-un-pas-du-second-tour","status":"publish","type":"post","link":"https:\/\/www.africa-press.net\/senegal\/sports\/ldc-caf-4e-journee-al-ahly-a-un-pas-du-second-tour","title":{"rendered":"LDC CAF \/ 4\u00e8 Journ\u00e9e : Al Ahly \u00e0 un pas du Second Tour"},"content":{"rendered":"<p><span style=\"color: #ff6600\"><strong>Africa-Press &#8211; Senegal. <\/strong><\/span>Al Ahly affronte, vendredi, en ouverture de la 4e\u0300 journe\u0301e de la ligue africaine des champions le CR Belouizdad. Le club e\u0301gyptien, avec 7 points, est leader du groupe C devant Orlando Pirates (5 points), CR Belouizdad (3 points) et le Stade d\u2019Abidjan (1 point). Le CR Belouizdad s\u2019e\u0301tait lourdement incline\u0301 lors de la 3e\u0300 journe\u0301e (1-6) au Caire.<\/p>\n<p>Al Ahly, club le plus titre\u0301 d\u2019Afrique et double champion en titre, tient a\u0300 garder terminer invaincu la phase de groupes.<\/p>\n<p><strong>Pour plus d&rsquo;informations et d&rsquo;analyses sur la <span style=\"color: #ff6600\">Senegal<\/span>, suivez <span style=\"color: #ff6600\">Africa-Press<\/span><\/strong><\/p>\n","protected":false},"excerpt":{"rendered":"<p>Africa-Press &#8211; Senegal. Al Ahly affronte, vendredi, en ouverture de la 4e\u0300 journe\u0301e de la ligue africaine des champions le CR Belouizdad. Le club e\u0301gyptien, avec 7 points, est leader du groupe C devant Orlando Pirates (5 points), CR Belouizdad (3 points) et le Stade d\u2019Abidjan (1 point). Le CR Belouizdad s\u2019e\u0301tait lourdement incline\u0301 lors [&hellip;]<\/p>\n","protected":false},"author":82,"featured_media":64512,"comment_status":"open","ping_status":"closed","sticky":false,"template":"","format":"standard","meta":{"footnotes":""},"categories":[6,10],"tags":[44],"class_list":["post-64513","post","type-post","status-publish","format-standard","has-post-thumbnail","hentry","category-sports","category-toutes-les-actualites","tag-senegal-2"],"yoast_head":"<!-- This site is optimized with the Yoast SEO Premium plugin v26.1 (Yoast SEO v27.0) - https:\/\/yoast.com\/product\/yoast-seo-premium-wordpress\/ -->\n<title>LDC CAF \/ 4\u00e8 Journ\u00e9e : Al Ahly \u00e0 un pas du Second Tour - Senegal<\/title>\n<meta name=\"description\" content=\"Al Ahly affronte, vendredi, en ouverture de la 4e\u0300 journe\u0301e de la ligue africaine des champions le CR Belouizdad. Le clu ...\" \/>\n<meta name=\"robots\" content=\"index, follow, max-snippet:-1, max-image-preview:large, max-video-preview:-1\" \/>\n<link rel=\"canonical\" href=\"https:\/\/www.africa-press.net\/senegal\/sports\/ldc-caf-4e-journee-al-ahly-a-un-pas-du-second-tour\" \/>\n<meta property=\"og:locale\" content=\"fr_FR\" \/>\n<meta property=\"og:type\" content=\"article\" \/>\n<meta property=\"og:title\" content=\"LDC CAF \/ 4\u00e8 Journ\u00e9e : Al Ahly \u00e0 un pas du Second Tour\" \/>\n<meta property=\"og:description\" content=\"Al Ahly affronte, vendredi, en ouverture de la 4e\u0300 journe\u0301e de la ligue africaine des champions le CR Belouizdad. Le clu ...\" \/>\n<meta property=\"og:url\" content=\"https:\/\/www.africa-press.net\/senegal\/sports\/ldc-caf-4e-journee-al-ahly-a-un-pas-du-second-tour\" \/>\n<meta property=\"og:site_name\" content=\"Senegal\" \/>\n<meta property=\"article:published_time\" content=\"2025-01-02T21:34:43+00:00\" \/>\n<meta property=\"article:modified_time\" content=\"2025-01-03T15:40:03+00:00\" \/>\n<meta property=\"og:image\" content=\"https:\/\/static.africa-press.net\/senegal\/sites\/13\/2025\/01\/sm_1735875803.223931.jpg\" \/>\n\t<meta property=\"og:image:width\" content=\"1728\" \/>\n\t<meta property=\"og:image:height\" content=\"1152\" \/>\n\t<meta property=\"og:image:type\" content=\"image\/jpeg\" \/>\n<meta name=\"author\" content=\"cfeditorfr\" \/>\n<meta name=\"twitter:card\" content=\"summary_large_image\" \/>\n<meta name=\"twitter:label1\" content=\"\u00c9crit par\" \/>\n\t<meta name=\"twitter:data1\" content=\"cfeditorfr\" \/>\n\t<meta name=\"twitter:label2\" content=\"Dur\u00e9e de lecture estim\u00e9e\" \/>\n\t<meta name=\"twitter:data2\" content=\"1 minute\" \/>\n<script type=\"application\/ld+json\" class=\"yoast-schema-graph\">{\"@context\":\"https:\/\/schema.org\",\"@graph\":[{\"@type\":\"Article\",\"@id\":\"https:\/\/www.africa-press.net\/senegal\/sports\/ldc-caf-4e-journee-al-ahly-a-un-pas-du-second-tour#article\",\"isPartOf\":{\"@id\":\"https:\/\/www.africa-press.net\/senegal\/sports\/ldc-caf-4e-journee-al-ahly-a-un-pas-du-second-tour\"},\"author\":{\"name\":\"cfeditorfr\",\"@id\":\"https:\/\/www.africa-press.net\/senegal\/#\/schema\/person\/2b1cf3cd81a31e3cd26889ca66d677f1\"},\"headline\":\"LDC CAF \/ 4\u00e8 Journ\u00e9e : Al Ahly \u00e0 un pas du Second Tour\",\"datePublished\":\"2025-01-02T21:34:43+00:00\",\"dateModified\":\"2025-01-03T15:40:03+00:00\",\"mainEntityOfPage\":{\"@id\":\"https:\/\/www.africa-press.net\/senegal\/sports\/ldc-caf-4e-journee-al-ahly-a-un-pas-du-second-tour\"},\"wordCount\":109,\"commentCount\":0,\"image\":{\"@id\":\"https:\/\/www.africa-press.net\/senegal\/sports\/ldc-caf-4e-journee-al-ahly-a-un-pas-du-second-tour#primaryimage\"},\"thumbnailUrl\":\"https:\/\/static.africa-press.net\/senegal\/sites\/13\/2025\/01\/sm_1735875803.223931.jpg\",\"keywords\":[\"Senegal\"],\"articleSection\":[\"Sports\",\"Toutes les actualit\u00e9s\"],\"inLanguage\":\"fr-FR\",\"potentialAction\":[{\"@type\":\"CommentAction\",\"name\":\"Comment\",\"target\":[\"https:\/\/www.africa-press.net\/senegal\/sports\/ldc-caf-4e-journee-al-ahly-a-un-pas-du-second-tour#respond\"]}]},{\"@type\":\"WebPage\",\"@id\":\"https:\/\/www.africa-press.net\/senegal\/sports\/ldc-caf-4e-journee-al-ahly-a-un-pas-du-second-tour\",\"url\":\"https:\/\/www.africa-press.net\/senegal\/sports\/ldc-caf-4e-journee-al-ahly-a-un-pas-du-second-tour\",\"name\":\"LDC CAF \/ 4\u00e8 Journ\u00e9e : Al Ahly \u00e0 un pas du Second Tour - Senegal\",\"isPartOf\":{\"@id\":\"https:\/\/www.africa-press.net\/senegal\/#website\"},\"primaryImageOfPage\":{\"@id\":\"https:\/\/www.africa-press.net\/senegal\/sports\/ldc-caf-4e-journee-al-ahly-a-un-pas-du-second-tour#primaryimage\"},\"image\":{\"@id\":\"https:\/\/www.africa-press.net\/senegal\/sports\/ldc-caf-4e-journee-al-ahly-a-un-pas-du-second-tour#primaryimage\"},\"thumbnailUrl\":\"https:\/\/static.africa-press.net\/senegal\/sites\/13\/2025\/01\/sm_1735875803.223931.jpg\",\"datePublished\":\"2025-01-02T21:34:43+00:00\",\"dateModified\":\"2025-01-03T15:40:03+00:00\",\"author\":{\"@id\":\"https:\/\/www.africa-press.net\/senegal\/#\/schema\/person\/2b1cf3cd81a31e3cd26889ca66d677f1\"},\"description\":\"Al Ahly affronte, vendredi, en ouverture de la 4e\u0300 journe\u0301e de la ligue africaine des champions le CR Belouizdad. Le clu ...\",\"breadcrumb\":{\"@id\":\"https:\/\/www.africa-press.net\/senegal\/sports\/ldc-caf-4e-journee-al-ahly-a-un-pas-du-second-tour#breadcrumb\"},\"inLanguage\":\"fr-FR\",\"potentialAction\":[{\"@type\":\"ReadAction\",\"target\":[\"https:\/\/www.africa-press.net\/senegal\/sports\/ldc-caf-4e-journee-al-ahly-a-un-pas-du-second-tour\"]}]},{\"@type\":\"ImageObject\",\"inLanguage\":\"fr-FR\",\"@id\":\"https:\/\/www.africa-press.net\/senegal\/sports\/ldc-caf-4e-journee-al-ahly-a-un-pas-du-second-tour#primaryimage\",\"url\":\"https:\/\/static.africa-press.net\/senegal\/sites\/13\/2025\/01\/sm_1735875803.223931.jpg\",\"contentUrl\":\"https:\/\/static.africa-press.net\/senegal\/sites\/13\/2025\/01\/sm_1735875803.223931.jpg\",\"width\":1728,\"height\":1152,\"caption\":\"LDC CAF \/ 4\u00e8 Journ\u00e9e : Al Ahly \u00e0 un pas du Second Tour\"},{\"@type\":\"BreadcrumbList\",\"@id\":\"https:\/\/www.africa-press.net\/senegal\/sports\/ldc-caf-4e-journee-al-ahly-a-un-pas-du-second-tour#breadcrumb\",\"itemListElement\":[{\"@type\":\"ListItem\",\"position\":1,\"name\":\"Accueil\",\"item\":\"https:\/\/www.africa-press.net\/senegal\/\"},{\"@type\":\"ListItem\",\"position\":2,\"name\":\"LDC CAF \/ 4\u00e8 Journ\u00e9e : Al Ahly \u00e0 un pas du Second Tour\"}]},{\"@type\":\"WebSite\",\"@id\":\"https:\/\/www.africa-press.net\/senegal\/#website\",\"url\":\"https:\/\/www.africa-press.net\/senegal\/\",\"name\":\"Africa Press | Senegal | Homepage\",\"description\":\"Just another Africa News Agency Sites site\",\"potentialAction\":[{\"@type\":\"SearchAction\",\"target\":{\"@type\":\"EntryPoint\",\"urlTemplate\":\"https:\/\/www.africa-press.net\/senegal\/?s={search_term_string}\"},\"query-input\":{\"@type\":\"PropertyValueSpecification\",\"valueRequired\":true,\"valueName\":\"search_term_string\"}}],\"inLanguage\":\"fr-FR\"},{\"@type\":\"Person\",\"@id\":\"https:\/\/www.africa-press.net\/senegal\/#\/schema\/person\/2b1cf3cd81a31e3cd26889ca66d677f1\",\"name\":\"cfeditorfr\",\"url\":\"https:\/\/www.africa-press.net\/senegal\/author\/cfeditorfr\"}]}<\/script>\n<!-- \/ Yoast SEO Premium plugin. -->","yoast_head_json":{"title":"LDC CAF \/ 4\u00e8 Journ\u00e9e : Al Ahly \u00e0 un pas du Second Tour - Senegal","description":"Al Ahly affronte, vendredi, en ouverture de la 4e\u0300 journe\u0301e de la ligue africaine des champions le CR Belouizdad. Le clu ...","robots":{"index":"index","follow":"follow","max-snippet":"max-snippet:-1","max-image-preview":"max-image-preview:large","max-video-preview":"max-video-preview:-1"},"canonical":"https:\/\/www.africa-press.net\/senegal\/sports\/ldc-caf-4e-journee-al-ahly-a-un-pas-du-second-tour","og_locale":"fr_FR","og_type":"article","og_title":"LDC CAF \/ 4\u00e8 Journ\u00e9e : Al Ahly \u00e0 un pas du Second Tour","og_description":"Al Ahly affronte, vendredi, en ouverture de la 4e\u0300 journe\u0301e de la ligue africaine des champions le CR Belouizdad. Le clu ...","og_url":"https:\/\/www.africa-press.net\/senegal\/sports\/ldc-caf-4e-journee-al-ahly-a-un-pas-du-second-tour","og_site_name":"Senegal","article_published_time":"2025-01-02T21:34:43+00:00","article_modified_time":"2025-01-03T15:40:03+00:00","og_image":[{"width":1728,"height":1152,"url":"https:\/\/static.africa-press.net\/senegal\/sites\/13\/2025\/01\/sm_1735875803.223931.jpg","type":"image\/jpeg"}],"author":"cfeditorfr","twitter_card":"summary_large_image","twitter_misc":{"\u00c9crit par":"cfeditorfr","Dur\u00e9e de lecture estim\u00e9e":"1 minute"},"schema":{"@context":"https:\/\/schema.org","@graph":[{"@type":"Article","@id":"https:\/\/www.africa-press.net\/senegal\/sports\/ldc-caf-4e-journee-al-ahly-a-un-pas-du-second-tour#article","isPartOf":{"@id":"https:\/\/www.africa-press.net\/senegal\/sports\/ldc-caf-4e-journee-al-ahly-a-un-pas-du-second-tour"},"author":{"name":"cfeditorfr","@id":"https:\/\/www.africa-press.net\/senegal\/#\/schema\/person\/2b1cf3cd81a31e3cd26889ca66d677f1"},"headline":"LDC CAF \/ 4\u00e8 Journ\u00e9e : Al Ahly \u00e0 un pas du Second Tour","datePublished":"2025-01-02T21:34:43+00:00","dateModified":"2025-01-03T15:40:03+00:00","mainEntityOfPage":{"@id":"https:\/\/www.africa-press.net\/senegal\/sports\/ldc-caf-4e-journee-al-ahly-a-un-pas-du-second-tour"},"wordCount":109,"commentCount":0,"image":{"@id":"https:\/\/www.africa-press.net\/senegal\/sports\/ldc-caf-4e-journee-al-ahly-a-un-pas-du-second-tour#primaryimage"},"thumbnailUrl":"https:\/\/static.africa-press.net\/senegal\/sites\/13\/2025\/01\/sm_1735875803.223931.jpg","keywords":["Senegal"],"articleSection":["Sports","Toutes les actualit\u00e9s"],"inLanguage":"fr-FR","potentialAction":[{"@type":"CommentAction","name":"Comment","target":["https:\/\/www.africa-press.net\/senegal\/sports\/ldc-caf-4e-journee-al-ahly-a-un-pas-du-second-tour#respond"]}]},{"@type":"WebPage","@id":"https:\/\/www.africa-press.net\/senegal\/sports\/ldc-caf-4e-journee-al-ahly-a-un-pas-du-second-tour","url":"https:\/\/www.africa-press.net\/senegal\/sports\/ldc-caf-4e-journee-al-ahly-a-un-pas-du-second-tour","name":"LDC CAF \/ 4\u00e8 Journ\u00e9e : Al Ahly \u00e0 un pas du Second Tour - Senegal","isPartOf":{"@id":"https:\/\/www.africa-press.net\/senegal\/#website"},"primaryImageOfPage":{"@id":"https:\/\/www.africa-press.net\/senegal\/sports\/ldc-caf-4e-journee-al-ahly-a-un-pas-du-second-tour#primaryimage"},"image":{"@id":"https:\/\/www.africa-press.net\/senegal\/sports\/ldc-caf-4e-journee-al-ahly-a-un-pas-du-second-tour#primaryimage"},"thumbnailUrl":"https:\/\/static.africa-press.net\/senegal\/sites\/13\/2025\/01\/sm_1735875803.223931.jpg","datePublished":"2025-01-02T21:34:43+00:00","dateModified":"2025-01-03T15:40:03+00:00","author":{"@id":"https:\/\/www.africa-press.net\/senegal\/#\/schema\/person\/2b1cf3cd81a31e3cd26889ca66d677f1"},"description":"Al Ahly affronte, vendredi, en ouverture de la 4e\u0300 journe\u0301e de la ligue africaine des champions le CR Belouizdad. Le clu ...","breadcrumb":{"@id":"https:\/\/www.africa-press.net\/senegal\/sports\/ldc-caf-4e-journee-al-ahly-a-un-pas-du-second-tour#breadcrumb"},"inLanguage":"fr-FR","potentialAction":[{"@type":"ReadAction","target":["https:\/\/www.africa-press.net\/senegal\/sports\/ldc-caf-4e-journee-al-ahly-a-un-pas-du-second-tour"]}]},{"@type":"ImageObject","inLanguage":"fr-FR","@id":"https:\/\/www.africa-press.net\/senegal\/sports\/ldc-caf-4e-journee-al-ahly-a-un-pas-du-second-tour#primaryimage","url":"https:\/\/static.africa-press.net\/senegal\/sites\/13\/2025\/01\/sm_1735875803.223931.jpg","contentUrl":"https:\/\/static.africa-press.net\/senegal\/sites\/13\/2025\/01\/sm_1735875803.223931.jpg","width":1728,"height":1152,"caption":"LDC CAF \/ 4\u00e8 Journ\u00e9e : Al Ahly \u00e0 un pas du Second Tour"},{"@type":"BreadcrumbList","@id":"https:\/\/www.africa-press.net\/senegal\/sports\/ldc-caf-4e-journee-al-ahly-a-un-pas-du-second-tour#breadcrumb","itemListElement":[{"@type":"ListItem","position":1,"name":"Accueil","item":"https:\/\/www.africa-press.net\/senegal\/"},{"@type":"ListItem","position":2,"name":"LDC CAF \/ 4\u00e8 Journ\u00e9e : Al Ahly \u00e0 un pas du Second Tour"}]},{"@type":"WebSite","@id":"https:\/\/www.africa-press.net\/senegal\/#website","url":"https:\/\/www.africa-press.net\/senegal\/","name":"Africa Press | Senegal | Homepage","description":"Just another Africa News Agency Sites site","potentialAction":[{"@type":"SearchAction","target":{"@type":"EntryPoint","urlTemplate":"https:\/\/www.africa-press.net\/senegal\/?s={search_term_string}"},"query-input":{"@type":"PropertyValueSpecification","valueRequired":true,"valueName":"search_term_string"}}],"inLanguage":"fr-FR"},{"@type":"Person","@id":"https:\/\/www.africa-press.net\/senegal\/#\/schema\/person\/2b1cf3cd81a31e3cd26889ca66d677f1","name":"cfeditorfr","url":"https:\/\/www.africa-press.net\/senegal\/author\/cfeditorfr"}]}},"_links":{"self":[{"href":"https:\/\/www.africa-press.net\/senegal\/wp-json\/wp\/v2\/posts\/64513","targetHints":{"allow":["GET"]}}],"collection":[{"href":"https:\/\/www.africa-press.net\/senegal\/wp-json\/wp\/v2\/posts"}],"about":[{"href":"https:\/\/www.africa-press.net\/senegal\/wp-json\/wp\/v2\/types\/post"}],"author":[{"embeddable":true,"href":"https:\/\/www.africa-press.net\/senegal\/wp-json\/wp\/v2\/users\/82"}],"replies":[{"embeddable":true,"href":"https:\/\/www.africa-press.net\/senegal\/wp-json\/wp\/v2\/comments?post=64513"}],"version-history":[{"count":0,"href":"https:\/\/www.africa-press.net\/senegal\/wp-json\/wp\/v2\/posts\/64513\/revisions"}],"wp:featuredmedia":[{"embeddable":true,"href":"https:\/\/www.africa-press.net\/senegal\/wp-json\/wp\/v2\/media\/64512"}],"wp:attachment":[{"href":"https:\/\/www.africa-press.net\/senegal\/wp-json\/wp\/v2\/media?parent=64513"}],"wp:term":[{"taxonomy":"category","embeddable":true,"href":"https:\/\/www.africa-press.net\/senegal\/wp-json\/wp\/v2\/categories?post=64513"},{"taxonomy":"post_tag","embeddable":true,"href":"https:\/\/www.africa-press.net\/senegal\/wp-json\/wp\/v2\/tags?post=64513"}],"curies":[{"name":"wp","href":"https:\/\/api.w.org\/{rel}","templated":true}]}}