{"id":64546,"date":"2025-01-03T17:22:16","date_gmt":"2025-01-03T17:22:16","guid":{"rendered":"https:\/\/www.africa-press.net\/senegal\/politique\/le-ghana-introduit-lexemption-de-visa-pour-tous-les-africains"},"modified":"2025-01-04T09:44:58","modified_gmt":"2025-01-04T09:44:58","slug":"le-ghana-introduit-lexemption-de-visa-pour-tous-les-africains","status":"publish","type":"post","link":"https:\/\/www.africa-press.net\/senegal\/politique\/le-ghana-introduit-lexemption-de-visa-pour-tous-les-africains","title":{"rendered":"Le Ghana Introduit L&rsquo;Exemption de Visa pour Tous les Africains"},"content":{"rendered":"<p><span style=\"color: #ff6600\"><strong>Africa-Press &#8211; Senegal. <\/strong><\/span>Depuis le 1er janvier 2025, le Ghana applique officiellement une exemption de visa pour tous les citoyens africains. Cette de\u0301cision s&rsquo;inscrit dans les objectifs de la Zone de Libre-E\u0301change Continentale Africaine (ZLECAF).<\/p>\n<p>Le Ghana devient ainsi le cinquie\u0300me pays africain a\u0300 adopter cette politique, rejoignant le Rwanda, les Seychelles, la Gambie et le Be\u0301nin. Cette initiative vise a\u0300 simplifier les de\u0301placements et a\u0300 renforcer les liens entre les nations du continent, conforme\u0301ment aux de\u0301clarations du pre\u0301sident Nana Akufo-Addo lors du dialogue sur la prospe\u0301rite\u0301 en Afrique en janvier 2024.<\/p>\n<p><strong>Pour plus d&rsquo;informations et d&rsquo;analyses sur la <span style=\"color: #ff6600\">Senegal<\/span>, suivez <span style=\"color: #ff6600\">Africa-Press<\/span><\/strong><\/p>\n","protected":false},"excerpt":{"rendered":"<p>Africa-Press &#8211; Senegal. Depuis le 1er janvier 2025, le Ghana applique officiellement une exemption de visa pour tous les citoyens africains. Cette de\u0301cision s&rsquo;inscrit dans les objectifs de la Zone de Libre-E\u0301change Continentale Africaine (ZLECAF). Le Ghana devient ainsi le cinquie\u0300me pays africain a\u0300 adopter cette politique, rejoignant le Rwanda, les Seychelles, la Gambie et [&hellip;]<\/p>\n","protected":false},"author":82,"featured_media":64545,"comment_status":"open","ping_status":"closed","sticky":false,"template":"","format":"standard","meta":{"footnotes":""},"categories":[2,10],"tags":[44],"class_list":["post-64546","post","type-post","status-publish","format-standard","has-post-thumbnail","hentry","category-politique","category-toutes-les-actualites","tag-senegal-2"],"yoast_head":"<!-- This site is optimized with the Yoast SEO Premium plugin v26.1 (Yoast SEO v27.0) - https:\/\/yoast.com\/product\/yoast-seo-premium-wordpress\/ -->\n<title>Le Ghana Introduit L&#039;Exemption de Visa pour Tous les Africains - Senegal<\/title>\n<meta name=\"description\" content=\"Depuis le 1er janvier 2025, le Ghana applique officiellement une exemption de visa pour tous les citoyens africains. Cet ...\" \/>\n<meta name=\"robots\" content=\"index, follow, max-snippet:-1, max-image-preview:large, max-video-preview:-1\" \/>\n<link rel=\"canonical\" href=\"https:\/\/www.africa-press.net\/senegal\/politique\/le-ghana-introduit-lexemption-de-visa-pour-tous-les-africains\" \/>\n<meta property=\"og:locale\" content=\"fr_FR\" \/>\n<meta property=\"og:type\" content=\"article\" \/>\n<meta property=\"og:title\" content=\"Le Ghana Introduit L&#039;Exemption de Visa pour Tous les Africains\" \/>\n<meta property=\"og:description\" content=\"Depuis le 1er janvier 2025, le Ghana applique officiellement une exemption de visa pour tous les citoyens africains. Cet ...\" \/>\n<meta property=\"og:url\" content=\"https:\/\/www.africa-press.net\/senegal\/politique\/le-ghana-introduit-lexemption-de-visa-pour-tous-les-africains\" \/>\n<meta property=\"og:site_name\" content=\"Senegal\" \/>\n<meta property=\"article:published_time\" content=\"2025-01-03T17:22:16+00:00\" \/>\n<meta property=\"article:modified_time\" content=\"2025-01-04T09:44:58+00:00\" \/>\n<meta property=\"og:image\" content=\"https:\/\/static.africa-press.net\/senegal\/sites\/13\/2025\/01\/sm_1735971081.710735.jpg\" \/>\n\t<meta property=\"og:image:width\" content=\"1439\" \/>\n\t<meta property=\"og:image:height\" content=\"804\" \/>\n\t<meta property=\"og:image:type\" content=\"image\/jpeg\" \/>\n<meta name=\"author\" content=\"cfeditorfr\" \/>\n<meta name=\"twitter:card\" content=\"summary_large_image\" \/>\n<meta name=\"twitter:label1\" content=\"\u00c9crit par\" \/>\n\t<meta name=\"twitter:data1\" content=\"cfeditorfr\" \/>\n\t<meta name=\"twitter:label2\" content=\"Dur\u00e9e de lecture estim\u00e9e\" \/>\n\t<meta name=\"twitter:data2\" content=\"1 minute\" \/>\n<script type=\"application\/ld+json\" class=\"yoast-schema-graph\">{\"@context\":\"https:\/\/schema.org\",\"@graph\":[{\"@type\":\"Article\",\"@id\":\"https:\/\/www.africa-press.net\/senegal\/politique\/le-ghana-introduit-lexemption-de-visa-pour-tous-les-africains#article\",\"isPartOf\":{\"@id\":\"https:\/\/www.africa-press.net\/senegal\/politique\/le-ghana-introduit-lexemption-de-visa-pour-tous-les-africains\"},\"author\":{\"name\":\"cfeditorfr\",\"@id\":\"https:\/\/www.africa-press.net\/senegal\/#\/schema\/person\/2b1cf3cd81a31e3cd26889ca66d677f1\"},\"headline\":\"Le Ghana Introduit L&rsquo;Exemption de Visa pour Tous les Africains\",\"datePublished\":\"2025-01-03T17:22:16+00:00\",\"dateModified\":\"2025-01-04T09:44:58+00:00\",\"mainEntityOfPage\":{\"@id\":\"https:\/\/www.africa-press.net\/senegal\/politique\/le-ghana-introduit-lexemption-de-visa-pour-tous-les-africains\"},\"wordCount\":123,\"commentCount\":0,\"image\":{\"@id\":\"https:\/\/www.africa-press.net\/senegal\/politique\/le-ghana-introduit-lexemption-de-visa-pour-tous-les-africains#primaryimage\"},\"thumbnailUrl\":\"https:\/\/static.africa-press.net\/senegal\/sites\/13\/2025\/01\/sm_1735971081.710735.jpg\",\"keywords\":[\"Senegal\"],\"articleSection\":[\"Politique\",\"Toutes les actualit\u00e9s\"],\"inLanguage\":\"fr-FR\",\"potentialAction\":[{\"@type\":\"CommentAction\",\"name\":\"Comment\",\"target\":[\"https:\/\/www.africa-press.net\/senegal\/politique\/le-ghana-introduit-lexemption-de-visa-pour-tous-les-africains#respond\"]}]},{\"@type\":\"WebPage\",\"@id\":\"https:\/\/www.africa-press.net\/senegal\/politique\/le-ghana-introduit-lexemption-de-visa-pour-tous-les-africains\",\"url\":\"https:\/\/www.africa-press.net\/senegal\/politique\/le-ghana-introduit-lexemption-de-visa-pour-tous-les-africains\",\"name\":\"Le Ghana Introduit L'Exemption de Visa pour Tous les Africains - Senegal\",\"isPartOf\":{\"@id\":\"https:\/\/www.africa-press.net\/senegal\/#website\"},\"primaryImageOfPage\":{\"@id\":\"https:\/\/www.africa-press.net\/senegal\/politique\/le-ghana-introduit-lexemption-de-visa-pour-tous-les-africains#primaryimage\"},\"image\":{\"@id\":\"https:\/\/www.africa-press.net\/senegal\/politique\/le-ghana-introduit-lexemption-de-visa-pour-tous-les-africains#primaryimage\"},\"thumbnailUrl\":\"https:\/\/static.africa-press.net\/senegal\/sites\/13\/2025\/01\/sm_1735971081.710735.jpg\",\"datePublished\":\"2025-01-03T17:22:16+00:00\",\"dateModified\":\"2025-01-04T09:44:58+00:00\",\"author\":{\"@id\":\"https:\/\/www.africa-press.net\/senegal\/#\/schema\/person\/2b1cf3cd81a31e3cd26889ca66d677f1\"},\"description\":\"Depuis le 1er janvier 2025, le Ghana applique officiellement une exemption de visa pour tous les citoyens africains. Cet ...\",\"breadcrumb\":{\"@id\":\"https:\/\/www.africa-press.net\/senegal\/politique\/le-ghana-introduit-lexemption-de-visa-pour-tous-les-africains#breadcrumb\"},\"inLanguage\":\"fr-FR\",\"potentialAction\":[{\"@type\":\"ReadAction\",\"target\":[\"https:\/\/www.africa-press.net\/senegal\/politique\/le-ghana-introduit-lexemption-de-visa-pour-tous-les-africains\"]}]},{\"@type\":\"ImageObject\",\"inLanguage\":\"fr-FR\",\"@id\":\"https:\/\/www.africa-press.net\/senegal\/politique\/le-ghana-introduit-lexemption-de-visa-pour-tous-les-africains#primaryimage\",\"url\":\"https:\/\/static.africa-press.net\/senegal\/sites\/13\/2025\/01\/sm_1735971081.710735.jpg\",\"contentUrl\":\"https:\/\/static.africa-press.net\/senegal\/sites\/13\/2025\/01\/sm_1735971081.710735.jpg\",\"width\":1439,\"height\":804,\"caption\":\"Le Ghana Introduit L'Exemption de Visa pour Tous les Africains\"},{\"@type\":\"BreadcrumbList\",\"@id\":\"https:\/\/www.africa-press.net\/senegal\/politique\/le-ghana-introduit-lexemption-de-visa-pour-tous-les-africains#breadcrumb\",\"itemListElement\":[{\"@type\":\"ListItem\",\"position\":1,\"name\":\"Accueil\",\"item\":\"https:\/\/www.africa-press.net\/senegal\/\"},{\"@type\":\"ListItem\",\"position\":2,\"name\":\"Le Ghana Introduit L&#8217;Exemption de Visa pour Tous les Africains\"}]},{\"@type\":\"WebSite\",\"@id\":\"https:\/\/www.africa-press.net\/senegal\/#website\",\"url\":\"https:\/\/www.africa-press.net\/senegal\/\",\"name\":\"Africa Press | Senegal | Homepage\",\"description\":\"Just another Africa News Agency Sites site\",\"potentialAction\":[{\"@type\":\"SearchAction\",\"target\":{\"@type\":\"EntryPoint\",\"urlTemplate\":\"https:\/\/www.africa-press.net\/senegal\/?s={search_term_string}\"},\"query-input\":{\"@type\":\"PropertyValueSpecification\",\"valueRequired\":true,\"valueName\":\"search_term_string\"}}],\"inLanguage\":\"fr-FR\"},{\"@type\":\"Person\",\"@id\":\"https:\/\/www.africa-press.net\/senegal\/#\/schema\/person\/2b1cf3cd81a31e3cd26889ca66d677f1\",\"name\":\"cfeditorfr\",\"url\":\"https:\/\/www.africa-press.net\/senegal\/author\/cfeditorfr\"}]}<\/script>\n<!-- \/ Yoast SEO Premium plugin. -->","yoast_head_json":{"title":"Le Ghana Introduit L'Exemption de Visa pour Tous les Africains - Senegal","description":"Depuis le 1er janvier 2025, le Ghana applique officiellement une exemption de visa pour tous les citoyens africains. Cet ...","robots":{"index":"index","follow":"follow","max-snippet":"max-snippet:-1","max-image-preview":"max-image-preview:large","max-video-preview":"max-video-preview:-1"},"canonical":"https:\/\/www.africa-press.net\/senegal\/politique\/le-ghana-introduit-lexemption-de-visa-pour-tous-les-africains","og_locale":"fr_FR","og_type":"article","og_title":"Le Ghana Introduit L'Exemption de Visa pour Tous les Africains","og_description":"Depuis le 1er janvier 2025, le Ghana applique officiellement une exemption de visa pour tous les citoyens africains. Cet ...","og_url":"https:\/\/www.africa-press.net\/senegal\/politique\/le-ghana-introduit-lexemption-de-visa-pour-tous-les-africains","og_site_name":"Senegal","article_published_time":"2025-01-03T17:22:16+00:00","article_modified_time":"2025-01-04T09:44:58+00:00","og_image":[{"width":1439,"height":804,"url":"https:\/\/static.africa-press.net\/senegal\/sites\/13\/2025\/01\/sm_1735971081.710735.jpg","type":"image\/jpeg"}],"author":"cfeditorfr","twitter_card":"summary_large_image","twitter_misc":{"\u00c9crit par":"cfeditorfr","Dur\u00e9e de lecture estim\u00e9e":"1 minute"},"schema":{"@context":"https:\/\/schema.org","@graph":[{"@type":"Article","@id":"https:\/\/www.africa-press.net\/senegal\/politique\/le-ghana-introduit-lexemption-de-visa-pour-tous-les-africains#article","isPartOf":{"@id":"https:\/\/www.africa-press.net\/senegal\/politique\/le-ghana-introduit-lexemption-de-visa-pour-tous-les-africains"},"author":{"name":"cfeditorfr","@id":"https:\/\/www.africa-press.net\/senegal\/#\/schema\/person\/2b1cf3cd81a31e3cd26889ca66d677f1"},"headline":"Le Ghana Introduit L&rsquo;Exemption de Visa pour Tous les Africains","datePublished":"2025-01-03T17:22:16+00:00","dateModified":"2025-01-04T09:44:58+00:00","mainEntityOfPage":{"@id":"https:\/\/www.africa-press.net\/senegal\/politique\/le-ghana-introduit-lexemption-de-visa-pour-tous-les-africains"},"wordCount":123,"commentCount":0,"image":{"@id":"https:\/\/www.africa-press.net\/senegal\/politique\/le-ghana-introduit-lexemption-de-visa-pour-tous-les-africains#primaryimage"},"thumbnailUrl":"https:\/\/static.africa-press.net\/senegal\/sites\/13\/2025\/01\/sm_1735971081.710735.jpg","keywords":["Senegal"],"articleSection":["Politique","Toutes les actualit\u00e9s"],"inLanguage":"fr-FR","potentialAction":[{"@type":"CommentAction","name":"Comment","target":["https:\/\/www.africa-press.net\/senegal\/politique\/le-ghana-introduit-lexemption-de-visa-pour-tous-les-africains#respond"]}]},{"@type":"WebPage","@id":"https:\/\/www.africa-press.net\/senegal\/politique\/le-ghana-introduit-lexemption-de-visa-pour-tous-les-africains","url":"https:\/\/www.africa-press.net\/senegal\/politique\/le-ghana-introduit-lexemption-de-visa-pour-tous-les-africains","name":"Le Ghana Introduit L'Exemption de Visa pour Tous les Africains - Senegal","isPartOf":{"@id":"https:\/\/www.africa-press.net\/senegal\/#website"},"primaryImageOfPage":{"@id":"https:\/\/www.africa-press.net\/senegal\/politique\/le-ghana-introduit-lexemption-de-visa-pour-tous-les-africains#primaryimage"},"image":{"@id":"https:\/\/www.africa-press.net\/senegal\/politique\/le-ghana-introduit-lexemption-de-visa-pour-tous-les-africains#primaryimage"},"thumbnailUrl":"https:\/\/static.africa-press.net\/senegal\/sites\/13\/2025\/01\/sm_1735971081.710735.jpg","datePublished":"2025-01-03T17:22:16+00:00","dateModified":"2025-01-04T09:44:58+00:00","author":{"@id":"https:\/\/www.africa-press.net\/senegal\/#\/schema\/person\/2b1cf3cd81a31e3cd26889ca66d677f1"},"description":"Depuis le 1er janvier 2025, le Ghana applique officiellement une exemption de visa pour tous les citoyens africains. Cet ...","breadcrumb":{"@id":"https:\/\/www.africa-press.net\/senegal\/politique\/le-ghana-introduit-lexemption-de-visa-pour-tous-les-africains#breadcrumb"},"inLanguage":"fr-FR","potentialAction":[{"@type":"ReadAction","target":["https:\/\/www.africa-press.net\/senegal\/politique\/le-ghana-introduit-lexemption-de-visa-pour-tous-les-africains"]}]},{"@type":"ImageObject","inLanguage":"fr-FR","@id":"https:\/\/www.africa-press.net\/senegal\/politique\/le-ghana-introduit-lexemption-de-visa-pour-tous-les-africains#primaryimage","url":"https:\/\/static.africa-press.net\/senegal\/sites\/13\/2025\/01\/sm_1735971081.710735.jpg","contentUrl":"https:\/\/static.africa-press.net\/senegal\/sites\/13\/2025\/01\/sm_1735971081.710735.jpg","width":1439,"height":804,"caption":"Le Ghana Introduit L'Exemption de Visa pour Tous les Africains"},{"@type":"BreadcrumbList","@id":"https:\/\/www.africa-press.net\/senegal\/politique\/le-ghana-introduit-lexemption-de-visa-pour-tous-les-africains#breadcrumb","itemListElement":[{"@type":"ListItem","position":1,"name":"Accueil","item":"https:\/\/www.africa-press.net\/senegal\/"},{"@type":"ListItem","position":2,"name":"Le Ghana Introduit L&#8217;Exemption de Visa pour Tous les Africains"}]},{"@type":"WebSite","@id":"https:\/\/www.africa-press.net\/senegal\/#website","url":"https:\/\/www.africa-press.net\/senegal\/","name":"Africa Press | Senegal | Homepage","description":"Just another Africa News Agency Sites site","potentialAction":[{"@type":"SearchAction","target":{"@type":"EntryPoint","urlTemplate":"https:\/\/www.africa-press.net\/senegal\/?s={search_term_string}"},"query-input":{"@type":"PropertyValueSpecification","valueRequired":true,"valueName":"search_term_string"}}],"inLanguage":"fr-FR"},{"@type":"Person","@id":"https:\/\/www.africa-press.net\/senegal\/#\/schema\/person\/2b1cf3cd81a31e3cd26889ca66d677f1","name":"cfeditorfr","url":"https:\/\/www.africa-press.net\/senegal\/author\/cfeditorfr"}]}},"_links":{"self":[{"href":"https:\/\/www.africa-press.net\/senegal\/wp-json\/wp\/v2\/posts\/64546","targetHints":{"allow":["GET"]}}],"collection":[{"href":"https:\/\/www.africa-press.net\/senegal\/wp-json\/wp\/v2\/posts"}],"about":[{"href":"https:\/\/www.africa-press.net\/senegal\/wp-json\/wp\/v2\/types\/post"}],"author":[{"embeddable":true,"href":"https:\/\/www.africa-press.net\/senegal\/wp-json\/wp\/v2\/users\/82"}],"replies":[{"embeddable":true,"href":"https:\/\/www.africa-press.net\/senegal\/wp-json\/wp\/v2\/comments?post=64546"}],"version-history":[{"count":0,"href":"https:\/\/www.africa-press.net\/senegal\/wp-json\/wp\/v2\/posts\/64546\/revisions"}],"wp:featuredmedia":[{"embeddable":true,"href":"https:\/\/www.africa-press.net\/senegal\/wp-json\/wp\/v2\/media\/64545"}],"wp:attachment":[{"href":"https:\/\/www.africa-press.net\/senegal\/wp-json\/wp\/v2\/media?parent=64546"}],"wp:term":[{"taxonomy":"category","embeddable":true,"href":"https:\/\/www.africa-press.net\/senegal\/wp-json\/wp\/v2\/categories?post=64546"},{"taxonomy":"post_tag","embeddable":true,"href":"https:\/\/www.africa-press.net\/senegal\/wp-json\/wp\/v2\/tags?post=64546"}],"curies":[{"name":"wp","href":"https:\/\/api.w.org\/{rel}","templated":true}]}}