{"id":64549,"date":"2025-01-03T17:33:44","date_gmt":"2025-01-03T17:33:44","guid":{"rendered":"https:\/\/www.africa-press.net\/senegal\/politique\/ou-vit-on-le-plus-longtemps-en-afrique-de-louest"},"modified":"2025-01-04T09:47:03","modified_gmt":"2025-01-04T09:47:03","slug":"ou-vit-on-le-plus-longtemps-en-afrique-de-louest","status":"publish","type":"post","link":"https:\/\/www.africa-press.net\/senegal\/politique\/ou-vit-on-le-plus-longtemps-en-afrique-de-louest","title":{"rendered":"O\u00f9 Vit-On le Plus Longtemps en Afrique de L&rsquo;Ouest ?"},"content":{"rendered":"<p><span style=\"color: #ff6600\"><strong>Africa-Press &#8211; Senegal. <\/strong><\/span>L\u2019espe\u0301rance de vie a\u0300 la naissance est un indicateur cle\u0301 pour mesurer la qualite\u0301 de vie, l&rsquo;acce\u0300s aux soins de sante\u0301 et le de\u0301veloppement socio-e\u0301conomique d&rsquo;un pays. Si des pays comme le Cap-Vert et le Se\u0301ne\u0301gal prouvent que des progre\u0300s sont possibles, d&rsquo;autres, comme le Nigeria, la Co\u0302te d\u2019Ivoire ou le Mali, rappellent les de\u0301fis persistants lie\u0301s a\u0300 la pauvrete\u0301 et aux conflits.<\/p>\n<p>Ou\u0300 vit-on le plus longtemps en Afrique de l\u2019Ouest ? Dans cette partie du continent, les disparite\u0301s sont marque\u0301es et refle\u0300tent les de\u0301fis varie\u0301s en matie\u0300re de sante\u0301, de nutrition et d\u2019acce\u0300s aux infrastructures de base. Base\u0301 sur les donne\u0301es des Nations Unies (World Population Prospects, 2023), ce classement des 16 pays de la re\u0301gion offre un aperc\u0327u des performances des pays ouest-africains en matie\u0300re de longe\u0301vite\u0301.<\/p>\n<p><b>1. Cap-Vert: 76,1 ans<\/b><\/p>\n<p>Avec une population 0,60 million d\u2019habitants, le Cap-Vert se distingue avec une espe\u0301rance de vie de 76,1 ans, la plus e\u0301leve\u0301e de la re\u0301gion. En 2022, l\u2019espe\u0301rance de vie a\u0300 la naissance dans cet archipel d\u2019une superficie de 4 033 km2, e\u0301tait de 74,72 ans (79,1 ans pour les femmes et de 70,29 pour les hommes).<\/p>\n<p><b>2. Se\u0301ne\u0301gal: 68,7 ans<\/b><\/p>\n<p>Le Se\u0301ne\u0301gal affiche une espe\u0301rance de vie de 68,7 ans, refle\u0301tant des progre\u0300s significatifs en matie\u0300re de sante\u0301 publique. Selon les donne\u0301es publie\u0301es en juin 2024 par le pays, la mortalite\u0301 des enfants de moins d&rsquo;un an a chute\u0301 de 61\u2030 a\u0300 31\u2030, et celle des nouveau-ne\u0301s (moins de 28 jours) est passe\u0301e de 35\u2030 a\u0300 23\u2030. Cependant, des de\u0301fis subsistent et ne\u0301cessitent des efforts continus pour atteindre les standards internationaux.<\/p>\n<p><b>3. Mauritanie: 68,5 ans<\/b><\/p>\n<p>Avec une espe\u0301rance de vie de 68,5 ans, la Mauritanie a re\u0301alise\u0301 des avance\u0301es notables, malgre\u0301 des contraintes e\u0301conomiques et ge\u0301ographiques. Un enfant e\u0301tant ne\u0301 en 2017 avait une espe\u0301rance de vie d&rsquo;environ 63 ans. Les initiatives visant a\u0300 ame\u0301liorer la nutrition, a\u0300 combattre les maladies transmissibles et a\u0300 renforcer les infrastructures sanitaires semblent donc avoir contribue\u0301 a\u0300 cette progression dans ce pays de 4,9 millions d\u2019habitants.<\/p>\n<p><b>4. Gambie: 65,9 ans<\/b><\/p>\n<p>La Gambie, avec une espe\u0301rance de vie de 65,9 ans, be\u0301ne\u0301ficie de programmes de sante\u0301 communautaire efficaces et d&rsquo;une attention accrue a\u0300 la sante\u0301 maternelle et infantile. Les partenariats avec des organisations internationales ont permis de renforcer les capacite\u0301s locales, bien que des ame\u0301liorations soient encore ne\u0301cessaires en matie\u0300re d&rsquo;infrastructures et de formation du personnel me\u0301dical.<\/p>\n<p><b>5. Ghana: 65,5 ans<\/b><\/p>\n<p>Le Ghana pre\u0301sente une espe\u0301rance de vie de 65,5 ans, soutenue par une e\u0301conomie en croissance et des re\u0301formes dans le secteur de la sante\u0301. L&rsquo;introduction de la couverture maladie nationale et les investissements dans les soins primaires ont ame\u0301liore\u0301 l&rsquo;acce\u0300s aux services de sante\u0301. Cependant, les disparite\u0301s re\u0301gionales et les ine\u0301galite\u0301s socio-e\u0301conomiques demeurent des obstacles a\u0300 une ame\u0301lioration uniforme de la longe\u0301vite\u0301.<\/p>\n<p><b>6. Guine\u0301e-Bissau: 64,1 ans<\/b><\/p>\n<p>Malgre\u0301 des ressources limite\u0301es, la Guine\u0301e-Bissau atteint une espe\u0301rance de vie de 64,1 ans. Les efforts pour stabiliser le pays politiquement et e\u0301conomiquement ont permis des avance\u0301es en sante\u0301 publique. Toutefois, la fragilite\u0301 des infrastructures et la de\u0301pendance a\u0300 l&rsquo;aide internationale rendent ces progre\u0300s vulne\u0301rables.<\/p>\n<p><b>7. Togo: 62,7 ans<\/b><\/p>\n<p>Le Togo, avec une espe\u0301rance de vie de 62,7 ans, a be\u0301ne\u0301ficie\u0301 de programmes de vaccination et de lutte contre les maladies infectieuses. Les initiatives en matie\u0300re de sante\u0301 reproductive et d&rsquo;e\u0301ducation sanitaire ont e\u0301galement contribue\u0301 a\u0300 cette ame\u0301lioration. Des de\u0301fis persistent, notamment en ce qui concerne l&rsquo;acce\u0300s a\u0300 des soins de qualite\u0301 et la re\u0301duction de la pauvrete\u0301.<\/p>\n<p><b>8. Libe\u0301ria: 62,2 ans<\/b><\/p>\n<p>Sorti de conflits prolonge\u0301s, le Libe\u0301ria affiche une espe\u0301rance de vie de 62,2 ans. La reconstruction du syste\u0300me de sante\u0301 et les efforts pour combattre des e\u0301pide\u0301mies comme Ebola ont e\u0301te\u0301 de\u0301terminants. Cependant, le pays doit encore renforcer ses infrastructures sanitaires et assurer une formation ade\u0301quate des professionnels de sante\u0301 pour consolider ces acquis.<\/p>\n<p><strong>Pour plus d&rsquo;informations et d&rsquo;analyses sur la <span style=\"color: #ff6600\">Senegal<\/span>, suivez <span style=\"color: #ff6600\">Africa-Press<\/span><\/strong><\/p>\n","protected":false},"excerpt":{"rendered":"<p>Africa-Press &#8211; Senegal. L\u2019espe\u0301rance de vie a\u0300 la naissance est un indicateur cle\u0301 pour mesurer la qualite\u0301 de vie, l&rsquo;acce\u0300s aux soins de sante\u0301 et le de\u0301veloppement socio-e\u0301conomique d&rsquo;un pays. Si des pays comme le Cap-Vert et le Se\u0301ne\u0301gal prouvent que des progre\u0300s sont possibles, d&rsquo;autres, comme le Nigeria, la Co\u0302te d\u2019Ivoire ou le Mali, [&hellip;]<\/p>\n","protected":false},"author":82,"featured_media":64548,"comment_status":"open","ping_status":"closed","sticky":false,"template":"","format":"standard","meta":{"footnotes":""},"categories":[2,10],"tags":[44],"class_list":["post-64549","post","type-post","status-publish","format-standard","has-post-thumbnail","hentry","category-politique","category-toutes-les-actualites","tag-senegal-2"],"yoast_head":"<!-- This site is optimized with the Yoast SEO Premium plugin v26.1 (Yoast SEO v27.0) - https:\/\/yoast.com\/product\/yoast-seo-premium-wordpress\/ -->\n<title>O\u00f9 Vit-On le Plus Longtemps en Afrique de L&#039;Ouest ? - Senegal<\/title>\n<meta name=\"description\" content=\"L\u2019espe\u0301rance de vie a\u0300 la naissance est un indicateur cle\u0301 pour mesurer la qualite\u0301 de vie, l&#039;acce\u0300s aux soins de sante\u0301 ...\" \/>\n<meta name=\"robots\" content=\"index, follow, max-snippet:-1, max-image-preview:large, max-video-preview:-1\" \/>\n<link rel=\"canonical\" href=\"https:\/\/www.africa-press.net\/senegal\/politique\/ou-vit-on-le-plus-longtemps-en-afrique-de-louest\" \/>\n<meta property=\"og:locale\" content=\"fr_FR\" \/>\n<meta property=\"og:type\" content=\"article\" \/>\n<meta property=\"og:title\" content=\"O\u00f9 Vit-On le Plus Longtemps en Afrique de L&#039;Ouest ?\" \/>\n<meta property=\"og:description\" content=\"L\u2019espe\u0301rance de vie a\u0300 la naissance est un indicateur cle\u0301 pour mesurer la qualite\u0301 de vie, l&#039;acce\u0300s aux soins de sante\u0301 ...\" \/>\n<meta property=\"og:url\" content=\"https:\/\/www.africa-press.net\/senegal\/politique\/ou-vit-on-le-plus-longtemps-en-afrique-de-louest\" \/>\n<meta property=\"og:site_name\" content=\"Senegal\" \/>\n<meta property=\"article:published_time\" content=\"2025-01-03T17:33:44+00:00\" \/>\n<meta property=\"article:modified_time\" content=\"2025-01-04T09:47:03+00:00\" \/>\n<meta property=\"og:image\" content=\"https:\/\/static.africa-press.net\/senegal\/sites\/13\/2025\/01\/sm_1735971188.157067.jpg\" \/>\n\t<meta property=\"og:image:width\" content=\"1236\" \/>\n\t<meta property=\"og:image:height\" content=\"718\" \/>\n\t<meta property=\"og:image:type\" content=\"image\/jpeg\" \/>\n<meta name=\"author\" content=\"cfeditorfr\" \/>\n<meta name=\"twitter:card\" content=\"summary_large_image\" \/>\n<meta name=\"twitter:label1\" content=\"\u00c9crit par\" \/>\n\t<meta name=\"twitter:data1\" content=\"cfeditorfr\" \/>\n\t<meta name=\"twitter:label2\" content=\"Dur\u00e9e de lecture estim\u00e9e\" \/>\n\t<meta name=\"twitter:data2\" content=\"4 minutes\" \/>\n<script type=\"application\/ld+json\" class=\"yoast-schema-graph\">{\"@context\":\"https:\/\/schema.org\",\"@graph\":[{\"@type\":\"Article\",\"@id\":\"https:\/\/www.africa-press.net\/senegal\/politique\/ou-vit-on-le-plus-longtemps-en-afrique-de-louest#article\",\"isPartOf\":{\"@id\":\"https:\/\/www.africa-press.net\/senegal\/politique\/ou-vit-on-le-plus-longtemps-en-afrique-de-louest\"},\"author\":{\"name\":\"cfeditorfr\",\"@id\":\"https:\/\/www.africa-press.net\/senegal\/#\/schema\/person\/2b1cf3cd81a31e3cd26889ca66d677f1\"},\"headline\":\"O\u00f9 Vit-On le Plus Longtemps en Afrique de L&rsquo;Ouest ?\",\"datePublished\":\"2025-01-03T17:33:44+00:00\",\"dateModified\":\"2025-01-04T09:47:03+00:00\",\"mainEntityOfPage\":{\"@id\":\"https:\/\/www.africa-press.net\/senegal\/politique\/ou-vit-on-le-plus-longtemps-en-afrique-de-louest\"},\"wordCount\":735,\"commentCount\":0,\"image\":{\"@id\":\"https:\/\/www.africa-press.net\/senegal\/politique\/ou-vit-on-le-plus-longtemps-en-afrique-de-louest#primaryimage\"},\"thumbnailUrl\":\"https:\/\/static.africa-press.net\/senegal\/sites\/13\/2025\/01\/sm_1735971188.157067.jpg\",\"keywords\":[\"Senegal\"],\"articleSection\":[\"Politique\",\"Toutes les actualit\u00e9s\"],\"inLanguage\":\"fr-FR\",\"potentialAction\":[{\"@type\":\"CommentAction\",\"name\":\"Comment\",\"target\":[\"https:\/\/www.africa-press.net\/senegal\/politique\/ou-vit-on-le-plus-longtemps-en-afrique-de-louest#respond\"]}]},{\"@type\":\"WebPage\",\"@id\":\"https:\/\/www.africa-press.net\/senegal\/politique\/ou-vit-on-le-plus-longtemps-en-afrique-de-louest\",\"url\":\"https:\/\/www.africa-press.net\/senegal\/politique\/ou-vit-on-le-plus-longtemps-en-afrique-de-louest\",\"name\":\"O\u00f9 Vit-On le Plus Longtemps en Afrique de L'Ouest ? - Senegal\",\"isPartOf\":{\"@id\":\"https:\/\/www.africa-press.net\/senegal\/#website\"},\"primaryImageOfPage\":{\"@id\":\"https:\/\/www.africa-press.net\/senegal\/politique\/ou-vit-on-le-plus-longtemps-en-afrique-de-louest#primaryimage\"},\"image\":{\"@id\":\"https:\/\/www.africa-press.net\/senegal\/politique\/ou-vit-on-le-plus-longtemps-en-afrique-de-louest#primaryimage\"},\"thumbnailUrl\":\"https:\/\/static.africa-press.net\/senegal\/sites\/13\/2025\/01\/sm_1735971188.157067.jpg\",\"datePublished\":\"2025-01-03T17:33:44+00:00\",\"dateModified\":\"2025-01-04T09:47:03+00:00\",\"author\":{\"@id\":\"https:\/\/www.africa-press.net\/senegal\/#\/schema\/person\/2b1cf3cd81a31e3cd26889ca66d677f1\"},\"description\":\"L\u2019espe\u0301rance de vie a\u0300 la naissance est un indicateur cle\u0301 pour mesurer la qualite\u0301 de vie, l'acce\u0300s aux soins de sante\u0301 ...\",\"breadcrumb\":{\"@id\":\"https:\/\/www.africa-press.net\/senegal\/politique\/ou-vit-on-le-plus-longtemps-en-afrique-de-louest#breadcrumb\"},\"inLanguage\":\"fr-FR\",\"potentialAction\":[{\"@type\":\"ReadAction\",\"target\":[\"https:\/\/www.africa-press.net\/senegal\/politique\/ou-vit-on-le-plus-longtemps-en-afrique-de-louest\"]}]},{\"@type\":\"ImageObject\",\"inLanguage\":\"fr-FR\",\"@id\":\"https:\/\/www.africa-press.net\/senegal\/politique\/ou-vit-on-le-plus-longtemps-en-afrique-de-louest#primaryimage\",\"url\":\"https:\/\/static.africa-press.net\/senegal\/sites\/13\/2025\/01\/sm_1735971188.157067.jpg\",\"contentUrl\":\"https:\/\/static.africa-press.net\/senegal\/sites\/13\/2025\/01\/sm_1735971188.157067.jpg\",\"width\":1236,\"height\":718,\"caption\":\"O\u00f9 Vit-On le Plus Longtemps en Afrique de L'Ouest ?\"},{\"@type\":\"BreadcrumbList\",\"@id\":\"https:\/\/www.africa-press.net\/senegal\/politique\/ou-vit-on-le-plus-longtemps-en-afrique-de-louest#breadcrumb\",\"itemListElement\":[{\"@type\":\"ListItem\",\"position\":1,\"name\":\"Accueil\",\"item\":\"https:\/\/www.africa-press.net\/senegal\/\"},{\"@type\":\"ListItem\",\"position\":2,\"name\":\"O\u00f9 Vit-On le Plus Longtemps en Afrique de L&#8217;Ouest ?\"}]},{\"@type\":\"WebSite\",\"@id\":\"https:\/\/www.africa-press.net\/senegal\/#website\",\"url\":\"https:\/\/www.africa-press.net\/senegal\/\",\"name\":\"Africa Press | Senegal | Homepage\",\"description\":\"Just another Africa News Agency Sites site\",\"potentialAction\":[{\"@type\":\"SearchAction\",\"target\":{\"@type\":\"EntryPoint\",\"urlTemplate\":\"https:\/\/www.africa-press.net\/senegal\/?s={search_term_string}\"},\"query-input\":{\"@type\":\"PropertyValueSpecification\",\"valueRequired\":true,\"valueName\":\"search_term_string\"}}],\"inLanguage\":\"fr-FR\"},{\"@type\":\"Person\",\"@id\":\"https:\/\/www.africa-press.net\/senegal\/#\/schema\/person\/2b1cf3cd81a31e3cd26889ca66d677f1\",\"name\":\"cfeditorfr\",\"url\":\"https:\/\/www.africa-press.net\/senegal\/author\/cfeditorfr\"}]}<\/script>\n<!-- \/ Yoast SEO Premium plugin. -->","yoast_head_json":{"title":"O\u00f9 Vit-On le Plus Longtemps en Afrique de L'Ouest ? - Senegal","description":"L\u2019espe\u0301rance de vie a\u0300 la naissance est un indicateur cle\u0301 pour mesurer la qualite\u0301 de vie, l'acce\u0300s aux soins de sante\u0301 ...","robots":{"index":"index","follow":"follow","max-snippet":"max-snippet:-1","max-image-preview":"max-image-preview:large","max-video-preview":"max-video-preview:-1"},"canonical":"https:\/\/www.africa-press.net\/senegal\/politique\/ou-vit-on-le-plus-longtemps-en-afrique-de-louest","og_locale":"fr_FR","og_type":"article","og_title":"O\u00f9 Vit-On le Plus Longtemps en Afrique de L'Ouest ?","og_description":"L\u2019espe\u0301rance de vie a\u0300 la naissance est un indicateur cle\u0301 pour mesurer la qualite\u0301 de vie, l'acce\u0300s aux soins de sante\u0301 ...","og_url":"https:\/\/www.africa-press.net\/senegal\/politique\/ou-vit-on-le-plus-longtemps-en-afrique-de-louest","og_site_name":"Senegal","article_published_time":"2025-01-03T17:33:44+00:00","article_modified_time":"2025-01-04T09:47:03+00:00","og_image":[{"width":1236,"height":718,"url":"https:\/\/static.africa-press.net\/senegal\/sites\/13\/2025\/01\/sm_1735971188.157067.jpg","type":"image\/jpeg"}],"author":"cfeditorfr","twitter_card":"summary_large_image","twitter_misc":{"\u00c9crit par":"cfeditorfr","Dur\u00e9e de lecture estim\u00e9e":"4 minutes"},"schema":{"@context":"https:\/\/schema.org","@graph":[{"@type":"Article","@id":"https:\/\/www.africa-press.net\/senegal\/politique\/ou-vit-on-le-plus-longtemps-en-afrique-de-louest#article","isPartOf":{"@id":"https:\/\/www.africa-press.net\/senegal\/politique\/ou-vit-on-le-plus-longtemps-en-afrique-de-louest"},"author":{"name":"cfeditorfr","@id":"https:\/\/www.africa-press.net\/senegal\/#\/schema\/person\/2b1cf3cd81a31e3cd26889ca66d677f1"},"headline":"O\u00f9 Vit-On le Plus Longtemps en Afrique de L&rsquo;Ouest ?","datePublished":"2025-01-03T17:33:44+00:00","dateModified":"2025-01-04T09:47:03+00:00","mainEntityOfPage":{"@id":"https:\/\/www.africa-press.net\/senegal\/politique\/ou-vit-on-le-plus-longtemps-en-afrique-de-louest"},"wordCount":735,"commentCount":0,"image":{"@id":"https:\/\/www.africa-press.net\/senegal\/politique\/ou-vit-on-le-plus-longtemps-en-afrique-de-louest#primaryimage"},"thumbnailUrl":"https:\/\/static.africa-press.net\/senegal\/sites\/13\/2025\/01\/sm_1735971188.157067.jpg","keywords":["Senegal"],"articleSection":["Politique","Toutes les actualit\u00e9s"],"inLanguage":"fr-FR","potentialAction":[{"@type":"CommentAction","name":"Comment","target":["https:\/\/www.africa-press.net\/senegal\/politique\/ou-vit-on-le-plus-longtemps-en-afrique-de-louest#respond"]}]},{"@type":"WebPage","@id":"https:\/\/www.africa-press.net\/senegal\/politique\/ou-vit-on-le-plus-longtemps-en-afrique-de-louest","url":"https:\/\/www.africa-press.net\/senegal\/politique\/ou-vit-on-le-plus-longtemps-en-afrique-de-louest","name":"O\u00f9 Vit-On le Plus Longtemps en Afrique de L'Ouest ? - Senegal","isPartOf":{"@id":"https:\/\/www.africa-press.net\/senegal\/#website"},"primaryImageOfPage":{"@id":"https:\/\/www.africa-press.net\/senegal\/politique\/ou-vit-on-le-plus-longtemps-en-afrique-de-louest#primaryimage"},"image":{"@id":"https:\/\/www.africa-press.net\/senegal\/politique\/ou-vit-on-le-plus-longtemps-en-afrique-de-louest#primaryimage"},"thumbnailUrl":"https:\/\/static.africa-press.net\/senegal\/sites\/13\/2025\/01\/sm_1735971188.157067.jpg","datePublished":"2025-01-03T17:33:44+00:00","dateModified":"2025-01-04T09:47:03+00:00","author":{"@id":"https:\/\/www.africa-press.net\/senegal\/#\/schema\/person\/2b1cf3cd81a31e3cd26889ca66d677f1"},"description":"L\u2019espe\u0301rance de vie a\u0300 la naissance est un indicateur cle\u0301 pour mesurer la qualite\u0301 de vie, l'acce\u0300s aux soins de sante\u0301 ...","breadcrumb":{"@id":"https:\/\/www.africa-press.net\/senegal\/politique\/ou-vit-on-le-plus-longtemps-en-afrique-de-louest#breadcrumb"},"inLanguage":"fr-FR","potentialAction":[{"@type":"ReadAction","target":["https:\/\/www.africa-press.net\/senegal\/politique\/ou-vit-on-le-plus-longtemps-en-afrique-de-louest"]}]},{"@type":"ImageObject","inLanguage":"fr-FR","@id":"https:\/\/www.africa-press.net\/senegal\/politique\/ou-vit-on-le-plus-longtemps-en-afrique-de-louest#primaryimage","url":"https:\/\/static.africa-press.net\/senegal\/sites\/13\/2025\/01\/sm_1735971188.157067.jpg","contentUrl":"https:\/\/static.africa-press.net\/senegal\/sites\/13\/2025\/01\/sm_1735971188.157067.jpg","width":1236,"height":718,"caption":"O\u00f9 Vit-On le Plus Longtemps en Afrique de L'Ouest ?"},{"@type":"BreadcrumbList","@id":"https:\/\/www.africa-press.net\/senegal\/politique\/ou-vit-on-le-plus-longtemps-en-afrique-de-louest#breadcrumb","itemListElement":[{"@type":"ListItem","position":1,"name":"Accueil","item":"https:\/\/www.africa-press.net\/senegal\/"},{"@type":"ListItem","position":2,"name":"O\u00f9 Vit-On le Plus Longtemps en Afrique de L&#8217;Ouest ?"}]},{"@type":"WebSite","@id":"https:\/\/www.africa-press.net\/senegal\/#website","url":"https:\/\/www.africa-press.net\/senegal\/","name":"Africa Press | Senegal | Homepage","description":"Just another Africa News Agency Sites site","potentialAction":[{"@type":"SearchAction","target":{"@type":"EntryPoint","urlTemplate":"https:\/\/www.africa-press.net\/senegal\/?s={search_term_string}"},"query-input":{"@type":"PropertyValueSpecification","valueRequired":true,"valueName":"search_term_string"}}],"inLanguage":"fr-FR"},{"@type":"Person","@id":"https:\/\/www.africa-press.net\/senegal\/#\/schema\/person\/2b1cf3cd81a31e3cd26889ca66d677f1","name":"cfeditorfr","url":"https:\/\/www.africa-press.net\/senegal\/author\/cfeditorfr"}]}},"_links":{"self":[{"href":"https:\/\/www.africa-press.net\/senegal\/wp-json\/wp\/v2\/posts\/64549","targetHints":{"allow":["GET"]}}],"collection":[{"href":"https:\/\/www.africa-press.net\/senegal\/wp-json\/wp\/v2\/posts"}],"about":[{"href":"https:\/\/www.africa-press.net\/senegal\/wp-json\/wp\/v2\/types\/post"}],"author":[{"embeddable":true,"href":"https:\/\/www.africa-press.net\/senegal\/wp-json\/wp\/v2\/users\/82"}],"replies":[{"embeddable":true,"href":"https:\/\/www.africa-press.net\/senegal\/wp-json\/wp\/v2\/comments?post=64549"}],"version-history":[{"count":0,"href":"https:\/\/www.africa-press.net\/senegal\/wp-json\/wp\/v2\/posts\/64549\/revisions"}],"wp:featuredmedia":[{"embeddable":true,"href":"https:\/\/www.africa-press.net\/senegal\/wp-json\/wp\/v2\/media\/64548"}],"wp:attachment":[{"href":"https:\/\/www.africa-press.net\/senegal\/wp-json\/wp\/v2\/media?parent=64549"}],"wp:term":[{"taxonomy":"category","embeddable":true,"href":"https:\/\/www.africa-press.net\/senegal\/wp-json\/wp\/v2\/categories?post=64549"},{"taxonomy":"post_tag","embeddable":true,"href":"https:\/\/www.africa-press.net\/senegal\/wp-json\/wp\/v2\/tags?post=64549"}],"curies":[{"name":"wp","href":"https:\/\/api.w.org\/{rel}","templated":true}]}}