{"id":64551,"date":"2025-01-03T18:42:26","date_gmt":"2025-01-03T18:42:26","guid":{"rendered":"https:\/\/www.africa-press.net\/senegal\/politique\/wang-yi-en-tournee-dans-ces-04-pays-africains"},"modified":"2025-01-04T09:49:11","modified_gmt":"2025-01-04T09:49:11","slug":"wang-yi-en-tournee-dans-ces-04-pays-africains","status":"publish","type":"post","link":"https:\/\/www.africa-press.net\/senegal\/politique\/wang-yi-en-tournee-dans-ces-04-pays-africains","title":{"rendered":"Wang Yi en Tourn\u00e9e dans ces 04 Pays Africains"},"content":{"rendered":"<p><span style=\"color: #ff6600\"><strong>Africa-Press &#8211; Senegal. <\/strong><\/span>Ce vendredi 3 janvier 2025, Mao Ning, porte-parole du ministe\u0300re chinois des Affaires e\u0301trange\u0300res, a, officiellement, annonce\u0301 la tourne\u0301e expresse en Afrique de Wang Yi, membre du Bureau politique du Comite\u0301 central du PCC et ministre des Affaires e\u0301trange\u0300res. Du 5 au 11 janvier, Wang Yi visitera la Namibie, la Re\u0301publique du Congo, le Tchad et le Nigeria.<\/p>\n<p>Cette visite, qui coi\u0308ncide avec la 35e anne\u0301e conse\u0301cutive ou\u0300 un ministre chinois des Affaires e\u0301trange\u0300res choisit l\u2019Afrique pour sa premie\u0300re mission diplomatique de l\u2019anne\u0301e, souligne l\u2019importance strate\u0301gique de ce continent dans la politique e\u0301trange\u0300re de Pe\u0301kin.<\/p>\n<p><b>Le FOCAC 2025 au menu des e\u0301changes<\/b><\/p>\n<p>Lors du sommet de Beijing du Forum sur la coope\u0301ration sino-africaine (FOCAC) l\u2019an dernier, le Pre\u0301sident Xi Jinping avait propose\u0301 de renforcer les relations entre la Chine et ses partenaires africains. L\u2019objectif: e\u0301lever ces relations bilate\u0301rales a\u0300 un niveau strate\u0301gique et ba\u0302tir une \u00ab communaute\u0301 Chine-Afrique a\u0300 tout moment avec un avenir commun pour la nouvelle e\u0300re \u00bb.<\/p>\n<p>\u00ab La Chine et l\u2019Afrique doivent travailler ensemble pour promouvoir une modernisation juste, e\u0301quitable, et gagnant-gagnant, tout en respectant l\u2019environnement \u00bb, a souligne\u0301 Mao Ning lors de sa confe\u0301rence de presse. Il a rappele\u0301 les dix mesures de partenariat annonce\u0301es par Xi Jinping, des initiatives qui ont rec\u0327u un accueil enthousiaste de la part des pays africains.<\/p>\n<p><b>Renforcer la coope\u0301ration avec des partenaires cle\u0301s<\/b><\/p>\n<p>La tourne\u0301e de Wang Yi vise principalement a\u0300 mettre en \u0153uvre les re\u0301solutions du sommet de Beijing et a\u0300 approfondir la coope\u0301ration entre la Chine et les pays visite\u0301s. \u00ab La Namibie, la Re\u0301publique du Congo, le Tchad et le Nigeria sont des partenaires de longue date et amicaux de la Chine. Cette visite permettra de consolider une coope\u0301ration pratique pour un de\u0301veloppement durable et substantiel des relations sino-africaines \u00bb, a de\u0301clare\u0301 Mao Ning.<\/p>\n<p>Le choix de ces quatre pays illustre l\u2019approche diversifie\u0301e de la Chine envers le continent africain. Ces nations, riches de potentiels e\u0301conomiques et strate\u0301giques, partagent avec Pe\u0301kin une vision commune du de\u0301veloppement et de la modernisation. Les initiatives chinoises promettent de renforcer des secteurs cle\u0301s tels que les infrastructures, l\u2019e\u0301ducation, et les e\u0301nergies renouvelables. \u00ab Cette visite est une preuve supple\u0301mentaire que la Chine est de\u0301termine\u0301e a\u0300 e\u0301crire une nouvelle page dans les relations sino-africaines \u00bb, a commente\u0301 un expert en relations internationales.<\/p>\n<p>Rappelons que la Chine avait publie\u0301 sa Vision 2035 de la coope\u0301ration sino-africaine peu apre\u0300s le sommet de Dakar. E\u0301labore\u0301 avec les contributions des pays africains, ce document reprend les priorite\u0301s de l\u2019Agenda 2063 de l\u2019Union africaine (UA), notamment en ce qui concerne les partenariats de de\u0301veloppement, le commerce et l\u2019investissement, la croissance verte, le de\u0301veloppement des ressources humaines et l\u2019industrialisation. Curieusement, les pays africains n\u2019ont pas re\u0301dige\u0301 leur propre document exprimant les inte\u0301re\u0302ts de l\u2019Afrique et expliquant comment la Vision 2035 pour la Chine et l\u2019Afrique pourrait faire progresser leurs plans de de\u0301veloppement nationaux.<\/p>\n<p><strong>Pour plus d&rsquo;informations et d&rsquo;analyses sur la <span style=\"color: #ff6600\">Senegal<\/span>, suivez <span style=\"color: #ff6600\">Africa-Press<\/span><\/strong><\/p>\n","protected":false},"excerpt":{"rendered":"<p>Africa-Press &#8211; Senegal. Ce vendredi 3 janvier 2025, Mao Ning, porte-parole du ministe\u0300re chinois des Affaires e\u0301trange\u0300res, a, officiellement, annonce\u0301 la tourne\u0301e expresse en Afrique de Wang Yi, membre du Bureau politique du Comite\u0301 central du PCC et ministre des Affaires e\u0301trange\u0300res. Du 5 au 11 janvier, Wang Yi visitera la Namibie, la Re\u0301publique du [&hellip;]<\/p>\n","protected":false},"author":82,"featured_media":64550,"comment_status":"open","ping_status":"closed","sticky":false,"template":"","format":"standard","meta":{"footnotes":""},"categories":[2,10],"tags":[44],"class_list":["post-64551","post","type-post","status-publish","format-standard","has-post-thumbnail","hentry","category-politique","category-toutes-les-actualites","tag-senegal-2"],"yoast_head":"<!-- This site is optimized with the Yoast SEO Premium plugin v26.1 (Yoast SEO v27.0) - https:\/\/yoast.com\/product\/yoast-seo-premium-wordpress\/ -->\n<title>Wang Yi en Tourn\u00e9e dans ces 04 Pays Africains - Senegal<\/title>\n<meta name=\"description\" content=\"Ce vendredi 3 janvier 2025, Mao Ning, porte-parole du ministe\u0300re chinois des Affaires e\u0301trange\u0300res, a, officiellement, a ...\" \/>\n<meta name=\"robots\" content=\"index, follow, max-snippet:-1, max-image-preview:large, max-video-preview:-1\" \/>\n<link rel=\"canonical\" href=\"https:\/\/www.africa-press.net\/senegal\/politique\/wang-yi-en-tournee-dans-ces-04-pays-africains\" \/>\n<meta property=\"og:locale\" content=\"fr_FR\" \/>\n<meta property=\"og:type\" content=\"article\" \/>\n<meta property=\"og:title\" content=\"Wang Yi en Tourn\u00e9e dans ces 04 Pays Africains\" \/>\n<meta property=\"og:description\" content=\"Ce vendredi 3 janvier 2025, Mao Ning, porte-parole du ministe\u0300re chinois des Affaires e\u0301trange\u0300res, a, officiellement, a ...\" \/>\n<meta property=\"og:url\" content=\"https:\/\/www.africa-press.net\/senegal\/politique\/wang-yi-en-tournee-dans-ces-04-pays-africains\" \/>\n<meta property=\"og:site_name\" content=\"Senegal\" \/>\n<meta property=\"article:published_time\" content=\"2025-01-03T18:42:26+00:00\" \/>\n<meta property=\"article:modified_time\" content=\"2025-01-04T09:49:11+00:00\" \/>\n<meta property=\"og:image\" content=\"https:\/\/static.africa-press.net\/senegal\/sites\/13\/2025\/01\/sm_1735971286.785278.jpg\" \/>\n\t<meta property=\"og:image:width\" content=\"1170\" \/>\n\t<meta property=\"og:image:height\" content=\"780\" \/>\n\t<meta property=\"og:image:type\" content=\"image\/jpeg\" \/>\n<meta name=\"author\" content=\"cfeditorfr\" \/>\n<meta name=\"twitter:card\" content=\"summary_large_image\" \/>\n<meta name=\"twitter:label1\" content=\"\u00c9crit par\" \/>\n\t<meta name=\"twitter:data1\" content=\"cfeditorfr\" \/>\n\t<meta name=\"twitter:label2\" content=\"Dur\u00e9e de lecture estim\u00e9e\" \/>\n\t<meta name=\"twitter:data2\" content=\"3 minutes\" \/>\n<script type=\"application\/ld+json\" class=\"yoast-schema-graph\">{\"@context\":\"https:\/\/schema.org\",\"@graph\":[{\"@type\":\"Article\",\"@id\":\"https:\/\/www.africa-press.net\/senegal\/politique\/wang-yi-en-tournee-dans-ces-04-pays-africains#article\",\"isPartOf\":{\"@id\":\"https:\/\/www.africa-press.net\/senegal\/politique\/wang-yi-en-tournee-dans-ces-04-pays-africains\"},\"author\":{\"name\":\"cfeditorfr\",\"@id\":\"https:\/\/www.africa-press.net\/senegal\/#\/schema\/person\/2b1cf3cd81a31e3cd26889ca66d677f1\"},\"headline\":\"Wang Yi en Tourn\u00e9e dans ces 04 Pays Africains\",\"datePublished\":\"2025-01-03T18:42:26+00:00\",\"dateModified\":\"2025-01-04T09:49:11+00:00\",\"mainEntityOfPage\":{\"@id\":\"https:\/\/www.africa-press.net\/senegal\/politique\/wang-yi-en-tournee-dans-ces-04-pays-africains\"},\"wordCount\":562,\"commentCount\":0,\"image\":{\"@id\":\"https:\/\/www.africa-press.net\/senegal\/politique\/wang-yi-en-tournee-dans-ces-04-pays-africains#primaryimage\"},\"thumbnailUrl\":\"https:\/\/static.africa-press.net\/senegal\/sites\/13\/2025\/01\/sm_1735971286.785278.jpg\",\"keywords\":[\"Senegal\"],\"articleSection\":[\"Politique\",\"Toutes les actualit\u00e9s\"],\"inLanguage\":\"fr-FR\",\"potentialAction\":[{\"@type\":\"CommentAction\",\"name\":\"Comment\",\"target\":[\"https:\/\/www.africa-press.net\/senegal\/politique\/wang-yi-en-tournee-dans-ces-04-pays-africains#respond\"]}]},{\"@type\":\"WebPage\",\"@id\":\"https:\/\/www.africa-press.net\/senegal\/politique\/wang-yi-en-tournee-dans-ces-04-pays-africains\",\"url\":\"https:\/\/www.africa-press.net\/senegal\/politique\/wang-yi-en-tournee-dans-ces-04-pays-africains\",\"name\":\"Wang Yi en Tourn\u00e9e dans ces 04 Pays Africains - Senegal\",\"isPartOf\":{\"@id\":\"https:\/\/www.africa-press.net\/senegal\/#website\"},\"primaryImageOfPage\":{\"@id\":\"https:\/\/www.africa-press.net\/senegal\/politique\/wang-yi-en-tournee-dans-ces-04-pays-africains#primaryimage\"},\"image\":{\"@id\":\"https:\/\/www.africa-press.net\/senegal\/politique\/wang-yi-en-tournee-dans-ces-04-pays-africains#primaryimage\"},\"thumbnailUrl\":\"https:\/\/static.africa-press.net\/senegal\/sites\/13\/2025\/01\/sm_1735971286.785278.jpg\",\"datePublished\":\"2025-01-03T18:42:26+00:00\",\"dateModified\":\"2025-01-04T09:49:11+00:00\",\"author\":{\"@id\":\"https:\/\/www.africa-press.net\/senegal\/#\/schema\/person\/2b1cf3cd81a31e3cd26889ca66d677f1\"},\"description\":\"Ce vendredi 3 janvier 2025, Mao Ning, porte-parole du ministe\u0300re chinois des Affaires e\u0301trange\u0300res, a, officiellement, a ...\",\"breadcrumb\":{\"@id\":\"https:\/\/www.africa-press.net\/senegal\/politique\/wang-yi-en-tournee-dans-ces-04-pays-africains#breadcrumb\"},\"inLanguage\":\"fr-FR\",\"potentialAction\":[{\"@type\":\"ReadAction\",\"target\":[\"https:\/\/www.africa-press.net\/senegal\/politique\/wang-yi-en-tournee-dans-ces-04-pays-africains\"]}]},{\"@type\":\"ImageObject\",\"inLanguage\":\"fr-FR\",\"@id\":\"https:\/\/www.africa-press.net\/senegal\/politique\/wang-yi-en-tournee-dans-ces-04-pays-africains#primaryimage\",\"url\":\"https:\/\/static.africa-press.net\/senegal\/sites\/13\/2025\/01\/sm_1735971286.785278.jpg\",\"contentUrl\":\"https:\/\/static.africa-press.net\/senegal\/sites\/13\/2025\/01\/sm_1735971286.785278.jpg\",\"width\":1170,\"height\":780,\"caption\":\"Wang Yi en Tourn\u00e9e dans ces 04 Pays Africains\"},{\"@type\":\"BreadcrumbList\",\"@id\":\"https:\/\/www.africa-press.net\/senegal\/politique\/wang-yi-en-tournee-dans-ces-04-pays-africains#breadcrumb\",\"itemListElement\":[{\"@type\":\"ListItem\",\"position\":1,\"name\":\"Accueil\",\"item\":\"https:\/\/www.africa-press.net\/senegal\/\"},{\"@type\":\"ListItem\",\"position\":2,\"name\":\"Wang Yi en Tourn\u00e9e dans ces 04 Pays Africains\"}]},{\"@type\":\"WebSite\",\"@id\":\"https:\/\/www.africa-press.net\/senegal\/#website\",\"url\":\"https:\/\/www.africa-press.net\/senegal\/\",\"name\":\"Africa Press | Senegal | Homepage\",\"description\":\"Just another Africa News Agency Sites site\",\"potentialAction\":[{\"@type\":\"SearchAction\",\"target\":{\"@type\":\"EntryPoint\",\"urlTemplate\":\"https:\/\/www.africa-press.net\/senegal\/?s={search_term_string}\"},\"query-input\":{\"@type\":\"PropertyValueSpecification\",\"valueRequired\":true,\"valueName\":\"search_term_string\"}}],\"inLanguage\":\"fr-FR\"},{\"@type\":\"Person\",\"@id\":\"https:\/\/www.africa-press.net\/senegal\/#\/schema\/person\/2b1cf3cd81a31e3cd26889ca66d677f1\",\"name\":\"cfeditorfr\",\"url\":\"https:\/\/www.africa-press.net\/senegal\/author\/cfeditorfr\"}]}<\/script>\n<!-- \/ Yoast SEO Premium plugin. -->","yoast_head_json":{"title":"Wang Yi en Tourn\u00e9e dans ces 04 Pays Africains - Senegal","description":"Ce vendredi 3 janvier 2025, Mao Ning, porte-parole du ministe\u0300re chinois des Affaires e\u0301trange\u0300res, a, officiellement, a ...","robots":{"index":"index","follow":"follow","max-snippet":"max-snippet:-1","max-image-preview":"max-image-preview:large","max-video-preview":"max-video-preview:-1"},"canonical":"https:\/\/www.africa-press.net\/senegal\/politique\/wang-yi-en-tournee-dans-ces-04-pays-africains","og_locale":"fr_FR","og_type":"article","og_title":"Wang Yi en Tourn\u00e9e dans ces 04 Pays Africains","og_description":"Ce vendredi 3 janvier 2025, Mao Ning, porte-parole du ministe\u0300re chinois des Affaires e\u0301trange\u0300res, a, officiellement, a ...","og_url":"https:\/\/www.africa-press.net\/senegal\/politique\/wang-yi-en-tournee-dans-ces-04-pays-africains","og_site_name":"Senegal","article_published_time":"2025-01-03T18:42:26+00:00","article_modified_time":"2025-01-04T09:49:11+00:00","og_image":[{"width":1170,"height":780,"url":"https:\/\/static.africa-press.net\/senegal\/sites\/13\/2025\/01\/sm_1735971286.785278.jpg","type":"image\/jpeg"}],"author":"cfeditorfr","twitter_card":"summary_large_image","twitter_misc":{"\u00c9crit par":"cfeditorfr","Dur\u00e9e de lecture estim\u00e9e":"3 minutes"},"schema":{"@context":"https:\/\/schema.org","@graph":[{"@type":"Article","@id":"https:\/\/www.africa-press.net\/senegal\/politique\/wang-yi-en-tournee-dans-ces-04-pays-africains#article","isPartOf":{"@id":"https:\/\/www.africa-press.net\/senegal\/politique\/wang-yi-en-tournee-dans-ces-04-pays-africains"},"author":{"name":"cfeditorfr","@id":"https:\/\/www.africa-press.net\/senegal\/#\/schema\/person\/2b1cf3cd81a31e3cd26889ca66d677f1"},"headline":"Wang Yi en Tourn\u00e9e dans ces 04 Pays Africains","datePublished":"2025-01-03T18:42:26+00:00","dateModified":"2025-01-04T09:49:11+00:00","mainEntityOfPage":{"@id":"https:\/\/www.africa-press.net\/senegal\/politique\/wang-yi-en-tournee-dans-ces-04-pays-africains"},"wordCount":562,"commentCount":0,"image":{"@id":"https:\/\/www.africa-press.net\/senegal\/politique\/wang-yi-en-tournee-dans-ces-04-pays-africains#primaryimage"},"thumbnailUrl":"https:\/\/static.africa-press.net\/senegal\/sites\/13\/2025\/01\/sm_1735971286.785278.jpg","keywords":["Senegal"],"articleSection":["Politique","Toutes les actualit\u00e9s"],"inLanguage":"fr-FR","potentialAction":[{"@type":"CommentAction","name":"Comment","target":["https:\/\/www.africa-press.net\/senegal\/politique\/wang-yi-en-tournee-dans-ces-04-pays-africains#respond"]}]},{"@type":"WebPage","@id":"https:\/\/www.africa-press.net\/senegal\/politique\/wang-yi-en-tournee-dans-ces-04-pays-africains","url":"https:\/\/www.africa-press.net\/senegal\/politique\/wang-yi-en-tournee-dans-ces-04-pays-africains","name":"Wang Yi en Tourn\u00e9e dans ces 04 Pays Africains - Senegal","isPartOf":{"@id":"https:\/\/www.africa-press.net\/senegal\/#website"},"primaryImageOfPage":{"@id":"https:\/\/www.africa-press.net\/senegal\/politique\/wang-yi-en-tournee-dans-ces-04-pays-africains#primaryimage"},"image":{"@id":"https:\/\/www.africa-press.net\/senegal\/politique\/wang-yi-en-tournee-dans-ces-04-pays-africains#primaryimage"},"thumbnailUrl":"https:\/\/static.africa-press.net\/senegal\/sites\/13\/2025\/01\/sm_1735971286.785278.jpg","datePublished":"2025-01-03T18:42:26+00:00","dateModified":"2025-01-04T09:49:11+00:00","author":{"@id":"https:\/\/www.africa-press.net\/senegal\/#\/schema\/person\/2b1cf3cd81a31e3cd26889ca66d677f1"},"description":"Ce vendredi 3 janvier 2025, Mao Ning, porte-parole du ministe\u0300re chinois des Affaires e\u0301trange\u0300res, a, officiellement, a ...","breadcrumb":{"@id":"https:\/\/www.africa-press.net\/senegal\/politique\/wang-yi-en-tournee-dans-ces-04-pays-africains#breadcrumb"},"inLanguage":"fr-FR","potentialAction":[{"@type":"ReadAction","target":["https:\/\/www.africa-press.net\/senegal\/politique\/wang-yi-en-tournee-dans-ces-04-pays-africains"]}]},{"@type":"ImageObject","inLanguage":"fr-FR","@id":"https:\/\/www.africa-press.net\/senegal\/politique\/wang-yi-en-tournee-dans-ces-04-pays-africains#primaryimage","url":"https:\/\/static.africa-press.net\/senegal\/sites\/13\/2025\/01\/sm_1735971286.785278.jpg","contentUrl":"https:\/\/static.africa-press.net\/senegal\/sites\/13\/2025\/01\/sm_1735971286.785278.jpg","width":1170,"height":780,"caption":"Wang Yi en Tourn\u00e9e dans ces 04 Pays Africains"},{"@type":"BreadcrumbList","@id":"https:\/\/www.africa-press.net\/senegal\/politique\/wang-yi-en-tournee-dans-ces-04-pays-africains#breadcrumb","itemListElement":[{"@type":"ListItem","position":1,"name":"Accueil","item":"https:\/\/www.africa-press.net\/senegal\/"},{"@type":"ListItem","position":2,"name":"Wang Yi en Tourn\u00e9e dans ces 04 Pays Africains"}]},{"@type":"WebSite","@id":"https:\/\/www.africa-press.net\/senegal\/#website","url":"https:\/\/www.africa-press.net\/senegal\/","name":"Africa Press | Senegal | Homepage","description":"Just another Africa News Agency Sites site","potentialAction":[{"@type":"SearchAction","target":{"@type":"EntryPoint","urlTemplate":"https:\/\/www.africa-press.net\/senegal\/?s={search_term_string}"},"query-input":{"@type":"PropertyValueSpecification","valueRequired":true,"valueName":"search_term_string"}}],"inLanguage":"fr-FR"},{"@type":"Person","@id":"https:\/\/www.africa-press.net\/senegal\/#\/schema\/person\/2b1cf3cd81a31e3cd26889ca66d677f1","name":"cfeditorfr","url":"https:\/\/www.africa-press.net\/senegal\/author\/cfeditorfr"}]}},"_links":{"self":[{"href":"https:\/\/www.africa-press.net\/senegal\/wp-json\/wp\/v2\/posts\/64551","targetHints":{"allow":["GET"]}}],"collection":[{"href":"https:\/\/www.africa-press.net\/senegal\/wp-json\/wp\/v2\/posts"}],"about":[{"href":"https:\/\/www.africa-press.net\/senegal\/wp-json\/wp\/v2\/types\/post"}],"author":[{"embeddable":true,"href":"https:\/\/www.africa-press.net\/senegal\/wp-json\/wp\/v2\/users\/82"}],"replies":[{"embeddable":true,"href":"https:\/\/www.africa-press.net\/senegal\/wp-json\/wp\/v2\/comments?post=64551"}],"version-history":[{"count":0,"href":"https:\/\/www.africa-press.net\/senegal\/wp-json\/wp\/v2\/posts\/64551\/revisions"}],"wp:featuredmedia":[{"embeddable":true,"href":"https:\/\/www.africa-press.net\/senegal\/wp-json\/wp\/v2\/media\/64550"}],"wp:attachment":[{"href":"https:\/\/www.africa-press.net\/senegal\/wp-json\/wp\/v2\/media?parent=64551"}],"wp:term":[{"taxonomy":"category","embeddable":true,"href":"https:\/\/www.africa-press.net\/senegal\/wp-json\/wp\/v2\/categories?post=64551"},{"taxonomy":"post_tag","embeddable":true,"href":"https:\/\/www.africa-press.net\/senegal\/wp-json\/wp\/v2\/tags?post=64551"}],"curies":[{"name":"wp","href":"https:\/\/api.w.org\/{rel}","templated":true}]}}