{"id":64558,"date":"2025-01-03T16:19:13","date_gmt":"2025-01-03T16:19:13","guid":{"rendered":"https:\/\/www.africa-press.net\/senegal\/politique\/omar-marmoush-lattaquant-convoite-par-les-grands-clubs-deurope"},"modified":"2025-01-04T10:28:42","modified_gmt":"2025-01-04T10:28:42","slug":"omar-marmoush-lattaquant-convoite-par-les-grands-clubs-deurope","status":"publish","type":"post","link":"https:\/\/www.africa-press.net\/senegal\/sports\/omar-marmoush-lattaquant-convoite-par-les-grands-clubs-deurope","title":{"rendered":"Omar Marmoush, L\u2019Attaquant Convoit\u00e9 par les Grands Clubs D\u2019Europe"},"content":{"rendered":"<p><span style=\"color: #ff6600\"><strong>Africa-Press &#8211; Senegal. <\/strong><\/span>Omar Marmoush au c\u0153ur des convoitises. L\u2019attaquant e\u0301gyptien d\u2019Eintracht Francfort, Omar Marmoush, attire l\u2019attention des plus grands clubs europe\u0301ens.<\/p>\n<p>A\u0300 seulement 25 ans, Omar Marmoush, l\u2019attaquant talentueux d\u2019Eintracht Francfort, attire l\u2019attention des plus grands clubs europe\u0301ens.<\/p>\n<p>Dote\u0301 d\u2019une technique raffine\u0301e, d\u2019une vitesse impressionnante et d\u2019un sens du but aiguise\u0301, l\u2019international e\u0301gyptien s\u2019impose comme l\u2019un des joueurs a\u0300 suivre cette saison. La majeure partie des grands clubs europe\u0301ens de\u0301sire recruter le Pharaon.<\/p>\n<p>Parmi les clubs inte\u0301resse\u0301s, des ge\u0301ants comme le FC Bayern Munich, l\u2019AC Milan, Arsenal, Liverpool, Manchester United, Aston Villa, Newcastle United et Manchester City suivent de pre\u0300s ses performances. Ces e\u0301quipes, toutes en que\u0302te de renforts offensifs, voient en Marmoush une option se\u0301rieuse pour dynamiser leur attaque.<\/p>\n<p>Apre\u0300s avoir marque\u0301 les esprits en Bundesliga avec Eintracht Francfort durant la premie\u0300re partie de la saison, Omar Marmoush pourrait biento\u0302t franchir un cap en rejoignant l\u2019une des plus grandes e\u0301quipes du football europe\u0301en.<\/p>\n<p>Les prochains mois seront de\u0301terminants pour son avenir, alors que le marche\u0301 des transferts s\u2019annonce tre\u0300s anime\u0301.<\/p>\n<p><strong>Pour plus d&rsquo;informations et d&rsquo;analyses sur la <span style=\"color: #ff6600\">Senegal<\/span>, suivez <span style=\"color: #ff6600\">Africa-Press<\/span><\/strong><\/p>\n","protected":false},"excerpt":{"rendered":"<p>Africa-Press &#8211; Senegal. Omar Marmoush au c\u0153ur des convoitises. L\u2019attaquant e\u0301gyptien d\u2019Eintracht Francfort, Omar Marmoush, attire l\u2019attention des plus grands clubs europe\u0301ens. A\u0300 seulement 25 ans, Omar Marmoush, l\u2019attaquant talentueux d\u2019Eintracht Francfort, attire l\u2019attention des plus grands clubs europe\u0301ens. Dote\u0301 d\u2019une technique raffine\u0301e, d\u2019une vitesse impressionnante et d\u2019un sens du but aiguise\u0301, l\u2019international e\u0301gyptien s\u2019impose [&hellip;]<\/p>\n","protected":false},"author":82,"featured_media":64557,"comment_status":"open","ping_status":"closed","sticky":false,"template":"","format":"standard","meta":{"footnotes":""},"categories":[6,10],"tags":[44],"class_list":["post-64558","post","type-post","status-publish","format-standard","has-post-thumbnail","hentry","category-sports","category-toutes-les-actualites","tag-senegal-2"],"yoast_head":"<!-- This site is optimized with the Yoast SEO Premium plugin v26.1 (Yoast SEO v27.0) - https:\/\/yoast.com\/product\/yoast-seo-premium-wordpress\/ -->\n<title>Omar Marmoush, L\u2019Attaquant Convoit\u00e9 par les Grands Clubs D\u2019Europe - Senegal<\/title>\n<meta name=\"description\" content=\"Omar Marmoush au c\u0153ur des convoitises. L\u2019attaquant e\u0301gyptien d\u2019Eintracht Francfort, Omar Marmoush, attire l\u2019attention de ...\" \/>\n<meta name=\"robots\" content=\"index, follow, max-snippet:-1, max-image-preview:large, max-video-preview:-1\" \/>\n<link rel=\"canonical\" href=\"https:\/\/www.africa-press.net\/senegal\/sports\/omar-marmoush-lattaquant-convoite-par-les-grands-clubs-deurope\" \/>\n<meta property=\"og:locale\" content=\"fr_FR\" \/>\n<meta property=\"og:type\" content=\"article\" \/>\n<meta property=\"og:title\" content=\"Omar Marmoush, L\u2019Attaquant Convoit\u00e9 par les Grands Clubs D\u2019Europe\" \/>\n<meta property=\"og:description\" content=\"Omar Marmoush au c\u0153ur des convoitises. L\u2019attaquant e\u0301gyptien d\u2019Eintracht Francfort, Omar Marmoush, attire l\u2019attention de ...\" \/>\n<meta property=\"og:url\" content=\"https:\/\/www.africa-press.net\/senegal\/sports\/omar-marmoush-lattaquant-convoite-par-les-grands-clubs-deurope\" \/>\n<meta property=\"og:site_name\" content=\"Senegal\" \/>\n<meta property=\"article:published_time\" content=\"2025-01-03T16:19:13+00:00\" \/>\n<meta property=\"article:modified_time\" content=\"2025-01-04T10:28:42+00:00\" \/>\n<meta property=\"og:image\" content=\"https:\/\/static.africa-press.net\/senegal\/sites\/13\/2025\/01\/sm_1735973742.174472.jpg\" \/>\n\t<meta property=\"og:image:width\" content=\"1728\" \/>\n\t<meta property=\"og:image:height\" content=\"1151\" \/>\n\t<meta property=\"og:image:type\" content=\"image\/jpeg\" \/>\n<meta name=\"author\" content=\"cfeditorfr\" \/>\n<meta name=\"twitter:card\" content=\"summary_large_image\" \/>\n<meta name=\"twitter:label1\" content=\"\u00c9crit par\" \/>\n\t<meta name=\"twitter:data1\" content=\"cfeditorfr\" \/>\n\t<meta name=\"twitter:label2\" content=\"Dur\u00e9e de lecture estim\u00e9e\" \/>\n\t<meta name=\"twitter:data2\" content=\"1 minute\" \/>\n<script type=\"application\/ld+json\" class=\"yoast-schema-graph\">{\"@context\":\"https:\/\/schema.org\",\"@graph\":[{\"@type\":\"Article\",\"@id\":\"https:\/\/www.africa-press.net\/senegal\/sports\/omar-marmoush-lattaquant-convoite-par-les-grands-clubs-deurope#article\",\"isPartOf\":{\"@id\":\"https:\/\/www.africa-press.net\/senegal\/sports\/omar-marmoush-lattaquant-convoite-par-les-grands-clubs-deurope\"},\"author\":{\"name\":\"cfeditorfr\",\"@id\":\"https:\/\/www.africa-press.net\/senegal\/#\/schema\/person\/2b1cf3cd81a31e3cd26889ca66d677f1\"},\"headline\":\"Omar Marmoush, L\u2019Attaquant Convoit\u00e9 par les Grands Clubs D\u2019Europe\",\"datePublished\":\"2025-01-03T16:19:13+00:00\",\"dateModified\":\"2025-01-04T10:28:42+00:00\",\"mainEntityOfPage\":{\"@id\":\"https:\/\/www.africa-press.net\/senegal\/sports\/omar-marmoush-lattaquant-convoite-par-les-grands-clubs-deurope\"},\"wordCount\":231,\"commentCount\":0,\"image\":{\"@id\":\"https:\/\/www.africa-press.net\/senegal\/sports\/omar-marmoush-lattaquant-convoite-par-les-grands-clubs-deurope#primaryimage\"},\"thumbnailUrl\":\"https:\/\/static.africa-press.net\/senegal\/sites\/13\/2025\/01\/sm_1735973742.174472.jpg\",\"keywords\":[\"Senegal\"],\"articleSection\":[\"Sports\",\"Toutes les actualit\u00e9s\"],\"inLanguage\":\"fr-FR\",\"potentialAction\":[{\"@type\":\"CommentAction\",\"name\":\"Comment\",\"target\":[\"https:\/\/www.africa-press.net\/senegal\/sports\/omar-marmoush-lattaquant-convoite-par-les-grands-clubs-deurope#respond\"]}]},{\"@type\":\"WebPage\",\"@id\":\"https:\/\/www.africa-press.net\/senegal\/sports\/omar-marmoush-lattaquant-convoite-par-les-grands-clubs-deurope\",\"url\":\"https:\/\/www.africa-press.net\/senegal\/sports\/omar-marmoush-lattaquant-convoite-par-les-grands-clubs-deurope\",\"name\":\"Omar Marmoush, L\u2019Attaquant Convoit\u00e9 par les Grands Clubs D\u2019Europe - Senegal\",\"isPartOf\":{\"@id\":\"https:\/\/www.africa-press.net\/senegal\/#website\"},\"primaryImageOfPage\":{\"@id\":\"https:\/\/www.africa-press.net\/senegal\/sports\/omar-marmoush-lattaquant-convoite-par-les-grands-clubs-deurope#primaryimage\"},\"image\":{\"@id\":\"https:\/\/www.africa-press.net\/senegal\/sports\/omar-marmoush-lattaquant-convoite-par-les-grands-clubs-deurope#primaryimage\"},\"thumbnailUrl\":\"https:\/\/static.africa-press.net\/senegal\/sites\/13\/2025\/01\/sm_1735973742.174472.jpg\",\"datePublished\":\"2025-01-03T16:19:13+00:00\",\"dateModified\":\"2025-01-04T10:28:42+00:00\",\"author\":{\"@id\":\"https:\/\/www.africa-press.net\/senegal\/#\/schema\/person\/2b1cf3cd81a31e3cd26889ca66d677f1\"},\"description\":\"Omar Marmoush au c\u0153ur des convoitises. L\u2019attaquant e\u0301gyptien d\u2019Eintracht Francfort, Omar Marmoush, attire l\u2019attention de ...\",\"breadcrumb\":{\"@id\":\"https:\/\/www.africa-press.net\/senegal\/sports\/omar-marmoush-lattaquant-convoite-par-les-grands-clubs-deurope#breadcrumb\"},\"inLanguage\":\"fr-FR\",\"potentialAction\":[{\"@type\":\"ReadAction\",\"target\":[\"https:\/\/www.africa-press.net\/senegal\/sports\/omar-marmoush-lattaquant-convoite-par-les-grands-clubs-deurope\"]}]},{\"@type\":\"ImageObject\",\"inLanguage\":\"fr-FR\",\"@id\":\"https:\/\/www.africa-press.net\/senegal\/sports\/omar-marmoush-lattaquant-convoite-par-les-grands-clubs-deurope#primaryimage\",\"url\":\"https:\/\/static.africa-press.net\/senegal\/sites\/13\/2025\/01\/sm_1735973742.174472.jpg\",\"contentUrl\":\"https:\/\/static.africa-press.net\/senegal\/sites\/13\/2025\/01\/sm_1735973742.174472.jpg\",\"width\":1728,\"height\":1151,\"caption\":\"Omar Marmoush, L\u2019Attaquant Convoit\u00e9 par les Grands Clubs D\u2019Europe\"},{\"@type\":\"BreadcrumbList\",\"@id\":\"https:\/\/www.africa-press.net\/senegal\/sports\/omar-marmoush-lattaquant-convoite-par-les-grands-clubs-deurope#breadcrumb\",\"itemListElement\":[{\"@type\":\"ListItem\",\"position\":1,\"name\":\"Accueil\",\"item\":\"https:\/\/www.africa-press.net\/senegal\/\"},{\"@type\":\"ListItem\",\"position\":2,\"name\":\"Omar Marmoush, L\u2019Attaquant Convoit\u00e9 par les Grands Clubs D\u2019Europe\"}]},{\"@type\":\"WebSite\",\"@id\":\"https:\/\/www.africa-press.net\/senegal\/#website\",\"url\":\"https:\/\/www.africa-press.net\/senegal\/\",\"name\":\"Africa Press | Senegal | Homepage\",\"description\":\"Just another Africa News Agency Sites site\",\"potentialAction\":[{\"@type\":\"SearchAction\",\"target\":{\"@type\":\"EntryPoint\",\"urlTemplate\":\"https:\/\/www.africa-press.net\/senegal\/?s={search_term_string}\"},\"query-input\":{\"@type\":\"PropertyValueSpecification\",\"valueRequired\":true,\"valueName\":\"search_term_string\"}}],\"inLanguage\":\"fr-FR\"},{\"@type\":\"Person\",\"@id\":\"https:\/\/www.africa-press.net\/senegal\/#\/schema\/person\/2b1cf3cd81a31e3cd26889ca66d677f1\",\"name\":\"cfeditorfr\",\"url\":\"https:\/\/www.africa-press.net\/senegal\/author\/cfeditorfr\"}]}<\/script>\n<!-- \/ Yoast SEO Premium plugin. -->","yoast_head_json":{"title":"Omar Marmoush, L\u2019Attaquant Convoit\u00e9 par les Grands Clubs D\u2019Europe - Senegal","description":"Omar Marmoush au c\u0153ur des convoitises. L\u2019attaquant e\u0301gyptien d\u2019Eintracht Francfort, Omar Marmoush, attire l\u2019attention de ...","robots":{"index":"index","follow":"follow","max-snippet":"max-snippet:-1","max-image-preview":"max-image-preview:large","max-video-preview":"max-video-preview:-1"},"canonical":"https:\/\/www.africa-press.net\/senegal\/sports\/omar-marmoush-lattaquant-convoite-par-les-grands-clubs-deurope","og_locale":"fr_FR","og_type":"article","og_title":"Omar Marmoush, L\u2019Attaquant Convoit\u00e9 par les Grands Clubs D\u2019Europe","og_description":"Omar Marmoush au c\u0153ur des convoitises. L\u2019attaquant e\u0301gyptien d\u2019Eintracht Francfort, Omar Marmoush, attire l\u2019attention de ...","og_url":"https:\/\/www.africa-press.net\/senegal\/sports\/omar-marmoush-lattaquant-convoite-par-les-grands-clubs-deurope","og_site_name":"Senegal","article_published_time":"2025-01-03T16:19:13+00:00","article_modified_time":"2025-01-04T10:28:42+00:00","og_image":[{"width":1728,"height":1151,"url":"https:\/\/static.africa-press.net\/senegal\/sites\/13\/2025\/01\/sm_1735973742.174472.jpg","type":"image\/jpeg"}],"author":"cfeditorfr","twitter_card":"summary_large_image","twitter_misc":{"\u00c9crit par":"cfeditorfr","Dur\u00e9e de lecture estim\u00e9e":"1 minute"},"schema":{"@context":"https:\/\/schema.org","@graph":[{"@type":"Article","@id":"https:\/\/www.africa-press.net\/senegal\/sports\/omar-marmoush-lattaquant-convoite-par-les-grands-clubs-deurope#article","isPartOf":{"@id":"https:\/\/www.africa-press.net\/senegal\/sports\/omar-marmoush-lattaquant-convoite-par-les-grands-clubs-deurope"},"author":{"name":"cfeditorfr","@id":"https:\/\/www.africa-press.net\/senegal\/#\/schema\/person\/2b1cf3cd81a31e3cd26889ca66d677f1"},"headline":"Omar Marmoush, L\u2019Attaquant Convoit\u00e9 par les Grands Clubs D\u2019Europe","datePublished":"2025-01-03T16:19:13+00:00","dateModified":"2025-01-04T10:28:42+00:00","mainEntityOfPage":{"@id":"https:\/\/www.africa-press.net\/senegal\/sports\/omar-marmoush-lattaquant-convoite-par-les-grands-clubs-deurope"},"wordCount":231,"commentCount":0,"image":{"@id":"https:\/\/www.africa-press.net\/senegal\/sports\/omar-marmoush-lattaquant-convoite-par-les-grands-clubs-deurope#primaryimage"},"thumbnailUrl":"https:\/\/static.africa-press.net\/senegal\/sites\/13\/2025\/01\/sm_1735973742.174472.jpg","keywords":["Senegal"],"articleSection":["Sports","Toutes les actualit\u00e9s"],"inLanguage":"fr-FR","potentialAction":[{"@type":"CommentAction","name":"Comment","target":["https:\/\/www.africa-press.net\/senegal\/sports\/omar-marmoush-lattaquant-convoite-par-les-grands-clubs-deurope#respond"]}]},{"@type":"WebPage","@id":"https:\/\/www.africa-press.net\/senegal\/sports\/omar-marmoush-lattaquant-convoite-par-les-grands-clubs-deurope","url":"https:\/\/www.africa-press.net\/senegal\/sports\/omar-marmoush-lattaquant-convoite-par-les-grands-clubs-deurope","name":"Omar Marmoush, L\u2019Attaquant Convoit\u00e9 par les Grands Clubs D\u2019Europe - Senegal","isPartOf":{"@id":"https:\/\/www.africa-press.net\/senegal\/#website"},"primaryImageOfPage":{"@id":"https:\/\/www.africa-press.net\/senegal\/sports\/omar-marmoush-lattaquant-convoite-par-les-grands-clubs-deurope#primaryimage"},"image":{"@id":"https:\/\/www.africa-press.net\/senegal\/sports\/omar-marmoush-lattaquant-convoite-par-les-grands-clubs-deurope#primaryimage"},"thumbnailUrl":"https:\/\/static.africa-press.net\/senegal\/sites\/13\/2025\/01\/sm_1735973742.174472.jpg","datePublished":"2025-01-03T16:19:13+00:00","dateModified":"2025-01-04T10:28:42+00:00","author":{"@id":"https:\/\/www.africa-press.net\/senegal\/#\/schema\/person\/2b1cf3cd81a31e3cd26889ca66d677f1"},"description":"Omar Marmoush au c\u0153ur des convoitises. L\u2019attaquant e\u0301gyptien d\u2019Eintracht Francfort, Omar Marmoush, attire l\u2019attention de ...","breadcrumb":{"@id":"https:\/\/www.africa-press.net\/senegal\/sports\/omar-marmoush-lattaquant-convoite-par-les-grands-clubs-deurope#breadcrumb"},"inLanguage":"fr-FR","potentialAction":[{"@type":"ReadAction","target":["https:\/\/www.africa-press.net\/senegal\/sports\/omar-marmoush-lattaquant-convoite-par-les-grands-clubs-deurope"]}]},{"@type":"ImageObject","inLanguage":"fr-FR","@id":"https:\/\/www.africa-press.net\/senegal\/sports\/omar-marmoush-lattaquant-convoite-par-les-grands-clubs-deurope#primaryimage","url":"https:\/\/static.africa-press.net\/senegal\/sites\/13\/2025\/01\/sm_1735973742.174472.jpg","contentUrl":"https:\/\/static.africa-press.net\/senegal\/sites\/13\/2025\/01\/sm_1735973742.174472.jpg","width":1728,"height":1151,"caption":"Omar Marmoush, L\u2019Attaquant Convoit\u00e9 par les Grands Clubs D\u2019Europe"},{"@type":"BreadcrumbList","@id":"https:\/\/www.africa-press.net\/senegal\/sports\/omar-marmoush-lattaquant-convoite-par-les-grands-clubs-deurope#breadcrumb","itemListElement":[{"@type":"ListItem","position":1,"name":"Accueil","item":"https:\/\/www.africa-press.net\/senegal\/"},{"@type":"ListItem","position":2,"name":"Omar Marmoush, L\u2019Attaquant Convoit\u00e9 par les Grands Clubs D\u2019Europe"}]},{"@type":"WebSite","@id":"https:\/\/www.africa-press.net\/senegal\/#website","url":"https:\/\/www.africa-press.net\/senegal\/","name":"Africa Press | Senegal | Homepage","description":"Just another Africa News Agency Sites site","potentialAction":[{"@type":"SearchAction","target":{"@type":"EntryPoint","urlTemplate":"https:\/\/www.africa-press.net\/senegal\/?s={search_term_string}"},"query-input":{"@type":"PropertyValueSpecification","valueRequired":true,"valueName":"search_term_string"}}],"inLanguage":"fr-FR"},{"@type":"Person","@id":"https:\/\/www.africa-press.net\/senegal\/#\/schema\/person\/2b1cf3cd81a31e3cd26889ca66d677f1","name":"cfeditorfr","url":"https:\/\/www.africa-press.net\/senegal\/author\/cfeditorfr"}]}},"_links":{"self":[{"href":"https:\/\/www.africa-press.net\/senegal\/wp-json\/wp\/v2\/posts\/64558","targetHints":{"allow":["GET"]}}],"collection":[{"href":"https:\/\/www.africa-press.net\/senegal\/wp-json\/wp\/v2\/posts"}],"about":[{"href":"https:\/\/www.africa-press.net\/senegal\/wp-json\/wp\/v2\/types\/post"}],"author":[{"embeddable":true,"href":"https:\/\/www.africa-press.net\/senegal\/wp-json\/wp\/v2\/users\/82"}],"replies":[{"embeddable":true,"href":"https:\/\/www.africa-press.net\/senegal\/wp-json\/wp\/v2\/comments?post=64558"}],"version-history":[{"count":0,"href":"https:\/\/www.africa-press.net\/senegal\/wp-json\/wp\/v2\/posts\/64558\/revisions"}],"wp:featuredmedia":[{"embeddable":true,"href":"https:\/\/www.africa-press.net\/senegal\/wp-json\/wp\/v2\/media\/64557"}],"wp:attachment":[{"href":"https:\/\/www.africa-press.net\/senegal\/wp-json\/wp\/v2\/media?parent=64558"}],"wp:term":[{"taxonomy":"category","embeddable":true,"href":"https:\/\/www.africa-press.net\/senegal\/wp-json\/wp\/v2\/categories?post=64558"},{"taxonomy":"post_tag","embeddable":true,"href":"https:\/\/www.africa-press.net\/senegal\/wp-json\/wp\/v2\/tags?post=64558"}],"curies":[{"name":"wp","href":"https:\/\/api.w.org\/{rel}","templated":true}]}}