{"id":64561,"date":"2025-01-03T17:19:49","date_gmt":"2025-01-03T17:19:49","guid":{"rendered":"https:\/\/www.africa-press.net\/senegal\/politique\/thomas-partey-mikel-arteta-se-prononce-sur-lavenir-du-ghaneen-a-arsenal"},"modified":"2025-01-04T10:30:46","modified_gmt":"2025-01-04T10:30:46","slug":"thomas-partey-mikel-arteta-se-prononce-sur-lavenir-du-ghaneen-a-arsenal","status":"publish","type":"post","link":"https:\/\/www.africa-press.net\/senegal\/sports\/thomas-partey-mikel-arteta-se-prononce-sur-lavenir-du-ghaneen-a-arsenal","title":{"rendered":"Thomas Partey : Mikel Arteta se Prononce sur L\u2019Avenir du Ghan\u00e9en \u00e0 Arsenal"},"content":{"rendered":"<p><span style=\"color: #ff6600\"><strong>Africa-Press &#8211; Senegal. <\/strong><\/span>Mikel Arteta souhaite qu\u2019Arsenal retarde les ne\u0301gociations contractuelles avec Jorginho et Thomas Partey jusqu\u2019a\u0300 plus tard dans la saison \u2013 afin qu\u2019ils puissent se concentrer sur la course au titre.<\/p>\n<p>Les deux milieux de terrain sont en fin de contrat cet e\u0301te\u0301. L\u2019italien et le Ghane\u0301en pourront partir gratuitement s\u2019ils ne parviennent pas a\u0300 un accord sur de nouveaux contrats.<\/p>\n<p>Le duo est de\u0301sormais en mesure de ne\u0301gocier avec des clubs e\u0301trangers et de signer un accord de pre\u0301-contrat avec eux avant de les rejoindre a\u0300 la fin de la saison. Arteta, cependant, veut que Jorginho et Partey se concentrent sur la campagne en cours et les discussions auront lieu a\u0300 une date ulte\u0301rieure.<\/p>\n<p>\u00ab Ce que je peux dire, c\u2019est que ce n\u2019est pas ce que je veux, c\u2019est aussi ce que ces deux joueurs ont en te\u0302te et quelles sont leurs situations \u00bb, a de\u0301clare\u0301 Arteta ce vendredi en confe\u0301rence de presse avant le match face a\u0300 Brighton demain en championnat.<\/p>\n<p>\u00ab Je ne veux pas commencer a\u0300 avoir ces conversations maintenant, je veux les avoir beaucoup plus tard parce que l\u2019accent doit e\u0302tre mis sur ce que nous devons faire pendant la saison. Ils peuvent comprendre les intentions et ensuite nous pouvons voir ce que nous pouvons faire. \u00bb<\/p>\n<p>\u00ab C\u2019est une communication e\u0301troite avec eux pour comprendre e\u0301galement quelle est leur ide\u0301e, ce qu\u2019ils veulent faire, exprimer e\u0301galement nos intentions et ensuite de\u0301cider pour tout le monde quelle est la meilleure option. \u00bb<\/p>\n<p>\u00ab Mais ce sont deux joueurs dont je suis tre\u0300s, tre\u0300s content. Ils sont une valeur su\u0302re dans l\u2019e\u0301quipe. Et je veux les garder dans le bon e\u0301tat d\u2019esprit, car la partie la plus importante de la saison arrive maintenant. \u00bb<\/p>\n<p><strong>Pour plus d&rsquo;informations et d&rsquo;analyses sur la <span style=\"color: #ff6600\">Senegal<\/span>, suivez <span style=\"color: #ff6600\">Africa-Press<\/span><\/strong><\/p>\n","protected":false},"excerpt":{"rendered":"<p>Africa-Press &#8211; Senegal. Mikel Arteta souhaite qu\u2019Arsenal retarde les ne\u0301gociations contractuelles avec Jorginho et Thomas Partey jusqu\u2019a\u0300 plus tard dans la saison \u2013 afin qu\u2019ils puissent se concentrer sur la course au titre. Les deux milieux de terrain sont en fin de contrat cet e\u0301te\u0301. L\u2019italien et le Ghane\u0301en pourront partir gratuitement s\u2019ils ne parviennent [&hellip;]<\/p>\n","protected":false},"author":82,"featured_media":64560,"comment_status":"open","ping_status":"closed","sticky":false,"template":"","format":"standard","meta":{"footnotes":""},"categories":[6,10],"tags":[44],"class_list":["post-64561","post","type-post","status-publish","format-standard","has-post-thumbnail","hentry","category-sports","category-toutes-les-actualites","tag-senegal-2"],"yoast_head":"<!-- This site is optimized with the Yoast SEO Premium plugin v26.1 (Yoast SEO v27.0) - https:\/\/yoast.com\/product\/yoast-seo-premium-wordpress\/ -->\n<title>Thomas Partey : Mikel Arteta se Prononce sur L\u2019Avenir du Ghan\u00e9en \u00e0 Arsenal - Senegal<\/title>\n<meta name=\"description\" content=\"Mikel Arteta souhaite qu\u2019Arsenal retarde les ne\u0301gociations contractuelles avec Jorginho et Thomas Partey jusqu\u2019a\u0300 plus t ...\" \/>\n<meta name=\"robots\" content=\"index, follow, max-snippet:-1, max-image-preview:large, max-video-preview:-1\" \/>\n<link rel=\"canonical\" href=\"https:\/\/www.africa-press.net\/senegal\/sports\/thomas-partey-mikel-arteta-se-prononce-sur-lavenir-du-ghaneen-a-arsenal\" \/>\n<meta property=\"og:locale\" content=\"fr_FR\" \/>\n<meta property=\"og:type\" content=\"article\" \/>\n<meta property=\"og:title\" content=\"Thomas Partey : Mikel Arteta se Prononce sur L\u2019Avenir du Ghan\u00e9en \u00e0 Arsenal\" \/>\n<meta property=\"og:description\" content=\"Mikel Arteta souhaite qu\u2019Arsenal retarde les ne\u0301gociations contractuelles avec Jorginho et Thomas Partey jusqu\u2019a\u0300 plus t ...\" \/>\n<meta property=\"og:url\" content=\"https:\/\/www.africa-press.net\/senegal\/sports\/thomas-partey-mikel-arteta-se-prononce-sur-lavenir-du-ghaneen-a-arsenal\" \/>\n<meta property=\"og:site_name\" content=\"Senegal\" \/>\n<meta property=\"article:published_time\" content=\"2025-01-03T17:19:49+00:00\" \/>\n<meta property=\"article:modified_time\" content=\"2025-01-04T10:30:46+00:00\" \/>\n<meta property=\"og:image\" content=\"https:\/\/static.africa-press.net\/senegal\/sites\/13\/2025\/01\/sm_1735973846.858022.jpg\" \/>\n\t<meta property=\"og:image:width\" content=\"720\" \/>\n\t<meta property=\"og:image:height\" content=\"488\" \/>\n\t<meta property=\"og:image:type\" content=\"image\/jpeg\" \/>\n<meta name=\"author\" content=\"cfeditorfr\" \/>\n<meta name=\"twitter:card\" content=\"summary_large_image\" \/>\n<meta name=\"twitter:label1\" content=\"\u00c9crit par\" \/>\n\t<meta name=\"twitter:data1\" content=\"cfeditorfr\" \/>\n\t<meta name=\"twitter:label2\" content=\"Dur\u00e9e de lecture estim\u00e9e\" \/>\n\t<meta name=\"twitter:data2\" content=\"2 minutes\" \/>\n<script type=\"application\/ld+json\" class=\"yoast-schema-graph\">{\"@context\":\"https:\/\/schema.org\",\"@graph\":[{\"@type\":\"Article\",\"@id\":\"https:\/\/www.africa-press.net\/senegal\/sports\/thomas-partey-mikel-arteta-se-prononce-sur-lavenir-du-ghaneen-a-arsenal#article\",\"isPartOf\":{\"@id\":\"https:\/\/www.africa-press.net\/senegal\/sports\/thomas-partey-mikel-arteta-se-prononce-sur-lavenir-du-ghaneen-a-arsenal\"},\"author\":{\"name\":\"cfeditorfr\",\"@id\":\"https:\/\/www.africa-press.net\/senegal\/#\/schema\/person\/2b1cf3cd81a31e3cd26889ca66d677f1\"},\"headline\":\"Thomas Partey : Mikel Arteta se Prononce sur L\u2019Avenir du Ghan\u00e9en \u00e0 Arsenal\",\"datePublished\":\"2025-01-03T17:19:49+00:00\",\"dateModified\":\"2025-01-04T10:30:46+00:00\",\"mainEntityOfPage\":{\"@id\":\"https:\/\/www.africa-press.net\/senegal\/sports\/thomas-partey-mikel-arteta-se-prononce-sur-lavenir-du-ghaneen-a-arsenal\"},\"wordCount\":342,\"commentCount\":0,\"image\":{\"@id\":\"https:\/\/www.africa-press.net\/senegal\/sports\/thomas-partey-mikel-arteta-se-prononce-sur-lavenir-du-ghaneen-a-arsenal#primaryimage\"},\"thumbnailUrl\":\"https:\/\/static.africa-press.net\/senegal\/sites\/13\/2025\/01\/sm_1735973846.858022.jpg\",\"keywords\":[\"Senegal\"],\"articleSection\":[\"Sports\",\"Toutes les actualit\u00e9s\"],\"inLanguage\":\"fr-FR\",\"potentialAction\":[{\"@type\":\"CommentAction\",\"name\":\"Comment\",\"target\":[\"https:\/\/www.africa-press.net\/senegal\/sports\/thomas-partey-mikel-arteta-se-prononce-sur-lavenir-du-ghaneen-a-arsenal#respond\"]}]},{\"@type\":\"WebPage\",\"@id\":\"https:\/\/www.africa-press.net\/senegal\/sports\/thomas-partey-mikel-arteta-se-prononce-sur-lavenir-du-ghaneen-a-arsenal\",\"url\":\"https:\/\/www.africa-press.net\/senegal\/sports\/thomas-partey-mikel-arteta-se-prononce-sur-lavenir-du-ghaneen-a-arsenal\",\"name\":\"Thomas Partey : Mikel Arteta se Prononce sur L\u2019Avenir du Ghan\u00e9en \u00e0 Arsenal - Senegal\",\"isPartOf\":{\"@id\":\"https:\/\/www.africa-press.net\/senegal\/#website\"},\"primaryImageOfPage\":{\"@id\":\"https:\/\/www.africa-press.net\/senegal\/sports\/thomas-partey-mikel-arteta-se-prononce-sur-lavenir-du-ghaneen-a-arsenal#primaryimage\"},\"image\":{\"@id\":\"https:\/\/www.africa-press.net\/senegal\/sports\/thomas-partey-mikel-arteta-se-prononce-sur-lavenir-du-ghaneen-a-arsenal#primaryimage\"},\"thumbnailUrl\":\"https:\/\/static.africa-press.net\/senegal\/sites\/13\/2025\/01\/sm_1735973846.858022.jpg\",\"datePublished\":\"2025-01-03T17:19:49+00:00\",\"dateModified\":\"2025-01-04T10:30:46+00:00\",\"author\":{\"@id\":\"https:\/\/www.africa-press.net\/senegal\/#\/schema\/person\/2b1cf3cd81a31e3cd26889ca66d677f1\"},\"description\":\"Mikel Arteta souhaite qu\u2019Arsenal retarde les ne\u0301gociations contractuelles avec Jorginho et Thomas Partey jusqu\u2019a\u0300 plus t ...\",\"breadcrumb\":{\"@id\":\"https:\/\/www.africa-press.net\/senegal\/sports\/thomas-partey-mikel-arteta-se-prononce-sur-lavenir-du-ghaneen-a-arsenal#breadcrumb\"},\"inLanguage\":\"fr-FR\",\"potentialAction\":[{\"@type\":\"ReadAction\",\"target\":[\"https:\/\/www.africa-press.net\/senegal\/sports\/thomas-partey-mikel-arteta-se-prononce-sur-lavenir-du-ghaneen-a-arsenal\"]}]},{\"@type\":\"ImageObject\",\"inLanguage\":\"fr-FR\",\"@id\":\"https:\/\/www.africa-press.net\/senegal\/sports\/thomas-partey-mikel-arteta-se-prononce-sur-lavenir-du-ghaneen-a-arsenal#primaryimage\",\"url\":\"https:\/\/static.africa-press.net\/senegal\/sites\/13\/2025\/01\/sm_1735973846.858022.jpg\",\"contentUrl\":\"https:\/\/static.africa-press.net\/senegal\/sites\/13\/2025\/01\/sm_1735973846.858022.jpg\",\"width\":720,\"height\":488,\"caption\":\"Thomas Partey : Mikel Arteta se Prononce sur L\u2019Avenir du Ghan\u00e9en \u00e0 Arsenal\"},{\"@type\":\"BreadcrumbList\",\"@id\":\"https:\/\/www.africa-press.net\/senegal\/sports\/thomas-partey-mikel-arteta-se-prononce-sur-lavenir-du-ghaneen-a-arsenal#breadcrumb\",\"itemListElement\":[{\"@type\":\"ListItem\",\"position\":1,\"name\":\"Accueil\",\"item\":\"https:\/\/www.africa-press.net\/senegal\/\"},{\"@type\":\"ListItem\",\"position\":2,\"name\":\"Thomas Partey : Mikel Arteta se Prononce sur L\u2019Avenir du Ghan\u00e9en \u00e0 Arsenal\"}]},{\"@type\":\"WebSite\",\"@id\":\"https:\/\/www.africa-press.net\/senegal\/#website\",\"url\":\"https:\/\/www.africa-press.net\/senegal\/\",\"name\":\"Africa Press | Senegal | Homepage\",\"description\":\"Just another Africa News Agency Sites site\",\"potentialAction\":[{\"@type\":\"SearchAction\",\"target\":{\"@type\":\"EntryPoint\",\"urlTemplate\":\"https:\/\/www.africa-press.net\/senegal\/?s={search_term_string}\"},\"query-input\":{\"@type\":\"PropertyValueSpecification\",\"valueRequired\":true,\"valueName\":\"search_term_string\"}}],\"inLanguage\":\"fr-FR\"},{\"@type\":\"Person\",\"@id\":\"https:\/\/www.africa-press.net\/senegal\/#\/schema\/person\/2b1cf3cd81a31e3cd26889ca66d677f1\",\"name\":\"cfeditorfr\",\"url\":\"https:\/\/www.africa-press.net\/senegal\/author\/cfeditorfr\"}]}<\/script>\n<!-- \/ Yoast SEO Premium plugin. -->","yoast_head_json":{"title":"Thomas Partey : Mikel Arteta se Prononce sur L\u2019Avenir du Ghan\u00e9en \u00e0 Arsenal - Senegal","description":"Mikel Arteta souhaite qu\u2019Arsenal retarde les ne\u0301gociations contractuelles avec Jorginho et Thomas Partey jusqu\u2019a\u0300 plus t ...","robots":{"index":"index","follow":"follow","max-snippet":"max-snippet:-1","max-image-preview":"max-image-preview:large","max-video-preview":"max-video-preview:-1"},"canonical":"https:\/\/www.africa-press.net\/senegal\/sports\/thomas-partey-mikel-arteta-se-prononce-sur-lavenir-du-ghaneen-a-arsenal","og_locale":"fr_FR","og_type":"article","og_title":"Thomas Partey : Mikel Arteta se Prononce sur L\u2019Avenir du Ghan\u00e9en \u00e0 Arsenal","og_description":"Mikel Arteta souhaite qu\u2019Arsenal retarde les ne\u0301gociations contractuelles avec Jorginho et Thomas Partey jusqu\u2019a\u0300 plus t ...","og_url":"https:\/\/www.africa-press.net\/senegal\/sports\/thomas-partey-mikel-arteta-se-prononce-sur-lavenir-du-ghaneen-a-arsenal","og_site_name":"Senegal","article_published_time":"2025-01-03T17:19:49+00:00","article_modified_time":"2025-01-04T10:30:46+00:00","og_image":[{"width":720,"height":488,"url":"https:\/\/static.africa-press.net\/senegal\/sites\/13\/2025\/01\/sm_1735973846.858022.jpg","type":"image\/jpeg"}],"author":"cfeditorfr","twitter_card":"summary_large_image","twitter_misc":{"\u00c9crit par":"cfeditorfr","Dur\u00e9e de lecture estim\u00e9e":"2 minutes"},"schema":{"@context":"https:\/\/schema.org","@graph":[{"@type":"Article","@id":"https:\/\/www.africa-press.net\/senegal\/sports\/thomas-partey-mikel-arteta-se-prononce-sur-lavenir-du-ghaneen-a-arsenal#article","isPartOf":{"@id":"https:\/\/www.africa-press.net\/senegal\/sports\/thomas-partey-mikel-arteta-se-prononce-sur-lavenir-du-ghaneen-a-arsenal"},"author":{"name":"cfeditorfr","@id":"https:\/\/www.africa-press.net\/senegal\/#\/schema\/person\/2b1cf3cd81a31e3cd26889ca66d677f1"},"headline":"Thomas Partey : Mikel Arteta se Prononce sur L\u2019Avenir du Ghan\u00e9en \u00e0 Arsenal","datePublished":"2025-01-03T17:19:49+00:00","dateModified":"2025-01-04T10:30:46+00:00","mainEntityOfPage":{"@id":"https:\/\/www.africa-press.net\/senegal\/sports\/thomas-partey-mikel-arteta-se-prononce-sur-lavenir-du-ghaneen-a-arsenal"},"wordCount":342,"commentCount":0,"image":{"@id":"https:\/\/www.africa-press.net\/senegal\/sports\/thomas-partey-mikel-arteta-se-prononce-sur-lavenir-du-ghaneen-a-arsenal#primaryimage"},"thumbnailUrl":"https:\/\/static.africa-press.net\/senegal\/sites\/13\/2025\/01\/sm_1735973846.858022.jpg","keywords":["Senegal"],"articleSection":["Sports","Toutes les actualit\u00e9s"],"inLanguage":"fr-FR","potentialAction":[{"@type":"CommentAction","name":"Comment","target":["https:\/\/www.africa-press.net\/senegal\/sports\/thomas-partey-mikel-arteta-se-prononce-sur-lavenir-du-ghaneen-a-arsenal#respond"]}]},{"@type":"WebPage","@id":"https:\/\/www.africa-press.net\/senegal\/sports\/thomas-partey-mikel-arteta-se-prononce-sur-lavenir-du-ghaneen-a-arsenal","url":"https:\/\/www.africa-press.net\/senegal\/sports\/thomas-partey-mikel-arteta-se-prononce-sur-lavenir-du-ghaneen-a-arsenal","name":"Thomas Partey : Mikel Arteta se Prononce sur L\u2019Avenir du Ghan\u00e9en \u00e0 Arsenal - Senegal","isPartOf":{"@id":"https:\/\/www.africa-press.net\/senegal\/#website"},"primaryImageOfPage":{"@id":"https:\/\/www.africa-press.net\/senegal\/sports\/thomas-partey-mikel-arteta-se-prononce-sur-lavenir-du-ghaneen-a-arsenal#primaryimage"},"image":{"@id":"https:\/\/www.africa-press.net\/senegal\/sports\/thomas-partey-mikel-arteta-se-prononce-sur-lavenir-du-ghaneen-a-arsenal#primaryimage"},"thumbnailUrl":"https:\/\/static.africa-press.net\/senegal\/sites\/13\/2025\/01\/sm_1735973846.858022.jpg","datePublished":"2025-01-03T17:19:49+00:00","dateModified":"2025-01-04T10:30:46+00:00","author":{"@id":"https:\/\/www.africa-press.net\/senegal\/#\/schema\/person\/2b1cf3cd81a31e3cd26889ca66d677f1"},"description":"Mikel Arteta souhaite qu\u2019Arsenal retarde les ne\u0301gociations contractuelles avec Jorginho et Thomas Partey jusqu\u2019a\u0300 plus t ...","breadcrumb":{"@id":"https:\/\/www.africa-press.net\/senegal\/sports\/thomas-partey-mikel-arteta-se-prononce-sur-lavenir-du-ghaneen-a-arsenal#breadcrumb"},"inLanguage":"fr-FR","potentialAction":[{"@type":"ReadAction","target":["https:\/\/www.africa-press.net\/senegal\/sports\/thomas-partey-mikel-arteta-se-prononce-sur-lavenir-du-ghaneen-a-arsenal"]}]},{"@type":"ImageObject","inLanguage":"fr-FR","@id":"https:\/\/www.africa-press.net\/senegal\/sports\/thomas-partey-mikel-arteta-se-prononce-sur-lavenir-du-ghaneen-a-arsenal#primaryimage","url":"https:\/\/static.africa-press.net\/senegal\/sites\/13\/2025\/01\/sm_1735973846.858022.jpg","contentUrl":"https:\/\/static.africa-press.net\/senegal\/sites\/13\/2025\/01\/sm_1735973846.858022.jpg","width":720,"height":488,"caption":"Thomas Partey : Mikel Arteta se Prononce sur L\u2019Avenir du Ghan\u00e9en \u00e0 Arsenal"},{"@type":"BreadcrumbList","@id":"https:\/\/www.africa-press.net\/senegal\/sports\/thomas-partey-mikel-arteta-se-prononce-sur-lavenir-du-ghaneen-a-arsenal#breadcrumb","itemListElement":[{"@type":"ListItem","position":1,"name":"Accueil","item":"https:\/\/www.africa-press.net\/senegal\/"},{"@type":"ListItem","position":2,"name":"Thomas Partey : Mikel Arteta se Prononce sur L\u2019Avenir du Ghan\u00e9en \u00e0 Arsenal"}]},{"@type":"WebSite","@id":"https:\/\/www.africa-press.net\/senegal\/#website","url":"https:\/\/www.africa-press.net\/senegal\/","name":"Africa Press | Senegal | Homepage","description":"Just another Africa News Agency Sites site","potentialAction":[{"@type":"SearchAction","target":{"@type":"EntryPoint","urlTemplate":"https:\/\/www.africa-press.net\/senegal\/?s={search_term_string}"},"query-input":{"@type":"PropertyValueSpecification","valueRequired":true,"valueName":"search_term_string"}}],"inLanguage":"fr-FR"},{"@type":"Person","@id":"https:\/\/www.africa-press.net\/senegal\/#\/schema\/person\/2b1cf3cd81a31e3cd26889ca66d677f1","name":"cfeditorfr","url":"https:\/\/www.africa-press.net\/senegal\/author\/cfeditorfr"}]}},"_links":{"self":[{"href":"https:\/\/www.africa-press.net\/senegal\/wp-json\/wp\/v2\/posts\/64561","targetHints":{"allow":["GET"]}}],"collection":[{"href":"https:\/\/www.africa-press.net\/senegal\/wp-json\/wp\/v2\/posts"}],"about":[{"href":"https:\/\/www.africa-press.net\/senegal\/wp-json\/wp\/v2\/types\/post"}],"author":[{"embeddable":true,"href":"https:\/\/www.africa-press.net\/senegal\/wp-json\/wp\/v2\/users\/82"}],"replies":[{"embeddable":true,"href":"https:\/\/www.africa-press.net\/senegal\/wp-json\/wp\/v2\/comments?post=64561"}],"version-history":[{"count":0,"href":"https:\/\/www.africa-press.net\/senegal\/wp-json\/wp\/v2\/posts\/64561\/revisions"}],"wp:featuredmedia":[{"embeddable":true,"href":"https:\/\/www.africa-press.net\/senegal\/wp-json\/wp\/v2\/media\/64560"}],"wp:attachment":[{"href":"https:\/\/www.africa-press.net\/senegal\/wp-json\/wp\/v2\/media?parent=64561"}],"wp:term":[{"taxonomy":"category","embeddable":true,"href":"https:\/\/www.africa-press.net\/senegal\/wp-json\/wp\/v2\/categories?post=64561"},{"taxonomy":"post_tag","embeddable":true,"href":"https:\/\/www.africa-press.net\/senegal\/wp-json\/wp\/v2\/tags?post=64561"}],"curies":[{"name":"wp","href":"https:\/\/api.w.org\/{rel}","templated":true}]}}