{"id":64629,"date":"2025-01-04T21:38:45","date_gmt":"2025-01-04T21:38:45","guid":{"rendered":"https:\/\/www.africa-press.net\/senegal\/politique\/le-connecteur-usb-c-va-t-il-vraiment-nuire-a-linnovation"},"modified":"2025-01-06T05:50:50","modified_gmt":"2025-01-06T05:50:50","slug":"le-connecteur-usb-c-va-t-il-vraiment-nuire-a-linnovation","status":"publish","type":"post","link":"https:\/\/www.africa-press.net\/senegal\/toutes-les-actualites\/le-connecteur-usb-c-va-t-il-vraiment-nuire-a-linnovation","title":{"rendered":"Le Connecteur USB-C Va-T-Il Vraiment Nuire A\u0300 L\u2019Innovation ?"},"content":{"rendered":"<p><span style=\"color: #ff6600\"><strong>Africa-Press &#8211; Senegal. <\/strong><\/span>Alors que la le\u0301gislation europe\u0301enne impose de\u0301sormais les chargeurs USB-C pour toute une gamme d\u2019appareils e\u0301lectroniques a\u0300 travers l\u2019Union, certains affirment que cette de\u0301cision va freiner l\u2019innovation. Qu\u2019en est-il re\u0301ellement ?<\/p>\n<p>On y est ! Depuis le 28 de\u0301cembre 2024, tout nouvel appareil e\u0301lectronique de petite taille qui arrive sur le marche\u0301 europe\u0301en doit e\u0302tre e\u0301quipe\u0301 d&rsquo;un port de recharge USB-C. Cette le\u0301gislation du re\u0301gulateur europe\u0301en vise a\u0300 re\u0301duire les de\u0301chets e\u0301lectroniques en permettant l&rsquo;utilisation du me\u0302me ca\u0302ble et du me\u0302me chargeur pour tous ses appareils.<\/p>\n<p>Toutefois, cette loi, qui a e\u0301te\u0301 vote\u0301e en 2022, a e\u0301te\u0301 vivement critique\u0301e par Apple. La firme a e\u0301te\u0301 contrainte d&rsquo;abandonner son propre connecteur Lightning et a affirme\u0301 que ce serait un frein a\u0300 l&rsquo;innovation. Une position que d&rsquo;autres trouvent difficile a\u0300 de\u0301fendre, car il s&rsquo;agit d&rsquo;un connecteur, pas d&rsquo;une norme USB. Il existe ne\u0301anmoins une confusion, car le connecteur USB-C est sorti quasiment en me\u0302me temps que la norme USB 3.1. Mais ce sont deux choses distinctes. Le connecteur physique, lui, est compatible avec toutes les versions de l&rsquo;USB, depuis l&rsquo;USB 1.0, et devrait e\u0302tre compatible avec toutes les nouvelles normes de l&rsquo;USB a\u0300 venir pendant un certain temps. A\u0300 titre de comparaison, le connecteur USB-A, lui, existe depuis presque 30 ans et est toujours d&rsquo;actualite\u0301.<\/p>\n<p>Une le\u0301gislation qui ne concerne que les petits appareils<\/p>\n<p>Certains avancent la limite de 240 watts du connecteur, affirmant qu&rsquo;il pourrait brider les appareils futurs. Or, a\u0300 l&rsquo;heure actuelle la le\u0301gislation inclut une liste spe\u0301cifique d&rsquo;appareils, a\u0300 savoir: te\u0301le\u0301phones mobiles et smartphones, tablettes, appareils photo, casques et e\u0301couteurs, consoles de jeu, haut-parleurs, liseuses, claviers, souris, syste\u0300mes de navigation portables. Cela exclut donc les ordinateurs portables pour l&rsquo;instant, qui ne seront inclus qu&rsquo;au 28 avril 2026. De plus, la loi s&rsquo;applique aux appareils de moins de 100 watts, ce qui laissera de la liberte\u0301 pour les ordinateurs gourmands en e\u0301nergie. Pour les appareils concerne\u0301s, la nouvelle le\u0301gislation impose la compatibilite\u0301 avec la norme Power Delivery afin de permettre la recharge rapide quelle que soit la marque du chargeur. Fini toutes ces normes Dash, Warp, SuperVOOC, etc. Malgre\u0301 tout, rien n&#8217;empe\u0302che les constructeurs d&rsquo;inclure leur propre norme en plus, si elle est plus avantageuse, tant que l&rsquo;appareil est aussi compatible avec Power Delivery.<\/p>\n<p>La le\u0301gislation ne couvre que la charge, pas le transfert de donne\u0301es. Cela signifie que si quelqu&rsquo;un invente un nouveau connecteur pour les donne\u0301es, les constructeurs pourront en e\u0301quiper leurs appareils. Toutefois, la norme USB pour les donne\u0301es va continuer a\u0300 e\u0301voluer, et ce n&rsquo;est pas le connecteur USB-C qui va e\u0302tre un frein. Et si le connecteur atteint ses limites, le re\u0301gulateur pourra toujours mettre a\u0300 jour la le\u0301gislation pour inclure un nouveau connecteur. Si l&rsquo;adoption du connecteur unique a pris de nombreuses anne\u0301es, le changement pour un nouveau connecteur pourrait e\u0302tre beaucoup plus rapide si tous les constructeurs qui en ont besoin font pression en me\u0302me temps.<\/p>\n<p>Le proble\u0300me des ca\u0302bles incompatibles n\u2019est toujours pas re\u0301solu<\/p>\n<p>Cependant, l&rsquo;imposition de l&rsquo;USB-C ne re\u0300glera pas le proble\u0300me principal de ce connecteur, a\u0300 savoir la compatibilite\u0301 des ca\u0302bles avec les diffe\u0301rentes normes. Les ca\u0302bles USB-C peuvent e\u0302tre &#8211; ou pas &#8211; compatibles avec le protocole Thunderbolt, avec diffe\u0301rentes puissances de charge, diffe\u0301rentes versions de la norme USB (USB 3 ou USB 4, par exemple, ce qui affecte la vitesse de transfert de donne\u0301es). Donc me\u0302me avec un appareil dote\u0301 d&rsquo;un port USB-C et un chargeur ou un autre appareil avec les bonnes caracte\u0301ristiques, les performances peuvent e\u0302tre de\u0301grade\u0301es par le ca\u0302ble&#8230;<\/p>\n<p>Est-ce qu&rsquo;au final cette strate\u0301gie risque de nuire a\u0300 l&rsquo;innovation ? C&rsquo;est possible, mais peu probable, tout du moins pas avant longtemps. Et encore, cela ne concerne que l&rsquo;Europe, ce qui n&#8217;empe\u0302chera pas l&rsquo;innovation dans le reste du monde. De plus, cela ne concerne que la charge filaire, ce qui permettra a\u0300 la charge sans fil de continuer a\u0300 e\u0301voluer sans contraintes. Mais la bonne nouvelle est que cette le\u0301gislation devrait e\u0301viter 11 000 tonnes de de\u0301chets e\u0301lectroniques chaque anne\u0301e.<\/p>\n<p><strong>Pour plus d&rsquo;informations et d&rsquo;analyses sur la <span style=\"color: #ff6600\">Senegal<\/span>, suivez <span style=\"color: #ff6600\">Africa-Press<\/span><\/strong><\/p>\n","protected":false},"excerpt":{"rendered":"<p>Africa-Press &#8211; Senegal. Alors que la le\u0301gislation europe\u0301enne impose de\u0301sormais les chargeurs USB-C pour toute une gamme d\u2019appareils e\u0301lectroniques a\u0300 travers l\u2019Union, certains affirment que cette de\u0301cision va freiner l\u2019innovation. Qu\u2019en est-il re\u0301ellement ? On y est ! Depuis le 28 de\u0301cembre 2024, tout nouvel appareil e\u0301lectronique de petite taille qui arrive sur le marche\u0301 [&hellip;]<\/p>\n","protected":false},"author":82,"featured_media":64628,"comment_status":"open","ping_status":"closed","sticky":false,"template":"","format":"standard","meta":{"footnotes":""},"categories":[22,10],"tags":[44],"class_list":["post-64629","post","type-post","status-publish","format-standard","has-post-thumbnail","hentry","category-divers","category-toutes-les-actualites","tag-senegal-2"],"yoast_head":"<!-- This site is optimized with the Yoast SEO Premium plugin v26.1 (Yoast SEO v27.0) - https:\/\/yoast.com\/product\/yoast-seo-premium-wordpress\/ -->\n<title>Le Connecteur USB-C Va-T-Il Vraiment Nuire A\u0300 L\u2019Innovation ? - Senegal<\/title>\n<meta name=\"description\" content=\"Alors que la le\u0301gislation europe\u0301enne impose de\u0301sormais les chargeurs USB-C pour toute une gamme d\u2019appareils e\u0301lectroniq ...\" \/>\n<meta name=\"robots\" content=\"index, follow, max-snippet:-1, max-image-preview:large, max-video-preview:-1\" \/>\n<link rel=\"canonical\" href=\"https:\/\/www.africa-press.net\/senegal\/toutes-les-actualites\/le-connecteur-usb-c-va-t-il-vraiment-nuire-a-linnovation\" \/>\n<meta property=\"og:locale\" content=\"fr_FR\" \/>\n<meta property=\"og:type\" content=\"article\" \/>\n<meta property=\"og:title\" content=\"Le Connecteur USB-C Va-T-Il Vraiment Nuire A\u0300 L\u2019Innovation ?\" \/>\n<meta property=\"og:description\" content=\"Alors que la le\u0301gislation europe\u0301enne impose de\u0301sormais les chargeurs USB-C pour toute une gamme d\u2019appareils e\u0301lectroniq ...\" \/>\n<meta property=\"og:url\" content=\"https:\/\/www.africa-press.net\/senegal\/toutes-les-actualites\/le-connecteur-usb-c-va-t-il-vraiment-nuire-a-linnovation\" \/>\n<meta property=\"og:site_name\" content=\"Senegal\" \/>\n<meta property=\"article:published_time\" content=\"2025-01-04T21:38:45+00:00\" \/>\n<meta property=\"article:modified_time\" content=\"2025-01-06T05:50:50+00:00\" \/>\n<meta property=\"og:image\" content=\"https:\/\/static.africa-press.net\/senegal\/sites\/13\/2025\/01\/sm_1736129686.565402.jpg\" \/>\n\t<meta property=\"og:image:width\" content=\"810\" \/>\n\t<meta property=\"og:image:height\" content=\"544\" \/>\n\t<meta property=\"og:image:type\" content=\"image\/jpeg\" \/>\n<meta name=\"author\" content=\"cfeditorfr\" \/>\n<meta name=\"twitter:card\" content=\"summary_large_image\" \/>\n<meta name=\"twitter:label1\" content=\"\u00c9crit par\" \/>\n\t<meta name=\"twitter:data1\" content=\"cfeditorfr\" \/>\n\t<meta name=\"twitter:label2\" content=\"Dur\u00e9e de lecture estim\u00e9e\" \/>\n\t<meta name=\"twitter:data2\" content=\"4 minutes\" \/>\n<script type=\"application\/ld+json\" class=\"yoast-schema-graph\">{\"@context\":\"https:\/\/schema.org\",\"@graph\":[{\"@type\":\"Article\",\"@id\":\"https:\/\/www.africa-press.net\/senegal\/toutes-les-actualites\/le-connecteur-usb-c-va-t-il-vraiment-nuire-a-linnovation#article\",\"isPartOf\":{\"@id\":\"https:\/\/www.africa-press.net\/senegal\/toutes-les-actualites\/le-connecteur-usb-c-va-t-il-vraiment-nuire-a-linnovation\"},\"author\":{\"name\":\"cfeditorfr\",\"@id\":\"https:\/\/www.africa-press.net\/senegal\/#\/schema\/person\/2b1cf3cd81a31e3cd26889ca66d677f1\"},\"headline\":\"Le Connecteur USB-C Va-T-Il Vraiment Nuire A\u0300 L\u2019Innovation ?\",\"datePublished\":\"2025-01-04T21:38:45+00:00\",\"dateModified\":\"2025-01-06T05:50:50+00:00\",\"mainEntityOfPage\":{\"@id\":\"https:\/\/www.africa-press.net\/senegal\/toutes-les-actualites\/le-connecteur-usb-c-va-t-il-vraiment-nuire-a-linnovation\"},\"wordCount\":787,\"commentCount\":0,\"image\":{\"@id\":\"https:\/\/www.africa-press.net\/senegal\/toutes-les-actualites\/le-connecteur-usb-c-va-t-il-vraiment-nuire-a-linnovation#primaryimage\"},\"thumbnailUrl\":\"https:\/\/static.africa-press.net\/senegal\/sites\/13\/2025\/01\/sm_1736129686.565402.jpg\",\"keywords\":[\"Senegal\"],\"articleSection\":[\"Divers\",\"Toutes les actualit\u00e9s\"],\"inLanguage\":\"fr-FR\",\"potentialAction\":[{\"@type\":\"CommentAction\",\"name\":\"Comment\",\"target\":[\"https:\/\/www.africa-press.net\/senegal\/toutes-les-actualites\/le-connecteur-usb-c-va-t-il-vraiment-nuire-a-linnovation#respond\"]}]},{\"@type\":\"WebPage\",\"@id\":\"https:\/\/www.africa-press.net\/senegal\/toutes-les-actualites\/le-connecteur-usb-c-va-t-il-vraiment-nuire-a-linnovation\",\"url\":\"https:\/\/www.africa-press.net\/senegal\/toutes-les-actualites\/le-connecteur-usb-c-va-t-il-vraiment-nuire-a-linnovation\",\"name\":\"Le Connecteur USB-C Va-T-Il Vraiment Nuire A\u0300 L\u2019Innovation ? - Senegal\",\"isPartOf\":{\"@id\":\"https:\/\/www.africa-press.net\/senegal\/#website\"},\"primaryImageOfPage\":{\"@id\":\"https:\/\/www.africa-press.net\/senegal\/toutes-les-actualites\/le-connecteur-usb-c-va-t-il-vraiment-nuire-a-linnovation#primaryimage\"},\"image\":{\"@id\":\"https:\/\/www.africa-press.net\/senegal\/toutes-les-actualites\/le-connecteur-usb-c-va-t-il-vraiment-nuire-a-linnovation#primaryimage\"},\"thumbnailUrl\":\"https:\/\/static.africa-press.net\/senegal\/sites\/13\/2025\/01\/sm_1736129686.565402.jpg\",\"datePublished\":\"2025-01-04T21:38:45+00:00\",\"dateModified\":\"2025-01-06T05:50:50+00:00\",\"author\":{\"@id\":\"https:\/\/www.africa-press.net\/senegal\/#\/schema\/person\/2b1cf3cd81a31e3cd26889ca66d677f1\"},\"description\":\"Alors que la le\u0301gislation europe\u0301enne impose de\u0301sormais les chargeurs USB-C pour toute une gamme d\u2019appareils e\u0301lectroniq ...\",\"breadcrumb\":{\"@id\":\"https:\/\/www.africa-press.net\/senegal\/toutes-les-actualites\/le-connecteur-usb-c-va-t-il-vraiment-nuire-a-linnovation#breadcrumb\"},\"inLanguage\":\"fr-FR\",\"potentialAction\":[{\"@type\":\"ReadAction\",\"target\":[\"https:\/\/www.africa-press.net\/senegal\/toutes-les-actualites\/le-connecteur-usb-c-va-t-il-vraiment-nuire-a-linnovation\"]}]},{\"@type\":\"ImageObject\",\"inLanguage\":\"fr-FR\",\"@id\":\"https:\/\/www.africa-press.net\/senegal\/toutes-les-actualites\/le-connecteur-usb-c-va-t-il-vraiment-nuire-a-linnovation#primaryimage\",\"url\":\"https:\/\/static.africa-press.net\/senegal\/sites\/13\/2025\/01\/sm_1736129686.565402.jpg\",\"contentUrl\":\"https:\/\/static.africa-press.net\/senegal\/sites\/13\/2025\/01\/sm_1736129686.565402.jpg\",\"width\":810,\"height\":544,\"caption\":\"Le Connecteur USB-C Va-T-Il Vraiment Nuire A\u0300 L\u2019Innovation ?\"},{\"@type\":\"BreadcrumbList\",\"@id\":\"https:\/\/www.africa-press.net\/senegal\/toutes-les-actualites\/le-connecteur-usb-c-va-t-il-vraiment-nuire-a-linnovation#breadcrumb\",\"itemListElement\":[{\"@type\":\"ListItem\",\"position\":1,\"name\":\"Accueil\",\"item\":\"https:\/\/www.africa-press.net\/senegal\/\"},{\"@type\":\"ListItem\",\"position\":2,\"name\":\"Le Connecteur USB-C Va-T-Il Vraiment Nuire A\u0300 L\u2019Innovation ?\"}]},{\"@type\":\"WebSite\",\"@id\":\"https:\/\/www.africa-press.net\/senegal\/#website\",\"url\":\"https:\/\/www.africa-press.net\/senegal\/\",\"name\":\"Africa Press | Senegal | Homepage\",\"description\":\"Just another Africa News Agency Sites site\",\"potentialAction\":[{\"@type\":\"SearchAction\",\"target\":{\"@type\":\"EntryPoint\",\"urlTemplate\":\"https:\/\/www.africa-press.net\/senegal\/?s={search_term_string}\"},\"query-input\":{\"@type\":\"PropertyValueSpecification\",\"valueRequired\":true,\"valueName\":\"search_term_string\"}}],\"inLanguage\":\"fr-FR\"},{\"@type\":\"Person\",\"@id\":\"https:\/\/www.africa-press.net\/senegal\/#\/schema\/person\/2b1cf3cd81a31e3cd26889ca66d677f1\",\"name\":\"cfeditorfr\",\"url\":\"https:\/\/www.africa-press.net\/senegal\/author\/cfeditorfr\"}]}<\/script>\n<!-- \/ Yoast SEO Premium plugin. -->","yoast_head_json":{"title":"Le Connecteur USB-C Va-T-Il Vraiment Nuire A\u0300 L\u2019Innovation ? - Senegal","description":"Alors que la le\u0301gislation europe\u0301enne impose de\u0301sormais les chargeurs USB-C pour toute une gamme d\u2019appareils e\u0301lectroniq ...","robots":{"index":"index","follow":"follow","max-snippet":"max-snippet:-1","max-image-preview":"max-image-preview:large","max-video-preview":"max-video-preview:-1"},"canonical":"https:\/\/www.africa-press.net\/senegal\/toutes-les-actualites\/le-connecteur-usb-c-va-t-il-vraiment-nuire-a-linnovation","og_locale":"fr_FR","og_type":"article","og_title":"Le Connecteur USB-C Va-T-Il Vraiment Nuire A\u0300 L\u2019Innovation ?","og_description":"Alors que la le\u0301gislation europe\u0301enne impose de\u0301sormais les chargeurs USB-C pour toute une gamme d\u2019appareils e\u0301lectroniq ...","og_url":"https:\/\/www.africa-press.net\/senegal\/toutes-les-actualites\/le-connecteur-usb-c-va-t-il-vraiment-nuire-a-linnovation","og_site_name":"Senegal","article_published_time":"2025-01-04T21:38:45+00:00","article_modified_time":"2025-01-06T05:50:50+00:00","og_image":[{"width":810,"height":544,"url":"https:\/\/static.africa-press.net\/senegal\/sites\/13\/2025\/01\/sm_1736129686.565402.jpg","type":"image\/jpeg"}],"author":"cfeditorfr","twitter_card":"summary_large_image","twitter_misc":{"\u00c9crit par":"cfeditorfr","Dur\u00e9e de lecture estim\u00e9e":"4 minutes"},"schema":{"@context":"https:\/\/schema.org","@graph":[{"@type":"Article","@id":"https:\/\/www.africa-press.net\/senegal\/toutes-les-actualites\/le-connecteur-usb-c-va-t-il-vraiment-nuire-a-linnovation#article","isPartOf":{"@id":"https:\/\/www.africa-press.net\/senegal\/toutes-les-actualites\/le-connecteur-usb-c-va-t-il-vraiment-nuire-a-linnovation"},"author":{"name":"cfeditorfr","@id":"https:\/\/www.africa-press.net\/senegal\/#\/schema\/person\/2b1cf3cd81a31e3cd26889ca66d677f1"},"headline":"Le Connecteur USB-C Va-T-Il Vraiment Nuire A\u0300 L\u2019Innovation ?","datePublished":"2025-01-04T21:38:45+00:00","dateModified":"2025-01-06T05:50:50+00:00","mainEntityOfPage":{"@id":"https:\/\/www.africa-press.net\/senegal\/toutes-les-actualites\/le-connecteur-usb-c-va-t-il-vraiment-nuire-a-linnovation"},"wordCount":787,"commentCount":0,"image":{"@id":"https:\/\/www.africa-press.net\/senegal\/toutes-les-actualites\/le-connecteur-usb-c-va-t-il-vraiment-nuire-a-linnovation#primaryimage"},"thumbnailUrl":"https:\/\/static.africa-press.net\/senegal\/sites\/13\/2025\/01\/sm_1736129686.565402.jpg","keywords":["Senegal"],"articleSection":["Divers","Toutes les actualit\u00e9s"],"inLanguage":"fr-FR","potentialAction":[{"@type":"CommentAction","name":"Comment","target":["https:\/\/www.africa-press.net\/senegal\/toutes-les-actualites\/le-connecteur-usb-c-va-t-il-vraiment-nuire-a-linnovation#respond"]}]},{"@type":"WebPage","@id":"https:\/\/www.africa-press.net\/senegal\/toutes-les-actualites\/le-connecteur-usb-c-va-t-il-vraiment-nuire-a-linnovation","url":"https:\/\/www.africa-press.net\/senegal\/toutes-les-actualites\/le-connecteur-usb-c-va-t-il-vraiment-nuire-a-linnovation","name":"Le Connecteur USB-C Va-T-Il Vraiment Nuire A\u0300 L\u2019Innovation ? - Senegal","isPartOf":{"@id":"https:\/\/www.africa-press.net\/senegal\/#website"},"primaryImageOfPage":{"@id":"https:\/\/www.africa-press.net\/senegal\/toutes-les-actualites\/le-connecteur-usb-c-va-t-il-vraiment-nuire-a-linnovation#primaryimage"},"image":{"@id":"https:\/\/www.africa-press.net\/senegal\/toutes-les-actualites\/le-connecteur-usb-c-va-t-il-vraiment-nuire-a-linnovation#primaryimage"},"thumbnailUrl":"https:\/\/static.africa-press.net\/senegal\/sites\/13\/2025\/01\/sm_1736129686.565402.jpg","datePublished":"2025-01-04T21:38:45+00:00","dateModified":"2025-01-06T05:50:50+00:00","author":{"@id":"https:\/\/www.africa-press.net\/senegal\/#\/schema\/person\/2b1cf3cd81a31e3cd26889ca66d677f1"},"description":"Alors que la le\u0301gislation europe\u0301enne impose de\u0301sormais les chargeurs USB-C pour toute une gamme d\u2019appareils e\u0301lectroniq ...","breadcrumb":{"@id":"https:\/\/www.africa-press.net\/senegal\/toutes-les-actualites\/le-connecteur-usb-c-va-t-il-vraiment-nuire-a-linnovation#breadcrumb"},"inLanguage":"fr-FR","potentialAction":[{"@type":"ReadAction","target":["https:\/\/www.africa-press.net\/senegal\/toutes-les-actualites\/le-connecteur-usb-c-va-t-il-vraiment-nuire-a-linnovation"]}]},{"@type":"ImageObject","inLanguage":"fr-FR","@id":"https:\/\/www.africa-press.net\/senegal\/toutes-les-actualites\/le-connecteur-usb-c-va-t-il-vraiment-nuire-a-linnovation#primaryimage","url":"https:\/\/static.africa-press.net\/senegal\/sites\/13\/2025\/01\/sm_1736129686.565402.jpg","contentUrl":"https:\/\/static.africa-press.net\/senegal\/sites\/13\/2025\/01\/sm_1736129686.565402.jpg","width":810,"height":544,"caption":"Le Connecteur USB-C Va-T-Il Vraiment Nuire A\u0300 L\u2019Innovation ?"},{"@type":"BreadcrumbList","@id":"https:\/\/www.africa-press.net\/senegal\/toutes-les-actualites\/le-connecteur-usb-c-va-t-il-vraiment-nuire-a-linnovation#breadcrumb","itemListElement":[{"@type":"ListItem","position":1,"name":"Accueil","item":"https:\/\/www.africa-press.net\/senegal\/"},{"@type":"ListItem","position":2,"name":"Le Connecteur USB-C Va-T-Il Vraiment Nuire A\u0300 L\u2019Innovation ?"}]},{"@type":"WebSite","@id":"https:\/\/www.africa-press.net\/senegal\/#website","url":"https:\/\/www.africa-press.net\/senegal\/","name":"Africa Press | Senegal | Homepage","description":"Just another Africa News Agency Sites site","potentialAction":[{"@type":"SearchAction","target":{"@type":"EntryPoint","urlTemplate":"https:\/\/www.africa-press.net\/senegal\/?s={search_term_string}"},"query-input":{"@type":"PropertyValueSpecification","valueRequired":true,"valueName":"search_term_string"}}],"inLanguage":"fr-FR"},{"@type":"Person","@id":"https:\/\/www.africa-press.net\/senegal\/#\/schema\/person\/2b1cf3cd81a31e3cd26889ca66d677f1","name":"cfeditorfr","url":"https:\/\/www.africa-press.net\/senegal\/author\/cfeditorfr"}]}},"_links":{"self":[{"href":"https:\/\/www.africa-press.net\/senegal\/wp-json\/wp\/v2\/posts\/64629","targetHints":{"allow":["GET"]}}],"collection":[{"href":"https:\/\/www.africa-press.net\/senegal\/wp-json\/wp\/v2\/posts"}],"about":[{"href":"https:\/\/www.africa-press.net\/senegal\/wp-json\/wp\/v2\/types\/post"}],"author":[{"embeddable":true,"href":"https:\/\/www.africa-press.net\/senegal\/wp-json\/wp\/v2\/users\/82"}],"replies":[{"embeddable":true,"href":"https:\/\/www.africa-press.net\/senegal\/wp-json\/wp\/v2\/comments?post=64629"}],"version-history":[{"count":0,"href":"https:\/\/www.africa-press.net\/senegal\/wp-json\/wp\/v2\/posts\/64629\/revisions"}],"wp:featuredmedia":[{"embeddable":true,"href":"https:\/\/www.africa-press.net\/senegal\/wp-json\/wp\/v2\/media\/64628"}],"wp:attachment":[{"href":"https:\/\/www.africa-press.net\/senegal\/wp-json\/wp\/v2\/media?parent=64629"}],"wp:term":[{"taxonomy":"category","embeddable":true,"href":"https:\/\/www.africa-press.net\/senegal\/wp-json\/wp\/v2\/categories?post=64629"},{"taxonomy":"post_tag","embeddable":true,"href":"https:\/\/www.africa-press.net\/senegal\/wp-json\/wp\/v2\/tags?post=64629"}],"curies":[{"name":"wp","href":"https:\/\/api.w.org\/{rel}","templated":true}]}}