{"id":64669,"date":"2025-01-08T12:20:00","date_gmt":"2025-01-08T12:20:00","guid":{"rendered":"https:\/\/www.africa-press.net\/senegal\/politique\/me-abdy-nar-ndiaye-avocat-de-sonko-taiba-ndiaye-sera-parmi-les-communes-beneficiaires-des-realisations-de-letat"},"modified":"2025-01-08T12:20:00","modified_gmt":"2025-01-08T12:20:00","slug":"me-abdy-nar-ndiaye-avocat-de-sonko-taiba-ndiaye-sera-parmi-les-communes-beneficiaires-des-realisations-de-letat","status":"publish","type":"post","link":"https:\/\/www.africa-press.net\/senegal\/politique\/me-abdy-nar-ndiaye-avocat-de-sonko-taiba-ndiaye-sera-parmi-les-communes-beneficiaires-des-realisations-de-letat","title":{"rendered":"Me Abdy Nar Ndiaye, avocat de Sonko : \u00ab Taiba Ndiaye sera parmi les communes b\u00e9n\u00e9ficiaires des r\u00e9alisations de l\u2019Etat \u00bb"},"content":{"rendered":"<p><span style=\"color: #ff6600\"><strong>Africa-Press &#8211; Senegal. <\/strong><\/span>La commune de Tai\u0308ba-Ndiaye, dans le de\u0301partement de Tivaouane, sera parmi les communes be\u0301ne\u0301ficiaires des re\u0301alisations de l\u2019Etat, a\u0300 travers le \u00abProjet\u00bb et le Re\u0301fe\u0301rentiel Se\u0301ne\u0301gal Horizon 2050 e\u0301tabli par le Gouvernement\u00bb. La promesse est de Mai\u0302tre Abdy Nar Ndiaye.<\/p>\n<p>Le leader politique et avocat du Premier ministre Ousmane Sonko a manifeste\u0301 ses ambitions pour sa localite\u0301, lors d&rsquo;un \u00abGrand Sargal\u00bb que lui ont de\u0301die\u0301 les patriotes de ladite commune, ce week-end. Il a, de\u0300s lors, de\u0301cide\u0301 de financer la formation de plusieurs femmes de sa commune dans les filie\u0300res de transformations des produits laitiers et ce\u0301re\u0301aliers.<\/p>\n<p>Aussi Mai\u0302tre Abdy Nar Ndiaye s\u2019engage a\u0300 aider les jeunes de Tai\u0308ba-Ndiaye a\u0300 obtenir des formations professionnelles et a\u0300 de\u0301velopper leurs potentiels a\u0300 travers les usines et entreprises locales.<\/p>\n<p>\u00abLa commune de Tai\u0308ba-Ndiaye peut compter sur le Re\u0301fe\u0301rentiel 2050, notamment dans les po\u0302les concernant l\u2019agriculture, l\u2019e\u0301levage et surtout la gestion de ressources minie\u0300res. La jeunesse de Tai\u0308ba-Ndiaye occupera une place importante dans le de\u0301veloppement locale et va be\u0301ne\u0301ficier des retombe\u0301es issues des activite\u0301s extractives\u00bb, a promis Mai\u0302tre Ndiaye.<\/p>\n<p>A l\u2019occasion de cette ce\u0301re\u0301monie qui a vu la pre\u0301sence du maire de Tai\u0308ba-Ndiaye, des de\u0301pute\u0301s Mai\u0302tre Abdoulaye Tall et Cheikh Barra Ndiaye ainsi qu\u2019Abib Niang, ancien allie\u0301 du Pre\u0301sident Macky Sall, l\u2019avocat Mai\u0302tre Abdy Nar Ndiaye s\u2019est prononce\u0301 sur la cre\u0301ation de la Haute cour de justice.<\/p>\n<p>Adopte\u0301e avec succe\u0300s par l\u2019Assemble\u0301e nationale, l&rsquo;acteur de la justice a fait savoir que \u00abcette juridiction n\u2019est pas cre\u0301e\u0301e pour un re\u0300glement de compte\u00bb. Pour l&rsquo;avocat, \u00abLa mise en place de cette cour, qui e\u0301tait une demande nationale pour juger certaines autorite\u0301s e\u0301tatiques qui ont mal ge\u0301re\u0301 les biens publics, s\u2019inscrit dans le cadre du Jub-Jubal-Jubanti. Donc, c\u0327a va renforcer l\u2019Etat de droit\u00bb.<\/p>\n<p>Me Ndiaye ne manque pas d\u2019appeler tous les se\u0301ne\u0301galais a\u0300 s\u2019investir dans la re\u0301alisation du \u00abProjet\u00bb afin d\u2019obtenir un de\u0301veloppement durable permettant d\u2019ame\u0301liorer les conditions de vie des populations et d\u2019assurer un lendemain meilleur.<\/p>\n<p><strong>Pour plus d&rsquo;informations et d&rsquo;analyses sur la <span style=\"color: #ff6600\">Senegal<\/span>, suivez <span style=\"color: #ff6600\">Africa-Press<span style=\"color: #ff6600\"><\/span><\/strong><\/p>\n","protected":false},"excerpt":{"rendered":"<p>Africa-Press &#8211; Senegal. La commune de Tai\u0308ba-Ndiaye, dans le de\u0301partement de Tivaouane, sera parmi les communes be\u0301ne\u0301ficiaires des re\u0301alisations de l\u2019Etat, a\u0300 travers le \u00abProjet\u00bb et le Re\u0301fe\u0301rentiel Se\u0301ne\u0301gal Horizon 2050 e\u0301tabli par le Gouvernement\u00bb. La promesse est de Mai\u0302tre Abdy Nar Ndiaye. Le leader politique et avocat du Premier ministre Ousmane Sonko a manifeste\u0301 [&hellip;]<\/p>\n","protected":false},"author":82,"featured_media":64668,"comment_status":"open","ping_status":"closed","sticky":false,"template":"","format":"standard","meta":{"footnotes":""},"categories":[2,10],"tags":[5108,5107,44],"class_list":["post-64669","post","type-post","status-publish","format-standard","has-post-thumbnail","hentry","category-politique","category-toutes-les-actualites","tag-avocat-de-sonko-taiba-ndiaye","tag-me-abdy-nar-ndiaye","tag-senegal-2"],"yoast_head":"<!-- This site is optimized with the Yoast SEO Premium plugin v26.1 (Yoast SEO v27.0) - https:\/\/yoast.com\/product\/yoast-seo-premium-wordpress\/ -->\n<title>Me Abdy Nar Ndiaye, avocat de Sonko : \u00ab Taiba Ndiaye sera parmi les communes b\u00e9n\u00e9ficiaires des r\u00e9alisations de l\u2019Etat \u00bb - Senegal<\/title>\n<meta name=\"robots\" content=\"index, follow, max-snippet:-1, max-image-preview:large, max-video-preview:-1\" \/>\n<link rel=\"canonical\" href=\"https:\/\/www.africa-press.net\/senegal\/politique\/me-abdy-nar-ndiaye-avocat-de-sonko-taiba-ndiaye-sera-parmi-les-communes-beneficiaires-des-realisations-de-letat\" \/>\n<meta property=\"og:locale\" content=\"fr_FR\" \/>\n<meta property=\"og:type\" content=\"article\" \/>\n<meta property=\"og:title\" content=\"Me Abdy Nar Ndiaye, avocat de Sonko : \u00ab Taiba Ndiaye sera parmi les communes b\u00e9n\u00e9ficiaires des r\u00e9alisations de l\u2019Etat \u00bb\" \/>\n<meta property=\"og:description\" content=\"Africa-Press &#8211; Senegal. La commune de Tai\u0308ba-Ndiaye, dans le de\u0301partement de Tivaouane, sera parmi les communes be\u0301ne\u0301ficiaires des re\u0301alisations de l\u2019Etat, a\u0300 travers le \u00abProjet\u00bb et le Re\u0301fe\u0301rentiel Se\u0301ne\u0301gal Horizon 2050 e\u0301tabli par le Gouvernement\u00bb. La promesse est de Mai\u0302tre Abdy Nar Ndiaye. Le leader politique et avocat du Premier ministre Ousmane Sonko a manifeste\u0301 [&hellip;]\" \/>\n<meta property=\"og:url\" content=\"https:\/\/www.africa-press.net\/senegal\/politique\/me-abdy-nar-ndiaye-avocat-de-sonko-taiba-ndiaye-sera-parmi-les-communes-beneficiaires-des-realisations-de-letat\" \/>\n<meta property=\"og:site_name\" content=\"Senegal\" \/>\n<meta property=\"article:published_time\" content=\"2025-01-08T12:20:00+00:00\" \/>\n<meta name=\"author\" content=\"cfeditorfr\" \/>\n<meta name=\"twitter:card\" content=\"summary_large_image\" \/>\n<meta name=\"twitter:label1\" content=\"\u00c9crit par\" \/>\n\t<meta name=\"twitter:data1\" content=\"cfeditorfr\" \/>\n\t<meta name=\"twitter:label2\" content=\"Dur\u00e9e de lecture estim\u00e9e\" \/>\n\t<meta name=\"twitter:data2\" content=\"2 minutes\" \/>\n<script type=\"application\/ld+json\" class=\"yoast-schema-graph\">{\"@context\":\"https:\/\/schema.org\",\"@graph\":[{\"@type\":\"Article\",\"@id\":\"https:\/\/www.africa-press.net\/senegal\/politique\/me-abdy-nar-ndiaye-avocat-de-sonko-taiba-ndiaye-sera-parmi-les-communes-beneficiaires-des-realisations-de-letat#article\",\"isPartOf\":{\"@id\":\"https:\/\/www.africa-press.net\/senegal\/politique\/me-abdy-nar-ndiaye-avocat-de-sonko-taiba-ndiaye-sera-parmi-les-communes-beneficiaires-des-realisations-de-letat\"},\"author\":{\"name\":\"cfeditorfr\",\"@id\":\"https:\/\/www.africa-press.net\/senegal\/#\/schema\/person\/2b1cf3cd81a31e3cd26889ca66d677f1\"},\"headline\":\"Me Abdy Nar Ndiaye, avocat de Sonko : \u00ab Taiba Ndiaye sera parmi les communes b\u00e9n\u00e9ficiaires des r\u00e9alisations de l\u2019Etat \u00bb\",\"datePublished\":\"2025-01-08T12:20:00+00:00\",\"mainEntityOfPage\":{\"@id\":\"https:\/\/www.africa-press.net\/senegal\/politique\/me-abdy-nar-ndiaye-avocat-de-sonko-taiba-ndiaye-sera-parmi-les-communes-beneficiaires-des-realisations-de-letat\"},\"wordCount\":434,\"commentCount\":0,\"image\":{\"@id\":\"https:\/\/www.africa-press.net\/senegal\/politique\/me-abdy-nar-ndiaye-avocat-de-sonko-taiba-ndiaye-sera-parmi-les-communes-beneficiaires-des-realisations-de-letat#primaryimage\"},\"thumbnailUrl\":\"https:\/\/static.africa-press.net\/senegal\/sites\/13\/2025\/01\/sm_1736421536.024301.jpg\",\"keywords\":[\"avocat de Sonko; Taiba Ndiaye\",\"Me Abdy Nar Ndiaye\",\"Senegal\"],\"articleSection\":[\"Politique\",\"Toutes les actualit\u00e9s\"],\"inLanguage\":\"fr-FR\",\"potentialAction\":[{\"@type\":\"CommentAction\",\"name\":\"Comment\",\"target\":[\"https:\/\/www.africa-press.net\/senegal\/politique\/me-abdy-nar-ndiaye-avocat-de-sonko-taiba-ndiaye-sera-parmi-les-communes-beneficiaires-des-realisations-de-letat#respond\"]}]},{\"@type\":\"WebPage\",\"@id\":\"https:\/\/www.africa-press.net\/senegal\/politique\/me-abdy-nar-ndiaye-avocat-de-sonko-taiba-ndiaye-sera-parmi-les-communes-beneficiaires-des-realisations-de-letat\",\"url\":\"https:\/\/www.africa-press.net\/senegal\/politique\/me-abdy-nar-ndiaye-avocat-de-sonko-taiba-ndiaye-sera-parmi-les-communes-beneficiaires-des-realisations-de-letat\",\"name\":\"Me Abdy Nar Ndiaye, avocat de Sonko : \u00ab Taiba Ndiaye sera parmi les communes b\u00e9n\u00e9ficiaires des r\u00e9alisations de l\u2019Etat \u00bb - Senegal\",\"isPartOf\":{\"@id\":\"https:\/\/www.africa-press.net\/senegal\/#website\"},\"primaryImageOfPage\":{\"@id\":\"https:\/\/www.africa-press.net\/senegal\/politique\/me-abdy-nar-ndiaye-avocat-de-sonko-taiba-ndiaye-sera-parmi-les-communes-beneficiaires-des-realisations-de-letat#primaryimage\"},\"image\":{\"@id\":\"https:\/\/www.africa-press.net\/senegal\/politique\/me-abdy-nar-ndiaye-avocat-de-sonko-taiba-ndiaye-sera-parmi-les-communes-beneficiaires-des-realisations-de-letat#primaryimage\"},\"thumbnailUrl\":\"https:\/\/static.africa-press.net\/senegal\/sites\/13\/2025\/01\/sm_1736421536.024301.jpg\",\"datePublished\":\"2025-01-08T12:20:00+00:00\",\"author\":{\"@id\":\"https:\/\/www.africa-press.net\/senegal\/#\/schema\/person\/2b1cf3cd81a31e3cd26889ca66d677f1\"},\"breadcrumb\":{\"@id\":\"https:\/\/www.africa-press.net\/senegal\/politique\/me-abdy-nar-ndiaye-avocat-de-sonko-taiba-ndiaye-sera-parmi-les-communes-beneficiaires-des-realisations-de-letat#breadcrumb\"},\"inLanguage\":\"fr-FR\",\"potentialAction\":[{\"@type\":\"ReadAction\",\"target\":[\"https:\/\/www.africa-press.net\/senegal\/politique\/me-abdy-nar-ndiaye-avocat-de-sonko-taiba-ndiaye-sera-parmi-les-communes-beneficiaires-des-realisations-de-letat\"]}]},{\"@type\":\"ImageObject\",\"inLanguage\":\"fr-FR\",\"@id\":\"https:\/\/www.africa-press.net\/senegal\/politique\/me-abdy-nar-ndiaye-avocat-de-sonko-taiba-ndiaye-sera-parmi-les-communes-beneficiaires-des-realisations-de-letat#primaryimage\",\"url\":\"https:\/\/static.africa-press.net\/senegal\/sites\/13\/2025\/01\/sm_1736421536.024301.jpg\",\"contentUrl\":\"https:\/\/static.africa-press.net\/senegal\/sites\/13\/2025\/01\/sm_1736421536.024301.jpg\",\"width\":720,\"height\":350,\"caption\":\"Me Abdy Nar Ndiaye, avocat de Sonko : \u00ab Taiba Ndiaye sera parmi les communes b\u00e9n\u00e9ficiaires des r\u00e9alisations de l\u2019Etat \u00bb\"},{\"@type\":\"BreadcrumbList\",\"@id\":\"https:\/\/www.africa-press.net\/senegal\/politique\/me-abdy-nar-ndiaye-avocat-de-sonko-taiba-ndiaye-sera-parmi-les-communes-beneficiaires-des-realisations-de-letat#breadcrumb\",\"itemListElement\":[{\"@type\":\"ListItem\",\"position\":1,\"name\":\"Accueil\",\"item\":\"https:\/\/www.africa-press.net\/senegal\/\"},{\"@type\":\"ListItem\",\"position\":2,\"name\":\"Me Abdy Nar Ndiaye, avocat de Sonko : \u00ab Taiba Ndiaye sera parmi les communes b\u00e9n\u00e9ficiaires des r\u00e9alisations de l\u2019Etat \u00bb\"}]},{\"@type\":\"WebSite\",\"@id\":\"https:\/\/www.africa-press.net\/senegal\/#website\",\"url\":\"https:\/\/www.africa-press.net\/senegal\/\",\"name\":\"Africa Press | Senegal | Homepage\",\"description\":\"Just another Africa News Agency Sites site\",\"potentialAction\":[{\"@type\":\"SearchAction\",\"target\":{\"@type\":\"EntryPoint\",\"urlTemplate\":\"https:\/\/www.africa-press.net\/senegal\/?s={search_term_string}\"},\"query-input\":{\"@type\":\"PropertyValueSpecification\",\"valueRequired\":true,\"valueName\":\"search_term_string\"}}],\"inLanguage\":\"fr-FR\"},{\"@type\":\"Person\",\"@id\":\"https:\/\/www.africa-press.net\/senegal\/#\/schema\/person\/2b1cf3cd81a31e3cd26889ca66d677f1\",\"name\":\"cfeditorfr\",\"url\":\"https:\/\/www.africa-press.net\/senegal\/author\/cfeditorfr\"}]}<\/script>\n<!-- \/ Yoast SEO Premium plugin. -->","yoast_head_json":{"title":"Me Abdy Nar Ndiaye, avocat de Sonko : \u00ab Taiba Ndiaye sera parmi les communes b\u00e9n\u00e9ficiaires des r\u00e9alisations de l\u2019Etat \u00bb - Senegal","robots":{"index":"index","follow":"follow","max-snippet":"max-snippet:-1","max-image-preview":"max-image-preview:large","max-video-preview":"max-video-preview:-1"},"canonical":"https:\/\/www.africa-press.net\/senegal\/politique\/me-abdy-nar-ndiaye-avocat-de-sonko-taiba-ndiaye-sera-parmi-les-communes-beneficiaires-des-realisations-de-letat","og_locale":"fr_FR","og_type":"article","og_title":"Me Abdy Nar Ndiaye, avocat de Sonko : \u00ab Taiba Ndiaye sera parmi les communes b\u00e9n\u00e9ficiaires des r\u00e9alisations de l\u2019Etat \u00bb","og_description":"Africa-Press &#8211; Senegal. La commune de Tai\u0308ba-Ndiaye, dans le de\u0301partement de Tivaouane, sera parmi les communes be\u0301ne\u0301ficiaires des re\u0301alisations de l\u2019Etat, a\u0300 travers le \u00abProjet\u00bb et le Re\u0301fe\u0301rentiel Se\u0301ne\u0301gal Horizon 2050 e\u0301tabli par le Gouvernement\u00bb. La promesse est de Mai\u0302tre Abdy Nar Ndiaye. Le leader politique et avocat du Premier ministre Ousmane Sonko a manifeste\u0301 [&hellip;]","og_url":"https:\/\/www.africa-press.net\/senegal\/politique\/me-abdy-nar-ndiaye-avocat-de-sonko-taiba-ndiaye-sera-parmi-les-communes-beneficiaires-des-realisations-de-letat","og_site_name":"Senegal","article_published_time":"2025-01-08T12:20:00+00:00","author":"cfeditorfr","twitter_card":"summary_large_image","twitter_misc":{"\u00c9crit par":"cfeditorfr","Dur\u00e9e de lecture estim\u00e9e":"2 minutes"},"schema":{"@context":"https:\/\/schema.org","@graph":[{"@type":"Article","@id":"https:\/\/www.africa-press.net\/senegal\/politique\/me-abdy-nar-ndiaye-avocat-de-sonko-taiba-ndiaye-sera-parmi-les-communes-beneficiaires-des-realisations-de-letat#article","isPartOf":{"@id":"https:\/\/www.africa-press.net\/senegal\/politique\/me-abdy-nar-ndiaye-avocat-de-sonko-taiba-ndiaye-sera-parmi-les-communes-beneficiaires-des-realisations-de-letat"},"author":{"name":"cfeditorfr","@id":"https:\/\/www.africa-press.net\/senegal\/#\/schema\/person\/2b1cf3cd81a31e3cd26889ca66d677f1"},"headline":"Me Abdy Nar Ndiaye, avocat de Sonko : \u00ab Taiba Ndiaye sera parmi les communes b\u00e9n\u00e9ficiaires des r\u00e9alisations de l\u2019Etat \u00bb","datePublished":"2025-01-08T12:20:00+00:00","mainEntityOfPage":{"@id":"https:\/\/www.africa-press.net\/senegal\/politique\/me-abdy-nar-ndiaye-avocat-de-sonko-taiba-ndiaye-sera-parmi-les-communes-beneficiaires-des-realisations-de-letat"},"wordCount":434,"commentCount":0,"image":{"@id":"https:\/\/www.africa-press.net\/senegal\/politique\/me-abdy-nar-ndiaye-avocat-de-sonko-taiba-ndiaye-sera-parmi-les-communes-beneficiaires-des-realisations-de-letat#primaryimage"},"thumbnailUrl":"https:\/\/static.africa-press.net\/senegal\/sites\/13\/2025\/01\/sm_1736421536.024301.jpg","keywords":["avocat de Sonko; Taiba Ndiaye","Me Abdy Nar Ndiaye","Senegal"],"articleSection":["Politique","Toutes les actualit\u00e9s"],"inLanguage":"fr-FR","potentialAction":[{"@type":"CommentAction","name":"Comment","target":["https:\/\/www.africa-press.net\/senegal\/politique\/me-abdy-nar-ndiaye-avocat-de-sonko-taiba-ndiaye-sera-parmi-les-communes-beneficiaires-des-realisations-de-letat#respond"]}]},{"@type":"WebPage","@id":"https:\/\/www.africa-press.net\/senegal\/politique\/me-abdy-nar-ndiaye-avocat-de-sonko-taiba-ndiaye-sera-parmi-les-communes-beneficiaires-des-realisations-de-letat","url":"https:\/\/www.africa-press.net\/senegal\/politique\/me-abdy-nar-ndiaye-avocat-de-sonko-taiba-ndiaye-sera-parmi-les-communes-beneficiaires-des-realisations-de-letat","name":"Me Abdy Nar Ndiaye, avocat de Sonko : \u00ab Taiba Ndiaye sera parmi les communes b\u00e9n\u00e9ficiaires des r\u00e9alisations de l\u2019Etat \u00bb - Senegal","isPartOf":{"@id":"https:\/\/www.africa-press.net\/senegal\/#website"},"primaryImageOfPage":{"@id":"https:\/\/www.africa-press.net\/senegal\/politique\/me-abdy-nar-ndiaye-avocat-de-sonko-taiba-ndiaye-sera-parmi-les-communes-beneficiaires-des-realisations-de-letat#primaryimage"},"image":{"@id":"https:\/\/www.africa-press.net\/senegal\/politique\/me-abdy-nar-ndiaye-avocat-de-sonko-taiba-ndiaye-sera-parmi-les-communes-beneficiaires-des-realisations-de-letat#primaryimage"},"thumbnailUrl":"https:\/\/static.africa-press.net\/senegal\/sites\/13\/2025\/01\/sm_1736421536.024301.jpg","datePublished":"2025-01-08T12:20:00+00:00","author":{"@id":"https:\/\/www.africa-press.net\/senegal\/#\/schema\/person\/2b1cf3cd81a31e3cd26889ca66d677f1"},"breadcrumb":{"@id":"https:\/\/www.africa-press.net\/senegal\/politique\/me-abdy-nar-ndiaye-avocat-de-sonko-taiba-ndiaye-sera-parmi-les-communes-beneficiaires-des-realisations-de-letat#breadcrumb"},"inLanguage":"fr-FR","potentialAction":[{"@type":"ReadAction","target":["https:\/\/www.africa-press.net\/senegal\/politique\/me-abdy-nar-ndiaye-avocat-de-sonko-taiba-ndiaye-sera-parmi-les-communes-beneficiaires-des-realisations-de-letat"]}]},{"@type":"ImageObject","inLanguage":"fr-FR","@id":"https:\/\/www.africa-press.net\/senegal\/politique\/me-abdy-nar-ndiaye-avocat-de-sonko-taiba-ndiaye-sera-parmi-les-communes-beneficiaires-des-realisations-de-letat#primaryimage","url":"https:\/\/static.africa-press.net\/senegal\/sites\/13\/2025\/01\/sm_1736421536.024301.jpg","contentUrl":"https:\/\/static.africa-press.net\/senegal\/sites\/13\/2025\/01\/sm_1736421536.024301.jpg","width":720,"height":350,"caption":"Me Abdy Nar Ndiaye, avocat de Sonko : \u00ab Taiba Ndiaye sera parmi les communes b\u00e9n\u00e9ficiaires des r\u00e9alisations de l\u2019Etat \u00bb"},{"@type":"BreadcrumbList","@id":"https:\/\/www.africa-press.net\/senegal\/politique\/me-abdy-nar-ndiaye-avocat-de-sonko-taiba-ndiaye-sera-parmi-les-communes-beneficiaires-des-realisations-de-letat#breadcrumb","itemListElement":[{"@type":"ListItem","position":1,"name":"Accueil","item":"https:\/\/www.africa-press.net\/senegal\/"},{"@type":"ListItem","position":2,"name":"Me Abdy Nar Ndiaye, avocat de Sonko : \u00ab Taiba Ndiaye sera parmi les communes b\u00e9n\u00e9ficiaires des r\u00e9alisations de l\u2019Etat \u00bb"}]},{"@type":"WebSite","@id":"https:\/\/www.africa-press.net\/senegal\/#website","url":"https:\/\/www.africa-press.net\/senegal\/","name":"Africa Press | Senegal | Homepage","description":"Just another Africa News Agency Sites site","potentialAction":[{"@type":"SearchAction","target":{"@type":"EntryPoint","urlTemplate":"https:\/\/www.africa-press.net\/senegal\/?s={search_term_string}"},"query-input":{"@type":"PropertyValueSpecification","valueRequired":true,"valueName":"search_term_string"}}],"inLanguage":"fr-FR"},{"@type":"Person","@id":"https:\/\/www.africa-press.net\/senegal\/#\/schema\/person\/2b1cf3cd81a31e3cd26889ca66d677f1","name":"cfeditorfr","url":"https:\/\/www.africa-press.net\/senegal\/author\/cfeditorfr"}]}},"_links":{"self":[{"href":"https:\/\/www.africa-press.net\/senegal\/wp-json\/wp\/v2\/posts\/64669","targetHints":{"allow":["GET"]}}],"collection":[{"href":"https:\/\/www.africa-press.net\/senegal\/wp-json\/wp\/v2\/posts"}],"about":[{"href":"https:\/\/www.africa-press.net\/senegal\/wp-json\/wp\/v2\/types\/post"}],"author":[{"embeddable":true,"href":"https:\/\/www.africa-press.net\/senegal\/wp-json\/wp\/v2\/users\/82"}],"replies":[{"embeddable":true,"href":"https:\/\/www.africa-press.net\/senegal\/wp-json\/wp\/v2\/comments?post=64669"}],"version-history":[{"count":0,"href":"https:\/\/www.africa-press.net\/senegal\/wp-json\/wp\/v2\/posts\/64669\/revisions"}],"wp:featuredmedia":[{"embeddable":true,"href":"https:\/\/www.africa-press.net\/senegal\/wp-json\/wp\/v2\/media\/64668"}],"wp:attachment":[{"href":"https:\/\/www.africa-press.net\/senegal\/wp-json\/wp\/v2\/media?parent=64669"}],"wp:term":[{"taxonomy":"category","embeddable":true,"href":"https:\/\/www.africa-press.net\/senegal\/wp-json\/wp\/v2\/categories?post=64669"},{"taxonomy":"post_tag","embeddable":true,"href":"https:\/\/www.africa-press.net\/senegal\/wp-json\/wp\/v2\/tags?post=64669"}],"curies":[{"name":"wp","href":"https:\/\/api.w.org\/{rel}","templated":true}]}}