{"id":64673,"date":"2025-01-09T13:00:00","date_gmt":"2025-01-09T13:00:00","guid":{"rendered":"https:\/\/www.africa-press.net\/senegal\/politique\/message-du-president-de-la-commission-de-luemoa-abdoulaye-diop-a-loccasion-des-31-ans-de-la-creation-de-luemoa"},"modified":"2025-01-09T13:00:00","modified_gmt":"2025-01-09T13:00:00","slug":"message-du-president-de-la-commission-de-luemoa-abdoulaye-diop-a-loccasion-des-31-ans-de-la-creation-de-luemoa","status":"publish","type":"post","link":"https:\/\/www.africa-press.net\/senegal\/politique\/message-du-president-de-la-commission-de-luemoa-abdoulaye-diop-a-loccasion-des-31-ans-de-la-creation-de-luemoa","title":{"rendered":"Message du pr\u00e9sident de la commission de l\u2019UEMOA Abdoulaye Diop \u00e0 l\u2019occasion des 31 ans de la cr\u00e9ation de l\u2019UEMOA"},"content":{"rendered":"<p><span style=\"color: #ff6600\"><strong>Africa-Press &#8211; Senegal. <\/strong><\/span>Che\u0300res concitoyennes, chers concitoyens de notre Union<\/p>\n<p>Ce 10 janvier 2025 marque les trente-et-un ans de la cre\u0301ation de l\u2019Union Economique et Mone\u0301taire Ouest Africaine (UEMOA). En effet, re\u0301unis a\u0300 Dakar au Se\u0301ne\u0301gal, le 10 janvier 1994, dans un contexte difficile marque\u0301 par la de\u0301valuation du franc CFA, les dirigeants d\u2019alors de sept Etats de l\u2019Afrique de l\u2019Ouest, Be\u0301nin, Burkina Faso, Co\u0302te d\u2019Ivoire, Mali, Niger, Se\u0301ne\u0301gal et Togo, prenaient la de\u0301cision historique de renforcer l\u2019Union mone\u0301taire, ne\u0301e 32 ans plus to\u0302t, par une inte\u0301gration plus e\u0301conomique. Ils seront rejoints officiellement dans cette entreprise le 2 mai 1997 par la Guine\u0301e-Bissau.<\/p>\n<p>De\u0300s lors, ils s\u2019engageaient a\u0300 \u0153uvrer de manie\u0300re collective et solidaire, pour notamment, renforcer la compe\u0301titivite\u0301 des e\u0301conomies des Etats membres, cre\u0301er en leur sein, un marche\u0301 commun base\u0301 sur la libre circulation des personnes, des biens, des services, des capitaux et le droit d\u2019e\u0301tablissement.<\/p>\n<p>Sous l\u2019impulsion et les orientations de nos plus Hautes Autorite\u0301s a\u0300 travers leur instance que constitue la Confe\u0301rence des Chefs d\u2019Etat et de Gouvernement, les Organes et Institutions de l\u2019Union ne cessent d\u2019\u0153uvrer pour donner a\u0300 l\u2019inte\u0301gration re\u0301gionale toute sa substance, pour la construction d\u2019un espace communautaire viable, dynamique et solidaire. Trente-et- un ans apre\u0300s sa cre\u0301ation, des re\u0301alisations concre\u0300tes parlent d\u2019elles-me\u0302mes.<\/p>\n<p>En te\u0301moignent les progre\u0300s en matie\u0300re de convergence macroe\u0301conomique, d\u2019harmonisation des le\u0301gislations et des politiques sectorielles dans les secteurs e\u0301conomiques et sociaux. Che\u0300res concitoyennes et chers concitoyens,<\/p>\n<p>Ces acquis ont e\u0301te\u0301 possibles gra\u0302ce, notamment, a\u0300 votre attachement profond, a\u0300 l\u2019ide\u0301al d\u2019inte\u0301gration qui transcende nos spe\u0301cificite\u0301s pour incarner la solidarite\u0301 et la comple\u0301mentarite\u0301 des Etats et des peuples de l\u2019Union.<\/p>\n<p>Nous saluons les efforts de tous les acteurs de la vie sociale et e\u0301conomique, ainsi que l\u2019appui de nos partenaires exte\u0301rieurs, convaincus par notre ide\u0301al d\u2019inte\u0301gration.<\/p>\n<p>Le chemin a\u0300 parcourir est long et les de\u0301fis a\u0300 relever nombreux, dans un environnement mondial perturbe\u0301 par des crises profondes et multiformes, qui, he\u0301las n\u2019e\u0301pargnent pas notre espace communautaire. Parmi elles, la crise se\u0301curitaire qui constitue une source de pre\u0301occupation majeure pour tous nos Gouvernements et qui force\u0301ment, agit sur la marche de notre Union.<\/p>\n<p>En ayant foi que notre engagement commun, dans l\u2019unite\u0301 et la solidarite\u0301, incarne\u0301 au plus haut niveau par nos Chefs d\u2019Etat, nous conduira vers l\u2019UEMOA des peuples, telle que voulue par les pe\u0300res fondateurs il y a 31 ans, je vous souhaite un bon anniversaire.<\/p>\n<p><strong>Pour plus d&rsquo;informations et d&rsquo;analyses sur la <span style=\"color: #ff6600\">Senegal<\/span>, suivez <span style=\"color: #ff6600\">Africa-Press<span style=\"color: #ff6600\"><\/span><\/strong><\/p>\n","protected":false},"excerpt":{"rendered":"<p>Africa-Press &#8211; Senegal. Che\u0300res concitoyennes, chers concitoyens de notre Union Ce 10 janvier 2025 marque les trente-et-un ans de la cre\u0301ation de l\u2019Union Economique et Mone\u0301taire Ouest Africaine (UEMOA). En effet, re\u0301unis a\u0300 Dakar au Se\u0301ne\u0301gal, le 10 janvier 1994, dans un contexte difficile marque\u0301 par la de\u0301valuation du franc CFA, les dirigeants d\u2019alors de [&hellip;]<\/p>\n","protected":false},"author":82,"featured_media":64672,"comment_status":"open","ping_status":"closed","sticky":false,"template":"","format":"standard","meta":{"footnotes":""},"categories":[3,2,10],"tags":[44],"class_list":["post-64673","post","type-post","status-publish","format-standard","has-post-thumbnail","hentry","category-economie","category-politique","category-toutes-les-actualites","tag-senegal-2"],"yoast_head":"<!-- This site is optimized with the Yoast SEO Premium plugin v26.1 (Yoast SEO v27.0) - https:\/\/yoast.com\/product\/yoast-seo-premium-wordpress\/ -->\n<title>Message du pr\u00e9sident de la commission de l\u2019UEMOA Abdoulaye Diop \u00e0 l\u2019occasion des 31 ans de la cr\u00e9ation de l\u2019UEMOA - Senegal<\/title>\n<meta name=\"robots\" content=\"index, follow, max-snippet:-1, max-image-preview:large, max-video-preview:-1\" \/>\n<link rel=\"canonical\" href=\"https:\/\/www.africa-press.net\/senegal\/politique\/message-du-president-de-la-commission-de-luemoa-abdoulaye-diop-a-loccasion-des-31-ans-de-la-creation-de-luemoa\" \/>\n<meta property=\"og:locale\" content=\"fr_FR\" \/>\n<meta property=\"og:type\" content=\"article\" \/>\n<meta property=\"og:title\" content=\"Message du pr\u00e9sident de la commission de l\u2019UEMOA Abdoulaye Diop \u00e0 l\u2019occasion des 31 ans de la cr\u00e9ation de l\u2019UEMOA\" \/>\n<meta property=\"og:description\" content=\"Africa-Press &#8211; Senegal. Che\u0300res concitoyennes, chers concitoyens de notre Union Ce 10 janvier 2025 marque les trente-et-un ans de la cre\u0301ation de l\u2019Union Economique et Mone\u0301taire Ouest Africaine (UEMOA). En effet, re\u0301unis a\u0300 Dakar au Se\u0301ne\u0301gal, le 10 janvier 1994, dans un contexte difficile marque\u0301 par la de\u0301valuation du franc CFA, les dirigeants d\u2019alors de [&hellip;]\" \/>\n<meta property=\"og:url\" content=\"https:\/\/www.africa-press.net\/senegal\/politique\/message-du-president-de-la-commission-de-luemoa-abdoulaye-diop-a-loccasion-des-31-ans-de-la-creation-de-luemoa\" \/>\n<meta property=\"og:site_name\" content=\"Senegal\" \/>\n<meta property=\"article:published_time\" content=\"2025-01-09T13:00:00+00:00\" \/>\n<meta name=\"author\" content=\"cfeditorfr\" \/>\n<meta name=\"twitter:card\" content=\"summary_large_image\" \/>\n<meta name=\"twitter:label1\" content=\"\u00c9crit par\" \/>\n\t<meta name=\"twitter:data1\" content=\"cfeditorfr\" \/>\n\t<meta name=\"twitter:label2\" content=\"Dur\u00e9e de lecture estim\u00e9e\" \/>\n\t<meta name=\"twitter:data2\" content=\"2 minutes\" \/>\n<script type=\"application\/ld+json\" class=\"yoast-schema-graph\">{\"@context\":\"https:\/\/schema.org\",\"@graph\":[{\"@type\":\"Article\",\"@id\":\"https:\/\/www.africa-press.net\/senegal\/politique\/message-du-president-de-la-commission-de-luemoa-abdoulaye-diop-a-loccasion-des-31-ans-de-la-creation-de-luemoa#article\",\"isPartOf\":{\"@id\":\"https:\/\/www.africa-press.net\/senegal\/politique\/message-du-president-de-la-commission-de-luemoa-abdoulaye-diop-a-loccasion-des-31-ans-de-la-creation-de-luemoa\"},\"author\":{\"name\":\"cfeditorfr\",\"@id\":\"https:\/\/www.africa-press.net\/senegal\/#\/schema\/person\/2b1cf3cd81a31e3cd26889ca66d677f1\"},\"headline\":\"Message du pr\u00e9sident de la commission de l\u2019UEMOA Abdoulaye Diop \u00e0 l\u2019occasion des 31 ans de la cr\u00e9ation de l\u2019UEMOA\",\"datePublished\":\"2025-01-09T13:00:00+00:00\",\"mainEntityOfPage\":{\"@id\":\"https:\/\/www.africa-press.net\/senegal\/politique\/message-du-president-de-la-commission-de-luemoa-abdoulaye-diop-a-loccasion-des-31-ans-de-la-creation-de-luemoa\"},\"wordCount\":506,\"commentCount\":0,\"image\":{\"@id\":\"https:\/\/www.africa-press.net\/senegal\/politique\/message-du-president-de-la-commission-de-luemoa-abdoulaye-diop-a-loccasion-des-31-ans-de-la-creation-de-luemoa#primaryimage\"},\"thumbnailUrl\":\"https:\/\/static.africa-press.net\/senegal\/sites\/13\/2025\/01\/sm_1736507406.669348.jpg\",\"keywords\":[\"Senegal\"],\"articleSection\":[\"\u00c9conomie\",\"Politique\",\"Toutes les actualit\u00e9s\"],\"inLanguage\":\"fr-FR\",\"potentialAction\":[{\"@type\":\"CommentAction\",\"name\":\"Comment\",\"target\":[\"https:\/\/www.africa-press.net\/senegal\/politique\/message-du-president-de-la-commission-de-luemoa-abdoulaye-diop-a-loccasion-des-31-ans-de-la-creation-de-luemoa#respond\"]}]},{\"@type\":\"WebPage\",\"@id\":\"https:\/\/www.africa-press.net\/senegal\/politique\/message-du-president-de-la-commission-de-luemoa-abdoulaye-diop-a-loccasion-des-31-ans-de-la-creation-de-luemoa\",\"url\":\"https:\/\/www.africa-press.net\/senegal\/politique\/message-du-president-de-la-commission-de-luemoa-abdoulaye-diop-a-loccasion-des-31-ans-de-la-creation-de-luemoa\",\"name\":\"Message du pr\u00e9sident de la commission de l\u2019UEMOA Abdoulaye Diop \u00e0 l\u2019occasion des 31 ans de la cr\u00e9ation de l\u2019UEMOA - Senegal\",\"isPartOf\":{\"@id\":\"https:\/\/www.africa-press.net\/senegal\/#website\"},\"primaryImageOfPage\":{\"@id\":\"https:\/\/www.africa-press.net\/senegal\/politique\/message-du-president-de-la-commission-de-luemoa-abdoulaye-diop-a-loccasion-des-31-ans-de-la-creation-de-luemoa#primaryimage\"},\"image\":{\"@id\":\"https:\/\/www.africa-press.net\/senegal\/politique\/message-du-president-de-la-commission-de-luemoa-abdoulaye-diop-a-loccasion-des-31-ans-de-la-creation-de-luemoa#primaryimage\"},\"thumbnailUrl\":\"https:\/\/static.africa-press.net\/senegal\/sites\/13\/2025\/01\/sm_1736507406.669348.jpg\",\"datePublished\":\"2025-01-09T13:00:00+00:00\",\"author\":{\"@id\":\"https:\/\/www.africa-press.net\/senegal\/#\/schema\/person\/2b1cf3cd81a31e3cd26889ca66d677f1\"},\"breadcrumb\":{\"@id\":\"https:\/\/www.africa-press.net\/senegal\/politique\/message-du-president-de-la-commission-de-luemoa-abdoulaye-diop-a-loccasion-des-31-ans-de-la-creation-de-luemoa#breadcrumb\"},\"inLanguage\":\"fr-FR\",\"potentialAction\":[{\"@type\":\"ReadAction\",\"target\":[\"https:\/\/www.africa-press.net\/senegal\/politique\/message-du-president-de-la-commission-de-luemoa-abdoulaye-diop-a-loccasion-des-31-ans-de-la-creation-de-luemoa\"]}]},{\"@type\":\"ImageObject\",\"inLanguage\":\"fr-FR\",\"@id\":\"https:\/\/www.africa-press.net\/senegal\/politique\/message-du-president-de-la-commission-de-luemoa-abdoulaye-diop-a-loccasion-des-31-ans-de-la-creation-de-luemoa#primaryimage\",\"url\":\"https:\/\/static.africa-press.net\/senegal\/sites\/13\/2025\/01\/sm_1736507406.669348.jpg\",\"contentUrl\":\"https:\/\/static.africa-press.net\/senegal\/sites\/13\/2025\/01\/sm_1736507406.669348.jpg\",\"width\":1280,\"height\":720,\"caption\":\"Message du pr\u00e9sident de la commission de l\u2019UEMOA Abdoulaye Diop \u00e0 l\u2019occasion des 31 ans de la cr\u00e9ation de l\u2019UEMOA\"},{\"@type\":\"BreadcrumbList\",\"@id\":\"https:\/\/www.africa-press.net\/senegal\/politique\/message-du-president-de-la-commission-de-luemoa-abdoulaye-diop-a-loccasion-des-31-ans-de-la-creation-de-luemoa#breadcrumb\",\"itemListElement\":[{\"@type\":\"ListItem\",\"position\":1,\"name\":\"Accueil\",\"item\":\"https:\/\/www.africa-press.net\/senegal\/\"},{\"@type\":\"ListItem\",\"position\":2,\"name\":\"Message du pr\u00e9sident de la commission de l\u2019UEMOA Abdoulaye Diop \u00e0 l\u2019occasion des 31 ans de la cr\u00e9ation de l\u2019UEMOA\"}]},{\"@type\":\"WebSite\",\"@id\":\"https:\/\/www.africa-press.net\/senegal\/#website\",\"url\":\"https:\/\/www.africa-press.net\/senegal\/\",\"name\":\"Africa Press | Senegal | Homepage\",\"description\":\"Just another Africa News Agency Sites site\",\"potentialAction\":[{\"@type\":\"SearchAction\",\"target\":{\"@type\":\"EntryPoint\",\"urlTemplate\":\"https:\/\/www.africa-press.net\/senegal\/?s={search_term_string}\"},\"query-input\":{\"@type\":\"PropertyValueSpecification\",\"valueRequired\":true,\"valueName\":\"search_term_string\"}}],\"inLanguage\":\"fr-FR\"},{\"@type\":\"Person\",\"@id\":\"https:\/\/www.africa-press.net\/senegal\/#\/schema\/person\/2b1cf3cd81a31e3cd26889ca66d677f1\",\"name\":\"cfeditorfr\",\"url\":\"https:\/\/www.africa-press.net\/senegal\/author\/cfeditorfr\"}]}<\/script>\n<!-- \/ Yoast SEO Premium plugin. -->","yoast_head_json":{"title":"Message du pr\u00e9sident de la commission de l\u2019UEMOA Abdoulaye Diop \u00e0 l\u2019occasion des 31 ans de la cr\u00e9ation de l\u2019UEMOA - Senegal","robots":{"index":"index","follow":"follow","max-snippet":"max-snippet:-1","max-image-preview":"max-image-preview:large","max-video-preview":"max-video-preview:-1"},"canonical":"https:\/\/www.africa-press.net\/senegal\/politique\/message-du-president-de-la-commission-de-luemoa-abdoulaye-diop-a-loccasion-des-31-ans-de-la-creation-de-luemoa","og_locale":"fr_FR","og_type":"article","og_title":"Message du pr\u00e9sident de la commission de l\u2019UEMOA Abdoulaye Diop \u00e0 l\u2019occasion des 31 ans de la cr\u00e9ation de l\u2019UEMOA","og_description":"Africa-Press &#8211; Senegal. Che\u0300res concitoyennes, chers concitoyens de notre Union Ce 10 janvier 2025 marque les trente-et-un ans de la cre\u0301ation de l\u2019Union Economique et Mone\u0301taire Ouest Africaine (UEMOA). En effet, re\u0301unis a\u0300 Dakar au Se\u0301ne\u0301gal, le 10 janvier 1994, dans un contexte difficile marque\u0301 par la de\u0301valuation du franc CFA, les dirigeants d\u2019alors de [&hellip;]","og_url":"https:\/\/www.africa-press.net\/senegal\/politique\/message-du-president-de-la-commission-de-luemoa-abdoulaye-diop-a-loccasion-des-31-ans-de-la-creation-de-luemoa","og_site_name":"Senegal","article_published_time":"2025-01-09T13:00:00+00:00","author":"cfeditorfr","twitter_card":"summary_large_image","twitter_misc":{"\u00c9crit par":"cfeditorfr","Dur\u00e9e de lecture estim\u00e9e":"2 minutes"},"schema":{"@context":"https:\/\/schema.org","@graph":[{"@type":"Article","@id":"https:\/\/www.africa-press.net\/senegal\/politique\/message-du-president-de-la-commission-de-luemoa-abdoulaye-diop-a-loccasion-des-31-ans-de-la-creation-de-luemoa#article","isPartOf":{"@id":"https:\/\/www.africa-press.net\/senegal\/politique\/message-du-president-de-la-commission-de-luemoa-abdoulaye-diop-a-loccasion-des-31-ans-de-la-creation-de-luemoa"},"author":{"name":"cfeditorfr","@id":"https:\/\/www.africa-press.net\/senegal\/#\/schema\/person\/2b1cf3cd81a31e3cd26889ca66d677f1"},"headline":"Message du pr\u00e9sident de la commission de l\u2019UEMOA Abdoulaye Diop \u00e0 l\u2019occasion des 31 ans de la cr\u00e9ation de l\u2019UEMOA","datePublished":"2025-01-09T13:00:00+00:00","mainEntityOfPage":{"@id":"https:\/\/www.africa-press.net\/senegal\/politique\/message-du-president-de-la-commission-de-luemoa-abdoulaye-diop-a-loccasion-des-31-ans-de-la-creation-de-luemoa"},"wordCount":506,"commentCount":0,"image":{"@id":"https:\/\/www.africa-press.net\/senegal\/politique\/message-du-president-de-la-commission-de-luemoa-abdoulaye-diop-a-loccasion-des-31-ans-de-la-creation-de-luemoa#primaryimage"},"thumbnailUrl":"https:\/\/static.africa-press.net\/senegal\/sites\/13\/2025\/01\/sm_1736507406.669348.jpg","keywords":["Senegal"],"articleSection":["\u00c9conomie","Politique","Toutes les actualit\u00e9s"],"inLanguage":"fr-FR","potentialAction":[{"@type":"CommentAction","name":"Comment","target":["https:\/\/www.africa-press.net\/senegal\/politique\/message-du-president-de-la-commission-de-luemoa-abdoulaye-diop-a-loccasion-des-31-ans-de-la-creation-de-luemoa#respond"]}]},{"@type":"WebPage","@id":"https:\/\/www.africa-press.net\/senegal\/politique\/message-du-president-de-la-commission-de-luemoa-abdoulaye-diop-a-loccasion-des-31-ans-de-la-creation-de-luemoa","url":"https:\/\/www.africa-press.net\/senegal\/politique\/message-du-president-de-la-commission-de-luemoa-abdoulaye-diop-a-loccasion-des-31-ans-de-la-creation-de-luemoa","name":"Message du pr\u00e9sident de la commission de l\u2019UEMOA Abdoulaye Diop \u00e0 l\u2019occasion des 31 ans de la cr\u00e9ation de l\u2019UEMOA - Senegal","isPartOf":{"@id":"https:\/\/www.africa-press.net\/senegal\/#website"},"primaryImageOfPage":{"@id":"https:\/\/www.africa-press.net\/senegal\/politique\/message-du-president-de-la-commission-de-luemoa-abdoulaye-diop-a-loccasion-des-31-ans-de-la-creation-de-luemoa#primaryimage"},"image":{"@id":"https:\/\/www.africa-press.net\/senegal\/politique\/message-du-president-de-la-commission-de-luemoa-abdoulaye-diop-a-loccasion-des-31-ans-de-la-creation-de-luemoa#primaryimage"},"thumbnailUrl":"https:\/\/static.africa-press.net\/senegal\/sites\/13\/2025\/01\/sm_1736507406.669348.jpg","datePublished":"2025-01-09T13:00:00+00:00","author":{"@id":"https:\/\/www.africa-press.net\/senegal\/#\/schema\/person\/2b1cf3cd81a31e3cd26889ca66d677f1"},"breadcrumb":{"@id":"https:\/\/www.africa-press.net\/senegal\/politique\/message-du-president-de-la-commission-de-luemoa-abdoulaye-diop-a-loccasion-des-31-ans-de-la-creation-de-luemoa#breadcrumb"},"inLanguage":"fr-FR","potentialAction":[{"@type":"ReadAction","target":["https:\/\/www.africa-press.net\/senegal\/politique\/message-du-president-de-la-commission-de-luemoa-abdoulaye-diop-a-loccasion-des-31-ans-de-la-creation-de-luemoa"]}]},{"@type":"ImageObject","inLanguage":"fr-FR","@id":"https:\/\/www.africa-press.net\/senegal\/politique\/message-du-president-de-la-commission-de-luemoa-abdoulaye-diop-a-loccasion-des-31-ans-de-la-creation-de-luemoa#primaryimage","url":"https:\/\/static.africa-press.net\/senegal\/sites\/13\/2025\/01\/sm_1736507406.669348.jpg","contentUrl":"https:\/\/static.africa-press.net\/senegal\/sites\/13\/2025\/01\/sm_1736507406.669348.jpg","width":1280,"height":720,"caption":"Message du pr\u00e9sident de la commission de l\u2019UEMOA Abdoulaye Diop \u00e0 l\u2019occasion des 31 ans de la cr\u00e9ation de l\u2019UEMOA"},{"@type":"BreadcrumbList","@id":"https:\/\/www.africa-press.net\/senegal\/politique\/message-du-president-de-la-commission-de-luemoa-abdoulaye-diop-a-loccasion-des-31-ans-de-la-creation-de-luemoa#breadcrumb","itemListElement":[{"@type":"ListItem","position":1,"name":"Accueil","item":"https:\/\/www.africa-press.net\/senegal\/"},{"@type":"ListItem","position":2,"name":"Message du pr\u00e9sident de la commission de l\u2019UEMOA Abdoulaye Diop \u00e0 l\u2019occasion des 31 ans de la cr\u00e9ation de l\u2019UEMOA"}]},{"@type":"WebSite","@id":"https:\/\/www.africa-press.net\/senegal\/#website","url":"https:\/\/www.africa-press.net\/senegal\/","name":"Africa Press | Senegal | Homepage","description":"Just another Africa News Agency Sites site","potentialAction":[{"@type":"SearchAction","target":{"@type":"EntryPoint","urlTemplate":"https:\/\/www.africa-press.net\/senegal\/?s={search_term_string}"},"query-input":{"@type":"PropertyValueSpecification","valueRequired":true,"valueName":"search_term_string"}}],"inLanguage":"fr-FR"},{"@type":"Person","@id":"https:\/\/www.africa-press.net\/senegal\/#\/schema\/person\/2b1cf3cd81a31e3cd26889ca66d677f1","name":"cfeditorfr","url":"https:\/\/www.africa-press.net\/senegal\/author\/cfeditorfr"}]}},"_links":{"self":[{"href":"https:\/\/www.africa-press.net\/senegal\/wp-json\/wp\/v2\/posts\/64673","targetHints":{"allow":["GET"]}}],"collection":[{"href":"https:\/\/www.africa-press.net\/senegal\/wp-json\/wp\/v2\/posts"}],"about":[{"href":"https:\/\/www.africa-press.net\/senegal\/wp-json\/wp\/v2\/types\/post"}],"author":[{"embeddable":true,"href":"https:\/\/www.africa-press.net\/senegal\/wp-json\/wp\/v2\/users\/82"}],"replies":[{"embeddable":true,"href":"https:\/\/www.africa-press.net\/senegal\/wp-json\/wp\/v2\/comments?post=64673"}],"version-history":[{"count":0,"href":"https:\/\/www.africa-press.net\/senegal\/wp-json\/wp\/v2\/posts\/64673\/revisions"}],"wp:featuredmedia":[{"embeddable":true,"href":"https:\/\/www.africa-press.net\/senegal\/wp-json\/wp\/v2\/media\/64672"}],"wp:attachment":[{"href":"https:\/\/www.africa-press.net\/senegal\/wp-json\/wp\/v2\/media?parent=64673"}],"wp:term":[{"taxonomy":"category","embeddable":true,"href":"https:\/\/www.africa-press.net\/senegal\/wp-json\/wp\/v2\/categories?post=64673"},{"taxonomy":"post_tag","embeddable":true,"href":"https:\/\/www.africa-press.net\/senegal\/wp-json\/wp\/v2\/tags?post=64673"}],"curies":[{"name":"wp","href":"https:\/\/api.w.org\/{rel}","templated":true}]}}