{"id":64677,"date":"2025-01-08T22:06:37","date_gmt":"2025-01-08T22:06:37","guid":{"rendered":"https:\/\/www.africa-press.net\/senegal\/politique\/%f0%9d%97%94%f0%9d%90%9d%f0%9d%90%a8%f0%9d%90%a9%f0%9d%90%ad%f0%9d%90%a2%f0%9d%90%a8%f0%9d%90%a7-%f0%9d%90%9d%f0%9d%90%ae-%f0%9d%90%a9%f0%9d%90%ab%f0%9d%90%a8%f0%9d%90%ad%f0%9d%90%a8%f0%9d%90%9c"},"modified":"2025-01-12T17:56:29","modified_gmt":"2025-01-12T17:56:29","slug":"%f0%9d%97%94%f0%9d%90%9d%f0%9d%90%a8%f0%9d%90%a9%f0%9d%90%ad%f0%9d%90%a2%f0%9d%90%a8%f0%9d%90%a7-%f0%9d%90%9d%f0%9d%90%ae-%f0%9d%90%a9%f0%9d%90%ab%f0%9d%90%a8%f0%9d%90%ad%f0%9d%90%a8%f0%9d%90%9c","status":"publish","type":"post","link":"https:\/\/www.africa-press.net\/senegal\/politique\/%f0%9d%97%94%f0%9d%90%9d%f0%9d%90%a8%f0%9d%90%a9%f0%9d%90%ad%f0%9d%90%a2%f0%9d%90%a8%f0%9d%90%a7-%f0%9d%90%9d%f0%9d%90%ae-%f0%9d%90%a9%f0%9d%90%ab%f0%9d%90%a8%f0%9d%90%ad%f0%9d%90%a8%f0%9d%90%9c","title":{"rendered":"???????? ?? ????????? ?? ?\u2019??? ??? ??? ???"},"content":{"rendered":"<p><span style=\"color: #ff6600\"><strong>Africa-Press &#8211; Senegal. <\/strong><\/span>Ce mercredi le 08 janvier 2025, l&rsquo;Assemble\u0301e Nationale s&rsquo;est re\u0301unie sous les auspices du Pre\u0301sident de cette institution Ge\u0301lase Ndabirabe pour analyser le projet de loi portant ratification par la Re\u0301publique de Burundi du protocole de la Communaute\u0301 est-africaine sur les re\u0301seaux de technologie de l&rsquo;information et de la communication, signe\u0301 le 23\/08\/2013 a\u0300 Kigali.<\/p>\n<p>L&rsquo;invite\u0301 du jour e\u0301tait Madame la ministre de la communication, des technologies de l&rsquo;information et Me\u0301dias, Le\u0301ocadie Ndacayisaba, qui est la Repre\u0301sentante du gouvernement du Burundi pour exposer les motifs de la ratification de ce protocole.<\/p>\n<p>La ministre Le\u0301ocadie Ndacayisaba a mentionne\u0301 que le protocole de la Communaute\u0301 est-africaine sur les TIC vise a\u0300 promouvoir la disponibilite\u0301, l&rsquo;accessibilite\u0301 financie\u0300re et la qualite\u0301 des services en technologies de l&rsquo;Information et de la Communication. Ce protocole va faciliter les Etats membres de l\u2019EAC a\u0300 e\u0301laborer des politiques coordonne\u0301es, harmonise\u0301es et comple\u0301mentaires en matie\u0300re de communication, a-t-elle ajoute\u0301.<\/p>\n<p>La Ministre a souligne\u0301 que ce protocole est tre\u0300s important du fait qu\u2019il va aussi promouvoir la coope\u0301ration pour ame\u0301liorer et maintenir l&rsquo;inter connectivite\u0301, moderniser les e\u0301quipements et atteindre les normes communes visant a\u0300 ame\u0301liorer l&rsquo;efficacite\u0301 du trafic des te\u0301le\u0301communications au sein de l\u2019EAC.<\/p>\n<p>L\u2019avantage de la ratification pour le Burundi<\/p>\n<p>La Ministre Le\u0301ocadie Ndacayisaba a fait savoir que l\u2019avantage de la ratification du protocole de l\u2019EAC sur les TIC par la Re\u0301publique du Burundi est qu\u2019il y aura la facilitation de l\u2019interconnexion transfrontalie\u0300re, l\u2019interope\u0301rabilite\u0301 des re\u0301seaux, l\u2019harmonisation des politiques des TIC et stimulera le de\u0301veloppement des compe\u0301tences en TIC. Elle a ajoute\u0301 que ce protocole facilitera la re\u0301alisation de la su\u0302rete\u0301, de la confiance et de la se\u0301curite\u0301 publique dans le cyberespace et assurera la se\u0301curite\u0301 ainsi que de la qualite\u0301 des communications.<\/p>\n<p>Le\u0301ocadie Ndacayisaba a pre\u0301cise\u0301 que cette ratification permettra e\u0301galement au Burundi de promouvoir le de\u0301ploiement des applications et services TIC dans les administrations et les entreprises des pays partenaires, y compris l&rsquo;administration en ligne, le commerce e\u0301lectronique, les syste\u0300mes d&rsquo;information ge\u0301ospatiale et la radiodiffusion.<\/p>\n<p>Signalons qu\u2019apre\u0300s analyse, de\u0301bat et e\u0301changes enrichissants, le projet portant ratification par la Re\u0301publique du Burundi du protocole de l\u2019EAC sur les re\u0301seaux de TIC, signe\u0301 le 23\/8\/2023 a\u0300 Kigali, a e\u0301te\u0301 adopte\u0301 a\u0300 99,13% des 115 de\u0301pute\u0301s lors de l&rsquo;assemble\u0301e ple\u0301nie\u0300re.<\/p>\n<p><strong>Pour plus d&rsquo;informations et d&rsquo;analyses sur la <span style=\"color: #ff6600\">Senegal<\/span>, suivez <span style=\"color: #ff6600\">Africa-Press<\/span><\/strong><\/p>\n","protected":false},"excerpt":{"rendered":"<p>Africa-Press &#8211; Senegal. Ce mercredi le 08 janvier 2025, l&rsquo;Assemble\u0301e Nationale s&rsquo;est re\u0301unie sous les auspices du Pre\u0301sident de cette institution Ge\u0301lase Ndabirabe pour analyser le projet de loi portant ratification par la Re\u0301publique de Burundi du protocole de la Communaute\u0301 est-africaine sur les re\u0301seaux de technologie de l&rsquo;information et de la communication, signe\u0301 le [&hellip;]<\/p>\n","protected":false},"author":82,"featured_media":64676,"comment_status":"open","ping_status":"closed","sticky":false,"template":"","format":"standard","meta":{"footnotes":""},"categories":[2,10],"tags":[44],"class_list":["post-64677","post","type-post","status-publish","format-standard","has-post-thumbnail","hentry","category-politique","category-toutes-les-actualites","tag-senegal-2"],"yoast_head":"<!-- This site is optimized with the Yoast SEO Premium plugin v26.1 (Yoast SEO v27.0) - https:\/\/yoast.com\/product\/yoast-seo-premium-wordpress\/ -->\n<title>???????? ?? ????????? ?? ?\u2019??? ??? ??? ??? - Senegal<\/title>\n<meta name=\"description\" content=\"Ce mercredi le 08 janvier 2025, l&#039;Assemble\u0301e Nationale s&#039;est re\u0301unie sous les auspices du Pre\u0301sident de cette institutio ...\" \/>\n<meta name=\"robots\" content=\"index, follow, max-snippet:-1, max-image-preview:large, max-video-preview:-1\" \/>\n<link rel=\"canonical\" href=\"https:\/\/www.africa-press.net\/senegal\/politique\/\ud835\uddd4\ud835\udc1d\ud835\udc28\ud835\udc29\ud835\udc2d\ud835\udc22\ud835\udc28\ud835\udc27-\ud835\udc1d\ud835\udc2e-\ud835\udc29\ud835\udc2b\ud835\udc28\ud835\udc2d\ud835\udc28\ud835\udc1c\" \/>\n<meta property=\"og:locale\" content=\"fr_FR\" \/>\n<meta property=\"og:type\" content=\"article\" \/>\n<meta property=\"og:title\" content=\"???????? ?? ????????? ?? ?\u2019??? ??? ??? ???\" \/>\n<meta property=\"og:description\" content=\"Ce mercredi le 08 janvier 2025, l&#039;Assemble\u0301e Nationale s&#039;est re\u0301unie sous les auspices du Pre\u0301sident de cette institutio ...\" \/>\n<meta property=\"og:url\" content=\"https:\/\/www.africa-press.net\/senegal\/politique\/\ud835\uddd4\ud835\udc1d\ud835\udc28\ud835\udc29\ud835\udc2d\ud835\udc22\ud835\udc28\ud835\udc27-\ud835\udc1d\ud835\udc2e-\ud835\udc29\ud835\udc2b\ud835\udc28\ud835\udc2d\ud835\udc28\ud835\udc1c\" \/>\n<meta property=\"og:site_name\" content=\"Senegal\" \/>\n<meta property=\"article:published_time\" content=\"2025-01-08T22:06:37+00:00\" \/>\n<meta property=\"article:modified_time\" content=\"2025-01-12T17:56:29+00:00\" \/>\n<meta property=\"og:image\" content=\"https:\/\/static.africa-press.net\/senegal\/sites\/13\/2025\/01\/sm_1736472580.881719.jpg\" \/>\n\t<meta property=\"og:image:width\" content=\"800\" \/>\n\t<meta property=\"og:image:height\" content=\"533\" \/>\n\t<meta property=\"og:image:type\" content=\"image\/jpeg\" \/>\n<meta name=\"author\" content=\"cfeditorfr\" \/>\n<meta name=\"twitter:card\" content=\"summary_large_image\" \/>\n<meta name=\"twitter:label1\" content=\"\u00c9crit par\" \/>\n\t<meta name=\"twitter:data1\" content=\"cfeditorfr\" \/>\n\t<meta name=\"twitter:label2\" content=\"Dur\u00e9e de lecture estim\u00e9e\" \/>\n\t<meta name=\"twitter:data2\" content=\"3 minutes\" \/>\n<script type=\"application\/ld+json\" class=\"yoast-schema-graph\">{\"@context\":\"https:\/\/schema.org\",\"@graph\":[{\"@type\":\"Article\",\"@id\":\"https:\/\/www.africa-press.net\/senegal\/politique\/%f0%9d%97%94%f0%9d%90%9d%f0%9d%90%a8%f0%9d%90%a9%f0%9d%90%ad%f0%9d%90%a2%f0%9d%90%a8%f0%9d%90%a7-%f0%9d%90%9d%f0%9d%90%ae-%f0%9d%90%a9%f0%9d%90%ab%f0%9d%90%a8%f0%9d%90%ad%f0%9d%90%a8%f0%9d%90%9c#article\",\"isPartOf\":{\"@id\":\"https:\/\/www.africa-press.net\/senegal\/politique\/%f0%9d%97%94%f0%9d%90%9d%f0%9d%90%a8%f0%9d%90%a9%f0%9d%90%ad%f0%9d%90%a2%f0%9d%90%a8%f0%9d%90%a7-%f0%9d%90%9d%f0%9d%90%ae-%f0%9d%90%a9%f0%9d%90%ab%f0%9d%90%a8%f0%9d%90%ad%f0%9d%90%a8%f0%9d%90%9c\"},\"author\":{\"name\":\"cfeditorfr\",\"@id\":\"https:\/\/www.africa-press.net\/senegal\/#\/schema\/person\/2b1cf3cd81a31e3cd26889ca66d677f1\"},\"headline\":\"???????? ?? ????????? ?? ?\u2019??? ??? ??? ???\",\"datePublished\":\"2025-01-08T22:06:37+00:00\",\"dateModified\":\"2025-01-12T17:56:29+00:00\",\"mainEntityOfPage\":{\"@id\":\"https:\/\/www.africa-press.net\/senegal\/politique\/%f0%9d%97%94%f0%9d%90%9d%f0%9d%90%a8%f0%9d%90%a9%f0%9d%90%ad%f0%9d%90%a2%f0%9d%90%a8%f0%9d%90%a7-%f0%9d%90%9d%f0%9d%90%ae-%f0%9d%90%a9%f0%9d%90%ab%f0%9d%90%a8%f0%9d%90%ad%f0%9d%90%a8%f0%9d%90%9c\"},\"wordCount\":456,\"commentCount\":0,\"image\":{\"@id\":\"https:\/\/www.africa-press.net\/senegal\/politique\/%f0%9d%97%94%f0%9d%90%9d%f0%9d%90%a8%f0%9d%90%a9%f0%9d%90%ad%f0%9d%90%a2%f0%9d%90%a8%f0%9d%90%a7-%f0%9d%90%9d%f0%9d%90%ae-%f0%9d%90%a9%f0%9d%90%ab%f0%9d%90%a8%f0%9d%90%ad%f0%9d%90%a8%f0%9d%90%9c#primaryimage\"},\"thumbnailUrl\":\"https:\/\/static.africa-press.net\/senegal\/sites\/13\/2025\/01\/sm_1736472580.881719.jpg\",\"keywords\":[\"Senegal\"],\"articleSection\":[\"Politique\",\"Toutes les actualit\u00e9s\"],\"inLanguage\":\"fr-FR\",\"potentialAction\":[{\"@type\":\"CommentAction\",\"name\":\"Comment\",\"target\":[\"https:\/\/www.africa-press.net\/senegal\/politique\/%f0%9d%97%94%f0%9d%90%9d%f0%9d%90%a8%f0%9d%90%a9%f0%9d%90%ad%f0%9d%90%a2%f0%9d%90%a8%f0%9d%90%a7-%f0%9d%90%9d%f0%9d%90%ae-%f0%9d%90%a9%f0%9d%90%ab%f0%9d%90%a8%f0%9d%90%ad%f0%9d%90%a8%f0%9d%90%9c#respond\"]}]},{\"@type\":\"WebPage\",\"@id\":\"https:\/\/www.africa-press.net\/senegal\/politique\/%f0%9d%97%94%f0%9d%90%9d%f0%9d%90%a8%f0%9d%90%a9%f0%9d%90%ad%f0%9d%90%a2%f0%9d%90%a8%f0%9d%90%a7-%f0%9d%90%9d%f0%9d%90%ae-%f0%9d%90%a9%f0%9d%90%ab%f0%9d%90%a8%f0%9d%90%ad%f0%9d%90%a8%f0%9d%90%9c\",\"url\":\"https:\/\/www.africa-press.net\/senegal\/politique\/%f0%9d%97%94%f0%9d%90%9d%f0%9d%90%a8%f0%9d%90%a9%f0%9d%90%ad%f0%9d%90%a2%f0%9d%90%a8%f0%9d%90%a7-%f0%9d%90%9d%f0%9d%90%ae-%f0%9d%90%a9%f0%9d%90%ab%f0%9d%90%a8%f0%9d%90%ad%f0%9d%90%a8%f0%9d%90%9c\",\"name\":\"???????? ?? ????????? ?? ?\u2019??? ??? ??? ??? - Senegal\",\"isPartOf\":{\"@id\":\"https:\/\/www.africa-press.net\/senegal\/#website\"},\"primaryImageOfPage\":{\"@id\":\"https:\/\/www.africa-press.net\/senegal\/politique\/%f0%9d%97%94%f0%9d%90%9d%f0%9d%90%a8%f0%9d%90%a9%f0%9d%90%ad%f0%9d%90%a2%f0%9d%90%a8%f0%9d%90%a7-%f0%9d%90%9d%f0%9d%90%ae-%f0%9d%90%a9%f0%9d%90%ab%f0%9d%90%a8%f0%9d%90%ad%f0%9d%90%a8%f0%9d%90%9c#primaryimage\"},\"image\":{\"@id\":\"https:\/\/www.africa-press.net\/senegal\/politique\/%f0%9d%97%94%f0%9d%90%9d%f0%9d%90%a8%f0%9d%90%a9%f0%9d%90%ad%f0%9d%90%a2%f0%9d%90%a8%f0%9d%90%a7-%f0%9d%90%9d%f0%9d%90%ae-%f0%9d%90%a9%f0%9d%90%ab%f0%9d%90%a8%f0%9d%90%ad%f0%9d%90%a8%f0%9d%90%9c#primaryimage\"},\"thumbnailUrl\":\"https:\/\/static.africa-press.net\/senegal\/sites\/13\/2025\/01\/sm_1736472580.881719.jpg\",\"datePublished\":\"2025-01-08T22:06:37+00:00\",\"dateModified\":\"2025-01-12T17:56:29+00:00\",\"author\":{\"@id\":\"https:\/\/www.africa-press.net\/senegal\/#\/schema\/person\/2b1cf3cd81a31e3cd26889ca66d677f1\"},\"description\":\"Ce mercredi le 08 janvier 2025, l'Assemble\u0301e Nationale s'est re\u0301unie sous les auspices du Pre\u0301sident de cette institutio ...\",\"breadcrumb\":{\"@id\":\"https:\/\/www.africa-press.net\/senegal\/politique\/%f0%9d%97%94%f0%9d%90%9d%f0%9d%90%a8%f0%9d%90%a9%f0%9d%90%ad%f0%9d%90%a2%f0%9d%90%a8%f0%9d%90%a7-%f0%9d%90%9d%f0%9d%90%ae-%f0%9d%90%a9%f0%9d%90%ab%f0%9d%90%a8%f0%9d%90%ad%f0%9d%90%a8%f0%9d%90%9c#breadcrumb\"},\"inLanguage\":\"fr-FR\",\"potentialAction\":[{\"@type\":\"ReadAction\",\"target\":[\"https:\/\/www.africa-press.net\/senegal\/politique\/%f0%9d%97%94%f0%9d%90%9d%f0%9d%90%a8%f0%9d%90%a9%f0%9d%90%ad%f0%9d%90%a2%f0%9d%90%a8%f0%9d%90%a7-%f0%9d%90%9d%f0%9d%90%ae-%f0%9d%90%a9%f0%9d%90%ab%f0%9d%90%a8%f0%9d%90%ad%f0%9d%90%a8%f0%9d%90%9c\"]}]},{\"@type\":\"ImageObject\",\"inLanguage\":\"fr-FR\",\"@id\":\"https:\/\/www.africa-press.net\/senegal\/politique\/%f0%9d%97%94%f0%9d%90%9d%f0%9d%90%a8%f0%9d%90%a9%f0%9d%90%ad%f0%9d%90%a2%f0%9d%90%a8%f0%9d%90%a7-%f0%9d%90%9d%f0%9d%90%ae-%f0%9d%90%a9%f0%9d%90%ab%f0%9d%90%a8%f0%9d%90%ad%f0%9d%90%a8%f0%9d%90%9c#primaryimage\",\"url\":\"https:\/\/static.africa-press.net\/senegal\/sites\/13\/2025\/01\/sm_1736472580.881719.jpg\",\"contentUrl\":\"https:\/\/static.africa-press.net\/senegal\/sites\/13\/2025\/01\/sm_1736472580.881719.jpg\",\"width\":800,\"height\":533,\"caption\":\"???????? ?? ????????? ?? ?\u2019??? ??? ??? ???\"},{\"@type\":\"BreadcrumbList\",\"@id\":\"https:\/\/www.africa-press.net\/senegal\/politique\/%f0%9d%97%94%f0%9d%90%9d%f0%9d%90%a8%f0%9d%90%a9%f0%9d%90%ad%f0%9d%90%a2%f0%9d%90%a8%f0%9d%90%a7-%f0%9d%90%9d%f0%9d%90%ae-%f0%9d%90%a9%f0%9d%90%ab%f0%9d%90%a8%f0%9d%90%ad%f0%9d%90%a8%f0%9d%90%9c#breadcrumb\",\"itemListElement\":[{\"@type\":\"ListItem\",\"position\":1,\"name\":\"Accueil\",\"item\":\"https:\/\/www.africa-press.net\/senegal\/\"},{\"@type\":\"ListItem\",\"position\":2,\"name\":\"???????? ?? ????????? ?? ?\u2019??? ??? ??? ???\"}]},{\"@type\":\"WebSite\",\"@id\":\"https:\/\/www.africa-press.net\/senegal\/#website\",\"url\":\"https:\/\/www.africa-press.net\/senegal\/\",\"name\":\"Africa Press | Senegal | Homepage\",\"description\":\"Just another Africa News Agency Sites site\",\"potentialAction\":[{\"@type\":\"SearchAction\",\"target\":{\"@type\":\"EntryPoint\",\"urlTemplate\":\"https:\/\/www.africa-press.net\/senegal\/?s={search_term_string}\"},\"query-input\":{\"@type\":\"PropertyValueSpecification\",\"valueRequired\":true,\"valueName\":\"search_term_string\"}}],\"inLanguage\":\"fr-FR\"},{\"@type\":\"Person\",\"@id\":\"https:\/\/www.africa-press.net\/senegal\/#\/schema\/person\/2b1cf3cd81a31e3cd26889ca66d677f1\",\"name\":\"cfeditorfr\",\"url\":\"https:\/\/www.africa-press.net\/senegal\/author\/cfeditorfr\"}]}<\/script>\n<!-- \/ Yoast SEO Premium plugin. -->","yoast_head_json":{"title":"???????? ?? ????????? ?? ?\u2019??? ??? ??? ??? - Senegal","description":"Ce mercredi le 08 janvier 2025, l'Assemble\u0301e Nationale s'est re\u0301unie sous les auspices du Pre\u0301sident de cette institutio ...","robots":{"index":"index","follow":"follow","max-snippet":"max-snippet:-1","max-image-preview":"max-image-preview:large","max-video-preview":"max-video-preview:-1"},"canonical":"https:\/\/www.africa-press.net\/senegal\/politique\/\ud835\uddd4\ud835\udc1d\ud835\udc28\ud835\udc29\ud835\udc2d\ud835\udc22\ud835\udc28\ud835\udc27-\ud835\udc1d\ud835\udc2e-\ud835\udc29\ud835\udc2b\ud835\udc28\ud835\udc2d\ud835\udc28\ud835\udc1c","og_locale":"fr_FR","og_type":"article","og_title":"???????? ?? ????????? ?? ?\u2019??? ??? ??? ???","og_description":"Ce mercredi le 08 janvier 2025, l'Assemble\u0301e Nationale s'est re\u0301unie sous les auspices du Pre\u0301sident de cette institutio ...","og_url":"https:\/\/www.africa-press.net\/senegal\/politique\/\ud835\uddd4\ud835\udc1d\ud835\udc28\ud835\udc29\ud835\udc2d\ud835\udc22\ud835\udc28\ud835\udc27-\ud835\udc1d\ud835\udc2e-\ud835\udc29\ud835\udc2b\ud835\udc28\ud835\udc2d\ud835\udc28\ud835\udc1c","og_site_name":"Senegal","article_published_time":"2025-01-08T22:06:37+00:00","article_modified_time":"2025-01-12T17:56:29+00:00","og_image":[{"width":800,"height":533,"url":"https:\/\/static.africa-press.net\/senegal\/sites\/13\/2025\/01\/sm_1736472580.881719.jpg","type":"image\/jpeg"}],"author":"cfeditorfr","twitter_card":"summary_large_image","twitter_misc":{"\u00c9crit par":"cfeditorfr","Dur\u00e9e de lecture estim\u00e9e":"3 minutes"},"schema":{"@context":"https:\/\/schema.org","@graph":[{"@type":"Article","@id":"https:\/\/www.africa-press.net\/senegal\/politique\/%f0%9d%97%94%f0%9d%90%9d%f0%9d%90%a8%f0%9d%90%a9%f0%9d%90%ad%f0%9d%90%a2%f0%9d%90%a8%f0%9d%90%a7-%f0%9d%90%9d%f0%9d%90%ae-%f0%9d%90%a9%f0%9d%90%ab%f0%9d%90%a8%f0%9d%90%ad%f0%9d%90%a8%f0%9d%90%9c#article","isPartOf":{"@id":"https:\/\/www.africa-press.net\/senegal\/politique\/%f0%9d%97%94%f0%9d%90%9d%f0%9d%90%a8%f0%9d%90%a9%f0%9d%90%ad%f0%9d%90%a2%f0%9d%90%a8%f0%9d%90%a7-%f0%9d%90%9d%f0%9d%90%ae-%f0%9d%90%a9%f0%9d%90%ab%f0%9d%90%a8%f0%9d%90%ad%f0%9d%90%a8%f0%9d%90%9c"},"author":{"name":"cfeditorfr","@id":"https:\/\/www.africa-press.net\/senegal\/#\/schema\/person\/2b1cf3cd81a31e3cd26889ca66d677f1"},"headline":"???????? ?? ????????? ?? ?\u2019??? ??? ??? ???","datePublished":"2025-01-08T22:06:37+00:00","dateModified":"2025-01-12T17:56:29+00:00","mainEntityOfPage":{"@id":"https:\/\/www.africa-press.net\/senegal\/politique\/%f0%9d%97%94%f0%9d%90%9d%f0%9d%90%a8%f0%9d%90%a9%f0%9d%90%ad%f0%9d%90%a2%f0%9d%90%a8%f0%9d%90%a7-%f0%9d%90%9d%f0%9d%90%ae-%f0%9d%90%a9%f0%9d%90%ab%f0%9d%90%a8%f0%9d%90%ad%f0%9d%90%a8%f0%9d%90%9c"},"wordCount":456,"commentCount":0,"image":{"@id":"https:\/\/www.africa-press.net\/senegal\/politique\/%f0%9d%97%94%f0%9d%90%9d%f0%9d%90%a8%f0%9d%90%a9%f0%9d%90%ad%f0%9d%90%a2%f0%9d%90%a8%f0%9d%90%a7-%f0%9d%90%9d%f0%9d%90%ae-%f0%9d%90%a9%f0%9d%90%ab%f0%9d%90%a8%f0%9d%90%ad%f0%9d%90%a8%f0%9d%90%9c#primaryimage"},"thumbnailUrl":"https:\/\/static.africa-press.net\/senegal\/sites\/13\/2025\/01\/sm_1736472580.881719.jpg","keywords":["Senegal"],"articleSection":["Politique","Toutes les actualit\u00e9s"],"inLanguage":"fr-FR","potentialAction":[{"@type":"CommentAction","name":"Comment","target":["https:\/\/www.africa-press.net\/senegal\/politique\/%f0%9d%97%94%f0%9d%90%9d%f0%9d%90%a8%f0%9d%90%a9%f0%9d%90%ad%f0%9d%90%a2%f0%9d%90%a8%f0%9d%90%a7-%f0%9d%90%9d%f0%9d%90%ae-%f0%9d%90%a9%f0%9d%90%ab%f0%9d%90%a8%f0%9d%90%ad%f0%9d%90%a8%f0%9d%90%9c#respond"]}]},{"@type":"WebPage","@id":"https:\/\/www.africa-press.net\/senegal\/politique\/%f0%9d%97%94%f0%9d%90%9d%f0%9d%90%a8%f0%9d%90%a9%f0%9d%90%ad%f0%9d%90%a2%f0%9d%90%a8%f0%9d%90%a7-%f0%9d%90%9d%f0%9d%90%ae-%f0%9d%90%a9%f0%9d%90%ab%f0%9d%90%a8%f0%9d%90%ad%f0%9d%90%a8%f0%9d%90%9c","url":"https:\/\/www.africa-press.net\/senegal\/politique\/%f0%9d%97%94%f0%9d%90%9d%f0%9d%90%a8%f0%9d%90%a9%f0%9d%90%ad%f0%9d%90%a2%f0%9d%90%a8%f0%9d%90%a7-%f0%9d%90%9d%f0%9d%90%ae-%f0%9d%90%a9%f0%9d%90%ab%f0%9d%90%a8%f0%9d%90%ad%f0%9d%90%a8%f0%9d%90%9c","name":"???????? ?? ????????? ?? ?\u2019??? ??? ??? ??? - Senegal","isPartOf":{"@id":"https:\/\/www.africa-press.net\/senegal\/#website"},"primaryImageOfPage":{"@id":"https:\/\/www.africa-press.net\/senegal\/politique\/%f0%9d%97%94%f0%9d%90%9d%f0%9d%90%a8%f0%9d%90%a9%f0%9d%90%ad%f0%9d%90%a2%f0%9d%90%a8%f0%9d%90%a7-%f0%9d%90%9d%f0%9d%90%ae-%f0%9d%90%a9%f0%9d%90%ab%f0%9d%90%a8%f0%9d%90%ad%f0%9d%90%a8%f0%9d%90%9c#primaryimage"},"image":{"@id":"https:\/\/www.africa-press.net\/senegal\/politique\/%f0%9d%97%94%f0%9d%90%9d%f0%9d%90%a8%f0%9d%90%a9%f0%9d%90%ad%f0%9d%90%a2%f0%9d%90%a8%f0%9d%90%a7-%f0%9d%90%9d%f0%9d%90%ae-%f0%9d%90%a9%f0%9d%90%ab%f0%9d%90%a8%f0%9d%90%ad%f0%9d%90%a8%f0%9d%90%9c#primaryimage"},"thumbnailUrl":"https:\/\/static.africa-press.net\/senegal\/sites\/13\/2025\/01\/sm_1736472580.881719.jpg","datePublished":"2025-01-08T22:06:37+00:00","dateModified":"2025-01-12T17:56:29+00:00","author":{"@id":"https:\/\/www.africa-press.net\/senegal\/#\/schema\/person\/2b1cf3cd81a31e3cd26889ca66d677f1"},"description":"Ce mercredi le 08 janvier 2025, l'Assemble\u0301e Nationale s'est re\u0301unie sous les auspices du Pre\u0301sident de cette institutio ...","breadcrumb":{"@id":"https:\/\/www.africa-press.net\/senegal\/politique\/%f0%9d%97%94%f0%9d%90%9d%f0%9d%90%a8%f0%9d%90%a9%f0%9d%90%ad%f0%9d%90%a2%f0%9d%90%a8%f0%9d%90%a7-%f0%9d%90%9d%f0%9d%90%ae-%f0%9d%90%a9%f0%9d%90%ab%f0%9d%90%a8%f0%9d%90%ad%f0%9d%90%a8%f0%9d%90%9c#breadcrumb"},"inLanguage":"fr-FR","potentialAction":[{"@type":"ReadAction","target":["https:\/\/www.africa-press.net\/senegal\/politique\/%f0%9d%97%94%f0%9d%90%9d%f0%9d%90%a8%f0%9d%90%a9%f0%9d%90%ad%f0%9d%90%a2%f0%9d%90%a8%f0%9d%90%a7-%f0%9d%90%9d%f0%9d%90%ae-%f0%9d%90%a9%f0%9d%90%ab%f0%9d%90%a8%f0%9d%90%ad%f0%9d%90%a8%f0%9d%90%9c"]}]},{"@type":"ImageObject","inLanguage":"fr-FR","@id":"https:\/\/www.africa-press.net\/senegal\/politique\/%f0%9d%97%94%f0%9d%90%9d%f0%9d%90%a8%f0%9d%90%a9%f0%9d%90%ad%f0%9d%90%a2%f0%9d%90%a8%f0%9d%90%a7-%f0%9d%90%9d%f0%9d%90%ae-%f0%9d%90%a9%f0%9d%90%ab%f0%9d%90%a8%f0%9d%90%ad%f0%9d%90%a8%f0%9d%90%9c#primaryimage","url":"https:\/\/static.africa-press.net\/senegal\/sites\/13\/2025\/01\/sm_1736472580.881719.jpg","contentUrl":"https:\/\/static.africa-press.net\/senegal\/sites\/13\/2025\/01\/sm_1736472580.881719.jpg","width":800,"height":533,"caption":"???????? ?? ????????? ?? ?\u2019??? ??? ??? ???"},{"@type":"BreadcrumbList","@id":"https:\/\/www.africa-press.net\/senegal\/politique\/%f0%9d%97%94%f0%9d%90%9d%f0%9d%90%a8%f0%9d%90%a9%f0%9d%90%ad%f0%9d%90%a2%f0%9d%90%a8%f0%9d%90%a7-%f0%9d%90%9d%f0%9d%90%ae-%f0%9d%90%a9%f0%9d%90%ab%f0%9d%90%a8%f0%9d%90%ad%f0%9d%90%a8%f0%9d%90%9c#breadcrumb","itemListElement":[{"@type":"ListItem","position":1,"name":"Accueil","item":"https:\/\/www.africa-press.net\/senegal\/"},{"@type":"ListItem","position":2,"name":"???????? ?? ????????? ?? ?\u2019??? ??? ??? ???"}]},{"@type":"WebSite","@id":"https:\/\/www.africa-press.net\/senegal\/#website","url":"https:\/\/www.africa-press.net\/senegal\/","name":"Africa Press | Senegal | Homepage","description":"Just another Africa News Agency Sites site","potentialAction":[{"@type":"SearchAction","target":{"@type":"EntryPoint","urlTemplate":"https:\/\/www.africa-press.net\/senegal\/?s={search_term_string}"},"query-input":{"@type":"PropertyValueSpecification","valueRequired":true,"valueName":"search_term_string"}}],"inLanguage":"fr-FR"},{"@type":"Person","@id":"https:\/\/www.africa-press.net\/senegal\/#\/schema\/person\/2b1cf3cd81a31e3cd26889ca66d677f1","name":"cfeditorfr","url":"https:\/\/www.africa-press.net\/senegal\/author\/cfeditorfr"}]}},"_links":{"self":[{"href":"https:\/\/www.africa-press.net\/senegal\/wp-json\/wp\/v2\/posts\/64677","targetHints":{"allow":["GET"]}}],"collection":[{"href":"https:\/\/www.africa-press.net\/senegal\/wp-json\/wp\/v2\/posts"}],"about":[{"href":"https:\/\/www.africa-press.net\/senegal\/wp-json\/wp\/v2\/types\/post"}],"author":[{"embeddable":true,"href":"https:\/\/www.africa-press.net\/senegal\/wp-json\/wp\/v2\/users\/82"}],"replies":[{"embeddable":true,"href":"https:\/\/www.africa-press.net\/senegal\/wp-json\/wp\/v2\/comments?post=64677"}],"version-history":[{"count":0,"href":"https:\/\/www.africa-press.net\/senegal\/wp-json\/wp\/v2\/posts\/64677\/revisions"}],"wp:featuredmedia":[{"embeddable":true,"href":"https:\/\/www.africa-press.net\/senegal\/wp-json\/wp\/v2\/media\/64676"}],"wp:attachment":[{"href":"https:\/\/www.africa-press.net\/senegal\/wp-json\/wp\/v2\/media?parent=64677"}],"wp:term":[{"taxonomy":"category","embeddable":true,"href":"https:\/\/www.africa-press.net\/senegal\/wp-json\/wp\/v2\/categories?post=64677"},{"taxonomy":"post_tag","embeddable":true,"href":"https:\/\/www.africa-press.net\/senegal\/wp-json\/wp\/v2\/tags?post=64677"}],"curies":[{"name":"wp","href":"https:\/\/api.w.org\/{rel}","templated":true}]}}