{"id":64687,"date":"2025-01-11T13:00:00","date_gmt":"2025-01-11T13:00:00","guid":{"rendered":"https:\/\/www.africa-press.net\/senegal\/politique\/reconstruction-du-parti-socialiste-lunes-prone-un-rajeunissement-integral-du-parti-pour-la-conquete-du-pouvoir"},"modified":"2025-01-11T13:00:00","modified_gmt":"2025-01-11T13:00:00","slug":"reconstruction-du-parti-socialiste-lunes-prone-un-rajeunissement-integral-du-parti-pour-la-conquete-du-pouvoir","status":"publish","type":"post","link":"https:\/\/www.africa-press.net\/senegal\/parties\/reconstruction-du-parti-socialiste-lunes-prone-un-rajeunissement-integral-du-parti-pour-la-conquete-du-pouvoir","title":{"rendered":"Reconstruction du Parti Socialiste: l\u2019Unes pr\u00f4ne un rajeunissement int\u00e9gral du parti pour la conqu\u00eate du pouvoir"},"content":{"rendered":"<p><span style=\"color: #ff6600\"><strong>Africa-Press &#8211; Senegal. <\/strong><\/span>L&rsquo;Union nationale des enseignants socialistes (Unes) s\u2019est re\u0301jouie de l&rsquo;appel lance\u0301 par leur camarade, le secre\u0301taire national charge\u0301 des e\u0301lections, Serigne Mbaye Thiam, en faveur de la reconstruction du Parti Socialiste.<\/p>\n<p>Dans le me\u0302me ordre d&rsquo;ide\u0301e, l&rsquo;Unes, par la voix du coordinateur national des enseignants, Kory Diouf, salue la re\u0301ponse du secre\u0301taire national a\u0300 la formation permanente et a\u0300 l&rsquo;e\u0301ducation nationale, Alioune Ndoye. Ce dernier a magnifie\u0301 cet e\u0301lan, ainsi que la pre\u0301sidente nationale des Jeunesses Fe\u0301minines du Parti Socialiste, Ye\u0301ya Diallo.<\/p>\n<p>D\u2019apre\u0300s le communique\u0301 parvenu a\u0300 Seneweb, \u00ab les enseignants socialistes disent oui a\u0300 une reconstruction du P.S pour la reconque\u0302te du pouvoir mais avec une nouvelle ge\u0301ne\u0301ration constitue\u0301e de jeunes cadres dynamiques techniquement compe\u0301tents et politiquement engage\u0301s \u00bb.<\/p>\n<p>Cette instance insiste sur un rajeunissement inte\u0301gral de toutes les structures du parti socialiste de la section au secre\u0301tariat exe\u0301cutif en passant par le bureau politique, le comite\u0301 central, les unions re\u0301gionales de\u0301partementales sans oublier les 138 coordinations.<\/p>\n<p>Monsieur Kory Diouf et ses camarades militent pour une reconstruction du Parti socialiste avec un appui des sages du parti socialiste. \u00ab\u00a0Nous conside\u0301rons que la solidarite\u0301 inter ge\u0301ne\u0301rationnelle sera essentielle pour la mise en place d&rsquo;une nouvelle e\u0301quipe porteuse d&rsquo;espoir. Le contexte politique actuel nous impose de nous adapter ou de pe\u0301rir. La jeunesse doit porter le flambeau et constituer le fer de lance du Parti \u00bb.<\/p>\n<p><strong>Pour plus d&rsquo;informations et d&rsquo;analyses sur la <span style=\"color: #ff6600\">Senegal<\/span>, suivez <span style=\"color: #ff6600\">Africa-Press<span style=\"color: #ff6600\"><\/span><\/strong><\/p>\n","protected":false},"excerpt":{"rendered":"<p>Africa-Press &#8211; Senegal. L&rsquo;Union nationale des enseignants socialistes (Unes) s\u2019est re\u0301jouie de l&rsquo;appel lance\u0301 par leur camarade, le secre\u0301taire national charge\u0301 des e\u0301lections, Serigne Mbaye Thiam, en faveur de la reconstruction du Parti Socialiste. Dans le me\u0302me ordre d&rsquo;ide\u0301e, l&rsquo;Unes, par la voix du coordinateur national des enseignants, Kory Diouf, salue la re\u0301ponse du secre\u0301taire [&hellip;]<\/p>\n","protected":false},"author":82,"featured_media":64686,"comment_status":"open","ping_status":"closed","sticky":false,"template":"","format":"standard","meta":{"footnotes":""},"categories":[4,20,10],"tags":[5121,1171,44,5120],"class_list":["post-64687","post","type-post","status-publish","format-standard","has-post-thumbnail","hentry","category-parties","category-top-nouvelles","category-toutes-les-actualites","tag-parti-socialistes","tag-reconstruction","tag-senegal-2","tag-unes"],"yoast_head":"<!-- This site is optimized with the Yoast SEO Premium plugin v26.1 (Yoast SEO v27.0) - https:\/\/yoast.com\/product\/yoast-seo-premium-wordpress\/ -->\n<title>Reconstruction du Parti Socialiste: l\u2019Unes pr\u00f4ne un rajeunissement int\u00e9gral du parti pour la conqu\u00eate du pouvoir - Senegal<\/title>\n<meta name=\"robots\" content=\"index, follow, max-snippet:-1, max-image-preview:large, max-video-preview:-1\" \/>\n<link rel=\"canonical\" href=\"https:\/\/www.africa-press.net\/senegal\/politique\/reconstruction-du-parti-socialiste-lunes-prone-un-rajeunissement-integral-du-parti-pour-la-conquete-du-pouvoir\" \/>\n<meta property=\"og:locale\" content=\"fr_FR\" \/>\n<meta property=\"og:type\" content=\"article\" \/>\n<meta property=\"og:title\" content=\"Reconstruction du Parti Socialiste: l\u2019Unes pr\u00f4ne un rajeunissement int\u00e9gral du parti pour la conqu\u00eate du pouvoir\" \/>\n<meta property=\"og:description\" content=\"Africa-Press &#8211; Senegal. L&rsquo;Union nationale des enseignants socialistes (Unes) s\u2019est re\u0301jouie de l&rsquo;appel lance\u0301 par leur camarade, le secre\u0301taire national charge\u0301 des e\u0301lections, Serigne Mbaye Thiam, en faveur de la reconstruction du Parti Socialiste. Dans le me\u0302me ordre d&rsquo;ide\u0301e, l&rsquo;Unes, par la voix du coordinateur national des enseignants, Kory Diouf, salue la re\u0301ponse du secre\u0301taire [&hellip;]\" \/>\n<meta property=\"og:url\" content=\"https:\/\/www.africa-press.net\/senegal\/politique\/reconstruction-du-parti-socialiste-lunes-prone-un-rajeunissement-integral-du-parti-pour-la-conquete-du-pouvoir\" \/>\n<meta property=\"og:site_name\" content=\"Senegal\" \/>\n<meta property=\"article:published_time\" content=\"2025-01-11T13:00:00+00:00\" \/>\n<meta name=\"author\" content=\"cfeditorfr\" \/>\n<meta name=\"twitter:card\" content=\"summary_large_image\" \/>\n<meta name=\"twitter:label1\" content=\"\u00c9crit par\" \/>\n\t<meta name=\"twitter:data1\" content=\"cfeditorfr\" \/>\n\t<meta name=\"twitter:label2\" content=\"Dur\u00e9e de lecture estim\u00e9e\" \/>\n\t<meta name=\"twitter:data2\" content=\"1 minute\" \/>\n<script type=\"application\/ld+json\" class=\"yoast-schema-graph\">{\"@context\":\"https:\/\/schema.org\",\"@graph\":[{\"@type\":\"Article\",\"@id\":\"https:\/\/www.africa-press.net\/senegal\/politique\/reconstruction-du-parti-socialiste-lunes-prone-un-rajeunissement-integral-du-parti-pour-la-conquete-du-pouvoir#article\",\"isPartOf\":{\"@id\":\"https:\/\/www.africa-press.net\/senegal\/politique\/reconstruction-du-parti-socialiste-lunes-prone-un-rajeunissement-integral-du-parti-pour-la-conquete-du-pouvoir\"},\"author\":{\"name\":\"cfeditorfr\",\"@id\":\"https:\/\/www.africa-press.net\/senegal\/#\/schema\/person\/2b1cf3cd81a31e3cd26889ca66d677f1\"},\"headline\":\"Reconstruction du Parti Socialiste: l\u2019Unes pr\u00f4ne un rajeunissement int\u00e9gral du parti pour la conqu\u00eate du pouvoir\",\"datePublished\":\"2025-01-11T13:00:00+00:00\",\"mainEntityOfPage\":{\"@id\":\"https:\/\/www.africa-press.net\/senegal\/politique\/reconstruction-du-parti-socialiste-lunes-prone-un-rajeunissement-integral-du-parti-pour-la-conquete-du-pouvoir\"},\"wordCount\":295,\"commentCount\":0,\"image\":{\"@id\":\"https:\/\/www.africa-press.net\/senegal\/politique\/reconstruction-du-parti-socialiste-lunes-prone-un-rajeunissement-integral-du-parti-pour-la-conquete-du-pouvoir#primaryimage\"},\"thumbnailUrl\":\"https:\/\/static.africa-press.net\/senegal\/sites\/13\/2025\/01\/sm_1736676162.495191.jpg\",\"keywords\":[\"Parti socialistes\",\"Reconstruction\",\"Senegal\",\"unes\"],\"articleSection\":[\"Parties\",\"Top Nouvelles\",\"Toutes les actualit\u00e9s\"],\"inLanguage\":\"fr-FR\",\"potentialAction\":[{\"@type\":\"CommentAction\",\"name\":\"Comment\",\"target\":[\"https:\/\/www.africa-press.net\/senegal\/politique\/reconstruction-du-parti-socialiste-lunes-prone-un-rajeunissement-integral-du-parti-pour-la-conquete-du-pouvoir#respond\"]}]},{\"@type\":\"WebPage\",\"@id\":\"https:\/\/www.africa-press.net\/senegal\/politique\/reconstruction-du-parti-socialiste-lunes-prone-un-rajeunissement-integral-du-parti-pour-la-conquete-du-pouvoir\",\"url\":\"https:\/\/www.africa-press.net\/senegal\/politique\/reconstruction-du-parti-socialiste-lunes-prone-un-rajeunissement-integral-du-parti-pour-la-conquete-du-pouvoir\",\"name\":\"Reconstruction du Parti Socialiste: l\u2019Unes pr\u00f4ne un rajeunissement int\u00e9gral du parti pour la conqu\u00eate du pouvoir - Senegal\",\"isPartOf\":{\"@id\":\"https:\/\/www.africa-press.net\/senegal\/#website\"},\"primaryImageOfPage\":{\"@id\":\"https:\/\/www.africa-press.net\/senegal\/politique\/reconstruction-du-parti-socialiste-lunes-prone-un-rajeunissement-integral-du-parti-pour-la-conquete-du-pouvoir#primaryimage\"},\"image\":{\"@id\":\"https:\/\/www.africa-press.net\/senegal\/politique\/reconstruction-du-parti-socialiste-lunes-prone-un-rajeunissement-integral-du-parti-pour-la-conquete-du-pouvoir#primaryimage\"},\"thumbnailUrl\":\"https:\/\/static.africa-press.net\/senegal\/sites\/13\/2025\/01\/sm_1736676162.495191.jpg\",\"datePublished\":\"2025-01-11T13:00:00+00:00\",\"author\":{\"@id\":\"https:\/\/www.africa-press.net\/senegal\/#\/schema\/person\/2b1cf3cd81a31e3cd26889ca66d677f1\"},\"breadcrumb\":{\"@id\":\"https:\/\/www.africa-press.net\/senegal\/politique\/reconstruction-du-parti-socialiste-lunes-prone-un-rajeunissement-integral-du-parti-pour-la-conquete-du-pouvoir#breadcrumb\"},\"inLanguage\":\"fr-FR\",\"potentialAction\":[{\"@type\":\"ReadAction\",\"target\":[\"https:\/\/www.africa-press.net\/senegal\/politique\/reconstruction-du-parti-socialiste-lunes-prone-un-rajeunissement-integral-du-parti-pour-la-conquete-du-pouvoir\"]}]},{\"@type\":\"ImageObject\",\"inLanguage\":\"fr-FR\",\"@id\":\"https:\/\/www.africa-press.net\/senegal\/politique\/reconstruction-du-parti-socialiste-lunes-prone-un-rajeunissement-integral-du-parti-pour-la-conquete-du-pouvoir#primaryimage\",\"url\":\"https:\/\/static.africa-press.net\/senegal\/sites\/13\/2025\/01\/sm_1736676162.495191.jpg\",\"contentUrl\":\"https:\/\/static.africa-press.net\/senegal\/sites\/13\/2025\/01\/sm_1736676162.495191.jpg\",\"width\":720,\"height\":350,\"caption\":\"Reconstruction du Parti Socialiste: l\u2019Unes pr\u00f4ne un rajeunissement int\u00e9gral du parti pour la conqu\u00eate du pouvoir\"},{\"@type\":\"BreadcrumbList\",\"@id\":\"https:\/\/www.africa-press.net\/senegal\/politique\/reconstruction-du-parti-socialiste-lunes-prone-un-rajeunissement-integral-du-parti-pour-la-conquete-du-pouvoir#breadcrumb\",\"itemListElement\":[{\"@type\":\"ListItem\",\"position\":1,\"name\":\"Accueil\",\"item\":\"https:\/\/www.africa-press.net\/senegal\/\"},{\"@type\":\"ListItem\",\"position\":2,\"name\":\"Reconstruction du Parti Socialiste: l\u2019Unes pr\u00f4ne un rajeunissement int\u00e9gral du parti pour la conqu\u00eate du pouvoir\"}]},{\"@type\":\"WebSite\",\"@id\":\"https:\/\/www.africa-press.net\/senegal\/#website\",\"url\":\"https:\/\/www.africa-press.net\/senegal\/\",\"name\":\"Africa Press | Senegal | Homepage\",\"description\":\"Just another Africa News Agency Sites site\",\"potentialAction\":[{\"@type\":\"SearchAction\",\"target\":{\"@type\":\"EntryPoint\",\"urlTemplate\":\"https:\/\/www.africa-press.net\/senegal\/?s={search_term_string}\"},\"query-input\":{\"@type\":\"PropertyValueSpecification\",\"valueRequired\":true,\"valueName\":\"search_term_string\"}}],\"inLanguage\":\"fr-FR\"},{\"@type\":\"Person\",\"@id\":\"https:\/\/www.africa-press.net\/senegal\/#\/schema\/person\/2b1cf3cd81a31e3cd26889ca66d677f1\",\"name\":\"cfeditorfr\",\"url\":\"https:\/\/www.africa-press.net\/senegal\/author\/cfeditorfr\"}]}<\/script>\n<!-- \/ Yoast SEO Premium plugin. -->","yoast_head_json":{"title":"Reconstruction du Parti Socialiste: l\u2019Unes pr\u00f4ne un rajeunissement int\u00e9gral du parti pour la conqu\u00eate du pouvoir - Senegal","robots":{"index":"index","follow":"follow","max-snippet":"max-snippet:-1","max-image-preview":"max-image-preview:large","max-video-preview":"max-video-preview:-1"},"canonical":"https:\/\/www.africa-press.net\/senegal\/politique\/reconstruction-du-parti-socialiste-lunes-prone-un-rajeunissement-integral-du-parti-pour-la-conquete-du-pouvoir","og_locale":"fr_FR","og_type":"article","og_title":"Reconstruction du Parti Socialiste: l\u2019Unes pr\u00f4ne un rajeunissement int\u00e9gral du parti pour la conqu\u00eate du pouvoir","og_description":"Africa-Press &#8211; Senegal. L&rsquo;Union nationale des enseignants socialistes (Unes) s\u2019est re\u0301jouie de l&rsquo;appel lance\u0301 par leur camarade, le secre\u0301taire national charge\u0301 des e\u0301lections, Serigne Mbaye Thiam, en faveur de la reconstruction du Parti Socialiste. Dans le me\u0302me ordre d&rsquo;ide\u0301e, l&rsquo;Unes, par la voix du coordinateur national des enseignants, Kory Diouf, salue la re\u0301ponse du secre\u0301taire [&hellip;]","og_url":"https:\/\/www.africa-press.net\/senegal\/politique\/reconstruction-du-parti-socialiste-lunes-prone-un-rajeunissement-integral-du-parti-pour-la-conquete-du-pouvoir","og_site_name":"Senegal","article_published_time":"2025-01-11T13:00:00+00:00","author":"cfeditorfr","twitter_card":"summary_large_image","twitter_misc":{"\u00c9crit par":"cfeditorfr","Dur\u00e9e de lecture estim\u00e9e":"1 minute"},"schema":{"@context":"https:\/\/schema.org","@graph":[{"@type":"Article","@id":"https:\/\/www.africa-press.net\/senegal\/politique\/reconstruction-du-parti-socialiste-lunes-prone-un-rajeunissement-integral-du-parti-pour-la-conquete-du-pouvoir#article","isPartOf":{"@id":"https:\/\/www.africa-press.net\/senegal\/politique\/reconstruction-du-parti-socialiste-lunes-prone-un-rajeunissement-integral-du-parti-pour-la-conquete-du-pouvoir"},"author":{"name":"cfeditorfr","@id":"https:\/\/www.africa-press.net\/senegal\/#\/schema\/person\/2b1cf3cd81a31e3cd26889ca66d677f1"},"headline":"Reconstruction du Parti Socialiste: l\u2019Unes pr\u00f4ne un rajeunissement int\u00e9gral du parti pour la conqu\u00eate du pouvoir","datePublished":"2025-01-11T13:00:00+00:00","mainEntityOfPage":{"@id":"https:\/\/www.africa-press.net\/senegal\/politique\/reconstruction-du-parti-socialiste-lunes-prone-un-rajeunissement-integral-du-parti-pour-la-conquete-du-pouvoir"},"wordCount":295,"commentCount":0,"image":{"@id":"https:\/\/www.africa-press.net\/senegal\/politique\/reconstruction-du-parti-socialiste-lunes-prone-un-rajeunissement-integral-du-parti-pour-la-conquete-du-pouvoir#primaryimage"},"thumbnailUrl":"https:\/\/static.africa-press.net\/senegal\/sites\/13\/2025\/01\/sm_1736676162.495191.jpg","keywords":["Parti socialistes","Reconstruction","Senegal","unes"],"articleSection":["Parties","Top Nouvelles","Toutes les actualit\u00e9s"],"inLanguage":"fr-FR","potentialAction":[{"@type":"CommentAction","name":"Comment","target":["https:\/\/www.africa-press.net\/senegal\/politique\/reconstruction-du-parti-socialiste-lunes-prone-un-rajeunissement-integral-du-parti-pour-la-conquete-du-pouvoir#respond"]}]},{"@type":"WebPage","@id":"https:\/\/www.africa-press.net\/senegal\/politique\/reconstruction-du-parti-socialiste-lunes-prone-un-rajeunissement-integral-du-parti-pour-la-conquete-du-pouvoir","url":"https:\/\/www.africa-press.net\/senegal\/politique\/reconstruction-du-parti-socialiste-lunes-prone-un-rajeunissement-integral-du-parti-pour-la-conquete-du-pouvoir","name":"Reconstruction du Parti Socialiste: l\u2019Unes pr\u00f4ne un rajeunissement int\u00e9gral du parti pour la conqu\u00eate du pouvoir - Senegal","isPartOf":{"@id":"https:\/\/www.africa-press.net\/senegal\/#website"},"primaryImageOfPage":{"@id":"https:\/\/www.africa-press.net\/senegal\/politique\/reconstruction-du-parti-socialiste-lunes-prone-un-rajeunissement-integral-du-parti-pour-la-conquete-du-pouvoir#primaryimage"},"image":{"@id":"https:\/\/www.africa-press.net\/senegal\/politique\/reconstruction-du-parti-socialiste-lunes-prone-un-rajeunissement-integral-du-parti-pour-la-conquete-du-pouvoir#primaryimage"},"thumbnailUrl":"https:\/\/static.africa-press.net\/senegal\/sites\/13\/2025\/01\/sm_1736676162.495191.jpg","datePublished":"2025-01-11T13:00:00+00:00","author":{"@id":"https:\/\/www.africa-press.net\/senegal\/#\/schema\/person\/2b1cf3cd81a31e3cd26889ca66d677f1"},"breadcrumb":{"@id":"https:\/\/www.africa-press.net\/senegal\/politique\/reconstruction-du-parti-socialiste-lunes-prone-un-rajeunissement-integral-du-parti-pour-la-conquete-du-pouvoir#breadcrumb"},"inLanguage":"fr-FR","potentialAction":[{"@type":"ReadAction","target":["https:\/\/www.africa-press.net\/senegal\/politique\/reconstruction-du-parti-socialiste-lunes-prone-un-rajeunissement-integral-du-parti-pour-la-conquete-du-pouvoir"]}]},{"@type":"ImageObject","inLanguage":"fr-FR","@id":"https:\/\/www.africa-press.net\/senegal\/politique\/reconstruction-du-parti-socialiste-lunes-prone-un-rajeunissement-integral-du-parti-pour-la-conquete-du-pouvoir#primaryimage","url":"https:\/\/static.africa-press.net\/senegal\/sites\/13\/2025\/01\/sm_1736676162.495191.jpg","contentUrl":"https:\/\/static.africa-press.net\/senegal\/sites\/13\/2025\/01\/sm_1736676162.495191.jpg","width":720,"height":350,"caption":"Reconstruction du Parti Socialiste: l\u2019Unes pr\u00f4ne un rajeunissement int\u00e9gral du parti pour la conqu\u00eate du pouvoir"},{"@type":"BreadcrumbList","@id":"https:\/\/www.africa-press.net\/senegal\/politique\/reconstruction-du-parti-socialiste-lunes-prone-un-rajeunissement-integral-du-parti-pour-la-conquete-du-pouvoir#breadcrumb","itemListElement":[{"@type":"ListItem","position":1,"name":"Accueil","item":"https:\/\/www.africa-press.net\/senegal\/"},{"@type":"ListItem","position":2,"name":"Reconstruction du Parti Socialiste: l\u2019Unes pr\u00f4ne un rajeunissement int\u00e9gral du parti pour la conqu\u00eate du pouvoir"}]},{"@type":"WebSite","@id":"https:\/\/www.africa-press.net\/senegal\/#website","url":"https:\/\/www.africa-press.net\/senegal\/","name":"Africa Press | Senegal | Homepage","description":"Just another Africa News Agency Sites site","potentialAction":[{"@type":"SearchAction","target":{"@type":"EntryPoint","urlTemplate":"https:\/\/www.africa-press.net\/senegal\/?s={search_term_string}"},"query-input":{"@type":"PropertyValueSpecification","valueRequired":true,"valueName":"search_term_string"}}],"inLanguage":"fr-FR"},{"@type":"Person","@id":"https:\/\/www.africa-press.net\/senegal\/#\/schema\/person\/2b1cf3cd81a31e3cd26889ca66d677f1","name":"cfeditorfr","url":"https:\/\/www.africa-press.net\/senegal\/author\/cfeditorfr"}]}},"_links":{"self":[{"href":"https:\/\/www.africa-press.net\/senegal\/wp-json\/wp\/v2\/posts\/64687","targetHints":{"allow":["GET"]}}],"collection":[{"href":"https:\/\/www.africa-press.net\/senegal\/wp-json\/wp\/v2\/posts"}],"about":[{"href":"https:\/\/www.africa-press.net\/senegal\/wp-json\/wp\/v2\/types\/post"}],"author":[{"embeddable":true,"href":"https:\/\/www.africa-press.net\/senegal\/wp-json\/wp\/v2\/users\/82"}],"replies":[{"embeddable":true,"href":"https:\/\/www.africa-press.net\/senegal\/wp-json\/wp\/v2\/comments?post=64687"}],"version-history":[{"count":0,"href":"https:\/\/www.africa-press.net\/senegal\/wp-json\/wp\/v2\/posts\/64687\/revisions"}],"wp:featuredmedia":[{"embeddable":true,"href":"https:\/\/www.africa-press.net\/senegal\/wp-json\/wp\/v2\/media\/64686"}],"wp:attachment":[{"href":"https:\/\/www.africa-press.net\/senegal\/wp-json\/wp\/v2\/media?parent=64687"}],"wp:term":[{"taxonomy":"category","embeddable":true,"href":"https:\/\/www.africa-press.net\/senegal\/wp-json\/wp\/v2\/categories?post=64687"},{"taxonomy":"post_tag","embeddable":true,"href":"https:\/\/www.africa-press.net\/senegal\/wp-json\/wp\/v2\/tags?post=64687"}],"curies":[{"name":"wp","href":"https:\/\/api.w.org\/{rel}","templated":true}]}}