{"id":64714,"date":"2025-01-13T22:49:33","date_gmt":"2025-01-13T22:49:33","guid":{"rendered":"https:\/\/www.africa-press.net\/senegal\/politique\/togo-attaque-de-cabinda-les-familles-accusent-la-ftf-de-mutisme"},"modified":"2025-01-13T22:49:33","modified_gmt":"2025-01-13T22:49:33","slug":"togo-attaque-de-cabinda-les-familles-accusent-la-ftf-de-mutisme","status":"publish","type":"post","link":"https:\/\/www.africa-press.net\/senegal\/sports\/togo-attaque-de-cabinda-les-familles-accusent-la-ftf-de-mutisme","title":{"rendered":"Togo \/ Attaque de Cabinda : les Familles Accusent la FTF de Mutisme"},"content":{"rendered":"<p><span style=\"color: #ff6600\"><strong>Africa-Press &#8211; Senegal. <\/strong><\/span>15 ans apre\u0300s l\u2019attaque de Cabinda contre le bus de la se\u0301lection nationale de football du Togo, les familles des deux membres de la de\u0301le\u0301gations de\u0301ce\u0301de\u0301s ne sont pas du tout satisfaits par rapport a\u0300 l\u2019apport de la CAF et de l\u2019Etat angolais et accusent la FTF pour son mutisme.<\/p>\n<p>Invite\u0301s sur la radio Sport FM, les membres de ces familles reconnaissent avoir rec\u0327u le soutien de l\u2019Etat a\u0300 hauteur de 63 millions de FCFA chacun gra\u0302ce a\u0300 la promptitude de la re\u0301action de la ministre actuelle des Sports du Togo.<\/p>\n<p>Toutefois, ils persistent et signent sur d\u2019autres zones d\u2019ombres qui restent a\u0300 e\u0301lucider. Les familles qui disent de\u0301tenir un document d\u2019indemnisation de la CAF et de l\u2019Etat angolais, mais n\u2019ont pas re\u0301ussi depuis plusieurs anne\u0301es a\u0300 e\u0301lucider les suppose\u0301s versements de ces deux parties a\u0300 leur endroit.<\/p>\n<p>\u00ab Si vous e\u0301tiez un parent d\u2019une victime, vous allez vous contenter des miettes la\u0300 ? Nous avions e\u0301crit a\u0300 la CAF, mais on nous dit que des individus ne peuvent pas traiter avec la CAF \u00bb a de\u0301clare\u0301 Emile Ocloo, pe\u0300re de Stan O\u2019cloo, responsable de communication de\u0301ce\u0301de\u0301 au cours de cette attaque.<\/p>\n<p>Entre incompre\u0301hension et absence de re\u0301ponses claires a\u0300 ce sujet, les familles mettent e\u0301galement en lumie\u0300re le mutisme de la FTF face a\u0300 leur multiples sollicitations.<\/p>\n<p>\u00ab Mais et notre fe\u0301de\u0301ration ? Si c\u2019est la fe\u0301de\u0301ration qui est habite\u0301e a\u0300 traiter notre demande, je vous dis depuis 2010, aucun pre\u0301sident de la fe\u0301de\u0301ration togolaise de football, tous les pre\u0301sidents qui se sont succe\u0301de\u0301, personne d\u2019entre eux ne nous a rec\u0327u. Et ce ne sont pas les demandes d\u2019audiences qui ont manque\u0301. Chaque anne\u0301e, nous e\u0301crivons au moins une ou deux fois, mais rien. \u00bb<\/p>\n<p>Le 08 Janvier 2010, alors que la de\u0301le\u0301gation togolaise se rendait a\u0300 Cabinda ( Angola) pour la CAN 2010, leur bus est mitraille\u0301 dans l\u2019enclave de Cabinda par les rebelles angolais du Front de Libe\u0301ration de l\u2019Enclave de Cabinda (FLEC). Deux membres de la de\u0301le\u0301gation togolaise, Ame\u0301le\u0301te\u0301 Abalo ( le coach Adjoint) et Stan O\u2019cloo ( le responsable de la communication) de\u0301ce\u0300dent. De son cote\u0301, le gardien Obilale Kodjovi touche\u0301 dans le bas du dos est e\u0301vacue\u0301 en Afrique du Sud pour des soins. Il se re\u0301tablira plus tard mais est handicape\u0301 a\u0300 vie.<\/p>\n<p><strong>Pour plus d&rsquo;informations et d&rsquo;analyses sur la <span style=\"color: #ff6600\">Senegal<\/span>, suivez <span style=\"color: #ff6600\">Africa-Press<span style=\"color: #ff6600\"><\/span><\/strong><\/p>\n","protected":false},"excerpt":{"rendered":"<p>Africa-Press &#8211; Senegal. 15 ans apre\u0300s l\u2019attaque de Cabinda contre le bus de la se\u0301lection nationale de football du Togo, les familles des deux membres de la de\u0301le\u0301gations de\u0301ce\u0301de\u0301s ne sont pas du tout satisfaits par rapport a\u0300 l\u2019apport de la CAF et de l\u2019Etat angolais et accusent la FTF pour son mutisme. Invite\u0301s sur [&hellip;]<\/p>\n","protected":false},"author":82,"featured_media":64713,"comment_status":"open","ping_status":"closed","sticky":false,"template":"","format":"standard","meta":{"footnotes":""},"categories":[6,10],"tags":[44],"class_list":["post-64714","post","type-post","status-publish","format-standard","has-post-thumbnail","hentry","category-sports","category-toutes-les-actualites","tag-senegal-2"],"yoast_head":"<!-- This site is optimized with the Yoast SEO Premium plugin v26.1 (Yoast SEO v27.0) - https:\/\/yoast.com\/product\/yoast-seo-premium-wordpress\/ -->\n<title>Togo \/ Attaque de Cabinda : les Familles Accusent la FTF de Mutisme - Senegal<\/title>\n<meta name=\"robots\" content=\"index, follow, max-snippet:-1, max-image-preview:large, max-video-preview:-1\" \/>\n<link rel=\"canonical\" href=\"https:\/\/www.africa-press.net\/senegal\/politique\/togo-attaque-de-cabinda-les-familles-accusent-la-ftf-de-mutisme\" \/>\n<meta property=\"og:locale\" content=\"fr_FR\" \/>\n<meta property=\"og:type\" content=\"article\" \/>\n<meta property=\"og:title\" content=\"Togo \/ Attaque de Cabinda : les Familles Accusent la FTF de Mutisme\" \/>\n<meta property=\"og:description\" content=\"Africa-Press &#8211; Senegal. 15 ans apre\u0300s l\u2019attaque de Cabinda contre le bus de la se\u0301lection nationale de football du Togo, les familles des deux membres de la de\u0301le\u0301gations de\u0301ce\u0301de\u0301s ne sont pas du tout satisfaits par rapport a\u0300 l\u2019apport de la CAF et de l\u2019Etat angolais et accusent la FTF pour son mutisme. Invite\u0301s sur [&hellip;]\" \/>\n<meta property=\"og:url\" content=\"https:\/\/www.africa-press.net\/senegal\/politique\/togo-attaque-de-cabinda-les-familles-accusent-la-ftf-de-mutisme\" \/>\n<meta property=\"og:site_name\" content=\"Senegal\" \/>\n<meta property=\"article:published_time\" content=\"2025-01-13T22:49:33+00:00\" \/>\n<meta name=\"author\" content=\"cfeditorfr\" \/>\n<meta name=\"twitter:card\" content=\"summary_large_image\" \/>\n<meta name=\"twitter:label1\" content=\"\u00c9crit par\" \/>\n\t<meta name=\"twitter:data1\" content=\"cfeditorfr\" \/>\n\t<meta name=\"twitter:label2\" content=\"Dur\u00e9e de lecture estim\u00e9e\" \/>\n\t<meta name=\"twitter:data2\" content=\"2 minutes\" \/>\n<script type=\"application\/ld+json\" class=\"yoast-schema-graph\">{\"@context\":\"https:\/\/schema.org\",\"@graph\":[{\"@type\":\"Article\",\"@id\":\"https:\/\/www.africa-press.net\/senegal\/politique\/togo-attaque-de-cabinda-les-familles-accusent-la-ftf-de-mutisme#article\",\"isPartOf\":{\"@id\":\"https:\/\/www.africa-press.net\/senegal\/politique\/togo-attaque-de-cabinda-les-familles-accusent-la-ftf-de-mutisme\"},\"author\":{\"name\":\"cfeditorfr\",\"@id\":\"https:\/\/www.africa-press.net\/senegal\/#\/schema\/person\/2b1cf3cd81a31e3cd26889ca66d677f1\"},\"headline\":\"Togo \/ Attaque de Cabinda : les Familles Accusent la FTF de Mutisme\",\"datePublished\":\"2025-01-13T22:49:33+00:00\",\"mainEntityOfPage\":{\"@id\":\"https:\/\/www.africa-press.net\/senegal\/politique\/togo-attaque-de-cabinda-les-familles-accusent-la-ftf-de-mutisme\"},\"wordCount\":459,\"commentCount\":0,\"image\":{\"@id\":\"https:\/\/www.africa-press.net\/senegal\/politique\/togo-attaque-de-cabinda-les-familles-accusent-la-ftf-de-mutisme#primaryimage\"},\"thumbnailUrl\":\"https:\/\/static.africa-press.net\/senegal\/sites\/13\/2025\/01\/sm_1736797050.064136.jpg\",\"keywords\":[\"Senegal\"],\"articleSection\":[\"Sports\",\"Toutes les actualit\u00e9s\"],\"inLanguage\":\"fr-FR\",\"potentialAction\":[{\"@type\":\"CommentAction\",\"name\":\"Comment\",\"target\":[\"https:\/\/www.africa-press.net\/senegal\/politique\/togo-attaque-de-cabinda-les-familles-accusent-la-ftf-de-mutisme#respond\"]}]},{\"@type\":\"WebPage\",\"@id\":\"https:\/\/www.africa-press.net\/senegal\/politique\/togo-attaque-de-cabinda-les-familles-accusent-la-ftf-de-mutisme\",\"url\":\"https:\/\/www.africa-press.net\/senegal\/politique\/togo-attaque-de-cabinda-les-familles-accusent-la-ftf-de-mutisme\",\"name\":\"Togo \/ Attaque de Cabinda : les Familles Accusent la FTF de Mutisme - Senegal\",\"isPartOf\":{\"@id\":\"https:\/\/www.africa-press.net\/senegal\/#website\"},\"primaryImageOfPage\":{\"@id\":\"https:\/\/www.africa-press.net\/senegal\/politique\/togo-attaque-de-cabinda-les-familles-accusent-la-ftf-de-mutisme#primaryimage\"},\"image\":{\"@id\":\"https:\/\/www.africa-press.net\/senegal\/politique\/togo-attaque-de-cabinda-les-familles-accusent-la-ftf-de-mutisme#primaryimage\"},\"thumbnailUrl\":\"https:\/\/static.africa-press.net\/senegal\/sites\/13\/2025\/01\/sm_1736797050.064136.jpg\",\"datePublished\":\"2025-01-13T22:49:33+00:00\",\"author\":{\"@id\":\"https:\/\/www.africa-press.net\/senegal\/#\/schema\/person\/2b1cf3cd81a31e3cd26889ca66d677f1\"},\"breadcrumb\":{\"@id\":\"https:\/\/www.africa-press.net\/senegal\/politique\/togo-attaque-de-cabinda-les-familles-accusent-la-ftf-de-mutisme#breadcrumb\"},\"inLanguage\":\"fr-FR\",\"potentialAction\":[{\"@type\":\"ReadAction\",\"target\":[\"https:\/\/www.africa-press.net\/senegal\/politique\/togo-attaque-de-cabinda-les-familles-accusent-la-ftf-de-mutisme\"]}]},{\"@type\":\"ImageObject\",\"inLanguage\":\"fr-FR\",\"@id\":\"https:\/\/www.africa-press.net\/senegal\/politique\/togo-attaque-de-cabinda-les-familles-accusent-la-ftf-de-mutisme#primaryimage\",\"url\":\"https:\/\/static.africa-press.net\/senegal\/sites\/13\/2025\/01\/sm_1736797050.064136.jpg\",\"contentUrl\":\"https:\/\/static.africa-press.net\/senegal\/sites\/13\/2025\/01\/sm_1736797050.064136.jpg\",\"width\":988,\"height\":500,\"caption\":\"Togo \/ Attaque de Cabinda : les Familles Accusent la FTF de Mutisme\"},{\"@type\":\"BreadcrumbList\",\"@id\":\"https:\/\/www.africa-press.net\/senegal\/politique\/togo-attaque-de-cabinda-les-familles-accusent-la-ftf-de-mutisme#breadcrumb\",\"itemListElement\":[{\"@type\":\"ListItem\",\"position\":1,\"name\":\"Accueil\",\"item\":\"https:\/\/www.africa-press.net\/senegal\/\"},{\"@type\":\"ListItem\",\"position\":2,\"name\":\"Togo \/ Attaque de Cabinda : les Familles Accusent la FTF de Mutisme\"}]},{\"@type\":\"WebSite\",\"@id\":\"https:\/\/www.africa-press.net\/senegal\/#website\",\"url\":\"https:\/\/www.africa-press.net\/senegal\/\",\"name\":\"Africa Press | Senegal | Homepage\",\"description\":\"Just another Africa News Agency Sites site\",\"potentialAction\":[{\"@type\":\"SearchAction\",\"target\":{\"@type\":\"EntryPoint\",\"urlTemplate\":\"https:\/\/www.africa-press.net\/senegal\/?s={search_term_string}\"},\"query-input\":{\"@type\":\"PropertyValueSpecification\",\"valueRequired\":true,\"valueName\":\"search_term_string\"}}],\"inLanguage\":\"fr-FR\"},{\"@type\":\"Person\",\"@id\":\"https:\/\/www.africa-press.net\/senegal\/#\/schema\/person\/2b1cf3cd81a31e3cd26889ca66d677f1\",\"name\":\"cfeditorfr\",\"url\":\"https:\/\/www.africa-press.net\/senegal\/author\/cfeditorfr\"}]}<\/script>\n<!-- \/ Yoast SEO Premium plugin. -->","yoast_head_json":{"title":"Togo \/ Attaque de Cabinda : les Familles Accusent la FTF de Mutisme - Senegal","robots":{"index":"index","follow":"follow","max-snippet":"max-snippet:-1","max-image-preview":"max-image-preview:large","max-video-preview":"max-video-preview:-1"},"canonical":"https:\/\/www.africa-press.net\/senegal\/politique\/togo-attaque-de-cabinda-les-familles-accusent-la-ftf-de-mutisme","og_locale":"fr_FR","og_type":"article","og_title":"Togo \/ Attaque de Cabinda : les Familles Accusent la FTF de Mutisme","og_description":"Africa-Press &#8211; Senegal. 15 ans apre\u0300s l\u2019attaque de Cabinda contre le bus de la se\u0301lection nationale de football du Togo, les familles des deux membres de la de\u0301le\u0301gations de\u0301ce\u0301de\u0301s ne sont pas du tout satisfaits par rapport a\u0300 l\u2019apport de la CAF et de l\u2019Etat angolais et accusent la FTF pour son mutisme. Invite\u0301s sur [&hellip;]","og_url":"https:\/\/www.africa-press.net\/senegal\/politique\/togo-attaque-de-cabinda-les-familles-accusent-la-ftf-de-mutisme","og_site_name":"Senegal","article_published_time":"2025-01-13T22:49:33+00:00","author":"cfeditorfr","twitter_card":"summary_large_image","twitter_misc":{"\u00c9crit par":"cfeditorfr","Dur\u00e9e de lecture estim\u00e9e":"2 minutes"},"schema":{"@context":"https:\/\/schema.org","@graph":[{"@type":"Article","@id":"https:\/\/www.africa-press.net\/senegal\/politique\/togo-attaque-de-cabinda-les-familles-accusent-la-ftf-de-mutisme#article","isPartOf":{"@id":"https:\/\/www.africa-press.net\/senegal\/politique\/togo-attaque-de-cabinda-les-familles-accusent-la-ftf-de-mutisme"},"author":{"name":"cfeditorfr","@id":"https:\/\/www.africa-press.net\/senegal\/#\/schema\/person\/2b1cf3cd81a31e3cd26889ca66d677f1"},"headline":"Togo \/ Attaque de Cabinda : les Familles Accusent la FTF de Mutisme","datePublished":"2025-01-13T22:49:33+00:00","mainEntityOfPage":{"@id":"https:\/\/www.africa-press.net\/senegal\/politique\/togo-attaque-de-cabinda-les-familles-accusent-la-ftf-de-mutisme"},"wordCount":459,"commentCount":0,"image":{"@id":"https:\/\/www.africa-press.net\/senegal\/politique\/togo-attaque-de-cabinda-les-familles-accusent-la-ftf-de-mutisme#primaryimage"},"thumbnailUrl":"https:\/\/static.africa-press.net\/senegal\/sites\/13\/2025\/01\/sm_1736797050.064136.jpg","keywords":["Senegal"],"articleSection":["Sports","Toutes les actualit\u00e9s"],"inLanguage":"fr-FR","potentialAction":[{"@type":"CommentAction","name":"Comment","target":["https:\/\/www.africa-press.net\/senegal\/politique\/togo-attaque-de-cabinda-les-familles-accusent-la-ftf-de-mutisme#respond"]}]},{"@type":"WebPage","@id":"https:\/\/www.africa-press.net\/senegal\/politique\/togo-attaque-de-cabinda-les-familles-accusent-la-ftf-de-mutisme","url":"https:\/\/www.africa-press.net\/senegal\/politique\/togo-attaque-de-cabinda-les-familles-accusent-la-ftf-de-mutisme","name":"Togo \/ Attaque de Cabinda : les Familles Accusent la FTF de Mutisme - Senegal","isPartOf":{"@id":"https:\/\/www.africa-press.net\/senegal\/#website"},"primaryImageOfPage":{"@id":"https:\/\/www.africa-press.net\/senegal\/politique\/togo-attaque-de-cabinda-les-familles-accusent-la-ftf-de-mutisme#primaryimage"},"image":{"@id":"https:\/\/www.africa-press.net\/senegal\/politique\/togo-attaque-de-cabinda-les-familles-accusent-la-ftf-de-mutisme#primaryimage"},"thumbnailUrl":"https:\/\/static.africa-press.net\/senegal\/sites\/13\/2025\/01\/sm_1736797050.064136.jpg","datePublished":"2025-01-13T22:49:33+00:00","author":{"@id":"https:\/\/www.africa-press.net\/senegal\/#\/schema\/person\/2b1cf3cd81a31e3cd26889ca66d677f1"},"breadcrumb":{"@id":"https:\/\/www.africa-press.net\/senegal\/politique\/togo-attaque-de-cabinda-les-familles-accusent-la-ftf-de-mutisme#breadcrumb"},"inLanguage":"fr-FR","potentialAction":[{"@type":"ReadAction","target":["https:\/\/www.africa-press.net\/senegal\/politique\/togo-attaque-de-cabinda-les-familles-accusent-la-ftf-de-mutisme"]}]},{"@type":"ImageObject","inLanguage":"fr-FR","@id":"https:\/\/www.africa-press.net\/senegal\/politique\/togo-attaque-de-cabinda-les-familles-accusent-la-ftf-de-mutisme#primaryimage","url":"https:\/\/static.africa-press.net\/senegal\/sites\/13\/2025\/01\/sm_1736797050.064136.jpg","contentUrl":"https:\/\/static.africa-press.net\/senegal\/sites\/13\/2025\/01\/sm_1736797050.064136.jpg","width":988,"height":500,"caption":"Togo \/ Attaque de Cabinda : les Familles Accusent la FTF de Mutisme"},{"@type":"BreadcrumbList","@id":"https:\/\/www.africa-press.net\/senegal\/politique\/togo-attaque-de-cabinda-les-familles-accusent-la-ftf-de-mutisme#breadcrumb","itemListElement":[{"@type":"ListItem","position":1,"name":"Accueil","item":"https:\/\/www.africa-press.net\/senegal\/"},{"@type":"ListItem","position":2,"name":"Togo \/ Attaque de Cabinda : les Familles Accusent la FTF de Mutisme"}]},{"@type":"WebSite","@id":"https:\/\/www.africa-press.net\/senegal\/#website","url":"https:\/\/www.africa-press.net\/senegal\/","name":"Africa Press | Senegal | Homepage","description":"Just another Africa News Agency Sites site","potentialAction":[{"@type":"SearchAction","target":{"@type":"EntryPoint","urlTemplate":"https:\/\/www.africa-press.net\/senegal\/?s={search_term_string}"},"query-input":{"@type":"PropertyValueSpecification","valueRequired":true,"valueName":"search_term_string"}}],"inLanguage":"fr-FR"},{"@type":"Person","@id":"https:\/\/www.africa-press.net\/senegal\/#\/schema\/person\/2b1cf3cd81a31e3cd26889ca66d677f1","name":"cfeditorfr","url":"https:\/\/www.africa-press.net\/senegal\/author\/cfeditorfr"}]}},"_links":{"self":[{"href":"https:\/\/www.africa-press.net\/senegal\/wp-json\/wp\/v2\/posts\/64714","targetHints":{"allow":["GET"]}}],"collection":[{"href":"https:\/\/www.africa-press.net\/senegal\/wp-json\/wp\/v2\/posts"}],"about":[{"href":"https:\/\/www.africa-press.net\/senegal\/wp-json\/wp\/v2\/types\/post"}],"author":[{"embeddable":true,"href":"https:\/\/www.africa-press.net\/senegal\/wp-json\/wp\/v2\/users\/82"}],"replies":[{"embeddable":true,"href":"https:\/\/www.africa-press.net\/senegal\/wp-json\/wp\/v2\/comments?post=64714"}],"version-history":[{"count":0,"href":"https:\/\/www.africa-press.net\/senegal\/wp-json\/wp\/v2\/posts\/64714\/revisions"}],"wp:featuredmedia":[{"embeddable":true,"href":"https:\/\/www.africa-press.net\/senegal\/wp-json\/wp\/v2\/media\/64713"}],"wp:attachment":[{"href":"https:\/\/www.africa-press.net\/senegal\/wp-json\/wp\/v2\/media?parent=64714"}],"wp:term":[{"taxonomy":"category","embeddable":true,"href":"https:\/\/www.africa-press.net\/senegal\/wp-json\/wp\/v2\/categories?post=64714"},{"taxonomy":"post_tag","embeddable":true,"href":"https:\/\/www.africa-press.net\/senegal\/wp-json\/wp\/v2\/tags?post=64714"}],"curies":[{"name":"wp","href":"https:\/\/api.w.org\/{rel}","templated":true}]}}