{"id":64724,"date":"2025-01-13T22:54:43","date_gmt":"2025-01-13T22:54:43","guid":{"rendered":"https:\/\/www.africa-press.net\/senegal\/politique\/arouna-sangante-le-havrais-reaffirme-son-choix-pour-le-senegal-et-vise-la-can-2025"},"modified":"2025-01-13T22:54:43","modified_gmt":"2025-01-13T22:54:43","slug":"arouna-sangante-le-havrais-reaffirme-son-choix-pour-le-senegal-et-vise-la-can-2025","status":"publish","type":"post","link":"https:\/\/www.africa-press.net\/senegal\/sports\/arouna-sangante-le-havrais-reaffirme-son-choix-pour-le-senegal-et-vise-la-can-2025","title":{"rendered":"Arouna Sangante : le Havrais R\u00e9affirme Son Choix pour le S\u00e9n\u00e9gal et Vise la CAN 2025"},"content":{"rendered":"<p><span style=\"color: #ff6600\"><strong>Africa-Press &#8211; Senegal. <\/strong><\/span>Arouna Sangante, de\u0301fenseur du Havre AC et capitaine de son e\u0301quipe, a mis un terme aux spe\u0301culations concernant son avenir international.<\/p>\n<p>Malgre\u0301 ses origines bissau-guine\u0301ennes, le jeune joueur de 22 ans a confirme\u0301 son engagement envers l\u2019e\u0301quipe nationale du Se\u0301ne\u0301gal.<\/p>\n<p>Dans une interview re\u0301cente, Sangante a clairement exprime\u0301 son choix de repre\u0301senter les Lions de la Teranga, soulignant que c\u2019est un re\u0302ve de longue date pour lui de de\u0301fendre ces couleurs.<\/p>\n<p>\u00ab Mon choix, c\u2019est le Se\u0301ne\u0301gal. Le plus important, c\u2019est mon envie, et c\u2019est le Se\u0301ne\u0301gal \u00bb, a-t-il de\u0301clare\u0301 dans des propos relaye\u0301s par Africa Foot United.<\/p>\n<p>Le joueur a regrette\u0301 de ne pas avoir pu honorer sa premie\u0300re convocation avec le Se\u0301ne\u0301gal contre le Gabon en raison d\u2019une blessure, mais il reste de\u0301termine\u0301 a\u0300 revenir en forme pour les prochaines compe\u0301titions, notamment la CAN 2025 au Maroc.<\/p>\n<p>\u00ab C\u2019e\u0301tait frustrant, car c\u2019est mon re\u0302ve depuis tout jeune de jouer pour le Se\u0301ne\u0301gal. Me\u0302me avec mes petits proble\u0300mes physiques, je ne la\u0302che pas \u00bb, a confie\u0301 le joueur.<\/p>\n<p>Il a e\u0301galement salue\u0301 l\u2019approche du nouveau se\u0301lectionneur Pape Thiaw, qui l\u2019a rencontre\u0301 pour e\u0301changer sur son avenir avec les Lions.<\/p>\n<p>\u00ab Il est venu avec son staff, a assiste\u0301 a\u0300 l\u2019entrai\u0302nement, et nous avons eu une longue discussion. Ce fut aussi l\u2019occasion pour moi de le fe\u0301liciter pour la qualification a\u0300 la CAN 2025 \u00bb, a explique\u0301 Sangante.<\/p>\n<p>Sangante se projette de\u0301sormais sur la CAN 2025 et vise a\u0300 faire partie de l\u2019e\u0301quipe qui de\u0301fendra les couleurs du Se\u0301ne\u0301gal au Maroc.<\/p>\n<p>Conscient de la concurrence au sein de la de\u0301fense, il voit cette situation comme une opportunite\u0301 pour progresser aux co\u0302te\u0301s de joueurs expe\u0301rimente\u0301s comme Kalidou Koulibaly et Moussa Niakhate\u0301.<\/p>\n<p><strong>Pour plus d&rsquo;informations et d&rsquo;analyses sur la <span style=\"color: #ff6600\">Senegal<\/span>, suivez <span style=\"color: #ff6600\">Africa-Press<span style=\"color: #ff6600\"><\/span><\/strong><\/p>\n","protected":false},"excerpt":{"rendered":"<p>Africa-Press &#8211; Senegal. Arouna Sangante, de\u0301fenseur du Havre AC et capitaine de son e\u0301quipe, a mis un terme aux spe\u0301culations concernant son avenir international. Malgre\u0301 ses origines bissau-guine\u0301ennes, le jeune joueur de 22 ans a confirme\u0301 son engagement envers l\u2019e\u0301quipe nationale du Se\u0301ne\u0301gal. Dans une interview re\u0301cente, Sangante a clairement exprime\u0301 son choix de repre\u0301senter [&hellip;]<\/p>\n","protected":false},"author":82,"featured_media":64723,"comment_status":"open","ping_status":"closed","sticky":false,"template":"","format":"standard","meta":{"footnotes":""},"categories":[6,10],"tags":[44],"class_list":["post-64724","post","type-post","status-publish","format-standard","has-post-thumbnail","hentry","category-sports","category-toutes-les-actualites","tag-senegal-2"],"yoast_head":"<!-- This site is optimized with the Yoast SEO Premium plugin v26.1 (Yoast SEO v27.0) - https:\/\/yoast.com\/product\/yoast-seo-premium-wordpress\/ -->\n<title>Arouna Sangante : le Havrais R\u00e9affirme Son Choix pour le S\u00e9n\u00e9gal et Vise la CAN 2025 - Senegal<\/title>\n<meta name=\"robots\" content=\"index, follow, max-snippet:-1, max-image-preview:large, max-video-preview:-1\" \/>\n<link rel=\"canonical\" href=\"https:\/\/www.africa-press.net\/senegal\/politique\/arouna-sangante-le-havrais-reaffirme-son-choix-pour-le-senegal-et-vise-la-can-2025\" \/>\n<meta property=\"og:locale\" content=\"fr_FR\" \/>\n<meta property=\"og:type\" content=\"article\" \/>\n<meta property=\"og:title\" content=\"Arouna Sangante : le Havrais R\u00e9affirme Son Choix pour le S\u00e9n\u00e9gal et Vise la CAN 2025\" \/>\n<meta property=\"og:description\" content=\"Africa-Press &#8211; Senegal. Arouna Sangante, de\u0301fenseur du Havre AC et capitaine de son e\u0301quipe, a mis un terme aux spe\u0301culations concernant son avenir international. Malgre\u0301 ses origines bissau-guine\u0301ennes, le jeune joueur de 22 ans a confirme\u0301 son engagement envers l\u2019e\u0301quipe nationale du Se\u0301ne\u0301gal. Dans une interview re\u0301cente, Sangante a clairement exprime\u0301 son choix de repre\u0301senter [&hellip;]\" \/>\n<meta property=\"og:url\" content=\"https:\/\/www.africa-press.net\/senegal\/politique\/arouna-sangante-le-havrais-reaffirme-son-choix-pour-le-senegal-et-vise-la-can-2025\" \/>\n<meta property=\"og:site_name\" content=\"Senegal\" \/>\n<meta property=\"article:published_time\" content=\"2025-01-13T22:54:43+00:00\" \/>\n<meta name=\"author\" content=\"cfeditorfr\" \/>\n<meta name=\"twitter:card\" content=\"summary_large_image\" \/>\n<meta name=\"twitter:label1\" content=\"\u00c9crit par\" \/>\n\t<meta name=\"twitter:data1\" content=\"cfeditorfr\" \/>\n\t<meta name=\"twitter:label2\" content=\"Dur\u00e9e de lecture estim\u00e9e\" \/>\n\t<meta name=\"twitter:data2\" content=\"2 minutes\" \/>\n<script type=\"application\/ld+json\" class=\"yoast-schema-graph\">{\"@context\":\"https:\/\/schema.org\",\"@graph\":[{\"@type\":\"Article\",\"@id\":\"https:\/\/www.africa-press.net\/senegal\/politique\/arouna-sangante-le-havrais-reaffirme-son-choix-pour-le-senegal-et-vise-la-can-2025#article\",\"isPartOf\":{\"@id\":\"https:\/\/www.africa-press.net\/senegal\/politique\/arouna-sangante-le-havrais-reaffirme-son-choix-pour-le-senegal-et-vise-la-can-2025\"},\"author\":{\"name\":\"cfeditorfr\",\"@id\":\"https:\/\/www.africa-press.net\/senegal\/#\/schema\/person\/2b1cf3cd81a31e3cd26889ca66d677f1\"},\"headline\":\"Arouna Sangante : le Havrais R\u00e9affirme Son Choix pour le S\u00e9n\u00e9gal et Vise la CAN 2025\",\"datePublished\":\"2025-01-13T22:54:43+00:00\",\"mainEntityOfPage\":{\"@id\":\"https:\/\/www.africa-press.net\/senegal\/politique\/arouna-sangante-le-havrais-reaffirme-son-choix-pour-le-senegal-et-vise-la-can-2025\"},\"wordCount\":359,\"commentCount\":0,\"image\":{\"@id\":\"https:\/\/www.africa-press.net\/senegal\/politique\/arouna-sangante-le-havrais-reaffirme-son-choix-pour-le-senegal-et-vise-la-can-2025#primaryimage\"},\"thumbnailUrl\":\"https:\/\/static.africa-press.net\/senegal\/sites\/13\/2025\/01\/sm_1736797622.380135.jpg\",\"keywords\":[\"Senegal\"],\"articleSection\":[\"Sports\",\"Toutes les actualit\u00e9s\"],\"inLanguage\":\"fr-FR\",\"potentialAction\":[{\"@type\":\"CommentAction\",\"name\":\"Comment\",\"target\":[\"https:\/\/www.africa-press.net\/senegal\/politique\/arouna-sangante-le-havrais-reaffirme-son-choix-pour-le-senegal-et-vise-la-can-2025#respond\"]}]},{\"@type\":\"WebPage\",\"@id\":\"https:\/\/www.africa-press.net\/senegal\/politique\/arouna-sangante-le-havrais-reaffirme-son-choix-pour-le-senegal-et-vise-la-can-2025\",\"url\":\"https:\/\/www.africa-press.net\/senegal\/politique\/arouna-sangante-le-havrais-reaffirme-son-choix-pour-le-senegal-et-vise-la-can-2025\",\"name\":\"Arouna Sangante : le Havrais R\u00e9affirme Son Choix pour le S\u00e9n\u00e9gal et Vise la CAN 2025 - Senegal\",\"isPartOf\":{\"@id\":\"https:\/\/www.africa-press.net\/senegal\/#website\"},\"primaryImageOfPage\":{\"@id\":\"https:\/\/www.africa-press.net\/senegal\/politique\/arouna-sangante-le-havrais-reaffirme-son-choix-pour-le-senegal-et-vise-la-can-2025#primaryimage\"},\"image\":{\"@id\":\"https:\/\/www.africa-press.net\/senegal\/politique\/arouna-sangante-le-havrais-reaffirme-son-choix-pour-le-senegal-et-vise-la-can-2025#primaryimage\"},\"thumbnailUrl\":\"https:\/\/static.africa-press.net\/senegal\/sites\/13\/2025\/01\/sm_1736797622.380135.jpg\",\"datePublished\":\"2025-01-13T22:54:43+00:00\",\"author\":{\"@id\":\"https:\/\/www.africa-press.net\/senegal\/#\/schema\/person\/2b1cf3cd81a31e3cd26889ca66d677f1\"},\"breadcrumb\":{\"@id\":\"https:\/\/www.africa-press.net\/senegal\/politique\/arouna-sangante-le-havrais-reaffirme-son-choix-pour-le-senegal-et-vise-la-can-2025#breadcrumb\"},\"inLanguage\":\"fr-FR\",\"potentialAction\":[{\"@type\":\"ReadAction\",\"target\":[\"https:\/\/www.africa-press.net\/senegal\/politique\/arouna-sangante-le-havrais-reaffirme-son-choix-pour-le-senegal-et-vise-la-can-2025\"]}]},{\"@type\":\"ImageObject\",\"inLanguage\":\"fr-FR\",\"@id\":\"https:\/\/www.africa-press.net\/senegal\/politique\/arouna-sangante-le-havrais-reaffirme-son-choix-pour-le-senegal-et-vise-la-can-2025#primaryimage\",\"url\":\"https:\/\/static.africa-press.net\/senegal\/sites\/13\/2025\/01\/sm_1736797622.380135.jpg\",\"contentUrl\":\"https:\/\/static.africa-press.net\/senegal\/sites\/13\/2025\/01\/sm_1736797622.380135.jpg\",\"width\":1556,\"height\":1192,\"caption\":\"Arouna Sangante : le Havrais R\u00e9affirme Son Choix pour le S\u00e9n\u00e9gal et Vise la CAN 2025\"},{\"@type\":\"BreadcrumbList\",\"@id\":\"https:\/\/www.africa-press.net\/senegal\/politique\/arouna-sangante-le-havrais-reaffirme-son-choix-pour-le-senegal-et-vise-la-can-2025#breadcrumb\",\"itemListElement\":[{\"@type\":\"ListItem\",\"position\":1,\"name\":\"Accueil\",\"item\":\"https:\/\/www.africa-press.net\/senegal\/\"},{\"@type\":\"ListItem\",\"position\":2,\"name\":\"Arouna Sangante : le Havrais R\u00e9affirme Son Choix pour le S\u00e9n\u00e9gal et Vise la CAN 2025\"}]},{\"@type\":\"WebSite\",\"@id\":\"https:\/\/www.africa-press.net\/senegal\/#website\",\"url\":\"https:\/\/www.africa-press.net\/senegal\/\",\"name\":\"Africa Press | Senegal | Homepage\",\"description\":\"Just another Africa News Agency Sites site\",\"potentialAction\":[{\"@type\":\"SearchAction\",\"target\":{\"@type\":\"EntryPoint\",\"urlTemplate\":\"https:\/\/www.africa-press.net\/senegal\/?s={search_term_string}\"},\"query-input\":{\"@type\":\"PropertyValueSpecification\",\"valueRequired\":true,\"valueName\":\"search_term_string\"}}],\"inLanguage\":\"fr-FR\"},{\"@type\":\"Person\",\"@id\":\"https:\/\/www.africa-press.net\/senegal\/#\/schema\/person\/2b1cf3cd81a31e3cd26889ca66d677f1\",\"name\":\"cfeditorfr\",\"url\":\"https:\/\/www.africa-press.net\/senegal\/author\/cfeditorfr\"}]}<\/script>\n<!-- \/ Yoast SEO Premium plugin. -->","yoast_head_json":{"title":"Arouna Sangante : le Havrais R\u00e9affirme Son Choix pour le S\u00e9n\u00e9gal et Vise la CAN 2025 - Senegal","robots":{"index":"index","follow":"follow","max-snippet":"max-snippet:-1","max-image-preview":"max-image-preview:large","max-video-preview":"max-video-preview:-1"},"canonical":"https:\/\/www.africa-press.net\/senegal\/politique\/arouna-sangante-le-havrais-reaffirme-son-choix-pour-le-senegal-et-vise-la-can-2025","og_locale":"fr_FR","og_type":"article","og_title":"Arouna Sangante : le Havrais R\u00e9affirme Son Choix pour le S\u00e9n\u00e9gal et Vise la CAN 2025","og_description":"Africa-Press &#8211; Senegal. Arouna Sangante, de\u0301fenseur du Havre AC et capitaine de son e\u0301quipe, a mis un terme aux spe\u0301culations concernant son avenir international. Malgre\u0301 ses origines bissau-guine\u0301ennes, le jeune joueur de 22 ans a confirme\u0301 son engagement envers l\u2019e\u0301quipe nationale du Se\u0301ne\u0301gal. Dans une interview re\u0301cente, Sangante a clairement exprime\u0301 son choix de repre\u0301senter [&hellip;]","og_url":"https:\/\/www.africa-press.net\/senegal\/politique\/arouna-sangante-le-havrais-reaffirme-son-choix-pour-le-senegal-et-vise-la-can-2025","og_site_name":"Senegal","article_published_time":"2025-01-13T22:54:43+00:00","author":"cfeditorfr","twitter_card":"summary_large_image","twitter_misc":{"\u00c9crit par":"cfeditorfr","Dur\u00e9e de lecture estim\u00e9e":"2 minutes"},"schema":{"@context":"https:\/\/schema.org","@graph":[{"@type":"Article","@id":"https:\/\/www.africa-press.net\/senegal\/politique\/arouna-sangante-le-havrais-reaffirme-son-choix-pour-le-senegal-et-vise-la-can-2025#article","isPartOf":{"@id":"https:\/\/www.africa-press.net\/senegal\/politique\/arouna-sangante-le-havrais-reaffirme-son-choix-pour-le-senegal-et-vise-la-can-2025"},"author":{"name":"cfeditorfr","@id":"https:\/\/www.africa-press.net\/senegal\/#\/schema\/person\/2b1cf3cd81a31e3cd26889ca66d677f1"},"headline":"Arouna Sangante : le Havrais R\u00e9affirme Son Choix pour le S\u00e9n\u00e9gal et Vise la CAN 2025","datePublished":"2025-01-13T22:54:43+00:00","mainEntityOfPage":{"@id":"https:\/\/www.africa-press.net\/senegal\/politique\/arouna-sangante-le-havrais-reaffirme-son-choix-pour-le-senegal-et-vise-la-can-2025"},"wordCount":359,"commentCount":0,"image":{"@id":"https:\/\/www.africa-press.net\/senegal\/politique\/arouna-sangante-le-havrais-reaffirme-son-choix-pour-le-senegal-et-vise-la-can-2025#primaryimage"},"thumbnailUrl":"https:\/\/static.africa-press.net\/senegal\/sites\/13\/2025\/01\/sm_1736797622.380135.jpg","keywords":["Senegal"],"articleSection":["Sports","Toutes les actualit\u00e9s"],"inLanguage":"fr-FR","potentialAction":[{"@type":"CommentAction","name":"Comment","target":["https:\/\/www.africa-press.net\/senegal\/politique\/arouna-sangante-le-havrais-reaffirme-son-choix-pour-le-senegal-et-vise-la-can-2025#respond"]}]},{"@type":"WebPage","@id":"https:\/\/www.africa-press.net\/senegal\/politique\/arouna-sangante-le-havrais-reaffirme-son-choix-pour-le-senegal-et-vise-la-can-2025","url":"https:\/\/www.africa-press.net\/senegal\/politique\/arouna-sangante-le-havrais-reaffirme-son-choix-pour-le-senegal-et-vise-la-can-2025","name":"Arouna Sangante : le Havrais R\u00e9affirme Son Choix pour le S\u00e9n\u00e9gal et Vise la CAN 2025 - Senegal","isPartOf":{"@id":"https:\/\/www.africa-press.net\/senegal\/#website"},"primaryImageOfPage":{"@id":"https:\/\/www.africa-press.net\/senegal\/politique\/arouna-sangante-le-havrais-reaffirme-son-choix-pour-le-senegal-et-vise-la-can-2025#primaryimage"},"image":{"@id":"https:\/\/www.africa-press.net\/senegal\/politique\/arouna-sangante-le-havrais-reaffirme-son-choix-pour-le-senegal-et-vise-la-can-2025#primaryimage"},"thumbnailUrl":"https:\/\/static.africa-press.net\/senegal\/sites\/13\/2025\/01\/sm_1736797622.380135.jpg","datePublished":"2025-01-13T22:54:43+00:00","author":{"@id":"https:\/\/www.africa-press.net\/senegal\/#\/schema\/person\/2b1cf3cd81a31e3cd26889ca66d677f1"},"breadcrumb":{"@id":"https:\/\/www.africa-press.net\/senegal\/politique\/arouna-sangante-le-havrais-reaffirme-son-choix-pour-le-senegal-et-vise-la-can-2025#breadcrumb"},"inLanguage":"fr-FR","potentialAction":[{"@type":"ReadAction","target":["https:\/\/www.africa-press.net\/senegal\/politique\/arouna-sangante-le-havrais-reaffirme-son-choix-pour-le-senegal-et-vise-la-can-2025"]}]},{"@type":"ImageObject","inLanguage":"fr-FR","@id":"https:\/\/www.africa-press.net\/senegal\/politique\/arouna-sangante-le-havrais-reaffirme-son-choix-pour-le-senegal-et-vise-la-can-2025#primaryimage","url":"https:\/\/static.africa-press.net\/senegal\/sites\/13\/2025\/01\/sm_1736797622.380135.jpg","contentUrl":"https:\/\/static.africa-press.net\/senegal\/sites\/13\/2025\/01\/sm_1736797622.380135.jpg","width":1556,"height":1192,"caption":"Arouna Sangante : le Havrais R\u00e9affirme Son Choix pour le S\u00e9n\u00e9gal et Vise la CAN 2025"},{"@type":"BreadcrumbList","@id":"https:\/\/www.africa-press.net\/senegal\/politique\/arouna-sangante-le-havrais-reaffirme-son-choix-pour-le-senegal-et-vise-la-can-2025#breadcrumb","itemListElement":[{"@type":"ListItem","position":1,"name":"Accueil","item":"https:\/\/www.africa-press.net\/senegal\/"},{"@type":"ListItem","position":2,"name":"Arouna Sangante : le Havrais R\u00e9affirme Son Choix pour le S\u00e9n\u00e9gal et Vise la CAN 2025"}]},{"@type":"WebSite","@id":"https:\/\/www.africa-press.net\/senegal\/#website","url":"https:\/\/www.africa-press.net\/senegal\/","name":"Africa Press | Senegal | Homepage","description":"Just another Africa News Agency Sites site","potentialAction":[{"@type":"SearchAction","target":{"@type":"EntryPoint","urlTemplate":"https:\/\/www.africa-press.net\/senegal\/?s={search_term_string}"},"query-input":{"@type":"PropertyValueSpecification","valueRequired":true,"valueName":"search_term_string"}}],"inLanguage":"fr-FR"},{"@type":"Person","@id":"https:\/\/www.africa-press.net\/senegal\/#\/schema\/person\/2b1cf3cd81a31e3cd26889ca66d677f1","name":"cfeditorfr","url":"https:\/\/www.africa-press.net\/senegal\/author\/cfeditorfr"}]}},"_links":{"self":[{"href":"https:\/\/www.africa-press.net\/senegal\/wp-json\/wp\/v2\/posts\/64724","targetHints":{"allow":["GET"]}}],"collection":[{"href":"https:\/\/www.africa-press.net\/senegal\/wp-json\/wp\/v2\/posts"}],"about":[{"href":"https:\/\/www.africa-press.net\/senegal\/wp-json\/wp\/v2\/types\/post"}],"author":[{"embeddable":true,"href":"https:\/\/www.africa-press.net\/senegal\/wp-json\/wp\/v2\/users\/82"}],"replies":[{"embeddable":true,"href":"https:\/\/www.africa-press.net\/senegal\/wp-json\/wp\/v2\/comments?post=64724"}],"version-history":[{"count":0,"href":"https:\/\/www.africa-press.net\/senegal\/wp-json\/wp\/v2\/posts\/64724\/revisions"}],"wp:featuredmedia":[{"embeddable":true,"href":"https:\/\/www.africa-press.net\/senegal\/wp-json\/wp\/v2\/media\/64723"}],"wp:attachment":[{"href":"https:\/\/www.africa-press.net\/senegal\/wp-json\/wp\/v2\/media?parent=64724"}],"wp:term":[{"taxonomy":"category","embeddable":true,"href":"https:\/\/www.africa-press.net\/senegal\/wp-json\/wp\/v2\/categories?post=64724"},{"taxonomy":"post_tag","embeddable":true,"href":"https:\/\/www.africa-press.net\/senegal\/wp-json\/wp\/v2\/tags?post=64724"}],"curies":[{"name":"wp","href":"https:\/\/api.w.org\/{rel}","templated":true}]}}