{"id":64726,"date":"2025-01-13T22:55:43","date_gmt":"2025-01-13T22:55:43","guid":{"rendered":"https:\/\/www.africa-press.net\/senegal\/politique\/samba-diallo-je-suis-et-je-resterai-international-senegalais"},"modified":"2025-01-13T22:55:43","modified_gmt":"2025-01-13T22:55:43","slug":"samba-diallo-je-suis-et-je-resterai-international-senegalais","status":"publish","type":"post","link":"https:\/\/www.africa-press.net\/senegal\/sports\/samba-diallo-je-suis-et-je-resterai-international-senegalais","title":{"rendered":"Samba Diallo : \u00ab je Suis et je Resterai International S\u00e9n\u00e9galais \u00bb"},"content":{"rendered":"<p><span style=\"color: #ff6600\"><strong>Africa-Press &#8211; Senegal. <\/strong><\/span>C\u2019est via un message direct sur Instagram que Samba Diallo a re\u0301agi aux informations diffuse\u0301es par D Sports, qui e\u0301voquaient un possible changement de nationalite\u0301 sportive en faveur de la Guine\u0301e.<\/p>\n<p>Le jeune ailier se\u0301ne\u0301galais, actuellement a\u0300 l\u2019Hapoel Je\u0301rusalem, a utilise\u0301 les re\u0301seaux sociaux pour couper court aux spe\u0301culations et confirmer son de\u0301sir de rester fide\u0300le au Se\u0301ne\u0301gal.<\/p>\n<p>\u00ab J\u2019ai rec\u0327u cette information au me\u0302me titre que vous. Je tiens a\u0300 vous assurer que je suis et je resterais international se\u0301ne\u0301galais. Je suis ne\u0301 se\u0301ne\u0301galais et je me sens se\u0301ne\u0301galais. Cette nation m\u2019a tout donne\u0301 et je me dois de tout lui rendre. Je n\u2019ai qu\u2019une seule et unique option: c\u2019est la se\u0301lection A de mon pays. Je suis patient et je sais que la se\u0301lection est ouverte a\u0300 tout le monde. Je n\u2019ai qu\u2019a\u0300 travailler afin de me\u0301riter un potentiel appel de l\u2019entrai\u0302neur \u00bb, a-t-il e\u0301crit.<\/p>\n<p>Diallo, 22 ans, a e\u0301galement re\u0301ve\u0301le\u0301 qu\u2019il avait e\u0301te\u0301 approche\u0301 par la Guine\u0301e il y a quelques mois, lors des qualifications pour les JO 2024.<\/p>\n<p>Toutefois, il a insiste\u0301 sur le fait que son c\u0153ur appartient au Se\u0301ne\u0301gal, pays qu\u2019il conside\u0300re comme la seule option pour son avenir international.<\/p>\n<p>Si son parcours a connu des hauts et des bas, la de\u0301termination de Diallo a\u0300 repre\u0301senter son pays semble plus solide que jamais.<\/p>\n<p><strong>Pour plus d&rsquo;informations et d&rsquo;analyses sur la <span style=\"color: #ff6600\">Senegal<\/span>, suivez <span style=\"color: #ff6600\">Africa-Press<span style=\"color: #ff6600\"><\/span><\/strong><\/p>\n","protected":false},"excerpt":{"rendered":"<p>Africa-Press &#8211; Senegal. C\u2019est via un message direct sur Instagram que Samba Diallo a re\u0301agi aux informations diffuse\u0301es par D Sports, qui e\u0301voquaient un possible changement de nationalite\u0301 sportive en faveur de la Guine\u0301e. Le jeune ailier se\u0301ne\u0301galais, actuellement a\u0300 l\u2019Hapoel Je\u0301rusalem, a utilise\u0301 les re\u0301seaux sociaux pour couper court aux spe\u0301culations et confirmer son [&hellip;]<\/p>\n","protected":false},"author":82,"featured_media":64725,"comment_status":"open","ping_status":"closed","sticky":false,"template":"","format":"standard","meta":{"footnotes":""},"categories":[6,10],"tags":[44],"class_list":["post-64726","post","type-post","status-publish","format-standard","has-post-thumbnail","hentry","category-sports","category-toutes-les-actualites","tag-senegal-2"],"yoast_head":"<!-- This site is optimized with the Yoast SEO Premium plugin v26.1 (Yoast SEO v27.0) - https:\/\/yoast.com\/product\/yoast-seo-premium-wordpress\/ -->\n<title>Samba Diallo : \u00ab je Suis et je Resterai International S\u00e9n\u00e9galais \u00bb - Senegal<\/title>\n<meta name=\"robots\" content=\"index, follow, max-snippet:-1, max-image-preview:large, max-video-preview:-1\" \/>\n<link rel=\"canonical\" href=\"https:\/\/www.africa-press.net\/senegal\/politique\/samba-diallo-je-suis-et-je-resterai-international-senegalais\" \/>\n<meta property=\"og:locale\" content=\"fr_FR\" \/>\n<meta property=\"og:type\" content=\"article\" \/>\n<meta property=\"og:title\" content=\"Samba Diallo : \u00ab je Suis et je Resterai International S\u00e9n\u00e9galais \u00bb\" \/>\n<meta property=\"og:description\" content=\"Africa-Press &#8211; Senegal. C\u2019est via un message direct sur Instagram que Samba Diallo a re\u0301agi aux informations diffuse\u0301es par D Sports, qui e\u0301voquaient un possible changement de nationalite\u0301 sportive en faveur de la Guine\u0301e. Le jeune ailier se\u0301ne\u0301galais, actuellement a\u0300 l\u2019Hapoel Je\u0301rusalem, a utilise\u0301 les re\u0301seaux sociaux pour couper court aux spe\u0301culations et confirmer son [&hellip;]\" \/>\n<meta property=\"og:url\" content=\"https:\/\/www.africa-press.net\/senegal\/politique\/samba-diallo-je-suis-et-je-resterai-international-senegalais\" \/>\n<meta property=\"og:site_name\" content=\"Senegal\" \/>\n<meta property=\"article:published_time\" content=\"2025-01-13T22:55:43+00:00\" \/>\n<meta name=\"author\" content=\"cfeditorfr\" \/>\n<meta name=\"twitter:card\" content=\"summary_large_image\" \/>\n<meta name=\"twitter:label1\" content=\"\u00c9crit par\" \/>\n\t<meta name=\"twitter:data1\" content=\"cfeditorfr\" \/>\n\t<meta name=\"twitter:label2\" content=\"Dur\u00e9e de lecture estim\u00e9e\" \/>\n\t<meta name=\"twitter:data2\" content=\"1 minute\" \/>\n<script type=\"application\/ld+json\" class=\"yoast-schema-graph\">{\"@context\":\"https:\/\/schema.org\",\"@graph\":[{\"@type\":\"Article\",\"@id\":\"https:\/\/www.africa-press.net\/senegal\/politique\/samba-diallo-je-suis-et-je-resterai-international-senegalais#article\",\"isPartOf\":{\"@id\":\"https:\/\/www.africa-press.net\/senegal\/politique\/samba-diallo-je-suis-et-je-resterai-international-senegalais\"},\"author\":{\"name\":\"cfeditorfr\",\"@id\":\"https:\/\/www.africa-press.net\/senegal\/#\/schema\/person\/2b1cf3cd81a31e3cd26889ca66d677f1\"},\"headline\":\"Samba Diallo : \u00ab je Suis et je Resterai International S\u00e9n\u00e9galais \u00bb\",\"datePublished\":\"2025-01-13T22:55:43+00:00\",\"mainEntityOfPage\":{\"@id\":\"https:\/\/www.africa-press.net\/senegal\/politique\/samba-diallo-je-suis-et-je-resterai-international-senegalais\"},\"wordCount\":290,\"commentCount\":0,\"image\":{\"@id\":\"https:\/\/www.africa-press.net\/senegal\/politique\/samba-diallo-je-suis-et-je-resterai-international-senegalais#primaryimage\"},\"thumbnailUrl\":\"https:\/\/static.africa-press.net\/senegal\/sites\/13\/2025\/01\/sm_1736797723.348516.jpg\",\"keywords\":[\"Senegal\"],\"articleSection\":[\"Sports\",\"Toutes les actualit\u00e9s\"],\"inLanguage\":\"fr-FR\",\"potentialAction\":[{\"@type\":\"CommentAction\",\"name\":\"Comment\",\"target\":[\"https:\/\/www.africa-press.net\/senegal\/politique\/samba-diallo-je-suis-et-je-resterai-international-senegalais#respond\"]}]},{\"@type\":\"WebPage\",\"@id\":\"https:\/\/www.africa-press.net\/senegal\/politique\/samba-diallo-je-suis-et-je-resterai-international-senegalais\",\"url\":\"https:\/\/www.africa-press.net\/senegal\/politique\/samba-diallo-je-suis-et-je-resterai-international-senegalais\",\"name\":\"Samba Diallo : \u00ab je Suis et je Resterai International S\u00e9n\u00e9galais \u00bb - Senegal\",\"isPartOf\":{\"@id\":\"https:\/\/www.africa-press.net\/senegal\/#website\"},\"primaryImageOfPage\":{\"@id\":\"https:\/\/www.africa-press.net\/senegal\/politique\/samba-diallo-je-suis-et-je-resterai-international-senegalais#primaryimage\"},\"image\":{\"@id\":\"https:\/\/www.africa-press.net\/senegal\/politique\/samba-diallo-je-suis-et-je-resterai-international-senegalais#primaryimage\"},\"thumbnailUrl\":\"https:\/\/static.africa-press.net\/senegal\/sites\/13\/2025\/01\/sm_1736797723.348516.jpg\",\"datePublished\":\"2025-01-13T22:55:43+00:00\",\"author\":{\"@id\":\"https:\/\/www.africa-press.net\/senegal\/#\/schema\/person\/2b1cf3cd81a31e3cd26889ca66d677f1\"},\"breadcrumb\":{\"@id\":\"https:\/\/www.africa-press.net\/senegal\/politique\/samba-diallo-je-suis-et-je-resterai-international-senegalais#breadcrumb\"},\"inLanguage\":\"fr-FR\",\"potentialAction\":[{\"@type\":\"ReadAction\",\"target\":[\"https:\/\/www.africa-press.net\/senegal\/politique\/samba-diallo-je-suis-et-je-resterai-international-senegalais\"]}]},{\"@type\":\"ImageObject\",\"inLanguage\":\"fr-FR\",\"@id\":\"https:\/\/www.africa-press.net\/senegal\/politique\/samba-diallo-je-suis-et-je-resterai-international-senegalais#primaryimage\",\"url\":\"https:\/\/static.africa-press.net\/senegal\/sites\/13\/2025\/01\/sm_1736797723.348516.jpg\",\"contentUrl\":\"https:\/\/static.africa-press.net\/senegal\/sites\/13\/2025\/01\/sm_1736797723.348516.jpg\",\"width\":1024,\"height\":576,\"caption\":\"Samba Diallo : \u00ab je Suis et je Resterai International S\u00e9n\u00e9galais \u00bb\"},{\"@type\":\"BreadcrumbList\",\"@id\":\"https:\/\/www.africa-press.net\/senegal\/politique\/samba-diallo-je-suis-et-je-resterai-international-senegalais#breadcrumb\",\"itemListElement\":[{\"@type\":\"ListItem\",\"position\":1,\"name\":\"Accueil\",\"item\":\"https:\/\/www.africa-press.net\/senegal\/\"},{\"@type\":\"ListItem\",\"position\":2,\"name\":\"Samba Diallo : \u00ab je Suis et je Resterai International S\u00e9n\u00e9galais \u00bb\"}]},{\"@type\":\"WebSite\",\"@id\":\"https:\/\/www.africa-press.net\/senegal\/#website\",\"url\":\"https:\/\/www.africa-press.net\/senegal\/\",\"name\":\"Africa Press | Senegal | Homepage\",\"description\":\"Just another Africa News Agency Sites site\",\"potentialAction\":[{\"@type\":\"SearchAction\",\"target\":{\"@type\":\"EntryPoint\",\"urlTemplate\":\"https:\/\/www.africa-press.net\/senegal\/?s={search_term_string}\"},\"query-input\":{\"@type\":\"PropertyValueSpecification\",\"valueRequired\":true,\"valueName\":\"search_term_string\"}}],\"inLanguage\":\"fr-FR\"},{\"@type\":\"Person\",\"@id\":\"https:\/\/www.africa-press.net\/senegal\/#\/schema\/person\/2b1cf3cd81a31e3cd26889ca66d677f1\",\"name\":\"cfeditorfr\",\"url\":\"https:\/\/www.africa-press.net\/senegal\/author\/cfeditorfr\"}]}<\/script>\n<!-- \/ Yoast SEO Premium plugin. -->","yoast_head_json":{"title":"Samba Diallo : \u00ab je Suis et je Resterai International S\u00e9n\u00e9galais \u00bb - Senegal","robots":{"index":"index","follow":"follow","max-snippet":"max-snippet:-1","max-image-preview":"max-image-preview:large","max-video-preview":"max-video-preview:-1"},"canonical":"https:\/\/www.africa-press.net\/senegal\/politique\/samba-diallo-je-suis-et-je-resterai-international-senegalais","og_locale":"fr_FR","og_type":"article","og_title":"Samba Diallo : \u00ab je Suis et je Resterai International S\u00e9n\u00e9galais \u00bb","og_description":"Africa-Press &#8211; Senegal. C\u2019est via un message direct sur Instagram que Samba Diallo a re\u0301agi aux informations diffuse\u0301es par D Sports, qui e\u0301voquaient un possible changement de nationalite\u0301 sportive en faveur de la Guine\u0301e. Le jeune ailier se\u0301ne\u0301galais, actuellement a\u0300 l\u2019Hapoel Je\u0301rusalem, a utilise\u0301 les re\u0301seaux sociaux pour couper court aux spe\u0301culations et confirmer son [&hellip;]","og_url":"https:\/\/www.africa-press.net\/senegal\/politique\/samba-diallo-je-suis-et-je-resterai-international-senegalais","og_site_name":"Senegal","article_published_time":"2025-01-13T22:55:43+00:00","author":"cfeditorfr","twitter_card":"summary_large_image","twitter_misc":{"\u00c9crit par":"cfeditorfr","Dur\u00e9e de lecture estim\u00e9e":"1 minute"},"schema":{"@context":"https:\/\/schema.org","@graph":[{"@type":"Article","@id":"https:\/\/www.africa-press.net\/senegal\/politique\/samba-diallo-je-suis-et-je-resterai-international-senegalais#article","isPartOf":{"@id":"https:\/\/www.africa-press.net\/senegal\/politique\/samba-diallo-je-suis-et-je-resterai-international-senegalais"},"author":{"name":"cfeditorfr","@id":"https:\/\/www.africa-press.net\/senegal\/#\/schema\/person\/2b1cf3cd81a31e3cd26889ca66d677f1"},"headline":"Samba Diallo : \u00ab je Suis et je Resterai International S\u00e9n\u00e9galais \u00bb","datePublished":"2025-01-13T22:55:43+00:00","mainEntityOfPage":{"@id":"https:\/\/www.africa-press.net\/senegal\/politique\/samba-diallo-je-suis-et-je-resterai-international-senegalais"},"wordCount":290,"commentCount":0,"image":{"@id":"https:\/\/www.africa-press.net\/senegal\/politique\/samba-diallo-je-suis-et-je-resterai-international-senegalais#primaryimage"},"thumbnailUrl":"https:\/\/static.africa-press.net\/senegal\/sites\/13\/2025\/01\/sm_1736797723.348516.jpg","keywords":["Senegal"],"articleSection":["Sports","Toutes les actualit\u00e9s"],"inLanguage":"fr-FR","potentialAction":[{"@type":"CommentAction","name":"Comment","target":["https:\/\/www.africa-press.net\/senegal\/politique\/samba-diallo-je-suis-et-je-resterai-international-senegalais#respond"]}]},{"@type":"WebPage","@id":"https:\/\/www.africa-press.net\/senegal\/politique\/samba-diallo-je-suis-et-je-resterai-international-senegalais","url":"https:\/\/www.africa-press.net\/senegal\/politique\/samba-diallo-je-suis-et-je-resterai-international-senegalais","name":"Samba Diallo : \u00ab je Suis et je Resterai International S\u00e9n\u00e9galais \u00bb - Senegal","isPartOf":{"@id":"https:\/\/www.africa-press.net\/senegal\/#website"},"primaryImageOfPage":{"@id":"https:\/\/www.africa-press.net\/senegal\/politique\/samba-diallo-je-suis-et-je-resterai-international-senegalais#primaryimage"},"image":{"@id":"https:\/\/www.africa-press.net\/senegal\/politique\/samba-diallo-je-suis-et-je-resterai-international-senegalais#primaryimage"},"thumbnailUrl":"https:\/\/static.africa-press.net\/senegal\/sites\/13\/2025\/01\/sm_1736797723.348516.jpg","datePublished":"2025-01-13T22:55:43+00:00","author":{"@id":"https:\/\/www.africa-press.net\/senegal\/#\/schema\/person\/2b1cf3cd81a31e3cd26889ca66d677f1"},"breadcrumb":{"@id":"https:\/\/www.africa-press.net\/senegal\/politique\/samba-diallo-je-suis-et-je-resterai-international-senegalais#breadcrumb"},"inLanguage":"fr-FR","potentialAction":[{"@type":"ReadAction","target":["https:\/\/www.africa-press.net\/senegal\/politique\/samba-diallo-je-suis-et-je-resterai-international-senegalais"]}]},{"@type":"ImageObject","inLanguage":"fr-FR","@id":"https:\/\/www.africa-press.net\/senegal\/politique\/samba-diallo-je-suis-et-je-resterai-international-senegalais#primaryimage","url":"https:\/\/static.africa-press.net\/senegal\/sites\/13\/2025\/01\/sm_1736797723.348516.jpg","contentUrl":"https:\/\/static.africa-press.net\/senegal\/sites\/13\/2025\/01\/sm_1736797723.348516.jpg","width":1024,"height":576,"caption":"Samba Diallo : \u00ab je Suis et je Resterai International S\u00e9n\u00e9galais \u00bb"},{"@type":"BreadcrumbList","@id":"https:\/\/www.africa-press.net\/senegal\/politique\/samba-diallo-je-suis-et-je-resterai-international-senegalais#breadcrumb","itemListElement":[{"@type":"ListItem","position":1,"name":"Accueil","item":"https:\/\/www.africa-press.net\/senegal\/"},{"@type":"ListItem","position":2,"name":"Samba Diallo : \u00ab je Suis et je Resterai International S\u00e9n\u00e9galais \u00bb"}]},{"@type":"WebSite","@id":"https:\/\/www.africa-press.net\/senegal\/#website","url":"https:\/\/www.africa-press.net\/senegal\/","name":"Africa Press | Senegal | Homepage","description":"Just another Africa News Agency Sites site","potentialAction":[{"@type":"SearchAction","target":{"@type":"EntryPoint","urlTemplate":"https:\/\/www.africa-press.net\/senegal\/?s={search_term_string}"},"query-input":{"@type":"PropertyValueSpecification","valueRequired":true,"valueName":"search_term_string"}}],"inLanguage":"fr-FR"},{"@type":"Person","@id":"https:\/\/www.africa-press.net\/senegal\/#\/schema\/person\/2b1cf3cd81a31e3cd26889ca66d677f1","name":"cfeditorfr","url":"https:\/\/www.africa-press.net\/senegal\/author\/cfeditorfr"}]}},"_links":{"self":[{"href":"https:\/\/www.africa-press.net\/senegal\/wp-json\/wp\/v2\/posts\/64726","targetHints":{"allow":["GET"]}}],"collection":[{"href":"https:\/\/www.africa-press.net\/senegal\/wp-json\/wp\/v2\/posts"}],"about":[{"href":"https:\/\/www.africa-press.net\/senegal\/wp-json\/wp\/v2\/types\/post"}],"author":[{"embeddable":true,"href":"https:\/\/www.africa-press.net\/senegal\/wp-json\/wp\/v2\/users\/82"}],"replies":[{"embeddable":true,"href":"https:\/\/www.africa-press.net\/senegal\/wp-json\/wp\/v2\/comments?post=64726"}],"version-history":[{"count":0,"href":"https:\/\/www.africa-press.net\/senegal\/wp-json\/wp\/v2\/posts\/64726\/revisions"}],"wp:featuredmedia":[{"embeddable":true,"href":"https:\/\/www.africa-press.net\/senegal\/wp-json\/wp\/v2\/media\/64725"}],"wp:attachment":[{"href":"https:\/\/www.africa-press.net\/senegal\/wp-json\/wp\/v2\/media?parent=64726"}],"wp:term":[{"taxonomy":"category","embeddable":true,"href":"https:\/\/www.africa-press.net\/senegal\/wp-json\/wp\/v2\/categories?post=64726"},{"taxonomy":"post_tag","embeddable":true,"href":"https:\/\/www.africa-press.net\/senegal\/wp-json\/wp\/v2\/tags?post=64726"}],"curies":[{"name":"wp","href":"https:\/\/api.w.org\/{rel}","templated":true}]}}