{"id":64732,"date":"2025-01-13T22:57:19","date_gmt":"2025-01-13T22:57:19","guid":{"rendered":"https:\/\/www.africa-press.net\/senegal\/politique\/ldc-caf-apres-lelimination-lamine-ndiaye-se-projette"},"modified":"2025-01-13T22:57:19","modified_gmt":"2025-01-13T22:57:19","slug":"ldc-caf-apres-lelimination-lamine-ndiaye-se-projette","status":"publish","type":"post","link":"https:\/\/www.africa-press.net\/senegal\/sports\/ldc-caf-apres-lelimination-lamine-ndiaye-se-projette","title":{"rendered":"LDC CAF : Apr\u00e8s L\u2019\u00e9limination, Lamine Ndiaye se Projette"},"content":{"rendered":"<p><span style=\"color: #ff6600\"><strong>Africa-Press &#8211; Senegal. <\/strong><\/span>Le Tout-puissant Mazembe est e\u0301limine\u0301 de la ligue africaine des champions. Les Corbeaux de Lumumbashi ont courbe\u0301 l\u2019e\u0301chine, vendredi, face au Mouloudia Club d\u2019Alger.<\/p>\n<p>Apre\u0300s la de\u0301faite, le coach de la formation congolaise, Lamine Ndiaye, est revenu sur la pre\u0301paration. Selon lui, le mauvais re\u0301sultat de son club dans cette campagne continentale est lie\u0301e principalement a\u0300 l\u2019effectif.<\/p>\n<p>\u00ab C\u2019est fini pour le TP Mazembe. Nous avons une e\u0301quipe jeune. Deux semaines avant le de\u0301but de la saison, on nous a dit qu\u2019on n\u2019avait pas le droit d\u2019impliquer de nouveaux joueurs. Nous avons laisse\u0301 la moitie\u0301 de l\u2019effectif que nous avions, nous ne pouvions pas les compenser \u00bb, s\u2019est plaint le technicien se\u0301ne\u0301galais. Toutefois, il veut rester optimiste pour l\u2019avenir.<\/p>\n<p>\u00ab Nous avons de jeunes joueurs, nous misons sur eux. Ils apprennent et l\u2019avenir est devant eux. Nous attendrons de beaux jours \u00bb.<\/p>\n<p><strong>Pour plus d&rsquo;informations et d&rsquo;analyses sur la <span style=\"color: #ff6600\">Senegal<\/span>, suivez <span style=\"color: #ff6600\">Africa-Press<span style=\"color: #ff6600\"><\/span><\/strong><\/p>\n","protected":false},"excerpt":{"rendered":"<p>Africa-Press &#8211; Senegal. Le Tout-puissant Mazembe est e\u0301limine\u0301 de la ligue africaine des champions. Les Corbeaux de Lumumbashi ont courbe\u0301 l\u2019e\u0301chine, vendredi, face au Mouloudia Club d\u2019Alger. Apre\u0300s la de\u0301faite, le coach de la formation congolaise, Lamine Ndiaye, est revenu sur la pre\u0301paration. Selon lui, le mauvais re\u0301sultat de son club dans cette campagne continentale [&hellip;]<\/p>\n","protected":false},"author":82,"featured_media":64731,"comment_status":"open","ping_status":"closed","sticky":false,"template":"","format":"standard","meta":{"footnotes":""},"categories":[6,10],"tags":[44],"class_list":["post-64732","post","type-post","status-publish","format-standard","has-post-thumbnail","hentry","category-sports","category-toutes-les-actualites","tag-senegal-2"],"yoast_head":"<!-- This site is optimized with the Yoast SEO Premium plugin v26.1 (Yoast SEO v27.0) - https:\/\/yoast.com\/product\/yoast-seo-premium-wordpress\/ -->\n<title>LDC CAF : Apr\u00e8s L\u2019\u00e9limination, Lamine Ndiaye se Projette - Senegal<\/title>\n<meta name=\"robots\" content=\"index, follow, max-snippet:-1, max-image-preview:large, max-video-preview:-1\" \/>\n<link rel=\"canonical\" href=\"https:\/\/www.africa-press.net\/senegal\/politique\/ldc-caf-apres-lelimination-lamine-ndiaye-se-projette\" \/>\n<meta property=\"og:locale\" content=\"fr_FR\" \/>\n<meta property=\"og:type\" content=\"article\" \/>\n<meta property=\"og:title\" content=\"LDC CAF : Apr\u00e8s L\u2019\u00e9limination, Lamine Ndiaye se Projette\" \/>\n<meta property=\"og:description\" content=\"Africa-Press &#8211; Senegal. Le Tout-puissant Mazembe est e\u0301limine\u0301 de la ligue africaine des champions. Les Corbeaux de Lumumbashi ont courbe\u0301 l\u2019e\u0301chine, vendredi, face au Mouloudia Club d\u2019Alger. Apre\u0300s la de\u0301faite, le coach de la formation congolaise, Lamine Ndiaye, est revenu sur la pre\u0301paration. Selon lui, le mauvais re\u0301sultat de son club dans cette campagne continentale [&hellip;]\" \/>\n<meta property=\"og:url\" content=\"https:\/\/www.africa-press.net\/senegal\/politique\/ldc-caf-apres-lelimination-lamine-ndiaye-se-projette\" \/>\n<meta property=\"og:site_name\" content=\"Senegal\" \/>\n<meta property=\"article:published_time\" content=\"2025-01-13T22:57:19+00:00\" \/>\n<meta name=\"author\" content=\"cfeditorfr\" \/>\n<meta name=\"twitter:card\" content=\"summary_large_image\" \/>\n<meta name=\"twitter:label1\" content=\"\u00c9crit par\" \/>\n\t<meta name=\"twitter:data1\" content=\"cfeditorfr\" \/>\n\t<meta name=\"twitter:label2\" content=\"Dur\u00e9e de lecture estim\u00e9e\" \/>\n\t<meta name=\"twitter:data2\" content=\"1 minute\" \/>\n<script type=\"application\/ld+json\" class=\"yoast-schema-graph\">{\"@context\":\"https:\/\/schema.org\",\"@graph\":[{\"@type\":\"Article\",\"@id\":\"https:\/\/www.africa-press.net\/senegal\/politique\/ldc-caf-apres-lelimination-lamine-ndiaye-se-projette#article\",\"isPartOf\":{\"@id\":\"https:\/\/www.africa-press.net\/senegal\/politique\/ldc-caf-apres-lelimination-lamine-ndiaye-se-projette\"},\"author\":{\"name\":\"cfeditorfr\",\"@id\":\"https:\/\/www.africa-press.net\/senegal\/#\/schema\/person\/2b1cf3cd81a31e3cd26889ca66d677f1\"},\"headline\":\"LDC CAF : Apr\u00e8s L\u2019\u00e9limination, Lamine Ndiaye se Projette\",\"datePublished\":\"2025-01-13T22:57:19+00:00\",\"mainEntityOfPage\":{\"@id\":\"https:\/\/www.africa-press.net\/senegal\/politique\/ldc-caf-apres-lelimination-lamine-ndiaye-se-projette\"},\"wordCount\":185,\"commentCount\":0,\"image\":{\"@id\":\"https:\/\/www.africa-press.net\/senegal\/politique\/ldc-caf-apres-lelimination-lamine-ndiaye-se-projette#primaryimage\"},\"thumbnailUrl\":\"https:\/\/static.africa-press.net\/senegal\/sites\/13\/2025\/01\/sm_1736797990.751433.jpg\",\"keywords\":[\"Senegal\"],\"articleSection\":[\"Sports\",\"Toutes les actualit\u00e9s\"],\"inLanguage\":\"fr-FR\",\"potentialAction\":[{\"@type\":\"CommentAction\",\"name\":\"Comment\",\"target\":[\"https:\/\/www.africa-press.net\/senegal\/politique\/ldc-caf-apres-lelimination-lamine-ndiaye-se-projette#respond\"]}]},{\"@type\":\"WebPage\",\"@id\":\"https:\/\/www.africa-press.net\/senegal\/politique\/ldc-caf-apres-lelimination-lamine-ndiaye-se-projette\",\"url\":\"https:\/\/www.africa-press.net\/senegal\/politique\/ldc-caf-apres-lelimination-lamine-ndiaye-se-projette\",\"name\":\"LDC CAF : Apr\u00e8s L\u2019\u00e9limination, Lamine Ndiaye se Projette - Senegal\",\"isPartOf\":{\"@id\":\"https:\/\/www.africa-press.net\/senegal\/#website\"},\"primaryImageOfPage\":{\"@id\":\"https:\/\/www.africa-press.net\/senegal\/politique\/ldc-caf-apres-lelimination-lamine-ndiaye-se-projette#primaryimage\"},\"image\":{\"@id\":\"https:\/\/www.africa-press.net\/senegal\/politique\/ldc-caf-apres-lelimination-lamine-ndiaye-se-projette#primaryimage\"},\"thumbnailUrl\":\"https:\/\/static.africa-press.net\/senegal\/sites\/13\/2025\/01\/sm_1736797990.751433.jpg\",\"datePublished\":\"2025-01-13T22:57:19+00:00\",\"author\":{\"@id\":\"https:\/\/www.africa-press.net\/senegal\/#\/schema\/person\/2b1cf3cd81a31e3cd26889ca66d677f1\"},\"breadcrumb\":{\"@id\":\"https:\/\/www.africa-press.net\/senegal\/politique\/ldc-caf-apres-lelimination-lamine-ndiaye-se-projette#breadcrumb\"},\"inLanguage\":\"fr-FR\",\"potentialAction\":[{\"@type\":\"ReadAction\",\"target\":[\"https:\/\/www.africa-press.net\/senegal\/politique\/ldc-caf-apres-lelimination-lamine-ndiaye-se-projette\"]}]},{\"@type\":\"ImageObject\",\"inLanguage\":\"fr-FR\",\"@id\":\"https:\/\/www.africa-press.net\/senegal\/politique\/ldc-caf-apres-lelimination-lamine-ndiaye-se-projette#primaryimage\",\"url\":\"https:\/\/static.africa-press.net\/senegal\/sites\/13\/2025\/01\/sm_1736797990.751433.jpg\",\"contentUrl\":\"https:\/\/static.africa-press.net\/senegal\/sites\/13\/2025\/01\/sm_1736797990.751433.jpg\",\"width\":1320,\"height\":880,\"caption\":\"LDC CAF : Apr\u00e8s L\u2019\u00e9limination, Lamine Ndiaye se Projette\"},{\"@type\":\"BreadcrumbList\",\"@id\":\"https:\/\/www.africa-press.net\/senegal\/politique\/ldc-caf-apres-lelimination-lamine-ndiaye-se-projette#breadcrumb\",\"itemListElement\":[{\"@type\":\"ListItem\",\"position\":1,\"name\":\"Accueil\",\"item\":\"https:\/\/www.africa-press.net\/senegal\/\"},{\"@type\":\"ListItem\",\"position\":2,\"name\":\"LDC CAF : Apr\u00e8s L\u2019\u00e9limination, Lamine Ndiaye se Projette\"}]},{\"@type\":\"WebSite\",\"@id\":\"https:\/\/www.africa-press.net\/senegal\/#website\",\"url\":\"https:\/\/www.africa-press.net\/senegal\/\",\"name\":\"Africa Press | Senegal | Homepage\",\"description\":\"Just another Africa News Agency Sites site\",\"potentialAction\":[{\"@type\":\"SearchAction\",\"target\":{\"@type\":\"EntryPoint\",\"urlTemplate\":\"https:\/\/www.africa-press.net\/senegal\/?s={search_term_string}\"},\"query-input\":{\"@type\":\"PropertyValueSpecification\",\"valueRequired\":true,\"valueName\":\"search_term_string\"}}],\"inLanguage\":\"fr-FR\"},{\"@type\":\"Person\",\"@id\":\"https:\/\/www.africa-press.net\/senegal\/#\/schema\/person\/2b1cf3cd81a31e3cd26889ca66d677f1\",\"name\":\"cfeditorfr\",\"url\":\"https:\/\/www.africa-press.net\/senegal\/author\/cfeditorfr\"}]}<\/script>\n<!-- \/ Yoast SEO Premium plugin. -->","yoast_head_json":{"title":"LDC CAF : Apr\u00e8s L\u2019\u00e9limination, Lamine Ndiaye se Projette - Senegal","robots":{"index":"index","follow":"follow","max-snippet":"max-snippet:-1","max-image-preview":"max-image-preview:large","max-video-preview":"max-video-preview:-1"},"canonical":"https:\/\/www.africa-press.net\/senegal\/politique\/ldc-caf-apres-lelimination-lamine-ndiaye-se-projette","og_locale":"fr_FR","og_type":"article","og_title":"LDC CAF : Apr\u00e8s L\u2019\u00e9limination, Lamine Ndiaye se Projette","og_description":"Africa-Press &#8211; Senegal. Le Tout-puissant Mazembe est e\u0301limine\u0301 de la ligue africaine des champions. Les Corbeaux de Lumumbashi ont courbe\u0301 l\u2019e\u0301chine, vendredi, face au Mouloudia Club d\u2019Alger. Apre\u0300s la de\u0301faite, le coach de la formation congolaise, Lamine Ndiaye, est revenu sur la pre\u0301paration. Selon lui, le mauvais re\u0301sultat de son club dans cette campagne continentale [&hellip;]","og_url":"https:\/\/www.africa-press.net\/senegal\/politique\/ldc-caf-apres-lelimination-lamine-ndiaye-se-projette","og_site_name":"Senegal","article_published_time":"2025-01-13T22:57:19+00:00","author":"cfeditorfr","twitter_card":"summary_large_image","twitter_misc":{"\u00c9crit par":"cfeditorfr","Dur\u00e9e de lecture estim\u00e9e":"1 minute"},"schema":{"@context":"https:\/\/schema.org","@graph":[{"@type":"Article","@id":"https:\/\/www.africa-press.net\/senegal\/politique\/ldc-caf-apres-lelimination-lamine-ndiaye-se-projette#article","isPartOf":{"@id":"https:\/\/www.africa-press.net\/senegal\/politique\/ldc-caf-apres-lelimination-lamine-ndiaye-se-projette"},"author":{"name":"cfeditorfr","@id":"https:\/\/www.africa-press.net\/senegal\/#\/schema\/person\/2b1cf3cd81a31e3cd26889ca66d677f1"},"headline":"LDC CAF : Apr\u00e8s L\u2019\u00e9limination, Lamine Ndiaye se Projette","datePublished":"2025-01-13T22:57:19+00:00","mainEntityOfPage":{"@id":"https:\/\/www.africa-press.net\/senegal\/politique\/ldc-caf-apres-lelimination-lamine-ndiaye-se-projette"},"wordCount":185,"commentCount":0,"image":{"@id":"https:\/\/www.africa-press.net\/senegal\/politique\/ldc-caf-apres-lelimination-lamine-ndiaye-se-projette#primaryimage"},"thumbnailUrl":"https:\/\/static.africa-press.net\/senegal\/sites\/13\/2025\/01\/sm_1736797990.751433.jpg","keywords":["Senegal"],"articleSection":["Sports","Toutes les actualit\u00e9s"],"inLanguage":"fr-FR","potentialAction":[{"@type":"CommentAction","name":"Comment","target":["https:\/\/www.africa-press.net\/senegal\/politique\/ldc-caf-apres-lelimination-lamine-ndiaye-se-projette#respond"]}]},{"@type":"WebPage","@id":"https:\/\/www.africa-press.net\/senegal\/politique\/ldc-caf-apres-lelimination-lamine-ndiaye-se-projette","url":"https:\/\/www.africa-press.net\/senegal\/politique\/ldc-caf-apres-lelimination-lamine-ndiaye-se-projette","name":"LDC CAF : Apr\u00e8s L\u2019\u00e9limination, Lamine Ndiaye se Projette - Senegal","isPartOf":{"@id":"https:\/\/www.africa-press.net\/senegal\/#website"},"primaryImageOfPage":{"@id":"https:\/\/www.africa-press.net\/senegal\/politique\/ldc-caf-apres-lelimination-lamine-ndiaye-se-projette#primaryimage"},"image":{"@id":"https:\/\/www.africa-press.net\/senegal\/politique\/ldc-caf-apres-lelimination-lamine-ndiaye-se-projette#primaryimage"},"thumbnailUrl":"https:\/\/static.africa-press.net\/senegal\/sites\/13\/2025\/01\/sm_1736797990.751433.jpg","datePublished":"2025-01-13T22:57:19+00:00","author":{"@id":"https:\/\/www.africa-press.net\/senegal\/#\/schema\/person\/2b1cf3cd81a31e3cd26889ca66d677f1"},"breadcrumb":{"@id":"https:\/\/www.africa-press.net\/senegal\/politique\/ldc-caf-apres-lelimination-lamine-ndiaye-se-projette#breadcrumb"},"inLanguage":"fr-FR","potentialAction":[{"@type":"ReadAction","target":["https:\/\/www.africa-press.net\/senegal\/politique\/ldc-caf-apres-lelimination-lamine-ndiaye-se-projette"]}]},{"@type":"ImageObject","inLanguage":"fr-FR","@id":"https:\/\/www.africa-press.net\/senegal\/politique\/ldc-caf-apres-lelimination-lamine-ndiaye-se-projette#primaryimage","url":"https:\/\/static.africa-press.net\/senegal\/sites\/13\/2025\/01\/sm_1736797990.751433.jpg","contentUrl":"https:\/\/static.africa-press.net\/senegal\/sites\/13\/2025\/01\/sm_1736797990.751433.jpg","width":1320,"height":880,"caption":"LDC CAF : Apr\u00e8s L\u2019\u00e9limination, Lamine Ndiaye se Projette"},{"@type":"BreadcrumbList","@id":"https:\/\/www.africa-press.net\/senegal\/politique\/ldc-caf-apres-lelimination-lamine-ndiaye-se-projette#breadcrumb","itemListElement":[{"@type":"ListItem","position":1,"name":"Accueil","item":"https:\/\/www.africa-press.net\/senegal\/"},{"@type":"ListItem","position":2,"name":"LDC CAF : Apr\u00e8s L\u2019\u00e9limination, Lamine Ndiaye se Projette"}]},{"@type":"WebSite","@id":"https:\/\/www.africa-press.net\/senegal\/#website","url":"https:\/\/www.africa-press.net\/senegal\/","name":"Africa Press | Senegal | Homepage","description":"Just another Africa News Agency Sites site","potentialAction":[{"@type":"SearchAction","target":{"@type":"EntryPoint","urlTemplate":"https:\/\/www.africa-press.net\/senegal\/?s={search_term_string}"},"query-input":{"@type":"PropertyValueSpecification","valueRequired":true,"valueName":"search_term_string"}}],"inLanguage":"fr-FR"},{"@type":"Person","@id":"https:\/\/www.africa-press.net\/senegal\/#\/schema\/person\/2b1cf3cd81a31e3cd26889ca66d677f1","name":"cfeditorfr","url":"https:\/\/www.africa-press.net\/senegal\/author\/cfeditorfr"}]}},"_links":{"self":[{"href":"https:\/\/www.africa-press.net\/senegal\/wp-json\/wp\/v2\/posts\/64732","targetHints":{"allow":["GET"]}}],"collection":[{"href":"https:\/\/www.africa-press.net\/senegal\/wp-json\/wp\/v2\/posts"}],"about":[{"href":"https:\/\/www.africa-press.net\/senegal\/wp-json\/wp\/v2\/types\/post"}],"author":[{"embeddable":true,"href":"https:\/\/www.africa-press.net\/senegal\/wp-json\/wp\/v2\/users\/82"}],"replies":[{"embeddable":true,"href":"https:\/\/www.africa-press.net\/senegal\/wp-json\/wp\/v2\/comments?post=64732"}],"version-history":[{"count":0,"href":"https:\/\/www.africa-press.net\/senegal\/wp-json\/wp\/v2\/posts\/64732\/revisions"}],"wp:featuredmedia":[{"embeddable":true,"href":"https:\/\/www.africa-press.net\/senegal\/wp-json\/wp\/v2\/media\/64731"}],"wp:attachment":[{"href":"https:\/\/www.africa-press.net\/senegal\/wp-json\/wp\/v2\/media?parent=64732"}],"wp:term":[{"taxonomy":"category","embeddable":true,"href":"https:\/\/www.africa-press.net\/senegal\/wp-json\/wp\/v2\/categories?post=64732"},{"taxonomy":"post_tag","embeddable":true,"href":"https:\/\/www.africa-press.net\/senegal\/wp-json\/wp\/v2\/tags?post=64732"}],"curies":[{"name":"wp","href":"https:\/\/api.w.org\/{rel}","templated":true}]}}