{"id":64738,"date":"2025-01-13T22:58:59","date_gmt":"2025-01-13T22:58:59","guid":{"rendered":"https:\/\/www.africa-press.net\/senegal\/politique\/mbaye-niang-un-retour-en-europe-annonce-pour-le-senegalais"},"modified":"2025-01-13T22:58:59","modified_gmt":"2025-01-13T22:58:59","slug":"mbaye-niang-un-retour-en-europe-annonce-pour-le-senegalais","status":"publish","type":"post","link":"https:\/\/www.africa-press.net\/senegal\/sports\/mbaye-niang-un-retour-en-europe-annonce-pour-le-senegalais","title":{"rendered":"M\u2019Baye Niang : un Retour en Europe Annonc\u00e9 pour le S\u00e9n\u00e9galais"},"content":{"rendered":"<p><span style=\"color: #ff6600\"><strong>Africa-Press &#8211; Senegal. <\/strong><\/span>Des informations re\u0301ve\u0300lent qu\u2019une e\u0301quipe italienne cherche a\u0300 ramener M\u2019Baye Niang en Europe. <\/p>\n<p>L\u2019attaquant international se\u0301ne\u0301galais de 30 ans e\u0301volue actuellement au Wydad Casablanca au Maroc. Selon Calciomercato, il serait sur le point de revenir en Europe.<\/p>\n<p>On parle d\u2019un retour en terre connue pour Niang. Une e\u0301quipe de Serie B, la Sampdoria, essaye de re\u0301alise\u0301 le coup.<\/p>\n<p>Niang connai\u0302t bien l\u2019Italie, ayant re\u0301alise\u0301 des passages a\u0300 Milan, Ge\u0302nes, Turin et Empoli. Reste a\u0300 savoir si le Franco-Malien est pre\u0302t a\u0300 relever ce nouveau challenge.<\/p>\n<p><strong>Pour plus d&rsquo;informations et d&rsquo;analyses sur la <span style=\"color: #ff6600\">Senegal<\/span>, suivez <span style=\"color: #ff6600\">Africa-Press<span style=\"color: #ff6600\"><\/span><\/strong><\/p>\n","protected":false},"excerpt":{"rendered":"<p>Africa-Press &#8211; Senegal. Des informations re\u0301ve\u0300lent qu\u2019une e\u0301quipe italienne cherche a\u0300 ramener M\u2019Baye Niang en Europe. L\u2019attaquant international se\u0301ne\u0301galais de 30 ans e\u0301volue actuellement au Wydad Casablanca au Maroc. Selon Calciomercato, il serait sur le point de revenir en Europe. On parle d\u2019un retour en terre connue pour Niang. Une e\u0301quipe de Serie B, la [&hellip;]<\/p>\n","protected":false},"author":82,"featured_media":64737,"comment_status":"open","ping_status":"closed","sticky":false,"template":"","format":"standard","meta":{"footnotes":""},"categories":[6,10],"tags":[44],"class_list":["post-64738","post","type-post","status-publish","format-standard","has-post-thumbnail","hentry","category-sports","category-toutes-les-actualites","tag-senegal-2"],"yoast_head":"<!-- This site is optimized with the Yoast SEO Premium plugin v26.1 (Yoast SEO v27.0) - https:\/\/yoast.com\/product\/yoast-seo-premium-wordpress\/ -->\n<title>M\u2019Baye Niang : un Retour en Europe Annonc\u00e9 pour le S\u00e9n\u00e9galais - Senegal<\/title>\n<meta name=\"robots\" content=\"index, follow, max-snippet:-1, max-image-preview:large, max-video-preview:-1\" \/>\n<link rel=\"canonical\" href=\"https:\/\/www.africa-press.net\/senegal\/politique\/mbaye-niang-un-retour-en-europe-annonce-pour-le-senegalais\" \/>\n<meta property=\"og:locale\" content=\"fr_FR\" \/>\n<meta property=\"og:type\" content=\"article\" \/>\n<meta property=\"og:title\" content=\"M\u2019Baye Niang : un Retour en Europe Annonc\u00e9 pour le S\u00e9n\u00e9galais\" \/>\n<meta property=\"og:description\" content=\"Africa-Press &#8211; Senegal. Des informations re\u0301ve\u0300lent qu\u2019une e\u0301quipe italienne cherche a\u0300 ramener M\u2019Baye Niang en Europe. L\u2019attaquant international se\u0301ne\u0301galais de 30 ans e\u0301volue actuellement au Wydad Casablanca au Maroc. Selon Calciomercato, il serait sur le point de revenir en Europe. On parle d\u2019un retour en terre connue pour Niang. Une e\u0301quipe de Serie B, la [&hellip;]\" \/>\n<meta property=\"og:url\" content=\"https:\/\/www.africa-press.net\/senegal\/politique\/mbaye-niang-un-retour-en-europe-annonce-pour-le-senegalais\" \/>\n<meta property=\"og:site_name\" content=\"Senegal\" \/>\n<meta property=\"article:published_time\" content=\"2025-01-13T22:58:59+00:00\" \/>\n<meta name=\"author\" content=\"cfeditorfr\" \/>\n<meta name=\"twitter:card\" content=\"summary_large_image\" \/>\n<meta name=\"twitter:label1\" content=\"\u00c9crit par\" \/>\n\t<meta name=\"twitter:data1\" content=\"cfeditorfr\" \/>\n\t<meta name=\"twitter:label2\" content=\"Dur\u00e9e de lecture estim\u00e9e\" \/>\n\t<meta name=\"twitter:data2\" content=\"1 minute\" \/>\n<script type=\"application\/ld+json\" class=\"yoast-schema-graph\">{\"@context\":\"https:\/\/schema.org\",\"@graph\":[{\"@type\":\"Article\",\"@id\":\"https:\/\/www.africa-press.net\/senegal\/politique\/mbaye-niang-un-retour-en-europe-annonce-pour-le-senegalais#article\",\"isPartOf\":{\"@id\":\"https:\/\/www.africa-press.net\/senegal\/politique\/mbaye-niang-un-retour-en-europe-annonce-pour-le-senegalais\"},\"author\":{\"name\":\"cfeditorfr\",\"@id\":\"https:\/\/www.africa-press.net\/senegal\/#\/schema\/person\/2b1cf3cd81a31e3cd26889ca66d677f1\"},\"headline\":\"M\u2019Baye Niang : un Retour en Europe Annonc\u00e9 pour le S\u00e9n\u00e9galais\",\"datePublished\":\"2025-01-13T22:58:59+00:00\",\"mainEntityOfPage\":{\"@id\":\"https:\/\/www.africa-press.net\/senegal\/politique\/mbaye-niang-un-retour-en-europe-annonce-pour-le-senegalais\"},\"wordCount\":129,\"commentCount\":0,\"image\":{\"@id\":\"https:\/\/www.africa-press.net\/senegal\/politique\/mbaye-niang-un-retour-en-europe-annonce-pour-le-senegalais#primaryimage\"},\"thumbnailUrl\":\"https:\/\/static.africa-press.net\/senegal\/sites\/13\/2025\/01\/sm_1736798248.027905.jpg\",\"keywords\":[\"Senegal\"],\"articleSection\":[\"Sports\",\"Toutes les actualit\u00e9s\"],\"inLanguage\":\"fr-FR\",\"potentialAction\":[{\"@type\":\"CommentAction\",\"name\":\"Comment\",\"target\":[\"https:\/\/www.africa-press.net\/senegal\/politique\/mbaye-niang-un-retour-en-europe-annonce-pour-le-senegalais#respond\"]}]},{\"@type\":\"WebPage\",\"@id\":\"https:\/\/www.africa-press.net\/senegal\/politique\/mbaye-niang-un-retour-en-europe-annonce-pour-le-senegalais\",\"url\":\"https:\/\/www.africa-press.net\/senegal\/politique\/mbaye-niang-un-retour-en-europe-annonce-pour-le-senegalais\",\"name\":\"M\u2019Baye Niang : un Retour en Europe Annonc\u00e9 pour le S\u00e9n\u00e9galais - Senegal\",\"isPartOf\":{\"@id\":\"https:\/\/www.africa-press.net\/senegal\/#website\"},\"primaryImageOfPage\":{\"@id\":\"https:\/\/www.africa-press.net\/senegal\/politique\/mbaye-niang-un-retour-en-europe-annonce-pour-le-senegalais#primaryimage\"},\"image\":{\"@id\":\"https:\/\/www.africa-press.net\/senegal\/politique\/mbaye-niang-un-retour-en-europe-annonce-pour-le-senegalais#primaryimage\"},\"thumbnailUrl\":\"https:\/\/static.africa-press.net\/senegal\/sites\/13\/2025\/01\/sm_1736798248.027905.jpg\",\"datePublished\":\"2025-01-13T22:58:59+00:00\",\"author\":{\"@id\":\"https:\/\/www.africa-press.net\/senegal\/#\/schema\/person\/2b1cf3cd81a31e3cd26889ca66d677f1\"},\"breadcrumb\":{\"@id\":\"https:\/\/www.africa-press.net\/senegal\/politique\/mbaye-niang-un-retour-en-europe-annonce-pour-le-senegalais#breadcrumb\"},\"inLanguage\":\"fr-FR\",\"potentialAction\":[{\"@type\":\"ReadAction\",\"target\":[\"https:\/\/www.africa-press.net\/senegal\/politique\/mbaye-niang-un-retour-en-europe-annonce-pour-le-senegalais\"]}]},{\"@type\":\"ImageObject\",\"inLanguage\":\"fr-FR\",\"@id\":\"https:\/\/www.africa-press.net\/senegal\/politique\/mbaye-niang-un-retour-en-europe-annonce-pour-le-senegalais#primaryimage\",\"url\":\"https:\/\/static.africa-press.net\/senegal\/sites\/13\/2025\/01\/sm_1736798248.027905.jpg\",\"contentUrl\":\"https:\/\/static.africa-press.net\/senegal\/sites\/13\/2025\/01\/sm_1736798248.027905.jpg\",\"width\":1728,\"height\":1151,\"caption\":\"M\u2019Baye Niang : un Retour en Europe Annonc\u00e9 pour le S\u00e9n\u00e9galais\"},{\"@type\":\"BreadcrumbList\",\"@id\":\"https:\/\/www.africa-press.net\/senegal\/politique\/mbaye-niang-un-retour-en-europe-annonce-pour-le-senegalais#breadcrumb\",\"itemListElement\":[{\"@type\":\"ListItem\",\"position\":1,\"name\":\"Accueil\",\"item\":\"https:\/\/www.africa-press.net\/senegal\/\"},{\"@type\":\"ListItem\",\"position\":2,\"name\":\"M\u2019Baye Niang : un Retour en Europe Annonc\u00e9 pour le S\u00e9n\u00e9galais\"}]},{\"@type\":\"WebSite\",\"@id\":\"https:\/\/www.africa-press.net\/senegal\/#website\",\"url\":\"https:\/\/www.africa-press.net\/senegal\/\",\"name\":\"Africa Press | Senegal | Homepage\",\"description\":\"Just another Africa News Agency Sites site\",\"potentialAction\":[{\"@type\":\"SearchAction\",\"target\":{\"@type\":\"EntryPoint\",\"urlTemplate\":\"https:\/\/www.africa-press.net\/senegal\/?s={search_term_string}\"},\"query-input\":{\"@type\":\"PropertyValueSpecification\",\"valueRequired\":true,\"valueName\":\"search_term_string\"}}],\"inLanguage\":\"fr-FR\"},{\"@type\":\"Person\",\"@id\":\"https:\/\/www.africa-press.net\/senegal\/#\/schema\/person\/2b1cf3cd81a31e3cd26889ca66d677f1\",\"name\":\"cfeditorfr\",\"url\":\"https:\/\/www.africa-press.net\/senegal\/author\/cfeditorfr\"}]}<\/script>\n<!-- \/ Yoast SEO Premium plugin. -->","yoast_head_json":{"title":"M\u2019Baye Niang : un Retour en Europe Annonc\u00e9 pour le S\u00e9n\u00e9galais - Senegal","robots":{"index":"index","follow":"follow","max-snippet":"max-snippet:-1","max-image-preview":"max-image-preview:large","max-video-preview":"max-video-preview:-1"},"canonical":"https:\/\/www.africa-press.net\/senegal\/politique\/mbaye-niang-un-retour-en-europe-annonce-pour-le-senegalais","og_locale":"fr_FR","og_type":"article","og_title":"M\u2019Baye Niang : un Retour en Europe Annonc\u00e9 pour le S\u00e9n\u00e9galais","og_description":"Africa-Press &#8211; Senegal. Des informations re\u0301ve\u0300lent qu\u2019une e\u0301quipe italienne cherche a\u0300 ramener M\u2019Baye Niang en Europe. L\u2019attaquant international se\u0301ne\u0301galais de 30 ans e\u0301volue actuellement au Wydad Casablanca au Maroc. Selon Calciomercato, il serait sur le point de revenir en Europe. On parle d\u2019un retour en terre connue pour Niang. Une e\u0301quipe de Serie B, la [&hellip;]","og_url":"https:\/\/www.africa-press.net\/senegal\/politique\/mbaye-niang-un-retour-en-europe-annonce-pour-le-senegalais","og_site_name":"Senegal","article_published_time":"2025-01-13T22:58:59+00:00","author":"cfeditorfr","twitter_card":"summary_large_image","twitter_misc":{"\u00c9crit par":"cfeditorfr","Dur\u00e9e de lecture estim\u00e9e":"1 minute"},"schema":{"@context":"https:\/\/schema.org","@graph":[{"@type":"Article","@id":"https:\/\/www.africa-press.net\/senegal\/politique\/mbaye-niang-un-retour-en-europe-annonce-pour-le-senegalais#article","isPartOf":{"@id":"https:\/\/www.africa-press.net\/senegal\/politique\/mbaye-niang-un-retour-en-europe-annonce-pour-le-senegalais"},"author":{"name":"cfeditorfr","@id":"https:\/\/www.africa-press.net\/senegal\/#\/schema\/person\/2b1cf3cd81a31e3cd26889ca66d677f1"},"headline":"M\u2019Baye Niang : un Retour en Europe Annonc\u00e9 pour le S\u00e9n\u00e9galais","datePublished":"2025-01-13T22:58:59+00:00","mainEntityOfPage":{"@id":"https:\/\/www.africa-press.net\/senegal\/politique\/mbaye-niang-un-retour-en-europe-annonce-pour-le-senegalais"},"wordCount":129,"commentCount":0,"image":{"@id":"https:\/\/www.africa-press.net\/senegal\/politique\/mbaye-niang-un-retour-en-europe-annonce-pour-le-senegalais#primaryimage"},"thumbnailUrl":"https:\/\/static.africa-press.net\/senegal\/sites\/13\/2025\/01\/sm_1736798248.027905.jpg","keywords":["Senegal"],"articleSection":["Sports","Toutes les actualit\u00e9s"],"inLanguage":"fr-FR","potentialAction":[{"@type":"CommentAction","name":"Comment","target":["https:\/\/www.africa-press.net\/senegal\/politique\/mbaye-niang-un-retour-en-europe-annonce-pour-le-senegalais#respond"]}]},{"@type":"WebPage","@id":"https:\/\/www.africa-press.net\/senegal\/politique\/mbaye-niang-un-retour-en-europe-annonce-pour-le-senegalais","url":"https:\/\/www.africa-press.net\/senegal\/politique\/mbaye-niang-un-retour-en-europe-annonce-pour-le-senegalais","name":"M\u2019Baye Niang : un Retour en Europe Annonc\u00e9 pour le S\u00e9n\u00e9galais - Senegal","isPartOf":{"@id":"https:\/\/www.africa-press.net\/senegal\/#website"},"primaryImageOfPage":{"@id":"https:\/\/www.africa-press.net\/senegal\/politique\/mbaye-niang-un-retour-en-europe-annonce-pour-le-senegalais#primaryimage"},"image":{"@id":"https:\/\/www.africa-press.net\/senegal\/politique\/mbaye-niang-un-retour-en-europe-annonce-pour-le-senegalais#primaryimage"},"thumbnailUrl":"https:\/\/static.africa-press.net\/senegal\/sites\/13\/2025\/01\/sm_1736798248.027905.jpg","datePublished":"2025-01-13T22:58:59+00:00","author":{"@id":"https:\/\/www.africa-press.net\/senegal\/#\/schema\/person\/2b1cf3cd81a31e3cd26889ca66d677f1"},"breadcrumb":{"@id":"https:\/\/www.africa-press.net\/senegal\/politique\/mbaye-niang-un-retour-en-europe-annonce-pour-le-senegalais#breadcrumb"},"inLanguage":"fr-FR","potentialAction":[{"@type":"ReadAction","target":["https:\/\/www.africa-press.net\/senegal\/politique\/mbaye-niang-un-retour-en-europe-annonce-pour-le-senegalais"]}]},{"@type":"ImageObject","inLanguage":"fr-FR","@id":"https:\/\/www.africa-press.net\/senegal\/politique\/mbaye-niang-un-retour-en-europe-annonce-pour-le-senegalais#primaryimage","url":"https:\/\/static.africa-press.net\/senegal\/sites\/13\/2025\/01\/sm_1736798248.027905.jpg","contentUrl":"https:\/\/static.africa-press.net\/senegal\/sites\/13\/2025\/01\/sm_1736798248.027905.jpg","width":1728,"height":1151,"caption":"M\u2019Baye Niang : un Retour en Europe Annonc\u00e9 pour le S\u00e9n\u00e9galais"},{"@type":"BreadcrumbList","@id":"https:\/\/www.africa-press.net\/senegal\/politique\/mbaye-niang-un-retour-en-europe-annonce-pour-le-senegalais#breadcrumb","itemListElement":[{"@type":"ListItem","position":1,"name":"Accueil","item":"https:\/\/www.africa-press.net\/senegal\/"},{"@type":"ListItem","position":2,"name":"M\u2019Baye Niang : un Retour en Europe Annonc\u00e9 pour le S\u00e9n\u00e9galais"}]},{"@type":"WebSite","@id":"https:\/\/www.africa-press.net\/senegal\/#website","url":"https:\/\/www.africa-press.net\/senegal\/","name":"Africa Press | Senegal | Homepage","description":"Just another Africa News Agency Sites site","potentialAction":[{"@type":"SearchAction","target":{"@type":"EntryPoint","urlTemplate":"https:\/\/www.africa-press.net\/senegal\/?s={search_term_string}"},"query-input":{"@type":"PropertyValueSpecification","valueRequired":true,"valueName":"search_term_string"}}],"inLanguage":"fr-FR"},{"@type":"Person","@id":"https:\/\/www.africa-press.net\/senegal\/#\/schema\/person\/2b1cf3cd81a31e3cd26889ca66d677f1","name":"cfeditorfr","url":"https:\/\/www.africa-press.net\/senegal\/author\/cfeditorfr"}]}},"_links":{"self":[{"href":"https:\/\/www.africa-press.net\/senegal\/wp-json\/wp\/v2\/posts\/64738","targetHints":{"allow":["GET"]}}],"collection":[{"href":"https:\/\/www.africa-press.net\/senegal\/wp-json\/wp\/v2\/posts"}],"about":[{"href":"https:\/\/www.africa-press.net\/senegal\/wp-json\/wp\/v2\/types\/post"}],"author":[{"embeddable":true,"href":"https:\/\/www.africa-press.net\/senegal\/wp-json\/wp\/v2\/users\/82"}],"replies":[{"embeddable":true,"href":"https:\/\/www.africa-press.net\/senegal\/wp-json\/wp\/v2\/comments?post=64738"}],"version-history":[{"count":0,"href":"https:\/\/www.africa-press.net\/senegal\/wp-json\/wp\/v2\/posts\/64738\/revisions"}],"wp:featuredmedia":[{"embeddable":true,"href":"https:\/\/www.africa-press.net\/senegal\/wp-json\/wp\/v2\/media\/64737"}],"wp:attachment":[{"href":"https:\/\/www.africa-press.net\/senegal\/wp-json\/wp\/v2\/media?parent=64738"}],"wp:term":[{"taxonomy":"category","embeddable":true,"href":"https:\/\/www.africa-press.net\/senegal\/wp-json\/wp\/v2\/categories?post=64738"},{"taxonomy":"post_tag","embeddable":true,"href":"https:\/\/www.africa-press.net\/senegal\/wp-json\/wp\/v2\/tags?post=64738"}],"curies":[{"name":"wp","href":"https:\/\/api.w.org\/{rel}","templated":true}]}}