{"id":64742,"date":"2025-01-14T23:51:20","date_gmt":"2025-01-14T23:51:20","guid":{"rendered":"https:\/\/www.africa-press.net\/senegal\/politique\/centrafrique-rigobert-song-nomme-selectionneur"},"modified":"2025-01-14T23:51:20","modified_gmt":"2025-01-14T23:51:20","slug":"centrafrique-rigobert-song-nomme-selectionneur","status":"publish","type":"post","link":"https:\/\/www.africa-press.net\/senegal\/sports\/centrafrique-rigobert-song-nomme-selectionneur","title":{"rendered":"Centrafrique : Rigobert Song Nomm\u00e9 S\u00e9lectionneur !"},"content":{"rendered":"<p><span style=\"color: #ff6600\"><strong>Africa-Press &#8211; Senegal. <\/strong><\/span>Rigobert Song a e\u0301te\u0301 officiellement nomme\u0301 se\u0301lectionneur de l\u2019e\u0301quipe nationale de la Re\u0301publique Centrafricaine.<\/p>\n<p>Arrive\u0301 en terre centrafricaine ce lundi, l\u2019ancien entrai\u0302neur des Lions Indomptables a rencontre\u0301 les autorite\u0301s locales, dont le pre\u0301sident du pays, avant de prendre ses fonctions. Sa nomination a e\u0301te\u0301 officialise\u0301e par un arre\u0302te\u0301 du Ministre charge\u0301 de la Promotion de la Jeunesse, des Sports et de l\u2019E\u0301ducation Civique.<\/p>\n<p>Pour l\u2019accompagner dans cette nouvelle aventure, il sera entoure\u0301 de trois adjoints: Eloge Yimissi, Se\u0301bastien Ngato, et E\u0301ric Cabalero.<\/p>\n<p>Apre\u0300s un bilan mitige\u0301 avec le Cameroun, ou\u0300 il a quitte\u0301 son poste apre\u0300s une e\u0301limination en huitie\u0300mes de finale de la CAN 2023, Song de\u0301butera a\u0300 la te\u0302te d\u2019une e\u0301quipe centrafricaine qui, malheureusement, ne sera pas pre\u0301sente a\u0300 la prochaine CAN au Maroc.<\/p>\n<p>A\u0300 48 ans, ce sera le quatrie\u0300me de\u0301fi de sa carrie\u0300re d\u2019entrai\u0302neur apre\u0300s avoir successivement dirige\u0301 les Lions A\u2019, puis les Lions U23, avant de prendre en charge l\u2019e\u0301quipe premie\u0300re du Cameroun.<\/p>\n<p><strong>Pour plus d&rsquo;informations et d&rsquo;analyses sur la <span style=\"color: #ff6600\">Senegal<\/span>, suivez <span style=\"color: #ff6600\">Africa-Press<span style=\"color: #ff6600\"><\/span><\/strong><\/p>\n","protected":false},"excerpt":{"rendered":"<p>Africa-Press &#8211; Senegal. Rigobert Song a e\u0301te\u0301 officiellement nomme\u0301 se\u0301lectionneur de l\u2019e\u0301quipe nationale de la Re\u0301publique Centrafricaine. Arrive\u0301 en terre centrafricaine ce lundi, l\u2019ancien entrai\u0302neur des Lions Indomptables a rencontre\u0301 les autorite\u0301s locales, dont le pre\u0301sident du pays, avant de prendre ses fonctions. Sa nomination a e\u0301te\u0301 officialise\u0301e par un arre\u0302te\u0301 du Ministre charge\u0301 de [&hellip;]<\/p>\n","protected":false},"author":82,"featured_media":64741,"comment_status":"open","ping_status":"closed","sticky":false,"template":"","format":"standard","meta":{"footnotes":""},"categories":[6,10],"tags":[44],"class_list":["post-64742","post","type-post","status-publish","format-standard","has-post-thumbnail","hentry","category-sports","category-toutes-les-actualites","tag-senegal-2"],"yoast_head":"<!-- This site is optimized with the Yoast SEO Premium plugin v26.1 (Yoast SEO v27.0) - https:\/\/yoast.com\/product\/yoast-seo-premium-wordpress\/ -->\n<title>Centrafrique : Rigobert Song Nomm\u00e9 S\u00e9lectionneur ! - Senegal<\/title>\n<meta name=\"robots\" content=\"index, follow, max-snippet:-1, max-image-preview:large, max-video-preview:-1\" \/>\n<link rel=\"canonical\" href=\"https:\/\/www.africa-press.net\/senegal\/politique\/centrafrique-rigobert-song-nomme-selectionneur\" \/>\n<meta property=\"og:locale\" content=\"fr_FR\" \/>\n<meta property=\"og:type\" content=\"article\" \/>\n<meta property=\"og:title\" content=\"Centrafrique : Rigobert Song Nomm\u00e9 S\u00e9lectionneur !\" \/>\n<meta property=\"og:description\" content=\"Africa-Press &#8211; Senegal. Rigobert Song a e\u0301te\u0301 officiellement nomme\u0301 se\u0301lectionneur de l\u2019e\u0301quipe nationale de la Re\u0301publique Centrafricaine. Arrive\u0301 en terre centrafricaine ce lundi, l\u2019ancien entrai\u0302neur des Lions Indomptables a rencontre\u0301 les autorite\u0301s locales, dont le pre\u0301sident du pays, avant de prendre ses fonctions. Sa nomination a e\u0301te\u0301 officialise\u0301e par un arre\u0302te\u0301 du Ministre charge\u0301 de [&hellip;]\" \/>\n<meta property=\"og:url\" content=\"https:\/\/www.africa-press.net\/senegal\/politique\/centrafrique-rigobert-song-nomme-selectionneur\" \/>\n<meta property=\"og:site_name\" content=\"Senegal\" \/>\n<meta property=\"article:published_time\" content=\"2025-01-14T23:51:20+00:00\" \/>\n<meta name=\"author\" content=\"cfeditorfr\" \/>\n<meta name=\"twitter:card\" content=\"summary_large_image\" \/>\n<meta name=\"twitter:label1\" content=\"\u00c9crit par\" \/>\n\t<meta name=\"twitter:data1\" content=\"cfeditorfr\" \/>\n\t<meta name=\"twitter:label2\" content=\"Dur\u00e9e de lecture estim\u00e9e\" \/>\n\t<meta name=\"twitter:data2\" content=\"1 minute\" \/>\n<script type=\"application\/ld+json\" class=\"yoast-schema-graph\">{\"@context\":\"https:\/\/schema.org\",\"@graph\":[{\"@type\":\"Article\",\"@id\":\"https:\/\/www.africa-press.net\/senegal\/politique\/centrafrique-rigobert-song-nomme-selectionneur#article\",\"isPartOf\":{\"@id\":\"https:\/\/www.africa-press.net\/senegal\/politique\/centrafrique-rigobert-song-nomme-selectionneur\"},\"author\":{\"name\":\"cfeditorfr\",\"@id\":\"https:\/\/www.africa-press.net\/senegal\/#\/schema\/person\/2b1cf3cd81a31e3cd26889ca66d677f1\"},\"headline\":\"Centrafrique : Rigobert Song Nomm\u00e9 S\u00e9lectionneur !\",\"datePublished\":\"2025-01-14T23:51:20+00:00\",\"mainEntityOfPage\":{\"@id\":\"https:\/\/www.africa-press.net\/senegal\/politique\/centrafrique-rigobert-song-nomme-selectionneur\"},\"wordCount\":212,\"commentCount\":0,\"image\":{\"@id\":\"https:\/\/www.africa-press.net\/senegal\/politique\/centrafrique-rigobert-song-nomme-selectionneur#primaryimage\"},\"thumbnailUrl\":\"https:\/\/static.africa-press.net\/senegal\/sites\/13\/2025\/01\/sm_1736886312.861337.jpg\",\"keywords\":[\"Senegal\"],\"articleSection\":[\"Sports\",\"Toutes les actualit\u00e9s\"],\"inLanguage\":\"fr-FR\",\"potentialAction\":[{\"@type\":\"CommentAction\",\"name\":\"Comment\",\"target\":[\"https:\/\/www.africa-press.net\/senegal\/politique\/centrafrique-rigobert-song-nomme-selectionneur#respond\"]}]},{\"@type\":\"WebPage\",\"@id\":\"https:\/\/www.africa-press.net\/senegal\/politique\/centrafrique-rigobert-song-nomme-selectionneur\",\"url\":\"https:\/\/www.africa-press.net\/senegal\/politique\/centrafrique-rigobert-song-nomme-selectionneur\",\"name\":\"Centrafrique : Rigobert Song Nomm\u00e9 S\u00e9lectionneur ! - Senegal\",\"isPartOf\":{\"@id\":\"https:\/\/www.africa-press.net\/senegal\/#website\"},\"primaryImageOfPage\":{\"@id\":\"https:\/\/www.africa-press.net\/senegal\/politique\/centrafrique-rigobert-song-nomme-selectionneur#primaryimage\"},\"image\":{\"@id\":\"https:\/\/www.africa-press.net\/senegal\/politique\/centrafrique-rigobert-song-nomme-selectionneur#primaryimage\"},\"thumbnailUrl\":\"https:\/\/static.africa-press.net\/senegal\/sites\/13\/2025\/01\/sm_1736886312.861337.jpg\",\"datePublished\":\"2025-01-14T23:51:20+00:00\",\"author\":{\"@id\":\"https:\/\/www.africa-press.net\/senegal\/#\/schema\/person\/2b1cf3cd81a31e3cd26889ca66d677f1\"},\"breadcrumb\":{\"@id\":\"https:\/\/www.africa-press.net\/senegal\/politique\/centrafrique-rigobert-song-nomme-selectionneur#breadcrumb\"},\"inLanguage\":\"fr-FR\",\"potentialAction\":[{\"@type\":\"ReadAction\",\"target\":[\"https:\/\/www.africa-press.net\/senegal\/politique\/centrafrique-rigobert-song-nomme-selectionneur\"]}]},{\"@type\":\"ImageObject\",\"inLanguage\":\"fr-FR\",\"@id\":\"https:\/\/www.africa-press.net\/senegal\/politique\/centrafrique-rigobert-song-nomme-selectionneur#primaryimage\",\"url\":\"https:\/\/static.africa-press.net\/senegal\/sites\/13\/2025\/01\/sm_1736886312.861337.jpg\",\"contentUrl\":\"https:\/\/static.africa-press.net\/senegal\/sites\/13\/2025\/01\/sm_1736886312.861337.jpg\",\"width\":908,\"height\":605,\"caption\":\"Centrafrique : Rigobert Song Nomm\u00e9 S\u00e9lectionneur !\"},{\"@type\":\"BreadcrumbList\",\"@id\":\"https:\/\/www.africa-press.net\/senegal\/politique\/centrafrique-rigobert-song-nomme-selectionneur#breadcrumb\",\"itemListElement\":[{\"@type\":\"ListItem\",\"position\":1,\"name\":\"Accueil\",\"item\":\"https:\/\/www.africa-press.net\/senegal\/\"},{\"@type\":\"ListItem\",\"position\":2,\"name\":\"Centrafrique : Rigobert Song Nomm\u00e9 S\u00e9lectionneur !\"}]},{\"@type\":\"WebSite\",\"@id\":\"https:\/\/www.africa-press.net\/senegal\/#website\",\"url\":\"https:\/\/www.africa-press.net\/senegal\/\",\"name\":\"Africa Press | Senegal | Homepage\",\"description\":\"Just another Africa News Agency Sites site\",\"potentialAction\":[{\"@type\":\"SearchAction\",\"target\":{\"@type\":\"EntryPoint\",\"urlTemplate\":\"https:\/\/www.africa-press.net\/senegal\/?s={search_term_string}\"},\"query-input\":{\"@type\":\"PropertyValueSpecification\",\"valueRequired\":true,\"valueName\":\"search_term_string\"}}],\"inLanguage\":\"fr-FR\"},{\"@type\":\"Person\",\"@id\":\"https:\/\/www.africa-press.net\/senegal\/#\/schema\/person\/2b1cf3cd81a31e3cd26889ca66d677f1\",\"name\":\"cfeditorfr\",\"url\":\"https:\/\/www.africa-press.net\/senegal\/author\/cfeditorfr\"}]}<\/script>\n<!-- \/ Yoast SEO Premium plugin. -->","yoast_head_json":{"title":"Centrafrique : Rigobert Song Nomm\u00e9 S\u00e9lectionneur ! - Senegal","robots":{"index":"index","follow":"follow","max-snippet":"max-snippet:-1","max-image-preview":"max-image-preview:large","max-video-preview":"max-video-preview:-1"},"canonical":"https:\/\/www.africa-press.net\/senegal\/politique\/centrafrique-rigobert-song-nomme-selectionneur","og_locale":"fr_FR","og_type":"article","og_title":"Centrafrique : Rigobert Song Nomm\u00e9 S\u00e9lectionneur !","og_description":"Africa-Press &#8211; Senegal. Rigobert Song a e\u0301te\u0301 officiellement nomme\u0301 se\u0301lectionneur de l\u2019e\u0301quipe nationale de la Re\u0301publique Centrafricaine. Arrive\u0301 en terre centrafricaine ce lundi, l\u2019ancien entrai\u0302neur des Lions Indomptables a rencontre\u0301 les autorite\u0301s locales, dont le pre\u0301sident du pays, avant de prendre ses fonctions. Sa nomination a e\u0301te\u0301 officialise\u0301e par un arre\u0302te\u0301 du Ministre charge\u0301 de [&hellip;]","og_url":"https:\/\/www.africa-press.net\/senegal\/politique\/centrafrique-rigobert-song-nomme-selectionneur","og_site_name":"Senegal","article_published_time":"2025-01-14T23:51:20+00:00","author":"cfeditorfr","twitter_card":"summary_large_image","twitter_misc":{"\u00c9crit par":"cfeditorfr","Dur\u00e9e de lecture estim\u00e9e":"1 minute"},"schema":{"@context":"https:\/\/schema.org","@graph":[{"@type":"Article","@id":"https:\/\/www.africa-press.net\/senegal\/politique\/centrafrique-rigobert-song-nomme-selectionneur#article","isPartOf":{"@id":"https:\/\/www.africa-press.net\/senegal\/politique\/centrafrique-rigobert-song-nomme-selectionneur"},"author":{"name":"cfeditorfr","@id":"https:\/\/www.africa-press.net\/senegal\/#\/schema\/person\/2b1cf3cd81a31e3cd26889ca66d677f1"},"headline":"Centrafrique : Rigobert Song Nomm\u00e9 S\u00e9lectionneur !","datePublished":"2025-01-14T23:51:20+00:00","mainEntityOfPage":{"@id":"https:\/\/www.africa-press.net\/senegal\/politique\/centrafrique-rigobert-song-nomme-selectionneur"},"wordCount":212,"commentCount":0,"image":{"@id":"https:\/\/www.africa-press.net\/senegal\/politique\/centrafrique-rigobert-song-nomme-selectionneur#primaryimage"},"thumbnailUrl":"https:\/\/static.africa-press.net\/senegal\/sites\/13\/2025\/01\/sm_1736886312.861337.jpg","keywords":["Senegal"],"articleSection":["Sports","Toutes les actualit\u00e9s"],"inLanguage":"fr-FR","potentialAction":[{"@type":"CommentAction","name":"Comment","target":["https:\/\/www.africa-press.net\/senegal\/politique\/centrafrique-rigobert-song-nomme-selectionneur#respond"]}]},{"@type":"WebPage","@id":"https:\/\/www.africa-press.net\/senegal\/politique\/centrafrique-rigobert-song-nomme-selectionneur","url":"https:\/\/www.africa-press.net\/senegal\/politique\/centrafrique-rigobert-song-nomme-selectionneur","name":"Centrafrique : Rigobert Song Nomm\u00e9 S\u00e9lectionneur ! - Senegal","isPartOf":{"@id":"https:\/\/www.africa-press.net\/senegal\/#website"},"primaryImageOfPage":{"@id":"https:\/\/www.africa-press.net\/senegal\/politique\/centrafrique-rigobert-song-nomme-selectionneur#primaryimage"},"image":{"@id":"https:\/\/www.africa-press.net\/senegal\/politique\/centrafrique-rigobert-song-nomme-selectionneur#primaryimage"},"thumbnailUrl":"https:\/\/static.africa-press.net\/senegal\/sites\/13\/2025\/01\/sm_1736886312.861337.jpg","datePublished":"2025-01-14T23:51:20+00:00","author":{"@id":"https:\/\/www.africa-press.net\/senegal\/#\/schema\/person\/2b1cf3cd81a31e3cd26889ca66d677f1"},"breadcrumb":{"@id":"https:\/\/www.africa-press.net\/senegal\/politique\/centrafrique-rigobert-song-nomme-selectionneur#breadcrumb"},"inLanguage":"fr-FR","potentialAction":[{"@type":"ReadAction","target":["https:\/\/www.africa-press.net\/senegal\/politique\/centrafrique-rigobert-song-nomme-selectionneur"]}]},{"@type":"ImageObject","inLanguage":"fr-FR","@id":"https:\/\/www.africa-press.net\/senegal\/politique\/centrafrique-rigobert-song-nomme-selectionneur#primaryimage","url":"https:\/\/static.africa-press.net\/senegal\/sites\/13\/2025\/01\/sm_1736886312.861337.jpg","contentUrl":"https:\/\/static.africa-press.net\/senegal\/sites\/13\/2025\/01\/sm_1736886312.861337.jpg","width":908,"height":605,"caption":"Centrafrique : Rigobert Song Nomm\u00e9 S\u00e9lectionneur !"},{"@type":"BreadcrumbList","@id":"https:\/\/www.africa-press.net\/senegal\/politique\/centrafrique-rigobert-song-nomme-selectionneur#breadcrumb","itemListElement":[{"@type":"ListItem","position":1,"name":"Accueil","item":"https:\/\/www.africa-press.net\/senegal\/"},{"@type":"ListItem","position":2,"name":"Centrafrique : Rigobert Song Nomm\u00e9 S\u00e9lectionneur !"}]},{"@type":"WebSite","@id":"https:\/\/www.africa-press.net\/senegal\/#website","url":"https:\/\/www.africa-press.net\/senegal\/","name":"Africa Press | Senegal | Homepage","description":"Just another Africa News Agency Sites site","potentialAction":[{"@type":"SearchAction","target":{"@type":"EntryPoint","urlTemplate":"https:\/\/www.africa-press.net\/senegal\/?s={search_term_string}"},"query-input":{"@type":"PropertyValueSpecification","valueRequired":true,"valueName":"search_term_string"}}],"inLanguage":"fr-FR"},{"@type":"Person","@id":"https:\/\/www.africa-press.net\/senegal\/#\/schema\/person\/2b1cf3cd81a31e3cd26889ca66d677f1","name":"cfeditorfr","url":"https:\/\/www.africa-press.net\/senegal\/author\/cfeditorfr"}]}},"_links":{"self":[{"href":"https:\/\/www.africa-press.net\/senegal\/wp-json\/wp\/v2\/posts\/64742","targetHints":{"allow":["GET"]}}],"collection":[{"href":"https:\/\/www.africa-press.net\/senegal\/wp-json\/wp\/v2\/posts"}],"about":[{"href":"https:\/\/www.africa-press.net\/senegal\/wp-json\/wp\/v2\/types\/post"}],"author":[{"embeddable":true,"href":"https:\/\/www.africa-press.net\/senegal\/wp-json\/wp\/v2\/users\/82"}],"replies":[{"embeddable":true,"href":"https:\/\/www.africa-press.net\/senegal\/wp-json\/wp\/v2\/comments?post=64742"}],"version-history":[{"count":0,"href":"https:\/\/www.africa-press.net\/senegal\/wp-json\/wp\/v2\/posts\/64742\/revisions"}],"wp:featuredmedia":[{"embeddable":true,"href":"https:\/\/www.africa-press.net\/senegal\/wp-json\/wp\/v2\/media\/64741"}],"wp:attachment":[{"href":"https:\/\/www.africa-press.net\/senegal\/wp-json\/wp\/v2\/media?parent=64742"}],"wp:term":[{"taxonomy":"category","embeddable":true,"href":"https:\/\/www.africa-press.net\/senegal\/wp-json\/wp\/v2\/categories?post=64742"},{"taxonomy":"post_tag","embeddable":true,"href":"https:\/\/www.africa-press.net\/senegal\/wp-json\/wp\/v2\/tags?post=64742"}],"curies":[{"name":"wp","href":"https:\/\/api.w.org\/{rel}","templated":true}]}}