{"id":64748,"date":"2025-01-14T23:52:56","date_gmt":"2025-01-14T23:52:56","guid":{"rendered":"https:\/\/www.africa-press.net\/senegal\/politique\/mohamed-salah-jurgen-klopp-se-prononce-sur-lavenir-de-legyptien"},"modified":"2025-01-14T23:52:56","modified_gmt":"2025-01-14T23:52:56","slug":"mohamed-salah-jurgen-klopp-se-prononce-sur-lavenir-de-legyptien","status":"publish","type":"post","link":"https:\/\/www.africa-press.net\/senegal\/sports\/mohamed-salah-jurgen-klopp-se-prononce-sur-lavenir-de-legyptien","title":{"rendered":"Mohamed Salah : J\u00fcrgen Klopp se Prononce sur L\u2019Avenir de L\u2019\u00c9gyptien"},"content":{"rendered":"<p><span style=\"color: #ff6600\"><strong>Africa-Press &#8211; Senegal. <\/strong><\/span>L\u2019ancien entrai\u0302neur de Liverpool, Ju\u0308rgen Klopp, formule une demande a\u0300 Mohamed Salah au milieu des rumeurs d\u2019un de\u0301part de l\u2019E\u0301gyptien.<\/p>\n<p>Salah est dans l\u2019une des meilleures formes de toute son e\u0301norme carrie\u0300re. Malgre\u0301 ses 32 ans, l\u2019ailier de Liverpool a marque\u0301 18 buts cette saison en 19 apparitions de Premier League. Cependant, son se\u0301jour pourrait e\u0302tre e\u0301courte\u0301 a\u0300 Anfield en juin 2025, une prolongation de son contrat e\u0301tant actuellement un proble\u0300me.<\/p>\n<p>Ayant e\u0301te\u0301 l\u2019entrai\u0302neur qui a recrute\u0301 Salah de l\u2019AS Roma en 2017, Klopp est le mieux place\u0301 pour se prononcer sur la situation actuelle du joueur a\u0300 Liverpool. Questionne\u0301 sur le sujet ce mardi, l\u2019entrai\u0302neur allemand demande a\u0300 la superstar e\u0301gyptienne de rester dans le Merseyside.<\/p>\n<p>\u00ab J\u2019espe\u0300re qu\u2019il restera. C\u2019est le meilleur attaquant de Liverpool des temps modernes \u2013 et ils en ont eu beaucoup de grands. Un joueur fantastique, un professionnel fantastique. Absolument exceptionnel. Le meilleur ambassadeur que l\u2019E\u0301gypte puisse avoir. \u00bb<\/p>\n<p><strong>Pour plus d&rsquo;informations et d&rsquo;analyses sur la <span style=\"color: #ff6600\">Senegal<\/span>, suivez <span style=\"color: #ff6600\">Africa-Press<span style=\"color: #ff6600\"><\/span><\/strong><\/p>\n","protected":false},"excerpt":{"rendered":"<p>Africa-Press &#8211; Senegal. L\u2019ancien entrai\u0302neur de Liverpool, Ju\u0308rgen Klopp, formule une demande a\u0300 Mohamed Salah au milieu des rumeurs d\u2019un de\u0301part de l\u2019E\u0301gyptien. Salah est dans l\u2019une des meilleures formes de toute son e\u0301norme carrie\u0300re. Malgre\u0301 ses 32 ans, l\u2019ailier de Liverpool a marque\u0301 18 buts cette saison en 19 apparitions de Premier League. Cependant, [&hellip;]<\/p>\n","protected":false},"author":82,"featured_media":64747,"comment_status":"open","ping_status":"closed","sticky":false,"template":"","format":"standard","meta":{"footnotes":""},"categories":[6,10],"tags":[44],"class_list":["post-64748","post","type-post","status-publish","format-standard","has-post-thumbnail","hentry","category-sports","category-toutes-les-actualites","tag-senegal-2"],"yoast_head":"<!-- This site is optimized with the Yoast SEO Premium plugin v26.1 (Yoast SEO v27.0) - https:\/\/yoast.com\/product\/yoast-seo-premium-wordpress\/ -->\n<title>Mohamed Salah : J\u00fcrgen Klopp se Prononce sur L\u2019Avenir de L\u2019\u00c9gyptien - Senegal<\/title>\n<meta name=\"robots\" content=\"index, follow, max-snippet:-1, max-image-preview:large, max-video-preview:-1\" \/>\n<link rel=\"canonical\" href=\"https:\/\/www.africa-press.net\/senegal\/politique\/mohamed-salah-jurgen-klopp-se-prononce-sur-lavenir-de-legyptien\" \/>\n<meta property=\"og:locale\" content=\"fr_FR\" \/>\n<meta property=\"og:type\" content=\"article\" \/>\n<meta property=\"og:title\" content=\"Mohamed Salah : J\u00fcrgen Klopp se Prononce sur L\u2019Avenir de L\u2019\u00c9gyptien\" \/>\n<meta property=\"og:description\" content=\"Africa-Press &#8211; Senegal. L\u2019ancien entrai\u0302neur de Liverpool, Ju\u0308rgen Klopp, formule une demande a\u0300 Mohamed Salah au milieu des rumeurs d\u2019un de\u0301part de l\u2019E\u0301gyptien. Salah est dans l\u2019une des meilleures formes de toute son e\u0301norme carrie\u0300re. Malgre\u0301 ses 32 ans, l\u2019ailier de Liverpool a marque\u0301 18 buts cette saison en 19 apparitions de Premier League. Cependant, [&hellip;]\" \/>\n<meta property=\"og:url\" content=\"https:\/\/www.africa-press.net\/senegal\/politique\/mohamed-salah-jurgen-klopp-se-prononce-sur-lavenir-de-legyptien\" \/>\n<meta property=\"og:site_name\" content=\"Senegal\" \/>\n<meta property=\"article:published_time\" content=\"2025-01-14T23:52:56+00:00\" \/>\n<meta name=\"author\" content=\"cfeditorfr\" \/>\n<meta name=\"twitter:card\" content=\"summary_large_image\" \/>\n<meta name=\"twitter:label1\" content=\"\u00c9crit par\" \/>\n\t<meta name=\"twitter:data1\" content=\"cfeditorfr\" \/>\n\t<meta name=\"twitter:label2\" content=\"Dur\u00e9e de lecture estim\u00e9e\" \/>\n\t<meta name=\"twitter:data2\" content=\"1 minute\" \/>\n<script type=\"application\/ld+json\" class=\"yoast-schema-graph\">{\"@context\":\"https:\/\/schema.org\",\"@graph\":[{\"@type\":\"Article\",\"@id\":\"https:\/\/www.africa-press.net\/senegal\/politique\/mohamed-salah-jurgen-klopp-se-prononce-sur-lavenir-de-legyptien#article\",\"isPartOf\":{\"@id\":\"https:\/\/www.africa-press.net\/senegal\/politique\/mohamed-salah-jurgen-klopp-se-prononce-sur-lavenir-de-legyptien\"},\"author\":{\"name\":\"cfeditorfr\",\"@id\":\"https:\/\/www.africa-press.net\/senegal\/#\/schema\/person\/2b1cf3cd81a31e3cd26889ca66d677f1\"},\"headline\":\"Mohamed Salah : J\u00fcrgen Klopp se Prononce sur L\u2019Avenir de L\u2019\u00c9gyptien\",\"datePublished\":\"2025-01-14T23:52:56+00:00\",\"mainEntityOfPage\":{\"@id\":\"https:\/\/www.africa-press.net\/senegal\/politique\/mohamed-salah-jurgen-klopp-se-prononce-sur-lavenir-de-legyptien\"},\"wordCount\":204,\"commentCount\":0,\"image\":{\"@id\":\"https:\/\/www.africa-press.net\/senegal\/politique\/mohamed-salah-jurgen-klopp-se-prononce-sur-lavenir-de-legyptien#primaryimage\"},\"thumbnailUrl\":\"https:\/\/static.africa-press.net\/senegal\/sites\/13\/2025\/01\/sm_1736886593.73119.jpg\",\"keywords\":[\"Senegal\"],\"articleSection\":[\"Sports\",\"Toutes les actualit\u00e9s\"],\"inLanguage\":\"fr-FR\",\"potentialAction\":[{\"@type\":\"CommentAction\",\"name\":\"Comment\",\"target\":[\"https:\/\/www.africa-press.net\/senegal\/politique\/mohamed-salah-jurgen-klopp-se-prononce-sur-lavenir-de-legyptien#respond\"]}]},{\"@type\":\"WebPage\",\"@id\":\"https:\/\/www.africa-press.net\/senegal\/politique\/mohamed-salah-jurgen-klopp-se-prononce-sur-lavenir-de-legyptien\",\"url\":\"https:\/\/www.africa-press.net\/senegal\/politique\/mohamed-salah-jurgen-klopp-se-prononce-sur-lavenir-de-legyptien\",\"name\":\"Mohamed Salah : J\u00fcrgen Klopp se Prononce sur L\u2019Avenir de L\u2019\u00c9gyptien - Senegal\",\"isPartOf\":{\"@id\":\"https:\/\/www.africa-press.net\/senegal\/#website\"},\"primaryImageOfPage\":{\"@id\":\"https:\/\/www.africa-press.net\/senegal\/politique\/mohamed-salah-jurgen-klopp-se-prononce-sur-lavenir-de-legyptien#primaryimage\"},\"image\":{\"@id\":\"https:\/\/www.africa-press.net\/senegal\/politique\/mohamed-salah-jurgen-klopp-se-prononce-sur-lavenir-de-legyptien#primaryimage\"},\"thumbnailUrl\":\"https:\/\/static.africa-press.net\/senegal\/sites\/13\/2025\/01\/sm_1736886593.73119.jpg\",\"datePublished\":\"2025-01-14T23:52:56+00:00\",\"author\":{\"@id\":\"https:\/\/www.africa-press.net\/senegal\/#\/schema\/person\/2b1cf3cd81a31e3cd26889ca66d677f1\"},\"breadcrumb\":{\"@id\":\"https:\/\/www.africa-press.net\/senegal\/politique\/mohamed-salah-jurgen-klopp-se-prononce-sur-lavenir-de-legyptien#breadcrumb\"},\"inLanguage\":\"fr-FR\",\"potentialAction\":[{\"@type\":\"ReadAction\",\"target\":[\"https:\/\/www.africa-press.net\/senegal\/politique\/mohamed-salah-jurgen-klopp-se-prononce-sur-lavenir-de-legyptien\"]}]},{\"@type\":\"ImageObject\",\"inLanguage\":\"fr-FR\",\"@id\":\"https:\/\/www.africa-press.net\/senegal\/politique\/mohamed-salah-jurgen-klopp-se-prononce-sur-lavenir-de-legyptien#primaryimage\",\"url\":\"https:\/\/static.africa-press.net\/senegal\/sites\/13\/2025\/01\/sm_1736886593.73119.jpg\",\"contentUrl\":\"https:\/\/static.africa-press.net\/senegal\/sites\/13\/2025\/01\/sm_1736886593.73119.jpg\",\"width\":1920,\"height\":1080,\"caption\":\"Mohamed Salah : J\u00fcrgen Klopp se Prononce sur L\u2019Avenir de L\u2019\u00c9gyptien\"},{\"@type\":\"BreadcrumbList\",\"@id\":\"https:\/\/www.africa-press.net\/senegal\/politique\/mohamed-salah-jurgen-klopp-se-prononce-sur-lavenir-de-legyptien#breadcrumb\",\"itemListElement\":[{\"@type\":\"ListItem\",\"position\":1,\"name\":\"Accueil\",\"item\":\"https:\/\/www.africa-press.net\/senegal\/\"},{\"@type\":\"ListItem\",\"position\":2,\"name\":\"Mohamed Salah : J\u00fcrgen Klopp se Prononce sur L\u2019Avenir de L\u2019\u00c9gyptien\"}]},{\"@type\":\"WebSite\",\"@id\":\"https:\/\/www.africa-press.net\/senegal\/#website\",\"url\":\"https:\/\/www.africa-press.net\/senegal\/\",\"name\":\"Africa Press | Senegal | Homepage\",\"description\":\"Just another Africa News Agency Sites site\",\"potentialAction\":[{\"@type\":\"SearchAction\",\"target\":{\"@type\":\"EntryPoint\",\"urlTemplate\":\"https:\/\/www.africa-press.net\/senegal\/?s={search_term_string}\"},\"query-input\":{\"@type\":\"PropertyValueSpecification\",\"valueRequired\":true,\"valueName\":\"search_term_string\"}}],\"inLanguage\":\"fr-FR\"},{\"@type\":\"Person\",\"@id\":\"https:\/\/www.africa-press.net\/senegal\/#\/schema\/person\/2b1cf3cd81a31e3cd26889ca66d677f1\",\"name\":\"cfeditorfr\",\"url\":\"https:\/\/www.africa-press.net\/senegal\/author\/cfeditorfr\"}]}<\/script>\n<!-- \/ Yoast SEO Premium plugin. -->","yoast_head_json":{"title":"Mohamed Salah : J\u00fcrgen Klopp se Prononce sur L\u2019Avenir de L\u2019\u00c9gyptien - Senegal","robots":{"index":"index","follow":"follow","max-snippet":"max-snippet:-1","max-image-preview":"max-image-preview:large","max-video-preview":"max-video-preview:-1"},"canonical":"https:\/\/www.africa-press.net\/senegal\/politique\/mohamed-salah-jurgen-klopp-se-prononce-sur-lavenir-de-legyptien","og_locale":"fr_FR","og_type":"article","og_title":"Mohamed Salah : J\u00fcrgen Klopp se Prononce sur L\u2019Avenir de L\u2019\u00c9gyptien","og_description":"Africa-Press &#8211; Senegal. L\u2019ancien entrai\u0302neur de Liverpool, Ju\u0308rgen Klopp, formule une demande a\u0300 Mohamed Salah au milieu des rumeurs d\u2019un de\u0301part de l\u2019E\u0301gyptien. Salah est dans l\u2019une des meilleures formes de toute son e\u0301norme carrie\u0300re. Malgre\u0301 ses 32 ans, l\u2019ailier de Liverpool a marque\u0301 18 buts cette saison en 19 apparitions de Premier League. Cependant, [&hellip;]","og_url":"https:\/\/www.africa-press.net\/senegal\/politique\/mohamed-salah-jurgen-klopp-se-prononce-sur-lavenir-de-legyptien","og_site_name":"Senegal","article_published_time":"2025-01-14T23:52:56+00:00","author":"cfeditorfr","twitter_card":"summary_large_image","twitter_misc":{"\u00c9crit par":"cfeditorfr","Dur\u00e9e de lecture estim\u00e9e":"1 minute"},"schema":{"@context":"https:\/\/schema.org","@graph":[{"@type":"Article","@id":"https:\/\/www.africa-press.net\/senegal\/politique\/mohamed-salah-jurgen-klopp-se-prononce-sur-lavenir-de-legyptien#article","isPartOf":{"@id":"https:\/\/www.africa-press.net\/senegal\/politique\/mohamed-salah-jurgen-klopp-se-prononce-sur-lavenir-de-legyptien"},"author":{"name":"cfeditorfr","@id":"https:\/\/www.africa-press.net\/senegal\/#\/schema\/person\/2b1cf3cd81a31e3cd26889ca66d677f1"},"headline":"Mohamed Salah : J\u00fcrgen Klopp se Prononce sur L\u2019Avenir de L\u2019\u00c9gyptien","datePublished":"2025-01-14T23:52:56+00:00","mainEntityOfPage":{"@id":"https:\/\/www.africa-press.net\/senegal\/politique\/mohamed-salah-jurgen-klopp-se-prononce-sur-lavenir-de-legyptien"},"wordCount":204,"commentCount":0,"image":{"@id":"https:\/\/www.africa-press.net\/senegal\/politique\/mohamed-salah-jurgen-klopp-se-prononce-sur-lavenir-de-legyptien#primaryimage"},"thumbnailUrl":"https:\/\/static.africa-press.net\/senegal\/sites\/13\/2025\/01\/sm_1736886593.73119.jpg","keywords":["Senegal"],"articleSection":["Sports","Toutes les actualit\u00e9s"],"inLanguage":"fr-FR","potentialAction":[{"@type":"CommentAction","name":"Comment","target":["https:\/\/www.africa-press.net\/senegal\/politique\/mohamed-salah-jurgen-klopp-se-prononce-sur-lavenir-de-legyptien#respond"]}]},{"@type":"WebPage","@id":"https:\/\/www.africa-press.net\/senegal\/politique\/mohamed-salah-jurgen-klopp-se-prononce-sur-lavenir-de-legyptien","url":"https:\/\/www.africa-press.net\/senegal\/politique\/mohamed-salah-jurgen-klopp-se-prononce-sur-lavenir-de-legyptien","name":"Mohamed Salah : J\u00fcrgen Klopp se Prononce sur L\u2019Avenir de L\u2019\u00c9gyptien - Senegal","isPartOf":{"@id":"https:\/\/www.africa-press.net\/senegal\/#website"},"primaryImageOfPage":{"@id":"https:\/\/www.africa-press.net\/senegal\/politique\/mohamed-salah-jurgen-klopp-se-prononce-sur-lavenir-de-legyptien#primaryimage"},"image":{"@id":"https:\/\/www.africa-press.net\/senegal\/politique\/mohamed-salah-jurgen-klopp-se-prononce-sur-lavenir-de-legyptien#primaryimage"},"thumbnailUrl":"https:\/\/static.africa-press.net\/senegal\/sites\/13\/2025\/01\/sm_1736886593.73119.jpg","datePublished":"2025-01-14T23:52:56+00:00","author":{"@id":"https:\/\/www.africa-press.net\/senegal\/#\/schema\/person\/2b1cf3cd81a31e3cd26889ca66d677f1"},"breadcrumb":{"@id":"https:\/\/www.africa-press.net\/senegal\/politique\/mohamed-salah-jurgen-klopp-se-prononce-sur-lavenir-de-legyptien#breadcrumb"},"inLanguage":"fr-FR","potentialAction":[{"@type":"ReadAction","target":["https:\/\/www.africa-press.net\/senegal\/politique\/mohamed-salah-jurgen-klopp-se-prononce-sur-lavenir-de-legyptien"]}]},{"@type":"ImageObject","inLanguage":"fr-FR","@id":"https:\/\/www.africa-press.net\/senegal\/politique\/mohamed-salah-jurgen-klopp-se-prononce-sur-lavenir-de-legyptien#primaryimage","url":"https:\/\/static.africa-press.net\/senegal\/sites\/13\/2025\/01\/sm_1736886593.73119.jpg","contentUrl":"https:\/\/static.africa-press.net\/senegal\/sites\/13\/2025\/01\/sm_1736886593.73119.jpg","width":1920,"height":1080,"caption":"Mohamed Salah : J\u00fcrgen Klopp se Prononce sur L\u2019Avenir de L\u2019\u00c9gyptien"},{"@type":"BreadcrumbList","@id":"https:\/\/www.africa-press.net\/senegal\/politique\/mohamed-salah-jurgen-klopp-se-prononce-sur-lavenir-de-legyptien#breadcrumb","itemListElement":[{"@type":"ListItem","position":1,"name":"Accueil","item":"https:\/\/www.africa-press.net\/senegal\/"},{"@type":"ListItem","position":2,"name":"Mohamed Salah : J\u00fcrgen Klopp se Prononce sur L\u2019Avenir de L\u2019\u00c9gyptien"}]},{"@type":"WebSite","@id":"https:\/\/www.africa-press.net\/senegal\/#website","url":"https:\/\/www.africa-press.net\/senegal\/","name":"Africa Press | Senegal | Homepage","description":"Just another Africa News Agency Sites site","potentialAction":[{"@type":"SearchAction","target":{"@type":"EntryPoint","urlTemplate":"https:\/\/www.africa-press.net\/senegal\/?s={search_term_string}"},"query-input":{"@type":"PropertyValueSpecification","valueRequired":true,"valueName":"search_term_string"}}],"inLanguage":"fr-FR"},{"@type":"Person","@id":"https:\/\/www.africa-press.net\/senegal\/#\/schema\/person\/2b1cf3cd81a31e3cd26889ca66d677f1","name":"cfeditorfr","url":"https:\/\/www.africa-press.net\/senegal\/author\/cfeditorfr"}]}},"_links":{"self":[{"href":"https:\/\/www.africa-press.net\/senegal\/wp-json\/wp\/v2\/posts\/64748","targetHints":{"allow":["GET"]}}],"collection":[{"href":"https:\/\/www.africa-press.net\/senegal\/wp-json\/wp\/v2\/posts"}],"about":[{"href":"https:\/\/www.africa-press.net\/senegal\/wp-json\/wp\/v2\/types\/post"}],"author":[{"embeddable":true,"href":"https:\/\/www.africa-press.net\/senegal\/wp-json\/wp\/v2\/users\/82"}],"replies":[{"embeddable":true,"href":"https:\/\/www.africa-press.net\/senegal\/wp-json\/wp\/v2\/comments?post=64748"}],"version-history":[{"count":0,"href":"https:\/\/www.africa-press.net\/senegal\/wp-json\/wp\/v2\/posts\/64748\/revisions"}],"wp:featuredmedia":[{"embeddable":true,"href":"https:\/\/www.africa-press.net\/senegal\/wp-json\/wp\/v2\/media\/64747"}],"wp:attachment":[{"href":"https:\/\/www.africa-press.net\/senegal\/wp-json\/wp\/v2\/media?parent=64748"}],"wp:term":[{"taxonomy":"category","embeddable":true,"href":"https:\/\/www.africa-press.net\/senegal\/wp-json\/wp\/v2\/categories?post=64748"},{"taxonomy":"post_tag","embeddable":true,"href":"https:\/\/www.africa-press.net\/senegal\/wp-json\/wp\/v2\/tags?post=64748"}],"curies":[{"name":"wp","href":"https:\/\/api.w.org\/{rel}","templated":true}]}}