{"id":64766,"date":"2025-01-09T12:38:50","date_gmt":"2025-01-09T12:38:50","guid":{"rendered":"https:\/\/www.africa-press.net\/senegal\/politique\/au-coeur-de-la-faille-qui-a-declenche-le-mega-tsunami-de-2011-un-forage-sans-precedent-a-8-000-metres-sous-la-surface"},"modified":"2025-01-09T12:38:50","modified_gmt":"2025-01-09T12:38:50","slug":"au-coeur-de-la-faille-qui-a-declenche-le-mega-tsunami-de-2011-un-forage-sans-precedent-a-8-000-metres-sous-la-surface","status":"publish","type":"post","link":"https:\/\/www.africa-press.net\/senegal\/toutes-les-actualites\/au-coeur-de-la-faille-qui-a-declenche-le-mega-tsunami-de-2011-un-forage-sans-precedent-a-8-000-metres-sous-la-surface","title":{"rendered":"Au C\u0153ur de la Faille qui a D\u00e9clench\u00e9 le M\u00e9ga-tsunami de 2011 : un Forage sans Pr\u00e9c\u00e9dent \u00e0 8 000 M\u00e8tres sous la Surface !"},"content":{"rendered":"<p><b>par Morgane Gillard<br \/>\n<\/b><\/p>\n<p><span style=\"color: #ff6600\"><strong>Africa-Press &#8211; Senegal. <\/strong><\/span>Ces derniers mois, une e\u0301quipe de chercheurs a re\u0301alise\u0301 un exploit technique en allant forer directement sur le plan de faille responsable du puissant se\u0301isme responsable du tsunami de To\u0304hoku en 2011: sept kilome\u0300tres d\u2019eau et un kilome\u0300tre de roche a\u0300 traverser pour mieux comprendre l\u2019origine de cette catastrophe.<\/p>\n<p>En 2011, un se\u0301isme de magnitude 9,1 se de\u0301clenchait au large du Japon, provoquant un puissant tsunami qui de\u0301vasta la co\u0302te de To\u0304hoku et endommagea notamment la centrale nucle\u0301aire de Fukushima. Si l&rsquo;on sait que ce se\u0301isme a e\u0301te\u0301 cause\u0301 par la rupture d\u2019un plan de faille au niveau de la zone de subduction qui borde la co\u0302te nord-est du Japon, quatorze ans apre\u0300s la catastrophe les causes de cet e\u0301ve\u0301nement sont encore mal contraintes. Comprendre les me\u0301canismes qui ont pu mener au de\u0301clenchement d\u2019un se\u0301isme d&rsquo;une telle puissance est pourtant essentiel si l&rsquo;on veut pre\u0301venir au mieux ce type de catastrophe.<\/p>\n<p><b>Forage ultra-profond: un ve\u0301ritable de\u0301fi technique<\/b><\/p>\n<p>Une e\u0301quipe de chercheurs a donc entrepris de forer au c\u0153ur de la faille responsable du se\u0301isme de To\u0304hoku. Un ve\u0301ritable challenge technique: pour y arriver, il a en effet fallu tout d&rsquo;abord traverser une couche d&rsquo;eau de sept kilome\u0300tres avant de pouvoir commencer a\u0300 forer le fond de la fosse oce\u0301anique sur pre\u0300s d&rsquo;un kilome\u0300tre.<\/p>\n<p>Tre\u0300s peu de bateaux sont capables de re\u0301aliser un tel exploit, car comme l&rsquo;explique Patrick Fulton dans un communique\u0301 de presse: \u00ab Le grand challenge a e\u0301te\u0301 de retrouver le trou (fait en 2012 lors d&rsquo;une premie\u0300re phase de forage). Il n&rsquo;y a pas de moteur ou de te\u0301le\u0301commande qui permette de conduire la tige de forage directement dans le trou. En re\u0301alite\u0301, tous ces tuyaux d&rsquo;acier se comportent comme des spaghettis mouille\u0301s sous le navire. \u00bb La complexite\u0301 est donc de faire descendre une tige de sept kilome\u0300tres de long jusque sur le fond oce\u0301anique a\u0300 partir d&rsquo;un bateau qui doit maintenir une position ultra-pre\u0301cise. Une fois l&rsquo;entre\u0301e du puits atteinte, la phase de forage a pu commencer et des appareils de mesure ge\u0301ophysique ont pu e\u0302tre installe\u0301s.<\/p>\n<p>L&rsquo;objectif est d&rsquo;e\u0301tudier la circulation de fluide dans la zone de faille et les contraintes qui s&rsquo;y appliquent.<\/p>\n<p><strong>Pour plus d&rsquo;informations et d&rsquo;analyses sur la <span style=\"color: #ff6600\">Senegal<\/span>, suivez <span style=\"color: #ff6600\">Africa-Press<span style=\"color: #ff6600\"><\/span><\/strong><\/p>\n","protected":false},"excerpt":{"rendered":"<p>par Morgane Gillard Africa-Press &#8211; Senegal. Ces derniers mois, une e\u0301quipe de chercheurs a re\u0301alise\u0301 un exploit technique en allant forer directement sur le plan de faille responsable du puissant se\u0301isme responsable du tsunami de To\u0304hoku en 2011: sept kilome\u0300tres d\u2019eau et un kilome\u0300tre de roche a\u0300 traverser pour mieux comprendre l\u2019origine de cette catastrophe. [&hellip;]<\/p>\n","protected":false},"author":82,"featured_media":64765,"comment_status":"open","ping_status":"closed","sticky":false,"template":"","format":"standard","meta":{"footnotes":""},"categories":[22,10],"tags":[44],"class_list":["post-64766","post","type-post","status-publish","format-standard","has-post-thumbnail","hentry","category-divers","category-toutes-les-actualites","tag-senegal-2"],"yoast_head":"<!-- This site is optimized with the Yoast SEO Premium plugin v26.1 (Yoast SEO v27.0) - https:\/\/yoast.com\/product\/yoast-seo-premium-wordpress\/ -->\n<title>Au C\u0153ur de la Faille qui a D\u00e9clench\u00e9 le M\u00e9ga-tsunami de 2011 : un Forage sans Pr\u00e9c\u00e9dent \u00e0 8 000 M\u00e8tres sous la Surface ! - Senegal<\/title>\n<meta name=\"robots\" content=\"index, follow, max-snippet:-1, max-image-preview:large, max-video-preview:-1\" \/>\n<link rel=\"canonical\" href=\"https:\/\/www.africa-press.net\/senegal\/politique\/au-coeur-de-la-faille-qui-a-declenche-le-mega-tsunami-de-2011-un-forage-sans-precedent-a-8-000-metres-sous-la-surface\" \/>\n<meta property=\"og:locale\" content=\"fr_FR\" \/>\n<meta property=\"og:type\" content=\"article\" \/>\n<meta property=\"og:title\" content=\"Au C\u0153ur de la Faille qui a D\u00e9clench\u00e9 le M\u00e9ga-tsunami de 2011 : un Forage sans Pr\u00e9c\u00e9dent \u00e0 8 000 M\u00e8tres sous la Surface !\" \/>\n<meta property=\"og:description\" content=\"par Morgane Gillard Africa-Press &#8211; Senegal. Ces derniers mois, une e\u0301quipe de chercheurs a re\u0301alise\u0301 un exploit technique en allant forer directement sur le plan de faille responsable du puissant se\u0301isme responsable du tsunami de To\u0304hoku en 2011: sept kilome\u0300tres d\u2019eau et un kilome\u0300tre de roche a\u0300 traverser pour mieux comprendre l\u2019origine de cette catastrophe. [&hellip;]\" \/>\n<meta property=\"og:url\" content=\"https:\/\/www.africa-press.net\/senegal\/politique\/au-coeur-de-la-faille-qui-a-declenche-le-mega-tsunami-de-2011-un-forage-sans-precedent-a-8-000-metres-sous-la-surface\" \/>\n<meta property=\"og:site_name\" content=\"Senegal\" \/>\n<meta property=\"article:published_time\" content=\"2025-01-09T12:38:50+00:00\" \/>\n<meta name=\"author\" content=\"cfeditorfr\" \/>\n<meta name=\"twitter:card\" content=\"summary_large_image\" \/>\n<meta name=\"twitter:label1\" content=\"\u00c9crit par\" \/>\n\t<meta name=\"twitter:data1\" content=\"cfeditorfr\" \/>\n\t<meta name=\"twitter:label2\" content=\"Dur\u00e9e de lecture estim\u00e9e\" \/>\n\t<meta name=\"twitter:data2\" content=\"2 minutes\" \/>\n<script type=\"application\/ld+json\" class=\"yoast-schema-graph\">{\"@context\":\"https:\/\/schema.org\",\"@graph\":[{\"@type\":\"Article\",\"@id\":\"https:\/\/www.africa-press.net\/senegal\/politique\/au-coeur-de-la-faille-qui-a-declenche-le-mega-tsunami-de-2011-un-forage-sans-precedent-a-8-000-metres-sous-la-surface#article\",\"isPartOf\":{\"@id\":\"https:\/\/www.africa-press.net\/senegal\/politique\/au-coeur-de-la-faille-qui-a-declenche-le-mega-tsunami-de-2011-un-forage-sans-precedent-a-8-000-metres-sous-la-surface\"},\"author\":{\"name\":\"cfeditorfr\",\"@id\":\"https:\/\/www.africa-press.net\/senegal\/#\/schema\/person\/2b1cf3cd81a31e3cd26889ca66d677f1\"},\"headline\":\"Au C\u0153ur de la Faille qui a D\u00e9clench\u00e9 le M\u00e9ga-tsunami de 2011 : un Forage sans Pr\u00e9c\u00e9dent \u00e0 8 000 M\u00e8tres sous la Surface !\",\"datePublished\":\"2025-01-09T12:38:50+00:00\",\"mainEntityOfPage\":{\"@id\":\"https:\/\/www.africa-press.net\/senegal\/politique\/au-coeur-de-la-faille-qui-a-declenche-le-mega-tsunami-de-2011-un-forage-sans-precedent-a-8-000-metres-sous-la-surface\"},\"wordCount\":465,\"commentCount\":0,\"image\":{\"@id\":\"https:\/\/www.africa-press.net\/senegal\/politique\/au-coeur-de-la-faille-qui-a-declenche-le-mega-tsunami-de-2011-un-forage-sans-precedent-a-8-000-metres-sous-la-surface#primaryimage\"},\"thumbnailUrl\":\"https:\/\/static.africa-press.net\/senegal\/sites\/13\/2025\/01\/sm_1736936286.059945.jpg\",\"keywords\":[\"Senegal\"],\"articleSection\":[\"Divers\",\"Toutes les actualit\u00e9s\"],\"inLanguage\":\"fr-FR\",\"potentialAction\":[{\"@type\":\"CommentAction\",\"name\":\"Comment\",\"target\":[\"https:\/\/www.africa-press.net\/senegal\/politique\/au-coeur-de-la-faille-qui-a-declenche-le-mega-tsunami-de-2011-un-forage-sans-precedent-a-8-000-metres-sous-la-surface#respond\"]}]},{\"@type\":\"WebPage\",\"@id\":\"https:\/\/www.africa-press.net\/senegal\/politique\/au-coeur-de-la-faille-qui-a-declenche-le-mega-tsunami-de-2011-un-forage-sans-precedent-a-8-000-metres-sous-la-surface\",\"url\":\"https:\/\/www.africa-press.net\/senegal\/politique\/au-coeur-de-la-faille-qui-a-declenche-le-mega-tsunami-de-2011-un-forage-sans-precedent-a-8-000-metres-sous-la-surface\",\"name\":\"Au C\u0153ur de la Faille qui a D\u00e9clench\u00e9 le M\u00e9ga-tsunami de 2011 : un Forage sans Pr\u00e9c\u00e9dent \u00e0 8 000 M\u00e8tres sous la Surface ! - Senegal\",\"isPartOf\":{\"@id\":\"https:\/\/www.africa-press.net\/senegal\/#website\"},\"primaryImageOfPage\":{\"@id\":\"https:\/\/www.africa-press.net\/senegal\/politique\/au-coeur-de-la-faille-qui-a-declenche-le-mega-tsunami-de-2011-un-forage-sans-precedent-a-8-000-metres-sous-la-surface#primaryimage\"},\"image\":{\"@id\":\"https:\/\/www.africa-press.net\/senegal\/politique\/au-coeur-de-la-faille-qui-a-declenche-le-mega-tsunami-de-2011-un-forage-sans-precedent-a-8-000-metres-sous-la-surface#primaryimage\"},\"thumbnailUrl\":\"https:\/\/static.africa-press.net\/senegal\/sites\/13\/2025\/01\/sm_1736936286.059945.jpg\",\"datePublished\":\"2025-01-09T12:38:50+00:00\",\"author\":{\"@id\":\"https:\/\/www.africa-press.net\/senegal\/#\/schema\/person\/2b1cf3cd81a31e3cd26889ca66d677f1\"},\"breadcrumb\":{\"@id\":\"https:\/\/www.africa-press.net\/senegal\/politique\/au-coeur-de-la-faille-qui-a-declenche-le-mega-tsunami-de-2011-un-forage-sans-precedent-a-8-000-metres-sous-la-surface#breadcrumb\"},\"inLanguage\":\"fr-FR\",\"potentialAction\":[{\"@type\":\"ReadAction\",\"target\":[\"https:\/\/www.africa-press.net\/senegal\/politique\/au-coeur-de-la-faille-qui-a-declenche-le-mega-tsunami-de-2011-un-forage-sans-precedent-a-8-000-metres-sous-la-surface\"]}]},{\"@type\":\"ImageObject\",\"inLanguage\":\"fr-FR\",\"@id\":\"https:\/\/www.africa-press.net\/senegal\/politique\/au-coeur-de-la-faille-qui-a-declenche-le-mega-tsunami-de-2011-un-forage-sans-precedent-a-8-000-metres-sous-la-surface#primaryimage\",\"url\":\"https:\/\/static.africa-press.net\/senegal\/sites\/13\/2025\/01\/sm_1736936286.059945.jpg\",\"contentUrl\":\"https:\/\/static.africa-press.net\/senegal\/sites\/13\/2025\/01\/sm_1736936286.059945.jpg\",\"width\":1231,\"height\":689,\"caption\":\"Au C\u0153ur de la Faille qui a D\u00e9clench\u00e9 le M\u00e9ga-tsunami de 2011 : un Forage sans Pr\u00e9c\u00e9dent \u00e0 8 000 M\u00e8tres sous la Surface !\"},{\"@type\":\"BreadcrumbList\",\"@id\":\"https:\/\/www.africa-press.net\/senegal\/politique\/au-coeur-de-la-faille-qui-a-declenche-le-mega-tsunami-de-2011-un-forage-sans-precedent-a-8-000-metres-sous-la-surface#breadcrumb\",\"itemListElement\":[{\"@type\":\"ListItem\",\"position\":1,\"name\":\"Accueil\",\"item\":\"https:\/\/www.africa-press.net\/senegal\/\"},{\"@type\":\"ListItem\",\"position\":2,\"name\":\"Au C\u0153ur de la Faille qui a D\u00e9clench\u00e9 le M\u00e9ga-tsunami de 2011 : un Forage sans Pr\u00e9c\u00e9dent \u00e0 8 000 M\u00e8tres sous la Surface !\"}]},{\"@type\":\"WebSite\",\"@id\":\"https:\/\/www.africa-press.net\/senegal\/#website\",\"url\":\"https:\/\/www.africa-press.net\/senegal\/\",\"name\":\"Africa Press | Senegal | Homepage\",\"description\":\"Just another Africa News Agency Sites site\",\"potentialAction\":[{\"@type\":\"SearchAction\",\"target\":{\"@type\":\"EntryPoint\",\"urlTemplate\":\"https:\/\/www.africa-press.net\/senegal\/?s={search_term_string}\"},\"query-input\":{\"@type\":\"PropertyValueSpecification\",\"valueRequired\":true,\"valueName\":\"search_term_string\"}}],\"inLanguage\":\"fr-FR\"},{\"@type\":\"Person\",\"@id\":\"https:\/\/www.africa-press.net\/senegal\/#\/schema\/person\/2b1cf3cd81a31e3cd26889ca66d677f1\",\"name\":\"cfeditorfr\",\"url\":\"https:\/\/www.africa-press.net\/senegal\/author\/cfeditorfr\"}]}<\/script>\n<!-- \/ Yoast SEO Premium plugin. -->","yoast_head_json":{"title":"Au C\u0153ur de la Faille qui a D\u00e9clench\u00e9 le M\u00e9ga-tsunami de 2011 : un Forage sans Pr\u00e9c\u00e9dent \u00e0 8 000 M\u00e8tres sous la Surface ! - Senegal","robots":{"index":"index","follow":"follow","max-snippet":"max-snippet:-1","max-image-preview":"max-image-preview:large","max-video-preview":"max-video-preview:-1"},"canonical":"https:\/\/www.africa-press.net\/senegal\/politique\/au-coeur-de-la-faille-qui-a-declenche-le-mega-tsunami-de-2011-un-forage-sans-precedent-a-8-000-metres-sous-la-surface","og_locale":"fr_FR","og_type":"article","og_title":"Au C\u0153ur de la Faille qui a D\u00e9clench\u00e9 le M\u00e9ga-tsunami de 2011 : un Forage sans Pr\u00e9c\u00e9dent \u00e0 8 000 M\u00e8tres sous la Surface !","og_description":"par Morgane Gillard Africa-Press &#8211; Senegal. Ces derniers mois, une e\u0301quipe de chercheurs a re\u0301alise\u0301 un exploit technique en allant forer directement sur le plan de faille responsable du puissant se\u0301isme responsable du tsunami de To\u0304hoku en 2011: sept kilome\u0300tres d\u2019eau et un kilome\u0300tre de roche a\u0300 traverser pour mieux comprendre l\u2019origine de cette catastrophe. [&hellip;]","og_url":"https:\/\/www.africa-press.net\/senegal\/politique\/au-coeur-de-la-faille-qui-a-declenche-le-mega-tsunami-de-2011-un-forage-sans-precedent-a-8-000-metres-sous-la-surface","og_site_name":"Senegal","article_published_time":"2025-01-09T12:38:50+00:00","author":"cfeditorfr","twitter_card":"summary_large_image","twitter_misc":{"\u00c9crit par":"cfeditorfr","Dur\u00e9e de lecture estim\u00e9e":"2 minutes"},"schema":{"@context":"https:\/\/schema.org","@graph":[{"@type":"Article","@id":"https:\/\/www.africa-press.net\/senegal\/politique\/au-coeur-de-la-faille-qui-a-declenche-le-mega-tsunami-de-2011-un-forage-sans-precedent-a-8-000-metres-sous-la-surface#article","isPartOf":{"@id":"https:\/\/www.africa-press.net\/senegal\/politique\/au-coeur-de-la-faille-qui-a-declenche-le-mega-tsunami-de-2011-un-forage-sans-precedent-a-8-000-metres-sous-la-surface"},"author":{"name":"cfeditorfr","@id":"https:\/\/www.africa-press.net\/senegal\/#\/schema\/person\/2b1cf3cd81a31e3cd26889ca66d677f1"},"headline":"Au C\u0153ur de la Faille qui a D\u00e9clench\u00e9 le M\u00e9ga-tsunami de 2011 : un Forage sans Pr\u00e9c\u00e9dent \u00e0 8 000 M\u00e8tres sous la Surface !","datePublished":"2025-01-09T12:38:50+00:00","mainEntityOfPage":{"@id":"https:\/\/www.africa-press.net\/senegal\/politique\/au-coeur-de-la-faille-qui-a-declenche-le-mega-tsunami-de-2011-un-forage-sans-precedent-a-8-000-metres-sous-la-surface"},"wordCount":465,"commentCount":0,"image":{"@id":"https:\/\/www.africa-press.net\/senegal\/politique\/au-coeur-de-la-faille-qui-a-declenche-le-mega-tsunami-de-2011-un-forage-sans-precedent-a-8-000-metres-sous-la-surface#primaryimage"},"thumbnailUrl":"https:\/\/static.africa-press.net\/senegal\/sites\/13\/2025\/01\/sm_1736936286.059945.jpg","keywords":["Senegal"],"articleSection":["Divers","Toutes les actualit\u00e9s"],"inLanguage":"fr-FR","potentialAction":[{"@type":"CommentAction","name":"Comment","target":["https:\/\/www.africa-press.net\/senegal\/politique\/au-coeur-de-la-faille-qui-a-declenche-le-mega-tsunami-de-2011-un-forage-sans-precedent-a-8-000-metres-sous-la-surface#respond"]}]},{"@type":"WebPage","@id":"https:\/\/www.africa-press.net\/senegal\/politique\/au-coeur-de-la-faille-qui-a-declenche-le-mega-tsunami-de-2011-un-forage-sans-precedent-a-8-000-metres-sous-la-surface","url":"https:\/\/www.africa-press.net\/senegal\/politique\/au-coeur-de-la-faille-qui-a-declenche-le-mega-tsunami-de-2011-un-forage-sans-precedent-a-8-000-metres-sous-la-surface","name":"Au C\u0153ur de la Faille qui a D\u00e9clench\u00e9 le M\u00e9ga-tsunami de 2011 : un Forage sans Pr\u00e9c\u00e9dent \u00e0 8 000 M\u00e8tres sous la Surface ! - Senegal","isPartOf":{"@id":"https:\/\/www.africa-press.net\/senegal\/#website"},"primaryImageOfPage":{"@id":"https:\/\/www.africa-press.net\/senegal\/politique\/au-coeur-de-la-faille-qui-a-declenche-le-mega-tsunami-de-2011-un-forage-sans-precedent-a-8-000-metres-sous-la-surface#primaryimage"},"image":{"@id":"https:\/\/www.africa-press.net\/senegal\/politique\/au-coeur-de-la-faille-qui-a-declenche-le-mega-tsunami-de-2011-un-forage-sans-precedent-a-8-000-metres-sous-la-surface#primaryimage"},"thumbnailUrl":"https:\/\/static.africa-press.net\/senegal\/sites\/13\/2025\/01\/sm_1736936286.059945.jpg","datePublished":"2025-01-09T12:38:50+00:00","author":{"@id":"https:\/\/www.africa-press.net\/senegal\/#\/schema\/person\/2b1cf3cd81a31e3cd26889ca66d677f1"},"breadcrumb":{"@id":"https:\/\/www.africa-press.net\/senegal\/politique\/au-coeur-de-la-faille-qui-a-declenche-le-mega-tsunami-de-2011-un-forage-sans-precedent-a-8-000-metres-sous-la-surface#breadcrumb"},"inLanguage":"fr-FR","potentialAction":[{"@type":"ReadAction","target":["https:\/\/www.africa-press.net\/senegal\/politique\/au-coeur-de-la-faille-qui-a-declenche-le-mega-tsunami-de-2011-un-forage-sans-precedent-a-8-000-metres-sous-la-surface"]}]},{"@type":"ImageObject","inLanguage":"fr-FR","@id":"https:\/\/www.africa-press.net\/senegal\/politique\/au-coeur-de-la-faille-qui-a-declenche-le-mega-tsunami-de-2011-un-forage-sans-precedent-a-8-000-metres-sous-la-surface#primaryimage","url":"https:\/\/static.africa-press.net\/senegal\/sites\/13\/2025\/01\/sm_1736936286.059945.jpg","contentUrl":"https:\/\/static.africa-press.net\/senegal\/sites\/13\/2025\/01\/sm_1736936286.059945.jpg","width":1231,"height":689,"caption":"Au C\u0153ur de la Faille qui a D\u00e9clench\u00e9 le M\u00e9ga-tsunami de 2011 : un Forage sans Pr\u00e9c\u00e9dent \u00e0 8 000 M\u00e8tres sous la Surface !"},{"@type":"BreadcrumbList","@id":"https:\/\/www.africa-press.net\/senegal\/politique\/au-coeur-de-la-faille-qui-a-declenche-le-mega-tsunami-de-2011-un-forage-sans-precedent-a-8-000-metres-sous-la-surface#breadcrumb","itemListElement":[{"@type":"ListItem","position":1,"name":"Accueil","item":"https:\/\/www.africa-press.net\/senegal\/"},{"@type":"ListItem","position":2,"name":"Au C\u0153ur de la Faille qui a D\u00e9clench\u00e9 le M\u00e9ga-tsunami de 2011 : un Forage sans Pr\u00e9c\u00e9dent \u00e0 8 000 M\u00e8tres sous la Surface !"}]},{"@type":"WebSite","@id":"https:\/\/www.africa-press.net\/senegal\/#website","url":"https:\/\/www.africa-press.net\/senegal\/","name":"Africa Press | Senegal | Homepage","description":"Just another Africa News Agency Sites site","potentialAction":[{"@type":"SearchAction","target":{"@type":"EntryPoint","urlTemplate":"https:\/\/www.africa-press.net\/senegal\/?s={search_term_string}"},"query-input":{"@type":"PropertyValueSpecification","valueRequired":true,"valueName":"search_term_string"}}],"inLanguage":"fr-FR"},{"@type":"Person","@id":"https:\/\/www.africa-press.net\/senegal\/#\/schema\/person\/2b1cf3cd81a31e3cd26889ca66d677f1","name":"cfeditorfr","url":"https:\/\/www.africa-press.net\/senegal\/author\/cfeditorfr"}]}},"_links":{"self":[{"href":"https:\/\/www.africa-press.net\/senegal\/wp-json\/wp\/v2\/posts\/64766","targetHints":{"allow":["GET"]}}],"collection":[{"href":"https:\/\/www.africa-press.net\/senegal\/wp-json\/wp\/v2\/posts"}],"about":[{"href":"https:\/\/www.africa-press.net\/senegal\/wp-json\/wp\/v2\/types\/post"}],"author":[{"embeddable":true,"href":"https:\/\/www.africa-press.net\/senegal\/wp-json\/wp\/v2\/users\/82"}],"replies":[{"embeddable":true,"href":"https:\/\/www.africa-press.net\/senegal\/wp-json\/wp\/v2\/comments?post=64766"}],"version-history":[{"count":0,"href":"https:\/\/www.africa-press.net\/senegal\/wp-json\/wp\/v2\/posts\/64766\/revisions"}],"wp:featuredmedia":[{"embeddable":true,"href":"https:\/\/www.africa-press.net\/senegal\/wp-json\/wp\/v2\/media\/64765"}],"wp:attachment":[{"href":"https:\/\/www.africa-press.net\/senegal\/wp-json\/wp\/v2\/media?parent=64766"}],"wp:term":[{"taxonomy":"category","embeddable":true,"href":"https:\/\/www.africa-press.net\/senegal\/wp-json\/wp\/v2\/categories?post=64766"},{"taxonomy":"post_tag","embeddable":true,"href":"https:\/\/www.africa-press.net\/senegal\/wp-json\/wp\/v2\/tags?post=64766"}],"curies":[{"name":"wp","href":"https:\/\/api.w.org\/{rel}","templated":true}]}}