{"id":64769,"date":"2025-01-10T12:40:32","date_gmt":"2025-01-10T12:40:32","guid":{"rendered":"https:\/\/www.africa-press.net\/senegal\/politique\/en-pleine-randonnee-elle-trouve-un-monde-perdu-datant-de-280-millions-dannees"},"modified":"2025-01-10T12:40:32","modified_gmt":"2025-01-10T12:40:32","slug":"en-pleine-randonnee-elle-trouve-un-monde-perdu-datant-de-280-millions-dannees","status":"publish","type":"post","link":"https:\/\/www.africa-press.net\/senegal\/toutes-les-actualites\/en-pleine-randonnee-elle-trouve-un-monde-perdu-datant-de-280-millions-dannees","title":{"rendered":"En Pleine Randonn\u00e9e, elle Trouve un Monde Perdu Datant de 280 Millions D&rsquo;ann\u00e9es"},"content":{"rendered":"<p><b>par la r\u00e9daction<\/b><\/p>\n<p><span style=\"color: #ff6600\"><strong>Africa-Press &#8211; Senegal. <\/strong><\/span>Une de\u0301couverte passionnante dans les Alpes italiennes a re\u0301ve\u0301le\u0301 un e\u0301cosyste\u0300me tropical vieux de 280 millions d&rsquo;anne\u0301es. Des empreintes de reptiles, des fossiles de plantes et me\u0302me des traces de gouttes de pluie ont e\u0301te\u0301 pre\u0301serve\u0301s dans la roche. Comment ces vestiges du passe\u0301 nous e\u0301clairent-ils sur l&rsquo;e\u0301volution climatique de notre Plane\u0300te ?<\/p>\n<p>Dans les hauteurs des Alpes italiennes, une randonne\u0301e ordinaire s&rsquo;est transforme\u0301e en une extraordinaire aventure scientifique. Une de\u0301couverte fortuite a permis aux chercheurs de mettre au jour un tre\u0301sor pale\u0301ontologique d&rsquo;une valeur inestimable. Ces fossiles alpins, remarquablement conserve\u0301s, offrent un aperc\u0327u inte\u0301ressant d&rsquo;un monde tropical disparu, bien avant l&rsquo;apparition des dinosaures.<\/p>\n<p><b>Une randonne\u0301e qui change le cours de l&rsquo;histoire<\/b><\/p>\n<p>En 2023, Claudia Steffensen, une randonneuse attentive, a fait une observation qui allait bouleverser notre compre\u0301hension de l&rsquo;histoire ge\u0301ologique des Alpes. Lors d&rsquo;une promenade dans le parc des montagnes Orobie de Valtellina en Lombardie, son regard fut attire\u0301 par des motifs circulaires e\u0301tranges sur une roche ressemblant a\u0300 du ciment.<\/p>\n<p>Cette de\u0301couverte fortuite a rapidement mobilise\u0301 la communaute\u0301 scientifique. Des experts ont analyse\u0301 la roche et ont confirme\u0301 qu&rsquo;il s&rsquo;agissait d&#8217;empreintes de reptiles pre\u0301historiques. Ce \u00ab rocher ze\u0301ro \u00bb, comme il a e\u0301te\u0301 surnomme\u0301, a ouvert la voie a\u0300 une se\u0301rie d&rsquo;expe\u0301ditions qui ont re\u0301ve\u0301le\u0301 bien plus que de simples traces de pas.<\/p>\n<p>Les scientifiques ont identifie\u0301 des vestiges d&rsquo;un e\u0301cosyste\u0300me complet datant de la pe\u0301riode permienne, il y a 280 millions d&rsquo;anne\u0301es. Cette e\u0301poque ge\u0301ologique, caracte\u0301rise\u0301e par un re\u0301chauffement climatique rapide, s&rsquo;est termine\u0301e par un e\u0301ve\u0301nement d&rsquo;extinction massive connu sous le nom de \u00ab Grande extinction \u00bb.<\/p>\n<p><b>Un e\u0301cosyste\u0300me tropical pre\u0301serve\u0301 dans la pierre<\/b><\/p>\n<p>Les de\u0301couvertes ne se sont pas limite\u0301es aux empreintes de reptiles. Les chercheurs ont mis au jour un ve\u0301ritable catalogue de la vie pre\u0301historique:<\/p>\n<p>&#8211; traces fossilise\u0301es d&rsquo;amphibiens ;<\/p>\n<p>&#8211; empreintes d&rsquo;insectes et d&rsquo;arthropodes ;<\/p>\n<p>&#8211; vestiges de graines, de feuilles et de tiges ;<\/p>\n<p>&#8211; marques de gouttes de pluie et d&rsquo;ondulations d&rsquo;eau.<\/p>\n<p>Cette pre\u0301servation extraordinaire est due a\u0300 la proximite\u0301 d&rsquo;un ancien lac. Ausonio Ronchi, pale\u0301ontologue a\u0300 l&rsquo;Universite\u0301 de Pavie, explique: \u00ab Les empreintes ont e\u0301te\u0301 faites lorsque ces gre\u0300s et schistes e\u0301taient encore du sable et de la boue gorge\u0301s d&rsquo;eau au bord de rivie\u0300res et de lacs, qui s&rsquo;asse\u0301chaient pe\u0301riodiquement selon les saisons \u00bb.<\/p>\n<p>La finesse du grain de ce sable et de cette boue a permis de conserver les moindres de\u0301tails, y compris les marques de griffes et les motifs des ventres des animaux. Les chercheurs ont identifie\u0301 au moins cinq espe\u0300ces animales diffe\u0301rentes, certaines atteignant la taille impressionnante des dragons de Komodo actuels.<\/p>\n<p><b>Une fene\u0302tre sur un monde disparu<\/b><\/p>\n<p>Ces fossiles alpins nous offrent un aperc\u0327u captivant d&rsquo;un monde tropical disparu. Voici un tableau re\u0301capitulatif des principales de\u0301couvertes:<\/p>\n<p><img loading=\"lazy\" decoding=\"async\" width=\"1251\" height=\"466\" class=\"alignnone wp-image-64767 size-full\" src=\"https:\/\/static.africa-press.net\/senegal\/sites\/13\/2025\/01\/sm_1736936377.721375.jpg\" srcset=\"https:\/\/static.africa-press.net\/senegal\/sites\/13\/2025\/01\/sm_1736936377.721375.jpg 1251w, https:\/\/static.africa-press.net\/senegal\/sites\/13\/2025\/01\/sm_1736936377.721375-300x112.jpg 300w, https:\/\/static.africa-press.net\/senegal\/sites\/13\/2025\/01\/sm_1736936377.721375-1024x381.jpg 1024w, https:\/\/static.africa-press.net\/senegal\/sites\/13\/2025\/01\/sm_1736936377.721375-768x286.jpg 768w\" sizes=\"auto, (max-width: 1251px) 100vw, 1251px\" \/><\/p>\n<p>Ces de\u0301couvertes soule\u0300vent des questions fascinantes sur l&rsquo;e\u0301volution du climat terrestre. Cristiano Dal Sasso, pale\u0301ontologue des verte\u0301bre\u0301s au Muse\u0301e d&rsquo;Histoire naturelle de Milan, souligne: \u00ab A\u0300 cette e\u0301poque, les dinosaures n&rsquo;existaient pas encore, mais les animaux responsables des plus grandes empreintes trouve\u0301es ici devaient e\u0302tre d&rsquo;une taille conside\u0301rable \u00bb.<\/p>\n<p><b>Lec\u0327ons du passe\u0301 pour l&rsquo;avenir<\/b><\/p>\n<p>Cette de\u0301couverte n&rsquo;est pas seulement une fene\u0302tre sur le passe\u0301, elle est aussi un avertissement pour notre pre\u0301sent. Le re\u0301chauffement climatique actuel fait fondre rapidement la couverture neigeuse et glaciaire des Alpes, re\u0301ve\u0301lant ces tre\u0301sors pale\u0301ontologiques cache\u0301s depuis des millions d&rsquo;anne\u0301es.<\/p>\n<p>Les chercheurs soulignent que ces fossiles \u00ab te\u0301moignent d&rsquo;une pe\u0301riode ge\u0301ologique lointaine, mais avec une tendance au re\u0301chauffement global tout a\u0300 fait similaire a\u0300 celle d&rsquo;aujourd&rsquo;hui \u00bb. Cette similitude entre le passe\u0301 et le pre\u0301sent nous offre une perspective unique sur les de\u0301fis climatiques auxquels nous sommes confronte\u0301s.<\/p>\n<p>Ces vestiges alpins nous rappellent que notre Plane\u0300te a connu des changements dramatiques par le passe\u0301. Ils nous invitent a\u0300 re\u0301fle\u0301chir sur notre impact actuel et a\u0300 agir pour pre\u0301server la richesse de notre e\u0301cosyste\u0300me pour les ge\u0301ne\u0301rations futures.<\/p>\n<p><strong>Pour plus d&rsquo;informations et d&rsquo;analyses sur la <span style=\"color: #ff6600\">Senegal<\/span>, suivez <span style=\"color: #ff6600\">Africa-Press<span style=\"color: #ff6600\"><\/span><\/strong><\/p>\n","protected":false},"excerpt":{"rendered":"<p>par la r\u00e9daction Africa-Press &#8211; Senegal. Une de\u0301couverte passionnante dans les Alpes italiennes a re\u0301ve\u0301le\u0301 un e\u0301cosyste\u0300me tropical vieux de 280 millions d&rsquo;anne\u0301es. Des empreintes de reptiles, des fossiles de plantes et me\u0302me des traces de gouttes de pluie ont e\u0301te\u0301 pre\u0301serve\u0301s dans la roche. Comment ces vestiges du passe\u0301 nous e\u0301clairent-ils sur l&rsquo;e\u0301volution climatique [&hellip;]<\/p>\n","protected":false},"author":82,"featured_media":64768,"comment_status":"open","ping_status":"closed","sticky":false,"template":"","format":"standard","meta":{"footnotes":""},"categories":[22,10],"tags":[44],"class_list":["post-64769","post","type-post","status-publish","format-standard","has-post-thumbnail","hentry","category-divers","category-toutes-les-actualites","tag-senegal-2"],"yoast_head":"<!-- This site is optimized with the Yoast SEO Premium plugin v26.1 (Yoast SEO v27.0) - https:\/\/yoast.com\/product\/yoast-seo-premium-wordpress\/ -->\n<title>En Pleine Randonn\u00e9e, elle Trouve un Monde Perdu Datant de 280 Millions D&#039;ann\u00e9es - Senegal<\/title>\n<meta name=\"robots\" content=\"index, follow, max-snippet:-1, max-image-preview:large, max-video-preview:-1\" \/>\n<link rel=\"canonical\" href=\"https:\/\/www.africa-press.net\/senegal\/politique\/en-pleine-randonnee-elle-trouve-un-monde-perdu-datant-de-280-millions-dannees\" \/>\n<meta property=\"og:locale\" content=\"fr_FR\" \/>\n<meta property=\"og:type\" content=\"article\" \/>\n<meta property=\"og:title\" content=\"En Pleine Randonn\u00e9e, elle Trouve un Monde Perdu Datant de 280 Millions D&#039;ann\u00e9es\" \/>\n<meta property=\"og:description\" content=\"par la r\u00e9daction Africa-Press &#8211; Senegal. Une de\u0301couverte passionnante dans les Alpes italiennes a re\u0301ve\u0301le\u0301 un e\u0301cosyste\u0300me tropical vieux de 280 millions d&rsquo;anne\u0301es. Des empreintes de reptiles, des fossiles de plantes et me\u0302me des traces de gouttes de pluie ont e\u0301te\u0301 pre\u0301serve\u0301s dans la roche. Comment ces vestiges du passe\u0301 nous e\u0301clairent-ils sur l&rsquo;e\u0301volution climatique [&hellip;]\" \/>\n<meta property=\"og:url\" content=\"https:\/\/www.africa-press.net\/senegal\/politique\/en-pleine-randonnee-elle-trouve-un-monde-perdu-datant-de-280-millions-dannees\" \/>\n<meta property=\"og:site_name\" content=\"Senegal\" \/>\n<meta property=\"article:published_time\" content=\"2025-01-10T12:40:32+00:00\" \/>\n<meta property=\"og:image\" content=\"https:\/\/static.africa-press.net\/senegal\/sites\/13\/2025\/01\/sm_1736936377.721375.jpg\" \/>\n\t<meta property=\"og:image:width\" content=\"1251\" \/>\n\t<meta property=\"og:image:height\" content=\"466\" \/>\n\t<meta property=\"og:image:type\" content=\"image\/jpeg\" \/>\n<meta name=\"author\" content=\"cfeditorfr\" \/>\n<meta name=\"twitter:card\" content=\"summary_large_image\" \/>\n<meta name=\"twitter:label1\" content=\"\u00c9crit par\" \/>\n\t<meta name=\"twitter:data1\" content=\"cfeditorfr\" \/>\n\t<meta name=\"twitter:label2\" content=\"Dur\u00e9e de lecture estim\u00e9e\" \/>\n\t<meta name=\"twitter:data2\" content=\"4 minutes\" \/>\n<script type=\"application\/ld+json\" class=\"yoast-schema-graph\">{\"@context\":\"https:\/\/schema.org\",\"@graph\":[{\"@type\":\"Article\",\"@id\":\"https:\/\/www.africa-press.net\/senegal\/politique\/en-pleine-randonnee-elle-trouve-un-monde-perdu-datant-de-280-millions-dannees#article\",\"isPartOf\":{\"@id\":\"https:\/\/www.africa-press.net\/senegal\/politique\/en-pleine-randonnee-elle-trouve-un-monde-perdu-datant-de-280-millions-dannees\"},\"author\":{\"name\":\"cfeditorfr\",\"@id\":\"https:\/\/www.africa-press.net\/senegal\/#\/schema\/person\/2b1cf3cd81a31e3cd26889ca66d677f1\"},\"headline\":\"En Pleine Randonn\u00e9e, elle Trouve un Monde Perdu Datant de 280 Millions D&rsquo;ann\u00e9es\",\"datePublished\":\"2025-01-10T12:40:32+00:00\",\"mainEntityOfPage\":{\"@id\":\"https:\/\/www.africa-press.net\/senegal\/politique\/en-pleine-randonnee-elle-trouve-un-monde-perdu-datant-de-280-millions-dannees\"},\"wordCount\":793,\"commentCount\":0,\"image\":{\"@id\":\"https:\/\/www.africa-press.net\/senegal\/politique\/en-pleine-randonnee-elle-trouve-un-monde-perdu-datant-de-280-millions-dannees#primaryimage\"},\"thumbnailUrl\":\"https:\/\/static.africa-press.net\/senegal\/sites\/13\/2025\/01\/sm_1736936381.297662.jpg\",\"keywords\":[\"Senegal\"],\"articleSection\":[\"Divers\",\"Toutes les actualit\u00e9s\"],\"inLanguage\":\"fr-FR\",\"potentialAction\":[{\"@type\":\"CommentAction\",\"name\":\"Comment\",\"target\":[\"https:\/\/www.africa-press.net\/senegal\/politique\/en-pleine-randonnee-elle-trouve-un-monde-perdu-datant-de-280-millions-dannees#respond\"]}]},{\"@type\":\"WebPage\",\"@id\":\"https:\/\/www.africa-press.net\/senegal\/politique\/en-pleine-randonnee-elle-trouve-un-monde-perdu-datant-de-280-millions-dannees\",\"url\":\"https:\/\/www.africa-press.net\/senegal\/politique\/en-pleine-randonnee-elle-trouve-un-monde-perdu-datant-de-280-millions-dannees\",\"name\":\"En Pleine Randonn\u00e9e, elle Trouve un Monde Perdu Datant de 280 Millions D'ann\u00e9es - Senegal\",\"isPartOf\":{\"@id\":\"https:\/\/www.africa-press.net\/senegal\/#website\"},\"primaryImageOfPage\":{\"@id\":\"https:\/\/www.africa-press.net\/senegal\/politique\/en-pleine-randonnee-elle-trouve-un-monde-perdu-datant-de-280-millions-dannees#primaryimage\"},\"image\":{\"@id\":\"https:\/\/www.africa-press.net\/senegal\/politique\/en-pleine-randonnee-elle-trouve-un-monde-perdu-datant-de-280-millions-dannees#primaryimage\"},\"thumbnailUrl\":\"https:\/\/static.africa-press.net\/senegal\/sites\/13\/2025\/01\/sm_1736936381.297662.jpg\",\"datePublished\":\"2025-01-10T12:40:32+00:00\",\"author\":{\"@id\":\"https:\/\/www.africa-press.net\/senegal\/#\/schema\/person\/2b1cf3cd81a31e3cd26889ca66d677f1\"},\"breadcrumb\":{\"@id\":\"https:\/\/www.africa-press.net\/senegal\/politique\/en-pleine-randonnee-elle-trouve-un-monde-perdu-datant-de-280-millions-dannees#breadcrumb\"},\"inLanguage\":\"fr-FR\",\"potentialAction\":[{\"@type\":\"ReadAction\",\"target\":[\"https:\/\/www.africa-press.net\/senegal\/politique\/en-pleine-randonnee-elle-trouve-un-monde-perdu-datant-de-280-millions-dannees\"]}]},{\"@type\":\"ImageObject\",\"inLanguage\":\"fr-FR\",\"@id\":\"https:\/\/www.africa-press.net\/senegal\/politique\/en-pleine-randonnee-elle-trouve-un-monde-perdu-datant-de-280-millions-dannees#primaryimage\",\"url\":\"https:\/\/static.africa-press.net\/senegal\/sites\/13\/2025\/01\/sm_1736936381.297662.jpg\",\"contentUrl\":\"https:\/\/static.africa-press.net\/senegal\/sites\/13\/2025\/01\/sm_1736936381.297662.jpg\",\"width\":1257,\"height\":782,\"caption\":\"En Pleine Randonn\u00e9e, elle Trouve un Monde Perdu Datant de 280 Millions D'ann\u00e9es\"},{\"@type\":\"BreadcrumbList\",\"@id\":\"https:\/\/www.africa-press.net\/senegal\/politique\/en-pleine-randonnee-elle-trouve-un-monde-perdu-datant-de-280-millions-dannees#breadcrumb\",\"itemListElement\":[{\"@type\":\"ListItem\",\"position\":1,\"name\":\"Accueil\",\"item\":\"https:\/\/www.africa-press.net\/senegal\/\"},{\"@type\":\"ListItem\",\"position\":2,\"name\":\"En Pleine Randonn\u00e9e, elle Trouve un Monde Perdu Datant de 280 Millions D&rsquo;ann\u00e9es\"}]},{\"@type\":\"WebSite\",\"@id\":\"https:\/\/www.africa-press.net\/senegal\/#website\",\"url\":\"https:\/\/www.africa-press.net\/senegal\/\",\"name\":\"Africa Press | Senegal | Homepage\",\"description\":\"Just another Africa News Agency Sites site\",\"potentialAction\":[{\"@type\":\"SearchAction\",\"target\":{\"@type\":\"EntryPoint\",\"urlTemplate\":\"https:\/\/www.africa-press.net\/senegal\/?s={search_term_string}\"},\"query-input\":{\"@type\":\"PropertyValueSpecification\",\"valueRequired\":true,\"valueName\":\"search_term_string\"}}],\"inLanguage\":\"fr-FR\"},{\"@type\":\"Person\",\"@id\":\"https:\/\/www.africa-press.net\/senegal\/#\/schema\/person\/2b1cf3cd81a31e3cd26889ca66d677f1\",\"name\":\"cfeditorfr\",\"url\":\"https:\/\/www.africa-press.net\/senegal\/author\/cfeditorfr\"}]}<\/script>\n<!-- \/ Yoast SEO Premium plugin. -->","yoast_head_json":{"title":"En Pleine Randonn\u00e9e, elle Trouve un Monde Perdu Datant de 280 Millions D'ann\u00e9es - Senegal","robots":{"index":"index","follow":"follow","max-snippet":"max-snippet:-1","max-image-preview":"max-image-preview:large","max-video-preview":"max-video-preview:-1"},"canonical":"https:\/\/www.africa-press.net\/senegal\/politique\/en-pleine-randonnee-elle-trouve-un-monde-perdu-datant-de-280-millions-dannees","og_locale":"fr_FR","og_type":"article","og_title":"En Pleine Randonn\u00e9e, elle Trouve un Monde Perdu Datant de 280 Millions D'ann\u00e9es","og_description":"par la r\u00e9daction Africa-Press &#8211; Senegal. Une de\u0301couverte passionnante dans les Alpes italiennes a re\u0301ve\u0301le\u0301 un e\u0301cosyste\u0300me tropical vieux de 280 millions d&rsquo;anne\u0301es. Des empreintes de reptiles, des fossiles de plantes et me\u0302me des traces de gouttes de pluie ont e\u0301te\u0301 pre\u0301serve\u0301s dans la roche. Comment ces vestiges du passe\u0301 nous e\u0301clairent-ils sur l&rsquo;e\u0301volution climatique [&hellip;]","og_url":"https:\/\/www.africa-press.net\/senegal\/politique\/en-pleine-randonnee-elle-trouve-un-monde-perdu-datant-de-280-millions-dannees","og_site_name":"Senegal","article_published_time":"2025-01-10T12:40:32+00:00","og_image":[{"width":1251,"height":466,"url":"https:\/\/static.africa-press.net\/senegal\/sites\/13\/2025\/01\/sm_1736936377.721375.jpg","type":"image\/jpeg"}],"author":"cfeditorfr","twitter_card":"summary_large_image","twitter_misc":{"\u00c9crit par":"cfeditorfr","Dur\u00e9e de lecture estim\u00e9e":"4 minutes"},"schema":{"@context":"https:\/\/schema.org","@graph":[{"@type":"Article","@id":"https:\/\/www.africa-press.net\/senegal\/politique\/en-pleine-randonnee-elle-trouve-un-monde-perdu-datant-de-280-millions-dannees#article","isPartOf":{"@id":"https:\/\/www.africa-press.net\/senegal\/politique\/en-pleine-randonnee-elle-trouve-un-monde-perdu-datant-de-280-millions-dannees"},"author":{"name":"cfeditorfr","@id":"https:\/\/www.africa-press.net\/senegal\/#\/schema\/person\/2b1cf3cd81a31e3cd26889ca66d677f1"},"headline":"En Pleine Randonn\u00e9e, elle Trouve un Monde Perdu Datant de 280 Millions D&rsquo;ann\u00e9es","datePublished":"2025-01-10T12:40:32+00:00","mainEntityOfPage":{"@id":"https:\/\/www.africa-press.net\/senegal\/politique\/en-pleine-randonnee-elle-trouve-un-monde-perdu-datant-de-280-millions-dannees"},"wordCount":793,"commentCount":0,"image":{"@id":"https:\/\/www.africa-press.net\/senegal\/politique\/en-pleine-randonnee-elle-trouve-un-monde-perdu-datant-de-280-millions-dannees#primaryimage"},"thumbnailUrl":"https:\/\/static.africa-press.net\/senegal\/sites\/13\/2025\/01\/sm_1736936381.297662.jpg","keywords":["Senegal"],"articleSection":["Divers","Toutes les actualit\u00e9s"],"inLanguage":"fr-FR","potentialAction":[{"@type":"CommentAction","name":"Comment","target":["https:\/\/www.africa-press.net\/senegal\/politique\/en-pleine-randonnee-elle-trouve-un-monde-perdu-datant-de-280-millions-dannees#respond"]}]},{"@type":"WebPage","@id":"https:\/\/www.africa-press.net\/senegal\/politique\/en-pleine-randonnee-elle-trouve-un-monde-perdu-datant-de-280-millions-dannees","url":"https:\/\/www.africa-press.net\/senegal\/politique\/en-pleine-randonnee-elle-trouve-un-monde-perdu-datant-de-280-millions-dannees","name":"En Pleine Randonn\u00e9e, elle Trouve un Monde Perdu Datant de 280 Millions D'ann\u00e9es - Senegal","isPartOf":{"@id":"https:\/\/www.africa-press.net\/senegal\/#website"},"primaryImageOfPage":{"@id":"https:\/\/www.africa-press.net\/senegal\/politique\/en-pleine-randonnee-elle-trouve-un-monde-perdu-datant-de-280-millions-dannees#primaryimage"},"image":{"@id":"https:\/\/www.africa-press.net\/senegal\/politique\/en-pleine-randonnee-elle-trouve-un-monde-perdu-datant-de-280-millions-dannees#primaryimage"},"thumbnailUrl":"https:\/\/static.africa-press.net\/senegal\/sites\/13\/2025\/01\/sm_1736936381.297662.jpg","datePublished":"2025-01-10T12:40:32+00:00","author":{"@id":"https:\/\/www.africa-press.net\/senegal\/#\/schema\/person\/2b1cf3cd81a31e3cd26889ca66d677f1"},"breadcrumb":{"@id":"https:\/\/www.africa-press.net\/senegal\/politique\/en-pleine-randonnee-elle-trouve-un-monde-perdu-datant-de-280-millions-dannees#breadcrumb"},"inLanguage":"fr-FR","potentialAction":[{"@type":"ReadAction","target":["https:\/\/www.africa-press.net\/senegal\/politique\/en-pleine-randonnee-elle-trouve-un-monde-perdu-datant-de-280-millions-dannees"]}]},{"@type":"ImageObject","inLanguage":"fr-FR","@id":"https:\/\/www.africa-press.net\/senegal\/politique\/en-pleine-randonnee-elle-trouve-un-monde-perdu-datant-de-280-millions-dannees#primaryimage","url":"https:\/\/static.africa-press.net\/senegal\/sites\/13\/2025\/01\/sm_1736936381.297662.jpg","contentUrl":"https:\/\/static.africa-press.net\/senegal\/sites\/13\/2025\/01\/sm_1736936381.297662.jpg","width":1257,"height":782,"caption":"En Pleine Randonn\u00e9e, elle Trouve un Monde Perdu Datant de 280 Millions D'ann\u00e9es"},{"@type":"BreadcrumbList","@id":"https:\/\/www.africa-press.net\/senegal\/politique\/en-pleine-randonnee-elle-trouve-un-monde-perdu-datant-de-280-millions-dannees#breadcrumb","itemListElement":[{"@type":"ListItem","position":1,"name":"Accueil","item":"https:\/\/www.africa-press.net\/senegal\/"},{"@type":"ListItem","position":2,"name":"En Pleine Randonn\u00e9e, elle Trouve un Monde Perdu Datant de 280 Millions D&rsquo;ann\u00e9es"}]},{"@type":"WebSite","@id":"https:\/\/www.africa-press.net\/senegal\/#website","url":"https:\/\/www.africa-press.net\/senegal\/","name":"Africa Press | Senegal | Homepage","description":"Just another Africa News Agency Sites site","potentialAction":[{"@type":"SearchAction","target":{"@type":"EntryPoint","urlTemplate":"https:\/\/www.africa-press.net\/senegal\/?s={search_term_string}"},"query-input":{"@type":"PropertyValueSpecification","valueRequired":true,"valueName":"search_term_string"}}],"inLanguage":"fr-FR"},{"@type":"Person","@id":"https:\/\/www.africa-press.net\/senegal\/#\/schema\/person\/2b1cf3cd81a31e3cd26889ca66d677f1","name":"cfeditorfr","url":"https:\/\/www.africa-press.net\/senegal\/author\/cfeditorfr"}]}},"_links":{"self":[{"href":"https:\/\/www.africa-press.net\/senegal\/wp-json\/wp\/v2\/posts\/64769","targetHints":{"allow":["GET"]}}],"collection":[{"href":"https:\/\/www.africa-press.net\/senegal\/wp-json\/wp\/v2\/posts"}],"about":[{"href":"https:\/\/www.africa-press.net\/senegal\/wp-json\/wp\/v2\/types\/post"}],"author":[{"embeddable":true,"href":"https:\/\/www.africa-press.net\/senegal\/wp-json\/wp\/v2\/users\/82"}],"replies":[{"embeddable":true,"href":"https:\/\/www.africa-press.net\/senegal\/wp-json\/wp\/v2\/comments?post=64769"}],"version-history":[{"count":0,"href":"https:\/\/www.africa-press.net\/senegal\/wp-json\/wp\/v2\/posts\/64769\/revisions"}],"wp:featuredmedia":[{"embeddable":true,"href":"https:\/\/www.africa-press.net\/senegal\/wp-json\/wp\/v2\/media\/64768"}],"wp:attachment":[{"href":"https:\/\/www.africa-press.net\/senegal\/wp-json\/wp\/v2\/media?parent=64769"}],"wp:term":[{"taxonomy":"category","embeddable":true,"href":"https:\/\/www.africa-press.net\/senegal\/wp-json\/wp\/v2\/categories?post=64769"},{"taxonomy":"post_tag","embeddable":true,"href":"https:\/\/www.africa-press.net\/senegal\/wp-json\/wp\/v2\/tags?post=64769"}],"curies":[{"name":"wp","href":"https:\/\/api.w.org\/{rel}","templated":true}]}}