{"id":64771,"date":"2025-01-10T12:47:13","date_gmt":"2025-01-10T12:47:13","guid":{"rendered":"https:\/\/www.africa-press.net\/senegal\/politique\/le-jour-ou-il-a-fait-25-c-sur-quasiment-tout-lest-de-la-france"},"modified":"2025-01-10T12:47:13","modified_gmt":"2025-01-10T12:47:13","slug":"le-jour-ou-il-a-fait-25-c-sur-quasiment-tout-lest-de-la-france","status":"publish","type":"post","link":"https:\/\/www.africa-press.net\/senegal\/toutes-les-actualites\/le-jour-ou-il-a-fait-25-c-sur-quasiment-tout-lest-de-la-france","title":{"rendered":"Le Jour o\u00f9 il a Fait -25 \u00b0C sur Quasiment tout L\u2019Est de la France !"},"content":{"rendered":"<p><span style=\"color: #ff6600\"><strong>Africa-Press &#8211; Senegal. <\/strong><\/span>Il y a 40 ans, c\u2019est une vague de froid exceptionnelle qui a touche\u0301 une grande partie de la France. La matine\u0301e du 16 janvier 1985 est, a\u0300 ce jour, la plus froide enregistre\u0301e dans notre pays.<\/p>\n<p>Apre\u0300s deux hivers pluto\u0302t doux, cette vague de froid de 1985 a donne\u0301 lieu a\u0300 de nombreux records jamais e\u0301gale\u0301 depuis. L&rsquo;e\u0301ve\u0301nement a de\u0301bute\u0301 le 4 janvier 1985, pour se terminer le 19 janvier, soit 15 jours de froid polaire. En lien avec l&rsquo;installation durable d&rsquo;un flux de nord a\u0300 nord-est, une grande partie de l&rsquo;Europe a e\u0301te\u0301 confronte\u0301e a\u0300 la descente d&rsquo;un air glacial en provenance de l&rsquo;Arctique. En France, le froid et la neige abondante ont touche\u0301 tout l&rsquo;est: de la re\u0301gion Grand Est, aux plages de Nice, jusqu&rsquo;en Corse.<\/p>\n<p>Cependant, c&rsquo;est la re\u0301gion des Alpes qui a subi les conditions les plus extre\u0302mes, et en particulier la ville de Grenoble: le seuil des -25 \u00b0C a e\u0301te\u0301 fro\u0302le\u0301, avec -24,6 \u00b0C releve\u0301 le 7 janvier.<\/p>\n<p><b>Les records de tempe\u0301rature se sont succe\u0301de\u0301 de jour en jour<\/b><\/p>\n<p>Une journe\u0301e est reste\u0301e dans l&rsquo;histoire de la me\u0301te\u0301orologie, celle du 16 janvier: il s&rsquo;agit du jour le plus froid enregistre\u0301 en France depuis le de\u0301but des releve\u0301s me\u0301te\u0301o (un indicateur thermique national de -9,92 \u00b0C), apre\u0300s celui du 2 fe\u0301vrier 1956. Cependant, les tempe\u0301ratures de la matine\u0301e ont e\u0301te\u0301 plus basses en 1985 qu&rsquo;en 1956. Les stations me\u0301te\u0301o ont releve\u0301 &#8211; 27 \u00b0C a\u0300 Saint-Che\u0301ly-d&rsquo;Apcher en Loze\u0300re le 16 janvier 1985.<\/p>\n<p>Mais ce jour-la\u0300, les me\u0301te\u0301orologues estiment que les tempe\u0301ratures ont probablement atteint les -40 \u00b0C dans les trous a\u0300 froid (sans stations me\u0301te\u0301o officielles) du Doubs.<\/p>\n<p>Les arbres ont e\u0301norme\u0301ment souffert du gel, en particulier les palmiers de la Co\u0302te d\u2019Azur, les cours d&rsquo;eau ont gele\u0301 pendant des semaines, ce qui a paralyse\u0301 le trafic fluvial.<\/p>\n<p>La Sao\u0302ne s&rsquo;est retrouve\u0301e englace\u0301e, tout comme une partie de la Loire.<\/p>\n<p>Des cadavres d&rsquo;oiseaux, par centaines, ont e\u0301te\u0301 observe\u0301s le long de la rive.<\/p>\n<p>Cette vague de froid a cause\u0301 la mort d&rsquo;au moins 9 000 personnes dans notre pays.<\/p>\n<p><strong>Pour plus d&rsquo;informations et d&rsquo;analyses sur la <span style=\"color: #ff6600\">Senegal<\/span>, suivez <span style=\"color: #ff6600\">Africa-Press<span style=\"color: #ff6600\"><\/span><\/strong><\/p>\n","protected":false},"excerpt":{"rendered":"<p>Africa-Press &#8211; Senegal. Il y a 40 ans, c\u2019est une vague de froid exceptionnelle qui a touche\u0301 une grande partie de la France. La matine\u0301e du 16 janvier 1985 est, a\u0300 ce jour, la plus froide enregistre\u0301e dans notre pays. Apre\u0300s deux hivers pluto\u0302t doux, cette vague de froid de 1985 a donne\u0301 lieu a\u0300 [&hellip;]<\/p>\n","protected":false},"author":82,"featured_media":64770,"comment_status":"open","ping_status":"closed","sticky":false,"template":"","format":"standard","meta":{"footnotes":""},"categories":[22,10],"tags":[44],"class_list":["post-64771","post","type-post","status-publish","format-standard","has-post-thumbnail","hentry","category-divers","category-toutes-les-actualites","tag-senegal-2"],"yoast_head":"<!-- This site is optimized with the Yoast SEO Premium plugin v26.1 (Yoast SEO v27.0) - https:\/\/yoast.com\/product\/yoast-seo-premium-wordpress\/ -->\n<title>Le Jour o\u00f9 il a Fait -25 \u00b0C sur Quasiment tout L\u2019Est de la France ! - Senegal<\/title>\n<meta name=\"robots\" content=\"index, follow, max-snippet:-1, max-image-preview:large, max-video-preview:-1\" \/>\n<link rel=\"canonical\" href=\"https:\/\/www.africa-press.net\/senegal\/politique\/le-jour-ou-il-a-fait-25-c-sur-quasiment-tout-lest-de-la-france\" \/>\n<meta property=\"og:locale\" content=\"fr_FR\" \/>\n<meta property=\"og:type\" content=\"article\" \/>\n<meta property=\"og:title\" content=\"Le Jour o\u00f9 il a Fait -25 \u00b0C sur Quasiment tout L\u2019Est de la France !\" \/>\n<meta property=\"og:description\" content=\"Africa-Press &#8211; Senegal. Il y a 40 ans, c\u2019est une vague de froid exceptionnelle qui a touche\u0301 une grande partie de la France. La matine\u0301e du 16 janvier 1985 est, a\u0300 ce jour, la plus froide enregistre\u0301e dans notre pays. Apre\u0300s deux hivers pluto\u0302t doux, cette vague de froid de 1985 a donne\u0301 lieu a\u0300 [&hellip;]\" \/>\n<meta property=\"og:url\" content=\"https:\/\/www.africa-press.net\/senegal\/politique\/le-jour-ou-il-a-fait-25-c-sur-quasiment-tout-lest-de-la-france\" \/>\n<meta property=\"og:site_name\" content=\"Senegal\" \/>\n<meta property=\"article:published_time\" content=\"2025-01-10T12:47:13+00:00\" \/>\n<meta name=\"author\" content=\"cfeditorfr\" \/>\n<meta name=\"twitter:card\" content=\"summary_large_image\" \/>\n<meta name=\"twitter:label1\" content=\"\u00c9crit par\" \/>\n\t<meta name=\"twitter:data1\" content=\"cfeditorfr\" \/>\n\t<meta name=\"twitter:label2\" content=\"Dur\u00e9e de lecture estim\u00e9e\" \/>\n\t<meta name=\"twitter:data2\" content=\"2 minutes\" \/>\n<script type=\"application\/ld+json\" class=\"yoast-schema-graph\">{\"@context\":\"https:\/\/schema.org\",\"@graph\":[{\"@type\":\"Article\",\"@id\":\"https:\/\/www.africa-press.net\/senegal\/politique\/le-jour-ou-il-a-fait-25-c-sur-quasiment-tout-lest-de-la-france#article\",\"isPartOf\":{\"@id\":\"https:\/\/www.africa-press.net\/senegal\/politique\/le-jour-ou-il-a-fait-25-c-sur-quasiment-tout-lest-de-la-france\"},\"author\":{\"name\":\"cfeditorfr\",\"@id\":\"https:\/\/www.africa-press.net\/senegal\/#\/schema\/person\/2b1cf3cd81a31e3cd26889ca66d677f1\"},\"headline\":\"Le Jour o\u00f9 il a Fait -25 \u00b0C sur Quasiment tout L\u2019Est de la France !\",\"datePublished\":\"2025-01-10T12:47:13+00:00\",\"mainEntityOfPage\":{\"@id\":\"https:\/\/www.africa-press.net\/senegal\/politique\/le-jour-ou-il-a-fait-25-c-sur-quasiment-tout-lest-de-la-france\"},\"wordCount\":423,\"commentCount\":0,\"image\":{\"@id\":\"https:\/\/www.africa-press.net\/senegal\/politique\/le-jour-ou-il-a-fait-25-c-sur-quasiment-tout-lest-de-la-france#primaryimage\"},\"thumbnailUrl\":\"https:\/\/static.africa-press.net\/senegal\/sites\/13\/2025\/01\/sm_1736936513.903879.jpg\",\"keywords\":[\"Senegal\"],\"articleSection\":[\"Divers\",\"Toutes les actualit\u00e9s\"],\"inLanguage\":\"fr-FR\",\"potentialAction\":[{\"@type\":\"CommentAction\",\"name\":\"Comment\",\"target\":[\"https:\/\/www.africa-press.net\/senegal\/politique\/le-jour-ou-il-a-fait-25-c-sur-quasiment-tout-lest-de-la-france#respond\"]}]},{\"@type\":\"WebPage\",\"@id\":\"https:\/\/www.africa-press.net\/senegal\/politique\/le-jour-ou-il-a-fait-25-c-sur-quasiment-tout-lest-de-la-france\",\"url\":\"https:\/\/www.africa-press.net\/senegal\/politique\/le-jour-ou-il-a-fait-25-c-sur-quasiment-tout-lest-de-la-france\",\"name\":\"Le Jour o\u00f9 il a Fait -25 \u00b0C sur Quasiment tout L\u2019Est de la France ! - Senegal\",\"isPartOf\":{\"@id\":\"https:\/\/www.africa-press.net\/senegal\/#website\"},\"primaryImageOfPage\":{\"@id\":\"https:\/\/www.africa-press.net\/senegal\/politique\/le-jour-ou-il-a-fait-25-c-sur-quasiment-tout-lest-de-la-france#primaryimage\"},\"image\":{\"@id\":\"https:\/\/www.africa-press.net\/senegal\/politique\/le-jour-ou-il-a-fait-25-c-sur-quasiment-tout-lest-de-la-france#primaryimage\"},\"thumbnailUrl\":\"https:\/\/static.africa-press.net\/senegal\/sites\/13\/2025\/01\/sm_1736936513.903879.jpg\",\"datePublished\":\"2025-01-10T12:47:13+00:00\",\"author\":{\"@id\":\"https:\/\/www.africa-press.net\/senegal\/#\/schema\/person\/2b1cf3cd81a31e3cd26889ca66d677f1\"},\"breadcrumb\":{\"@id\":\"https:\/\/www.africa-press.net\/senegal\/politique\/le-jour-ou-il-a-fait-25-c-sur-quasiment-tout-lest-de-la-france#breadcrumb\"},\"inLanguage\":\"fr-FR\",\"potentialAction\":[{\"@type\":\"ReadAction\",\"target\":[\"https:\/\/www.africa-press.net\/senegal\/politique\/le-jour-ou-il-a-fait-25-c-sur-quasiment-tout-lest-de-la-france\"]}]},{\"@type\":\"ImageObject\",\"inLanguage\":\"fr-FR\",\"@id\":\"https:\/\/www.africa-press.net\/senegal\/politique\/le-jour-ou-il-a-fait-25-c-sur-quasiment-tout-lest-de-la-france#primaryimage\",\"url\":\"https:\/\/static.africa-press.net\/senegal\/sites\/13\/2025\/01\/sm_1736936513.903879.jpg\",\"contentUrl\":\"https:\/\/static.africa-press.net\/senegal\/sites\/13\/2025\/01\/sm_1736936513.903879.jpg\",\"width\":1249,\"height\":820,\"caption\":\"Le Jour o\u00f9 il a Fait -25 \u00b0C sur Quasiment tout L\u2019Est de la France !\"},{\"@type\":\"BreadcrumbList\",\"@id\":\"https:\/\/www.africa-press.net\/senegal\/politique\/le-jour-ou-il-a-fait-25-c-sur-quasiment-tout-lest-de-la-france#breadcrumb\",\"itemListElement\":[{\"@type\":\"ListItem\",\"position\":1,\"name\":\"Accueil\",\"item\":\"https:\/\/www.africa-press.net\/senegal\/\"},{\"@type\":\"ListItem\",\"position\":2,\"name\":\"Le Jour o\u00f9 il a Fait -25 \u00b0C sur Quasiment tout L\u2019Est de la France !\"}]},{\"@type\":\"WebSite\",\"@id\":\"https:\/\/www.africa-press.net\/senegal\/#website\",\"url\":\"https:\/\/www.africa-press.net\/senegal\/\",\"name\":\"Africa Press | Senegal | Homepage\",\"description\":\"Just another Africa News Agency Sites site\",\"potentialAction\":[{\"@type\":\"SearchAction\",\"target\":{\"@type\":\"EntryPoint\",\"urlTemplate\":\"https:\/\/www.africa-press.net\/senegal\/?s={search_term_string}\"},\"query-input\":{\"@type\":\"PropertyValueSpecification\",\"valueRequired\":true,\"valueName\":\"search_term_string\"}}],\"inLanguage\":\"fr-FR\"},{\"@type\":\"Person\",\"@id\":\"https:\/\/www.africa-press.net\/senegal\/#\/schema\/person\/2b1cf3cd81a31e3cd26889ca66d677f1\",\"name\":\"cfeditorfr\",\"url\":\"https:\/\/www.africa-press.net\/senegal\/author\/cfeditorfr\"}]}<\/script>\n<!-- \/ Yoast SEO Premium plugin. -->","yoast_head_json":{"title":"Le Jour o\u00f9 il a Fait -25 \u00b0C sur Quasiment tout L\u2019Est de la France ! - Senegal","robots":{"index":"index","follow":"follow","max-snippet":"max-snippet:-1","max-image-preview":"max-image-preview:large","max-video-preview":"max-video-preview:-1"},"canonical":"https:\/\/www.africa-press.net\/senegal\/politique\/le-jour-ou-il-a-fait-25-c-sur-quasiment-tout-lest-de-la-france","og_locale":"fr_FR","og_type":"article","og_title":"Le Jour o\u00f9 il a Fait -25 \u00b0C sur Quasiment tout L\u2019Est de la France !","og_description":"Africa-Press &#8211; Senegal. Il y a 40 ans, c\u2019est une vague de froid exceptionnelle qui a touche\u0301 une grande partie de la France. La matine\u0301e du 16 janvier 1985 est, a\u0300 ce jour, la plus froide enregistre\u0301e dans notre pays. Apre\u0300s deux hivers pluto\u0302t doux, cette vague de froid de 1985 a donne\u0301 lieu a\u0300 [&hellip;]","og_url":"https:\/\/www.africa-press.net\/senegal\/politique\/le-jour-ou-il-a-fait-25-c-sur-quasiment-tout-lest-de-la-france","og_site_name":"Senegal","article_published_time":"2025-01-10T12:47:13+00:00","author":"cfeditorfr","twitter_card":"summary_large_image","twitter_misc":{"\u00c9crit par":"cfeditorfr","Dur\u00e9e de lecture estim\u00e9e":"2 minutes"},"schema":{"@context":"https:\/\/schema.org","@graph":[{"@type":"Article","@id":"https:\/\/www.africa-press.net\/senegal\/politique\/le-jour-ou-il-a-fait-25-c-sur-quasiment-tout-lest-de-la-france#article","isPartOf":{"@id":"https:\/\/www.africa-press.net\/senegal\/politique\/le-jour-ou-il-a-fait-25-c-sur-quasiment-tout-lest-de-la-france"},"author":{"name":"cfeditorfr","@id":"https:\/\/www.africa-press.net\/senegal\/#\/schema\/person\/2b1cf3cd81a31e3cd26889ca66d677f1"},"headline":"Le Jour o\u00f9 il a Fait -25 \u00b0C sur Quasiment tout L\u2019Est de la France !","datePublished":"2025-01-10T12:47:13+00:00","mainEntityOfPage":{"@id":"https:\/\/www.africa-press.net\/senegal\/politique\/le-jour-ou-il-a-fait-25-c-sur-quasiment-tout-lest-de-la-france"},"wordCount":423,"commentCount":0,"image":{"@id":"https:\/\/www.africa-press.net\/senegal\/politique\/le-jour-ou-il-a-fait-25-c-sur-quasiment-tout-lest-de-la-france#primaryimage"},"thumbnailUrl":"https:\/\/static.africa-press.net\/senegal\/sites\/13\/2025\/01\/sm_1736936513.903879.jpg","keywords":["Senegal"],"articleSection":["Divers","Toutes les actualit\u00e9s"],"inLanguage":"fr-FR","potentialAction":[{"@type":"CommentAction","name":"Comment","target":["https:\/\/www.africa-press.net\/senegal\/politique\/le-jour-ou-il-a-fait-25-c-sur-quasiment-tout-lest-de-la-france#respond"]}]},{"@type":"WebPage","@id":"https:\/\/www.africa-press.net\/senegal\/politique\/le-jour-ou-il-a-fait-25-c-sur-quasiment-tout-lest-de-la-france","url":"https:\/\/www.africa-press.net\/senegal\/politique\/le-jour-ou-il-a-fait-25-c-sur-quasiment-tout-lest-de-la-france","name":"Le Jour o\u00f9 il a Fait -25 \u00b0C sur Quasiment tout L\u2019Est de la France ! - Senegal","isPartOf":{"@id":"https:\/\/www.africa-press.net\/senegal\/#website"},"primaryImageOfPage":{"@id":"https:\/\/www.africa-press.net\/senegal\/politique\/le-jour-ou-il-a-fait-25-c-sur-quasiment-tout-lest-de-la-france#primaryimage"},"image":{"@id":"https:\/\/www.africa-press.net\/senegal\/politique\/le-jour-ou-il-a-fait-25-c-sur-quasiment-tout-lest-de-la-france#primaryimage"},"thumbnailUrl":"https:\/\/static.africa-press.net\/senegal\/sites\/13\/2025\/01\/sm_1736936513.903879.jpg","datePublished":"2025-01-10T12:47:13+00:00","author":{"@id":"https:\/\/www.africa-press.net\/senegal\/#\/schema\/person\/2b1cf3cd81a31e3cd26889ca66d677f1"},"breadcrumb":{"@id":"https:\/\/www.africa-press.net\/senegal\/politique\/le-jour-ou-il-a-fait-25-c-sur-quasiment-tout-lest-de-la-france#breadcrumb"},"inLanguage":"fr-FR","potentialAction":[{"@type":"ReadAction","target":["https:\/\/www.africa-press.net\/senegal\/politique\/le-jour-ou-il-a-fait-25-c-sur-quasiment-tout-lest-de-la-france"]}]},{"@type":"ImageObject","inLanguage":"fr-FR","@id":"https:\/\/www.africa-press.net\/senegal\/politique\/le-jour-ou-il-a-fait-25-c-sur-quasiment-tout-lest-de-la-france#primaryimage","url":"https:\/\/static.africa-press.net\/senegal\/sites\/13\/2025\/01\/sm_1736936513.903879.jpg","contentUrl":"https:\/\/static.africa-press.net\/senegal\/sites\/13\/2025\/01\/sm_1736936513.903879.jpg","width":1249,"height":820,"caption":"Le Jour o\u00f9 il a Fait -25 \u00b0C sur Quasiment tout L\u2019Est de la France !"},{"@type":"BreadcrumbList","@id":"https:\/\/www.africa-press.net\/senegal\/politique\/le-jour-ou-il-a-fait-25-c-sur-quasiment-tout-lest-de-la-france#breadcrumb","itemListElement":[{"@type":"ListItem","position":1,"name":"Accueil","item":"https:\/\/www.africa-press.net\/senegal\/"},{"@type":"ListItem","position":2,"name":"Le Jour o\u00f9 il a Fait -25 \u00b0C sur Quasiment tout L\u2019Est de la France !"}]},{"@type":"WebSite","@id":"https:\/\/www.africa-press.net\/senegal\/#website","url":"https:\/\/www.africa-press.net\/senegal\/","name":"Africa Press | Senegal | Homepage","description":"Just another Africa News Agency Sites site","potentialAction":[{"@type":"SearchAction","target":{"@type":"EntryPoint","urlTemplate":"https:\/\/www.africa-press.net\/senegal\/?s={search_term_string}"},"query-input":{"@type":"PropertyValueSpecification","valueRequired":true,"valueName":"search_term_string"}}],"inLanguage":"fr-FR"},{"@type":"Person","@id":"https:\/\/www.africa-press.net\/senegal\/#\/schema\/person\/2b1cf3cd81a31e3cd26889ca66d677f1","name":"cfeditorfr","url":"https:\/\/www.africa-press.net\/senegal\/author\/cfeditorfr"}]}},"_links":{"self":[{"href":"https:\/\/www.africa-press.net\/senegal\/wp-json\/wp\/v2\/posts\/64771","targetHints":{"allow":["GET"]}}],"collection":[{"href":"https:\/\/www.africa-press.net\/senegal\/wp-json\/wp\/v2\/posts"}],"about":[{"href":"https:\/\/www.africa-press.net\/senegal\/wp-json\/wp\/v2\/types\/post"}],"author":[{"embeddable":true,"href":"https:\/\/www.africa-press.net\/senegal\/wp-json\/wp\/v2\/users\/82"}],"replies":[{"embeddable":true,"href":"https:\/\/www.africa-press.net\/senegal\/wp-json\/wp\/v2\/comments?post=64771"}],"version-history":[{"count":0,"href":"https:\/\/www.africa-press.net\/senegal\/wp-json\/wp\/v2\/posts\/64771\/revisions"}],"wp:featuredmedia":[{"embeddable":true,"href":"https:\/\/www.africa-press.net\/senegal\/wp-json\/wp\/v2\/media\/64770"}],"wp:attachment":[{"href":"https:\/\/www.africa-press.net\/senegal\/wp-json\/wp\/v2\/media?parent=64771"}],"wp:term":[{"taxonomy":"category","embeddable":true,"href":"https:\/\/www.africa-press.net\/senegal\/wp-json\/wp\/v2\/categories?post=64771"},{"taxonomy":"post_tag","embeddable":true,"href":"https:\/\/www.africa-press.net\/senegal\/wp-json\/wp\/v2\/tags?post=64771"}],"curies":[{"name":"wp","href":"https:\/\/api.w.org\/{rel}","templated":true}]}}