{"id":64776,"date":"2025-01-13T12:55:10","date_gmt":"2025-01-13T12:55:10","guid":{"rendered":"https:\/\/www.africa-press.net\/senegal\/politique\/les-temperatures-record-de-2023-et-2024-sont-elles-le-signe-que-le-rechauffement-climatique-saccelere"},"modified":"2025-01-13T12:55:10","modified_gmt":"2025-01-13T12:55:10","slug":"les-temperatures-record-de-2023-et-2024-sont-elles-le-signe-que-le-rechauffement-climatique-saccelere","status":"publish","type":"post","link":"https:\/\/www.africa-press.net\/senegal\/toutes-les-actualites\/les-temperatures-record-de-2023-et-2024-sont-elles-le-signe-que-le-rechauffement-climatique-saccelere","title":{"rendered":"Les Temp\u00e9ratures Record de 2023 et 2024 Sont-Elles le Signe que le R\u00e9chauffement Climatique S\u2019acc\u00e9l\u00e8re\u2009?"},"content":{"rendered":"<p><span style=\"color: #ff6600\"><strong>Africa-Press &#8211; Senegal. <\/strong><\/span>L\u2019anne\u0301e 2023 a e\u0301te\u0301 la plus chaude jamais enregistre\u0301e. L\u2019anne\u0301e 2024 battra tre\u0300s certainement ce record. Est-ce a\u0300 dire que le re\u0301chauffement climatique est en train de s\u2019acce\u0301le\u0301rer ? Les scientifiques ont leur petite ide\u0301e sur la question.<\/p>\n<p>En 2023, les tempe\u0301ratures sur notre Plane\u0300te ont atteint des niveaux que les experts jugeaient, il y a un an de cela, \u00ab exceptionnellement e\u0301leve\u0301s \u00bb. Une moyenne de 14,98 \u00b0C. En d&rsquo;autres mots, des tempe\u0301ratures situe\u0301es 1,48 \u00b0C au-dessus des normales pre\u0301industrielles, faisant de 2023, l&rsquo;anne\u0301e la plus chaude jamais enregistre\u0301e.<\/p>\n<p>Et 2024 n&rsquo;a pas e\u0301te\u0301 plus frai\u0302che. Pendant plusieurs mois, les tempe\u0301ratures moyennes ont me\u0302me de\u0301passe\u0301 le seuil de re\u0301chauffement de 1,5 \u00b0C. Tout le monde s&rsquo;attend donc a\u0300 ce que les services experts en la matie\u0300re annoncent d&rsquo;ici quelques jours que l&rsquo;anne\u0301e dernie\u0300re a de\u0301tro\u0302ne\u0301 2023 du titre de la plus chaude jamais enregistre\u0301e.<\/p>\n<p>Ce sont nos e\u0301missions de gaz a\u0300 effet de serre qui font ainsi grimper les tempe\u0301ratures dans le monde. Mais les mode\u0300les climatiques n&rsquo;avaient pas tout a\u0300 fait pre\u0301vu un re\u0301chauffement aussi rapide. Le dernier rapport du Groupe d&rsquo;experts intergouvernemental sur l&rsquo;e\u0301volution du climat (Giec) estimait que la limite des +1,5 \u00b0C serait \u00ab probablement \u00bb franchie d&rsquo;ici 2035. Si une anne\u0301e au-dessus du seuil ne fait pas force\u0301ment re\u0301fe\u0301rence, elle interroge tout de me\u0302me sur un possible emballement du re\u0301chauffement climatique qui aurait pu e\u0301chapper aux mode\u0300les des scientifiques.<\/p>\n<p>Dans un rapport de 2022, l&rsquo;Organisation me\u0301te\u0301orologique mondiale (OMM) estimait a\u0300 93 % le risque pour qu&rsquo;une des cinq prochaines anne\u0301es devienne la plus chaude jamais enregistre\u0301e. Nous en sommes de\u0301ja\u0300 a\u0300 deux ! Le me\u0302me rapport concluait a\u0300 un risque de 50 % pour que la hausse des tempe\u0301ratures atteigne ou de\u0301passe les +1,5 \u00b0C par rapport aux moyennes pre\u0301industrielles&#8230;<\/p>\n<p><b>La contribution d\u2019El Nin\u0303o au re\u0301chauffement climatique<\/b><\/p>\n<p>Alors, les scientifiques se posent des questions. Ils ont fait le point a\u0300 l&rsquo;occasion de la dernie\u0300re re\u0301union annuelle de l&rsquo;American Geophysical Union (AGU) qui s&rsquo;est tenue a\u0300 Washington (E\u0301tats-Unis) en de\u0301cembre dernier.<\/p>\n<p>Les tenants de la the\u0301orie d&rsquo;un accident de parcours tentent d&rsquo;expliquer ces anomalies de tempe\u0301ratures par deux phe\u0301nome\u0300nes distincts. D&rsquo;abord, El Nin\u0303o. Ce phe\u0301nome\u0300ne me\u0301te\u0301orologique qui, en accumulant de l&rsquo;eau chaude dans certaines re\u0301gions de l&rsquo;oce\u0301an Pacifique, fait grimper les tempe\u0301ratures, a commence\u0301 mi-2023. Ainsi, les chercheurs pre\u0301voyaient un de\u0301but 2024 chaud. Mais aussi, des tempe\u0301ratures qui redescendraient avec le retour a\u0300 la normale des conditions dans le Pacifique en milieu d&rsquo;anne\u0301e. Cela ne s&rsquo;est pas produit. Les tempe\u0301ratures sont reste\u0301es e\u0301leve\u0301es. De nouveaux records sont tombe\u0301s.<\/p>\n<p><b>Moins de nuages, plus de chaleur<\/b><\/p>\n<p>L&rsquo;autre piste qui pourrait expliquer ces tempe\u0301ratures hors mode\u0300les, c&rsquo;est la re\u0301duction de la pollution atmosphe\u0301rique enregistre\u0301e au cours de ces dernie\u0300res anne\u0301es. Si elle est sans conteste bonne pour notre sante\u0301, certains travaux montrent qu&rsquo;elle a des effets non souhaite\u0301s sur le climat. La pollution, en effet, parce qu&rsquo;elle re\u0301fle\u0301chit une partie du rayonnement solaire vers l&rsquo;espace et parce qu&rsquo;elle ensemence les nuages, a tendance a\u0300 rafrai\u0302chir la plane\u0300te. Moins de pollution, c&rsquo;est donc a priori moins de nuages et moins de chaleur renvoye\u0301e vers l&rsquo;espace.<\/p>\n<p>Une e\u0301tude publie\u0301e dans la revue Science met en lumie\u0300re le ro\u0302le des nuages &#8211; et du phe\u0301nome\u0300ne El Nin\u0303o &#8211; sur le record de 2023. Mais la\u0300 encore, il y a un mais. Car les scientifiques estiment que la baisse de la pollution atmosphe\u0301rique enregistre\u0301e ne suffit pas a\u0300 expliquer la diminution de la couverture nuageuse observe\u0301e. Cette baisse, en effet, concerne essentiellement la pollution lie\u0301e au transport maritime qui s&rsquo;est re\u0301cemment vu imposer des contraintes assez strictes. Or selon les calculs des chercheurs, c&rsquo;est presque toute la pollution atmosphe\u0301rique, toutes causes confondues, qui devrait e\u0302tre e\u0301limine\u0301e pour provoquer un tel effet sur les nuages.<\/p>\n<p>Alors, comment expliquer cette baisse de couverture nuageuse ? Peut-e\u0302tre par une boucle de re\u0301troaction. Des tempe\u0301ratures plus e\u0301leve\u0301es me\u0300neraient, selon un processus encore a\u0300 de\u0301terminer, a\u0300 une re\u0301duction de la quantite\u0301 des nuages. Ce qui favoriserait un re\u0301chauffement plus important. Et produirait encore moins de nuages.<\/p>\n<p>Au fil des mois, les climatologues inte\u0300grent a\u0300 leurs mode\u0300les toutes ces donne\u0301es de re\u0301duction de la pollution notamment, pour proposer des pre\u0301dictions toujours plus justes. En attendant, s&rsquo;il s&rsquo;ave\u0301rait que le re\u0301chauffement climatique e\u0301tait pris dans une sorte de cercle vicieux, tous les effets les plus importants que nous ont annonce\u0301s les chercheurs pourraient bien se produire plus to\u0302t que pre\u0301vu&#8230;<\/p>\n<p><strong>Pour plus d&rsquo;informations et d&rsquo;analyses sur la <span style=\"color: #ff6600\">Senegal<\/span>, suivez <span style=\"color: #ff6600\">Africa-Press<span style=\"color: #ff6600\"><\/span><\/strong><\/p>\n","protected":false},"excerpt":{"rendered":"<p>Africa-Press &#8211; Senegal. L\u2019anne\u0301e 2023 a e\u0301te\u0301 la plus chaude jamais enregistre\u0301e. L\u2019anne\u0301e 2024 battra tre\u0300s certainement ce record. Est-ce a\u0300 dire que le re\u0301chauffement climatique est en train de s\u2019acce\u0301le\u0301rer ? Les scientifiques ont leur petite ide\u0301e sur la question. En 2023, les tempe\u0301ratures sur notre Plane\u0300te ont atteint des niveaux que les experts [&hellip;]<\/p>\n","protected":false},"author":82,"featured_media":64775,"comment_status":"open","ping_status":"closed","sticky":false,"template":"","format":"standard","meta":{"footnotes":""},"categories":[22,10],"tags":[44],"class_list":["post-64776","post","type-post","status-publish","format-standard","has-post-thumbnail","hentry","category-divers","category-toutes-les-actualites","tag-senegal-2"],"yoast_head":"<!-- This site is optimized with the Yoast SEO Premium plugin v26.1 (Yoast SEO v27.0) - https:\/\/yoast.com\/product\/yoast-seo-premium-wordpress\/ -->\n<title>Les Temp\u00e9ratures Record de 2023 et 2024 Sont-Elles le Signe que le R\u00e9chauffement Climatique S\u2019acc\u00e9l\u00e8re\u2009? - Senegal<\/title>\n<meta name=\"robots\" content=\"index, follow, max-snippet:-1, max-image-preview:large, max-video-preview:-1\" \/>\n<link rel=\"canonical\" href=\"https:\/\/www.africa-press.net\/senegal\/politique\/les-temperatures-record-de-2023-et-2024-sont-elles-le-signe-que-le-rechauffement-climatique-saccelere\" \/>\n<meta property=\"og:locale\" content=\"fr_FR\" \/>\n<meta property=\"og:type\" content=\"article\" \/>\n<meta property=\"og:title\" content=\"Les Temp\u00e9ratures Record de 2023 et 2024 Sont-Elles le Signe que le R\u00e9chauffement Climatique S\u2019acc\u00e9l\u00e8re\u2009?\" \/>\n<meta property=\"og:description\" content=\"Africa-Press &#8211; Senegal. L\u2019anne\u0301e 2023 a e\u0301te\u0301 la plus chaude jamais enregistre\u0301e. L\u2019anne\u0301e 2024 battra tre\u0300s certainement ce record. Est-ce a\u0300 dire que le re\u0301chauffement climatique est en train de s\u2019acce\u0301le\u0301rer ? Les scientifiques ont leur petite ide\u0301e sur la question. En 2023, les tempe\u0301ratures sur notre Plane\u0300te ont atteint des niveaux que les experts [&hellip;]\" \/>\n<meta property=\"og:url\" content=\"https:\/\/www.africa-press.net\/senegal\/politique\/les-temperatures-record-de-2023-et-2024-sont-elles-le-signe-que-le-rechauffement-climatique-saccelere\" \/>\n<meta property=\"og:site_name\" content=\"Senegal\" \/>\n<meta property=\"article:published_time\" content=\"2025-01-13T12:55:10+00:00\" \/>\n<meta name=\"author\" content=\"cfeditorfr\" \/>\n<meta name=\"twitter:card\" content=\"summary_large_image\" \/>\n<meta name=\"twitter:label1\" content=\"\u00c9crit par\" \/>\n\t<meta name=\"twitter:data1\" content=\"cfeditorfr\" \/>\n\t<meta name=\"twitter:label2\" content=\"Dur\u00e9e de lecture estim\u00e9e\" \/>\n\t<meta name=\"twitter:data2\" content=\"4 minutes\" \/>\n<script type=\"application\/ld+json\" class=\"yoast-schema-graph\">{\"@context\":\"https:\/\/schema.org\",\"@graph\":[{\"@type\":\"Article\",\"@id\":\"https:\/\/www.africa-press.net\/senegal\/politique\/les-temperatures-record-de-2023-et-2024-sont-elles-le-signe-que-le-rechauffement-climatique-saccelere#article\",\"isPartOf\":{\"@id\":\"https:\/\/www.africa-press.net\/senegal\/politique\/les-temperatures-record-de-2023-et-2024-sont-elles-le-signe-que-le-rechauffement-climatique-saccelere\"},\"author\":{\"name\":\"cfeditorfr\",\"@id\":\"https:\/\/www.africa-press.net\/senegal\/#\/schema\/person\/2b1cf3cd81a31e3cd26889ca66d677f1\"},\"headline\":\"Les Temp\u00e9ratures Record de 2023 et 2024 Sont-Elles le Signe que le R\u00e9chauffement Climatique S\u2019acc\u00e9l\u00e8re\u2009?\",\"datePublished\":\"2025-01-13T12:55:10+00:00\",\"mainEntityOfPage\":{\"@id\":\"https:\/\/www.africa-press.net\/senegal\/politique\/les-temperatures-record-de-2023-et-2024-sont-elles-le-signe-que-le-rechauffement-climatique-saccelere\"},\"wordCount\":905,\"commentCount\":0,\"image\":{\"@id\":\"https:\/\/www.africa-press.net\/senegal\/politique\/les-temperatures-record-de-2023-et-2024-sont-elles-le-signe-que-le-rechauffement-climatique-saccelere#primaryimage\"},\"thumbnailUrl\":\"https:\/\/static.africa-press.net\/senegal\/sites\/13\/2025\/01\/sm_1736936776.550694.jpg\",\"keywords\":[\"Senegal\"],\"articleSection\":[\"Divers\",\"Toutes les actualit\u00e9s\"],\"inLanguage\":\"fr-FR\",\"potentialAction\":[{\"@type\":\"CommentAction\",\"name\":\"Comment\",\"target\":[\"https:\/\/www.africa-press.net\/senegal\/politique\/les-temperatures-record-de-2023-et-2024-sont-elles-le-signe-que-le-rechauffement-climatique-saccelere#respond\"]}]},{\"@type\":\"WebPage\",\"@id\":\"https:\/\/www.africa-press.net\/senegal\/politique\/les-temperatures-record-de-2023-et-2024-sont-elles-le-signe-que-le-rechauffement-climatique-saccelere\",\"url\":\"https:\/\/www.africa-press.net\/senegal\/politique\/les-temperatures-record-de-2023-et-2024-sont-elles-le-signe-que-le-rechauffement-climatique-saccelere\",\"name\":\"Les Temp\u00e9ratures Record de 2023 et 2024 Sont-Elles le Signe que le R\u00e9chauffement Climatique S\u2019acc\u00e9l\u00e8re\u2009? - Senegal\",\"isPartOf\":{\"@id\":\"https:\/\/www.africa-press.net\/senegal\/#website\"},\"primaryImageOfPage\":{\"@id\":\"https:\/\/www.africa-press.net\/senegal\/politique\/les-temperatures-record-de-2023-et-2024-sont-elles-le-signe-que-le-rechauffement-climatique-saccelere#primaryimage\"},\"image\":{\"@id\":\"https:\/\/www.africa-press.net\/senegal\/politique\/les-temperatures-record-de-2023-et-2024-sont-elles-le-signe-que-le-rechauffement-climatique-saccelere#primaryimage\"},\"thumbnailUrl\":\"https:\/\/static.africa-press.net\/senegal\/sites\/13\/2025\/01\/sm_1736936776.550694.jpg\",\"datePublished\":\"2025-01-13T12:55:10+00:00\",\"author\":{\"@id\":\"https:\/\/www.africa-press.net\/senegal\/#\/schema\/person\/2b1cf3cd81a31e3cd26889ca66d677f1\"},\"breadcrumb\":{\"@id\":\"https:\/\/www.africa-press.net\/senegal\/politique\/les-temperatures-record-de-2023-et-2024-sont-elles-le-signe-que-le-rechauffement-climatique-saccelere#breadcrumb\"},\"inLanguage\":\"fr-FR\",\"potentialAction\":[{\"@type\":\"ReadAction\",\"target\":[\"https:\/\/www.africa-press.net\/senegal\/politique\/les-temperatures-record-de-2023-et-2024-sont-elles-le-signe-que-le-rechauffement-climatique-saccelere\"]}]},{\"@type\":\"ImageObject\",\"inLanguage\":\"fr-FR\",\"@id\":\"https:\/\/www.africa-press.net\/senegal\/politique\/les-temperatures-record-de-2023-et-2024-sont-elles-le-signe-que-le-rechauffement-climatique-saccelere#primaryimage\",\"url\":\"https:\/\/static.africa-press.net\/senegal\/sites\/13\/2025\/01\/sm_1736936776.550694.jpg\",\"contentUrl\":\"https:\/\/static.africa-press.net\/senegal\/sites\/13\/2025\/01\/sm_1736936776.550694.jpg\",\"width\":1235,\"height\":639,\"caption\":\"Les Temp\u00e9ratures Record de 2023 et 2024 Sont-Elles le Signe que le R\u00e9chauffement Climatique S\u2019acc\u00e9l\u00e8re\u2009?\"},{\"@type\":\"BreadcrumbList\",\"@id\":\"https:\/\/www.africa-press.net\/senegal\/politique\/les-temperatures-record-de-2023-et-2024-sont-elles-le-signe-que-le-rechauffement-climatique-saccelere#breadcrumb\",\"itemListElement\":[{\"@type\":\"ListItem\",\"position\":1,\"name\":\"Accueil\",\"item\":\"https:\/\/www.africa-press.net\/senegal\/\"},{\"@type\":\"ListItem\",\"position\":2,\"name\":\"Les Temp\u00e9ratures Record de 2023 et 2024 Sont-Elles le Signe que le R\u00e9chauffement Climatique S\u2019acc\u00e9l\u00e8re\u2009?\"}]},{\"@type\":\"WebSite\",\"@id\":\"https:\/\/www.africa-press.net\/senegal\/#website\",\"url\":\"https:\/\/www.africa-press.net\/senegal\/\",\"name\":\"Africa Press | Senegal | Homepage\",\"description\":\"Just another Africa News Agency Sites site\",\"potentialAction\":[{\"@type\":\"SearchAction\",\"target\":{\"@type\":\"EntryPoint\",\"urlTemplate\":\"https:\/\/www.africa-press.net\/senegal\/?s={search_term_string}\"},\"query-input\":{\"@type\":\"PropertyValueSpecification\",\"valueRequired\":true,\"valueName\":\"search_term_string\"}}],\"inLanguage\":\"fr-FR\"},{\"@type\":\"Person\",\"@id\":\"https:\/\/www.africa-press.net\/senegal\/#\/schema\/person\/2b1cf3cd81a31e3cd26889ca66d677f1\",\"name\":\"cfeditorfr\",\"url\":\"https:\/\/www.africa-press.net\/senegal\/author\/cfeditorfr\"}]}<\/script>\n<!-- \/ Yoast SEO Premium plugin. -->","yoast_head_json":{"title":"Les Temp\u00e9ratures Record de 2023 et 2024 Sont-Elles le Signe que le R\u00e9chauffement Climatique S\u2019acc\u00e9l\u00e8re\u2009? - Senegal","robots":{"index":"index","follow":"follow","max-snippet":"max-snippet:-1","max-image-preview":"max-image-preview:large","max-video-preview":"max-video-preview:-1"},"canonical":"https:\/\/www.africa-press.net\/senegal\/politique\/les-temperatures-record-de-2023-et-2024-sont-elles-le-signe-que-le-rechauffement-climatique-saccelere","og_locale":"fr_FR","og_type":"article","og_title":"Les Temp\u00e9ratures Record de 2023 et 2024 Sont-Elles le Signe que le R\u00e9chauffement Climatique S\u2019acc\u00e9l\u00e8re\u2009?","og_description":"Africa-Press &#8211; Senegal. L\u2019anne\u0301e 2023 a e\u0301te\u0301 la plus chaude jamais enregistre\u0301e. L\u2019anne\u0301e 2024 battra tre\u0300s certainement ce record. Est-ce a\u0300 dire que le re\u0301chauffement climatique est en train de s\u2019acce\u0301le\u0301rer ? Les scientifiques ont leur petite ide\u0301e sur la question. En 2023, les tempe\u0301ratures sur notre Plane\u0300te ont atteint des niveaux que les experts [&hellip;]","og_url":"https:\/\/www.africa-press.net\/senegal\/politique\/les-temperatures-record-de-2023-et-2024-sont-elles-le-signe-que-le-rechauffement-climatique-saccelere","og_site_name":"Senegal","article_published_time":"2025-01-13T12:55:10+00:00","author":"cfeditorfr","twitter_card":"summary_large_image","twitter_misc":{"\u00c9crit par":"cfeditorfr","Dur\u00e9e de lecture estim\u00e9e":"4 minutes"},"schema":{"@context":"https:\/\/schema.org","@graph":[{"@type":"Article","@id":"https:\/\/www.africa-press.net\/senegal\/politique\/les-temperatures-record-de-2023-et-2024-sont-elles-le-signe-que-le-rechauffement-climatique-saccelere#article","isPartOf":{"@id":"https:\/\/www.africa-press.net\/senegal\/politique\/les-temperatures-record-de-2023-et-2024-sont-elles-le-signe-que-le-rechauffement-climatique-saccelere"},"author":{"name":"cfeditorfr","@id":"https:\/\/www.africa-press.net\/senegal\/#\/schema\/person\/2b1cf3cd81a31e3cd26889ca66d677f1"},"headline":"Les Temp\u00e9ratures Record de 2023 et 2024 Sont-Elles le Signe que le R\u00e9chauffement Climatique S\u2019acc\u00e9l\u00e8re\u2009?","datePublished":"2025-01-13T12:55:10+00:00","mainEntityOfPage":{"@id":"https:\/\/www.africa-press.net\/senegal\/politique\/les-temperatures-record-de-2023-et-2024-sont-elles-le-signe-que-le-rechauffement-climatique-saccelere"},"wordCount":905,"commentCount":0,"image":{"@id":"https:\/\/www.africa-press.net\/senegal\/politique\/les-temperatures-record-de-2023-et-2024-sont-elles-le-signe-que-le-rechauffement-climatique-saccelere#primaryimage"},"thumbnailUrl":"https:\/\/static.africa-press.net\/senegal\/sites\/13\/2025\/01\/sm_1736936776.550694.jpg","keywords":["Senegal"],"articleSection":["Divers","Toutes les actualit\u00e9s"],"inLanguage":"fr-FR","potentialAction":[{"@type":"CommentAction","name":"Comment","target":["https:\/\/www.africa-press.net\/senegal\/politique\/les-temperatures-record-de-2023-et-2024-sont-elles-le-signe-que-le-rechauffement-climatique-saccelere#respond"]}]},{"@type":"WebPage","@id":"https:\/\/www.africa-press.net\/senegal\/politique\/les-temperatures-record-de-2023-et-2024-sont-elles-le-signe-que-le-rechauffement-climatique-saccelere","url":"https:\/\/www.africa-press.net\/senegal\/politique\/les-temperatures-record-de-2023-et-2024-sont-elles-le-signe-que-le-rechauffement-climatique-saccelere","name":"Les Temp\u00e9ratures Record de 2023 et 2024 Sont-Elles le Signe que le R\u00e9chauffement Climatique S\u2019acc\u00e9l\u00e8re\u2009? - Senegal","isPartOf":{"@id":"https:\/\/www.africa-press.net\/senegal\/#website"},"primaryImageOfPage":{"@id":"https:\/\/www.africa-press.net\/senegal\/politique\/les-temperatures-record-de-2023-et-2024-sont-elles-le-signe-que-le-rechauffement-climatique-saccelere#primaryimage"},"image":{"@id":"https:\/\/www.africa-press.net\/senegal\/politique\/les-temperatures-record-de-2023-et-2024-sont-elles-le-signe-que-le-rechauffement-climatique-saccelere#primaryimage"},"thumbnailUrl":"https:\/\/static.africa-press.net\/senegal\/sites\/13\/2025\/01\/sm_1736936776.550694.jpg","datePublished":"2025-01-13T12:55:10+00:00","author":{"@id":"https:\/\/www.africa-press.net\/senegal\/#\/schema\/person\/2b1cf3cd81a31e3cd26889ca66d677f1"},"breadcrumb":{"@id":"https:\/\/www.africa-press.net\/senegal\/politique\/les-temperatures-record-de-2023-et-2024-sont-elles-le-signe-que-le-rechauffement-climatique-saccelere#breadcrumb"},"inLanguage":"fr-FR","potentialAction":[{"@type":"ReadAction","target":["https:\/\/www.africa-press.net\/senegal\/politique\/les-temperatures-record-de-2023-et-2024-sont-elles-le-signe-que-le-rechauffement-climatique-saccelere"]}]},{"@type":"ImageObject","inLanguage":"fr-FR","@id":"https:\/\/www.africa-press.net\/senegal\/politique\/les-temperatures-record-de-2023-et-2024-sont-elles-le-signe-que-le-rechauffement-climatique-saccelere#primaryimage","url":"https:\/\/static.africa-press.net\/senegal\/sites\/13\/2025\/01\/sm_1736936776.550694.jpg","contentUrl":"https:\/\/static.africa-press.net\/senegal\/sites\/13\/2025\/01\/sm_1736936776.550694.jpg","width":1235,"height":639,"caption":"Les Temp\u00e9ratures Record de 2023 et 2024 Sont-Elles le Signe que le R\u00e9chauffement Climatique S\u2019acc\u00e9l\u00e8re\u2009?"},{"@type":"BreadcrumbList","@id":"https:\/\/www.africa-press.net\/senegal\/politique\/les-temperatures-record-de-2023-et-2024-sont-elles-le-signe-que-le-rechauffement-climatique-saccelere#breadcrumb","itemListElement":[{"@type":"ListItem","position":1,"name":"Accueil","item":"https:\/\/www.africa-press.net\/senegal\/"},{"@type":"ListItem","position":2,"name":"Les Temp\u00e9ratures Record de 2023 et 2024 Sont-Elles le Signe que le R\u00e9chauffement Climatique S\u2019acc\u00e9l\u00e8re\u2009?"}]},{"@type":"WebSite","@id":"https:\/\/www.africa-press.net\/senegal\/#website","url":"https:\/\/www.africa-press.net\/senegal\/","name":"Africa Press | Senegal | Homepage","description":"Just another Africa News Agency Sites site","potentialAction":[{"@type":"SearchAction","target":{"@type":"EntryPoint","urlTemplate":"https:\/\/www.africa-press.net\/senegal\/?s={search_term_string}"},"query-input":{"@type":"PropertyValueSpecification","valueRequired":true,"valueName":"search_term_string"}}],"inLanguage":"fr-FR"},{"@type":"Person","@id":"https:\/\/www.africa-press.net\/senegal\/#\/schema\/person\/2b1cf3cd81a31e3cd26889ca66d677f1","name":"cfeditorfr","url":"https:\/\/www.africa-press.net\/senegal\/author\/cfeditorfr"}]}},"_links":{"self":[{"href":"https:\/\/www.africa-press.net\/senegal\/wp-json\/wp\/v2\/posts\/64776","targetHints":{"allow":["GET"]}}],"collection":[{"href":"https:\/\/www.africa-press.net\/senegal\/wp-json\/wp\/v2\/posts"}],"about":[{"href":"https:\/\/www.africa-press.net\/senegal\/wp-json\/wp\/v2\/types\/post"}],"author":[{"embeddable":true,"href":"https:\/\/www.africa-press.net\/senegal\/wp-json\/wp\/v2\/users\/82"}],"replies":[{"embeddable":true,"href":"https:\/\/www.africa-press.net\/senegal\/wp-json\/wp\/v2\/comments?post=64776"}],"version-history":[{"count":0,"href":"https:\/\/www.africa-press.net\/senegal\/wp-json\/wp\/v2\/posts\/64776\/revisions"}],"wp:featuredmedia":[{"embeddable":true,"href":"https:\/\/www.africa-press.net\/senegal\/wp-json\/wp\/v2\/media\/64775"}],"wp:attachment":[{"href":"https:\/\/www.africa-press.net\/senegal\/wp-json\/wp\/v2\/media?parent=64776"}],"wp:term":[{"taxonomy":"category","embeddable":true,"href":"https:\/\/www.africa-press.net\/senegal\/wp-json\/wp\/v2\/categories?post=64776"},{"taxonomy":"post_tag","embeddable":true,"href":"https:\/\/www.africa-press.net\/senegal\/wp-json\/wp\/v2\/tags?post=64776"}],"curies":[{"name":"wp","href":"https:\/\/api.w.org\/{rel}","templated":true}]}}