{"id":64778,"date":"2025-01-14T12:57:42","date_gmt":"2025-01-14T12:57:42","guid":{"rendered":"https:\/\/www.africa-press.net\/senegal\/politique\/vous-ne-devinerez-jamais-ou-se-cache-le-nez-des-araignees"},"modified":"2025-01-14T12:57:42","modified_gmt":"2025-01-14T12:57:42","slug":"vous-ne-devinerez-jamais-ou-se-cache-le-nez-des-araignees","status":"publish","type":"post","link":"https:\/\/www.africa-press.net\/senegal\/toutes-les-actualites\/vous-ne-devinerez-jamais-ou-se-cache-le-nez-des-araignees","title":{"rendered":"Vous ne Devinerez Jamais o\u00f9 se Cache le Nez des Araign\u00e9es"},"content":{"rendered":"<p><span style=\"color: #ff6600\"><strong>Africa-Press &#8211; Senegal. <\/strong><\/span>Depuis longtemps, les chercheurs savent que les araigne\u0301es sont sensibles au moins a\u0300 certaines odeurs. Ils ont de\u0301sormais compris comment elles font pour les sentir.<\/p>\n<p>Elles sont pre\u0301sentes un peu partout autour de nous. Les araigne\u0301es. Les scientifiques en connaissent plus de 50 000 espe\u0300ces. Ils nous ont appris qu&rsquo;elles ont de nombreux yeux. Mais jusqu&rsquo;ici, ils ignoraient encore comment les araigne\u0301es peuvent de\u0301tecter les odeurs, alors qu&rsquo;ils ont montre\u0301 depuis longtemps qu&rsquo;elles les \u00ab sentent \u00bb bel et bien, pourtant. Celles des phe\u0301romones sexuelles, notamment.<\/p>\n<p><b>Des milliers de poils pour sentir les araigne\u0301es femelles<\/b><\/p>\n<p>Aujourd&rsquo;hui enfin, des biologistes de l&rsquo;universite\u0301 de Lund (Sue\u0300de) ont mis au jour le secret du \u00ab nez \u00bb des araigne\u0301es. Il se cache dans des sortes de poils sensoriels situe\u0301s sur leurs pattes. Et dans les Proceedings of the National Academy of Sciences, les chercheurs racontent comment ils ont examine\u0301 des spe\u0301cimens d&rsquo;Argiope bruennichi, que l&rsquo;on appelle commune\u0301ment l&rsquo;Argiope frelon, au microscope e\u0301lectronique a\u0300 balayage haute re\u0301solution et comment ils ont de\u0301couvert des milliers de ces sensilles sur toutes les pattes ambulatoires des araigne\u0301es ma\u0302les. Des sensilles diffe\u0301rentes de celles que l&rsquo;on trouve chez les insectes et chez les autres arthropodes.<\/p>\n<p><b>Des capteurs olfactifs ultrasensibles chez les ma\u0302les adultes<\/b><\/p>\n<p>Ces \u00ab nez \u00bb sont localise\u0301s sur la partie supe\u0301rieure des pattes. Des zones qui entrent peu en contact avec les sols et donc, plus sensibles a\u0300 la de\u0301tection des odeurs en suspension dans l&rsquo;air. Et les expe\u0301riences mene\u0301es par les biologistes montrent qu&rsquo;ils re\u0301agissent bien aux odeurs des phe\u0301romones femelles.<\/p>\n<p>Seuls les ma\u0302les adultes en sont e\u0301quipe\u0301s. Et quelques nanogrammes de phe\u0301romones suffisent a\u0300 de\u0301clencher une re\u0301ponse.<\/p>\n<p><b>Des questions toujours en suspens<\/b><\/p>\n<p>Poussant plus loin leurs travaux, les chercheurs ont de\u0301couvert de telles sensilles sur la plupart des 19 espe\u0300ces qu&rsquo;ils ont e\u0301tudie\u0301es. Toujours sur des ma\u0302les. Reste ainsi un certain nombre de questions sans re\u0301ponse. Par exemple, le fait de comprendre comment les araigne\u0301es femelles peuvent sentir. Et de savoir aussi si les \u00ab nez \u00bb des araigne\u0301es peuvent de\u0301tecter d&rsquo;autres odeurs que celles des phe\u0301romones sexuelles. Affaire a\u0300 suivre&#8230;<\/p>\n<p><strong>Pour plus d&rsquo;informations et d&rsquo;analyses sur la <span style=\"color: #ff6600\">Senegal<\/span>, suivez <span style=\"color: #ff6600\">Africa-Press<span style=\"color: #ff6600\"><\/span><\/strong><\/p>\n","protected":false},"excerpt":{"rendered":"<p>Africa-Press &#8211; Senegal. Depuis longtemps, les chercheurs savent que les araigne\u0301es sont sensibles au moins a\u0300 certaines odeurs. Ils ont de\u0301sormais compris comment elles font pour les sentir. Elles sont pre\u0301sentes un peu partout autour de nous. Les araigne\u0301es. Les scientifiques en connaissent plus de 50 000 espe\u0300ces. Ils nous ont appris qu&rsquo;elles ont de [&hellip;]<\/p>\n","protected":false},"author":82,"featured_media":64777,"comment_status":"open","ping_status":"closed","sticky":false,"template":"","format":"standard","meta":{"footnotes":""},"categories":[22,10],"tags":[44],"class_list":["post-64778","post","type-post","status-publish","format-standard","has-post-thumbnail","hentry","category-divers","category-toutes-les-actualites","tag-senegal-2"],"yoast_head":"<!-- This site is optimized with the Yoast SEO Premium plugin v26.1 (Yoast SEO v27.0) - https:\/\/yoast.com\/product\/yoast-seo-premium-wordpress\/ -->\n<title>Vous ne Devinerez Jamais o\u00f9 se Cache le Nez des Araign\u00e9es - Senegal<\/title>\n<meta name=\"robots\" content=\"index, follow, max-snippet:-1, max-image-preview:large, max-video-preview:-1\" \/>\n<link rel=\"canonical\" href=\"https:\/\/www.africa-press.net\/senegal\/politique\/vous-ne-devinerez-jamais-ou-se-cache-le-nez-des-araignees\" \/>\n<meta property=\"og:locale\" content=\"fr_FR\" \/>\n<meta property=\"og:type\" content=\"article\" \/>\n<meta property=\"og:title\" content=\"Vous ne Devinerez Jamais o\u00f9 se Cache le Nez des Araign\u00e9es\" \/>\n<meta property=\"og:description\" content=\"Africa-Press &#8211; Senegal. Depuis longtemps, les chercheurs savent que les araigne\u0301es sont sensibles au moins a\u0300 certaines odeurs. Ils ont de\u0301sormais compris comment elles font pour les sentir. Elles sont pre\u0301sentes un peu partout autour de nous. Les araigne\u0301es. Les scientifiques en connaissent plus de 50 000 espe\u0300ces. Ils nous ont appris qu&rsquo;elles ont de [&hellip;]\" \/>\n<meta property=\"og:url\" content=\"https:\/\/www.africa-press.net\/senegal\/politique\/vous-ne-devinerez-jamais-ou-se-cache-le-nez-des-araignees\" \/>\n<meta property=\"og:site_name\" content=\"Senegal\" \/>\n<meta property=\"article:published_time\" content=\"2025-01-14T12:57:42+00:00\" \/>\n<meta name=\"author\" content=\"cfeditorfr\" \/>\n<meta name=\"twitter:card\" content=\"summary_large_image\" \/>\n<meta name=\"twitter:label1\" content=\"\u00c9crit par\" \/>\n\t<meta name=\"twitter:data1\" content=\"cfeditorfr\" \/>\n\t<meta name=\"twitter:label2\" content=\"Dur\u00e9e de lecture estim\u00e9e\" \/>\n\t<meta name=\"twitter:data2\" content=\"2 minutes\" \/>\n<script type=\"application\/ld+json\" class=\"yoast-schema-graph\">{\"@context\":\"https:\/\/schema.org\",\"@graph\":[{\"@type\":\"Article\",\"@id\":\"https:\/\/www.africa-press.net\/senegal\/politique\/vous-ne-devinerez-jamais-ou-se-cache-le-nez-des-araignees#article\",\"isPartOf\":{\"@id\":\"https:\/\/www.africa-press.net\/senegal\/politique\/vous-ne-devinerez-jamais-ou-se-cache-le-nez-des-araignees\"},\"author\":{\"name\":\"cfeditorfr\",\"@id\":\"https:\/\/www.africa-press.net\/senegal\/#\/schema\/person\/2b1cf3cd81a31e3cd26889ca66d677f1\"},\"headline\":\"Vous ne Devinerez Jamais o\u00f9 se Cache le Nez des Araign\u00e9es\",\"datePublished\":\"2025-01-14T12:57:42+00:00\",\"mainEntityOfPage\":{\"@id\":\"https:\/\/www.africa-press.net\/senegal\/politique\/vous-ne-devinerez-jamais-ou-se-cache-le-nez-des-araignees\"},\"wordCount\":421,\"commentCount\":0,\"image\":{\"@id\":\"https:\/\/www.africa-press.net\/senegal\/politique\/vous-ne-devinerez-jamais-ou-se-cache-le-nez-des-araignees#primaryimage\"},\"thumbnailUrl\":\"https:\/\/static.africa-press.net\/senegal\/sites\/13\/2025\/01\/sm_1736936860.449549.jpg\",\"keywords\":[\"Senegal\"],\"articleSection\":[\"Divers\",\"Toutes les actualit\u00e9s\"],\"inLanguage\":\"fr-FR\",\"potentialAction\":[{\"@type\":\"CommentAction\",\"name\":\"Comment\",\"target\":[\"https:\/\/www.africa-press.net\/senegal\/politique\/vous-ne-devinerez-jamais-ou-se-cache-le-nez-des-araignees#respond\"]}]},{\"@type\":\"WebPage\",\"@id\":\"https:\/\/www.africa-press.net\/senegal\/politique\/vous-ne-devinerez-jamais-ou-se-cache-le-nez-des-araignees\",\"url\":\"https:\/\/www.africa-press.net\/senegal\/politique\/vous-ne-devinerez-jamais-ou-se-cache-le-nez-des-araignees\",\"name\":\"Vous ne Devinerez Jamais o\u00f9 se Cache le Nez des Araign\u00e9es - Senegal\",\"isPartOf\":{\"@id\":\"https:\/\/www.africa-press.net\/senegal\/#website\"},\"primaryImageOfPage\":{\"@id\":\"https:\/\/www.africa-press.net\/senegal\/politique\/vous-ne-devinerez-jamais-ou-se-cache-le-nez-des-araignees#primaryimage\"},\"image\":{\"@id\":\"https:\/\/www.africa-press.net\/senegal\/politique\/vous-ne-devinerez-jamais-ou-se-cache-le-nez-des-araignees#primaryimage\"},\"thumbnailUrl\":\"https:\/\/static.africa-press.net\/senegal\/sites\/13\/2025\/01\/sm_1736936860.449549.jpg\",\"datePublished\":\"2025-01-14T12:57:42+00:00\",\"author\":{\"@id\":\"https:\/\/www.africa-press.net\/senegal\/#\/schema\/person\/2b1cf3cd81a31e3cd26889ca66d677f1\"},\"breadcrumb\":{\"@id\":\"https:\/\/www.africa-press.net\/senegal\/politique\/vous-ne-devinerez-jamais-ou-se-cache-le-nez-des-araignees#breadcrumb\"},\"inLanguage\":\"fr-FR\",\"potentialAction\":[{\"@type\":\"ReadAction\",\"target\":[\"https:\/\/www.africa-press.net\/senegal\/politique\/vous-ne-devinerez-jamais-ou-se-cache-le-nez-des-araignees\"]}]},{\"@type\":\"ImageObject\",\"inLanguage\":\"fr-FR\",\"@id\":\"https:\/\/www.africa-press.net\/senegal\/politique\/vous-ne-devinerez-jamais-ou-se-cache-le-nez-des-araignees#primaryimage\",\"url\":\"https:\/\/static.africa-press.net\/senegal\/sites\/13\/2025\/01\/sm_1736936860.449549.jpg\",\"contentUrl\":\"https:\/\/static.africa-press.net\/senegal\/sites\/13\/2025\/01\/sm_1736936860.449549.jpg\",\"width\":1610,\"height\":881,\"caption\":\"Vous ne Devinerez Jamais o\u00f9 se Cache le Nez des Araign\u00e9es\"},{\"@type\":\"BreadcrumbList\",\"@id\":\"https:\/\/www.africa-press.net\/senegal\/politique\/vous-ne-devinerez-jamais-ou-se-cache-le-nez-des-araignees#breadcrumb\",\"itemListElement\":[{\"@type\":\"ListItem\",\"position\":1,\"name\":\"Accueil\",\"item\":\"https:\/\/www.africa-press.net\/senegal\/\"},{\"@type\":\"ListItem\",\"position\":2,\"name\":\"Vous ne Devinerez Jamais o\u00f9 se Cache le Nez des Araign\u00e9es\"}]},{\"@type\":\"WebSite\",\"@id\":\"https:\/\/www.africa-press.net\/senegal\/#website\",\"url\":\"https:\/\/www.africa-press.net\/senegal\/\",\"name\":\"Africa Press | Senegal | Homepage\",\"description\":\"Just another Africa News Agency Sites site\",\"potentialAction\":[{\"@type\":\"SearchAction\",\"target\":{\"@type\":\"EntryPoint\",\"urlTemplate\":\"https:\/\/www.africa-press.net\/senegal\/?s={search_term_string}\"},\"query-input\":{\"@type\":\"PropertyValueSpecification\",\"valueRequired\":true,\"valueName\":\"search_term_string\"}}],\"inLanguage\":\"fr-FR\"},{\"@type\":\"Person\",\"@id\":\"https:\/\/www.africa-press.net\/senegal\/#\/schema\/person\/2b1cf3cd81a31e3cd26889ca66d677f1\",\"name\":\"cfeditorfr\",\"url\":\"https:\/\/www.africa-press.net\/senegal\/author\/cfeditorfr\"}]}<\/script>\n<!-- \/ Yoast SEO Premium plugin. -->","yoast_head_json":{"title":"Vous ne Devinerez Jamais o\u00f9 se Cache le Nez des Araign\u00e9es - Senegal","robots":{"index":"index","follow":"follow","max-snippet":"max-snippet:-1","max-image-preview":"max-image-preview:large","max-video-preview":"max-video-preview:-1"},"canonical":"https:\/\/www.africa-press.net\/senegal\/politique\/vous-ne-devinerez-jamais-ou-se-cache-le-nez-des-araignees","og_locale":"fr_FR","og_type":"article","og_title":"Vous ne Devinerez Jamais o\u00f9 se Cache le Nez des Araign\u00e9es","og_description":"Africa-Press &#8211; Senegal. Depuis longtemps, les chercheurs savent que les araigne\u0301es sont sensibles au moins a\u0300 certaines odeurs. Ils ont de\u0301sormais compris comment elles font pour les sentir. Elles sont pre\u0301sentes un peu partout autour de nous. Les araigne\u0301es. Les scientifiques en connaissent plus de 50 000 espe\u0300ces. Ils nous ont appris qu&rsquo;elles ont de [&hellip;]","og_url":"https:\/\/www.africa-press.net\/senegal\/politique\/vous-ne-devinerez-jamais-ou-se-cache-le-nez-des-araignees","og_site_name":"Senegal","article_published_time":"2025-01-14T12:57:42+00:00","author":"cfeditorfr","twitter_card":"summary_large_image","twitter_misc":{"\u00c9crit par":"cfeditorfr","Dur\u00e9e de lecture estim\u00e9e":"2 minutes"},"schema":{"@context":"https:\/\/schema.org","@graph":[{"@type":"Article","@id":"https:\/\/www.africa-press.net\/senegal\/politique\/vous-ne-devinerez-jamais-ou-se-cache-le-nez-des-araignees#article","isPartOf":{"@id":"https:\/\/www.africa-press.net\/senegal\/politique\/vous-ne-devinerez-jamais-ou-se-cache-le-nez-des-araignees"},"author":{"name":"cfeditorfr","@id":"https:\/\/www.africa-press.net\/senegal\/#\/schema\/person\/2b1cf3cd81a31e3cd26889ca66d677f1"},"headline":"Vous ne Devinerez Jamais o\u00f9 se Cache le Nez des Araign\u00e9es","datePublished":"2025-01-14T12:57:42+00:00","mainEntityOfPage":{"@id":"https:\/\/www.africa-press.net\/senegal\/politique\/vous-ne-devinerez-jamais-ou-se-cache-le-nez-des-araignees"},"wordCount":421,"commentCount":0,"image":{"@id":"https:\/\/www.africa-press.net\/senegal\/politique\/vous-ne-devinerez-jamais-ou-se-cache-le-nez-des-araignees#primaryimage"},"thumbnailUrl":"https:\/\/static.africa-press.net\/senegal\/sites\/13\/2025\/01\/sm_1736936860.449549.jpg","keywords":["Senegal"],"articleSection":["Divers","Toutes les actualit\u00e9s"],"inLanguage":"fr-FR","potentialAction":[{"@type":"CommentAction","name":"Comment","target":["https:\/\/www.africa-press.net\/senegal\/politique\/vous-ne-devinerez-jamais-ou-se-cache-le-nez-des-araignees#respond"]}]},{"@type":"WebPage","@id":"https:\/\/www.africa-press.net\/senegal\/politique\/vous-ne-devinerez-jamais-ou-se-cache-le-nez-des-araignees","url":"https:\/\/www.africa-press.net\/senegal\/politique\/vous-ne-devinerez-jamais-ou-se-cache-le-nez-des-araignees","name":"Vous ne Devinerez Jamais o\u00f9 se Cache le Nez des Araign\u00e9es - Senegal","isPartOf":{"@id":"https:\/\/www.africa-press.net\/senegal\/#website"},"primaryImageOfPage":{"@id":"https:\/\/www.africa-press.net\/senegal\/politique\/vous-ne-devinerez-jamais-ou-se-cache-le-nez-des-araignees#primaryimage"},"image":{"@id":"https:\/\/www.africa-press.net\/senegal\/politique\/vous-ne-devinerez-jamais-ou-se-cache-le-nez-des-araignees#primaryimage"},"thumbnailUrl":"https:\/\/static.africa-press.net\/senegal\/sites\/13\/2025\/01\/sm_1736936860.449549.jpg","datePublished":"2025-01-14T12:57:42+00:00","author":{"@id":"https:\/\/www.africa-press.net\/senegal\/#\/schema\/person\/2b1cf3cd81a31e3cd26889ca66d677f1"},"breadcrumb":{"@id":"https:\/\/www.africa-press.net\/senegal\/politique\/vous-ne-devinerez-jamais-ou-se-cache-le-nez-des-araignees#breadcrumb"},"inLanguage":"fr-FR","potentialAction":[{"@type":"ReadAction","target":["https:\/\/www.africa-press.net\/senegal\/politique\/vous-ne-devinerez-jamais-ou-se-cache-le-nez-des-araignees"]}]},{"@type":"ImageObject","inLanguage":"fr-FR","@id":"https:\/\/www.africa-press.net\/senegal\/politique\/vous-ne-devinerez-jamais-ou-se-cache-le-nez-des-araignees#primaryimage","url":"https:\/\/static.africa-press.net\/senegal\/sites\/13\/2025\/01\/sm_1736936860.449549.jpg","contentUrl":"https:\/\/static.africa-press.net\/senegal\/sites\/13\/2025\/01\/sm_1736936860.449549.jpg","width":1610,"height":881,"caption":"Vous ne Devinerez Jamais o\u00f9 se Cache le Nez des Araign\u00e9es"},{"@type":"BreadcrumbList","@id":"https:\/\/www.africa-press.net\/senegal\/politique\/vous-ne-devinerez-jamais-ou-se-cache-le-nez-des-araignees#breadcrumb","itemListElement":[{"@type":"ListItem","position":1,"name":"Accueil","item":"https:\/\/www.africa-press.net\/senegal\/"},{"@type":"ListItem","position":2,"name":"Vous ne Devinerez Jamais o\u00f9 se Cache le Nez des Araign\u00e9es"}]},{"@type":"WebSite","@id":"https:\/\/www.africa-press.net\/senegal\/#website","url":"https:\/\/www.africa-press.net\/senegal\/","name":"Africa Press | Senegal | Homepage","description":"Just another Africa News Agency Sites site","potentialAction":[{"@type":"SearchAction","target":{"@type":"EntryPoint","urlTemplate":"https:\/\/www.africa-press.net\/senegal\/?s={search_term_string}"},"query-input":{"@type":"PropertyValueSpecification","valueRequired":true,"valueName":"search_term_string"}}],"inLanguage":"fr-FR"},{"@type":"Person","@id":"https:\/\/www.africa-press.net\/senegal\/#\/schema\/person\/2b1cf3cd81a31e3cd26889ca66d677f1","name":"cfeditorfr","url":"https:\/\/www.africa-press.net\/senegal\/author\/cfeditorfr"}]}},"_links":{"self":[{"href":"https:\/\/www.africa-press.net\/senegal\/wp-json\/wp\/v2\/posts\/64778","targetHints":{"allow":["GET"]}}],"collection":[{"href":"https:\/\/www.africa-press.net\/senegal\/wp-json\/wp\/v2\/posts"}],"about":[{"href":"https:\/\/www.africa-press.net\/senegal\/wp-json\/wp\/v2\/types\/post"}],"author":[{"embeddable":true,"href":"https:\/\/www.africa-press.net\/senegal\/wp-json\/wp\/v2\/users\/82"}],"replies":[{"embeddable":true,"href":"https:\/\/www.africa-press.net\/senegal\/wp-json\/wp\/v2\/comments?post=64778"}],"version-history":[{"count":0,"href":"https:\/\/www.africa-press.net\/senegal\/wp-json\/wp\/v2\/posts\/64778\/revisions"}],"wp:featuredmedia":[{"embeddable":true,"href":"https:\/\/www.africa-press.net\/senegal\/wp-json\/wp\/v2\/media\/64777"}],"wp:attachment":[{"href":"https:\/\/www.africa-press.net\/senegal\/wp-json\/wp\/v2\/media?parent=64778"}],"wp:term":[{"taxonomy":"category","embeddable":true,"href":"https:\/\/www.africa-press.net\/senegal\/wp-json\/wp\/v2\/categories?post=64778"},{"taxonomy":"post_tag","embeddable":true,"href":"https:\/\/www.africa-press.net\/senegal\/wp-json\/wp\/v2\/tags?post=64778"}],"curies":[{"name":"wp","href":"https:\/\/api.w.org\/{rel}","templated":true}]}}