{"id":64818,"date":"2025-01-15T12:00:00","date_gmt":"2025-01-15T12:00:00","guid":{"rendered":"https:\/\/www.africa-press.net\/senegal\/politique\/le-burkina-faso-sindigne-a-son-tour-de-propos-demmanuel-macron-sur-lafrique"},"modified":"2025-01-15T12:00:00","modified_gmt":"2025-01-15T12:00:00","slug":"le-burkina-faso-sindigne-a-son-tour-de-propos-demmanuel-macron-sur-lafrique","status":"publish","type":"post","link":"https:\/\/www.africa-press.net\/senegal\/dossiers\/le-burkina-faso-sindigne-a-son-tour-de-propos-demmanuel-macron-sur-lafrique","title":{"rendered":"Le Burkina Faso S\u2019Indigne \u00e0 Son Tour de Propos D\u2019Emmanuel Macron sur L\u2019Afrique"},"content":{"rendered":"<p><span style=\"color: #ff6600\"><strong>Africa-Press &#8211; Senegal. <\/strong><\/span>Le chef de la junte au Burkina Faso a estime\u0301 lundi qu&rsquo;Emmanuel Macron avait \u00ab\u00a0insulte\u0301 tous les Africains\u00a0\u00bb, lors de propos ou\u0300 il de\u0301nonc\u0327ait \u00ab\u00a0l&rsquo;ingratitude\u00a0\u00bb de certains pays envers la France, suscitant la cole\u0300re sur le continent.<\/p>\n<p>\u00ab\u00a0Je crois qu&rsquo;on a oublie\u0301 de nous dire merci. Ce n&rsquo;est pas grave, c\u0327a viendra avec le temps.<\/p>\n<p>L&rsquo;ingratitude, je suis bien place\u0301 pour le savoir, c&rsquo;est une maladie non transmissible a\u0300 l&rsquo;homme\u00a0\u00bb, avait notamment de\u0301clare\u0301 le pre\u0301sident franc\u0327ais, la semaine dernie\u0300re au sujet des interventions militaires franc\u0327aises contre les jihadistes au Sahel.<\/p>\n<p>\u00ab\u00a0Il a insulte\u0301 tous les Africains. (&#8230;) Voila\u0300 comment ce monsieur voit l&rsquo;Afrique, voit les Africains.<\/p>\n<p>Nous ne sommes pas des humains a\u0300 ses yeux\u00a0\u00bb, a re\u0301agi lundi le capitaine Ibrahim Traore\u0301, lors d&rsquo;une ce\u0301re\u0301monie de voeux.<\/p>\n<p>Les relations entre le Burkina Faso et la France n&rsquo;ont cesse\u0301 de se de\u0301grader depuis la prise de pouvoir par la force de ce capitaine de 36 ans, en septembre 2022.<\/p>\n<p>Le Burkina, comme ses voisins et allie\u0301s, le Mali et le Niger e\u0301galement gouverne\u0301s par des putschistes hostiles a\u0300 Paris, ont obtenu entre 2022 et 2023 le de\u0301part des soldats franc\u0327ais de leurs territoires.<\/p>\n<p>Les trois pays se sont paralle\u0300lement rapproche\u0301s de Moscou, tout comme la Centrafrique qui avait e\u0301galement exige\u0301 le de\u0301part des franc\u0327ais en 2022.<\/p>\n<p><b>&#8211; \u00ab\u00a0Indignation\u00a0\u00bb &#8211;<\/b><\/p>\n<p>La France a de\u0301cide\u0301 de re\u0301organiser son dispositif militaire en Afrique en 2025, mais certains pays comme le Tchad et le Se\u0301ne\u0301gal ont pris les devants de\u0300s novembre.<\/p>\n<p>Le Tchad, dernier point d&rsquo;ancrage de la France au Sahel, a de\u0301nonce\u0301 l&rsquo;accord de coope\u0301ration militaire et exige\u0301 un de\u0301part d&rsquo;ici fin janvier des troupes franc\u0327aises. Deux bases militaires ont de\u0301ja\u0300 e\u0301te\u0301 re\u0301troce\u0301de\u0301es.<\/p>\n<p>Le Se\u0301ne\u0301gal a de son co\u0302te\u0301 demande\u0301 la fermeture des bases franc\u0327aises et la fin de toutes les pre\u0301sences militaires e\u0301trange\u0300res, selon un calendrier a\u0300 de\u0301finir.<\/p>\n<p>Et les deux pays ont aussi critique\u0301 les propos de M. Macron qui avait e\u0301galement afirme\u0301 que la France avait consenti par politesse a\u0300 certains pays africains \u00ab\u00a0la primaute\u0301 de l&rsquo;annonce\u00a0\u00bb de la re\u0301organisation de son dispositif militaire.<\/p>\n<p>\u00ab\u00a0Je voudrais exprimer mon indignation vis-a\u0300-vis des propos re\u0301cemment tenus par le pre\u0301sident Macron qui frisent le me\u0301pris envers l&rsquo;Afrique et les Africains. Je crois qu&rsquo;il se trompe d&rsquo;e\u0301poque\u00a0\u00bb, avait de\u0301clare\u0301 le pre\u0301sident tchadien Mahamat Idriss De\u0301by Itno.<\/p>\n<p>Le Premier ministre se\u0301ne\u0301galais Ousmane Sonko avait de son co\u0302te\u0301 de\u0301nonce\u0301 des propos \u00ab\u00a0totalement errone\u0301s\u00a0\u00bb et que la de\u0301cision du Se\u0301ne\u0301gal \u00ab\u00a0de\u0301coule de sa seule volonte\u0301\u00a0\u00bb, en tant que \u00ab\u00a0pays souverain\u00a0\u00bb.<\/p>\n<p>\u00ab\u00a0Si vous voulez une rupture avec ces forces impe\u0301rialistes, c&rsquo;est simple, on de\u0301nonce les accords. Si on ne de\u0301nonce pas les accords, juste dire qu&rsquo;ils quittent les bases (militaires), on n&rsquo;a rien fait\u00a0\u00bb, a afirme\u0301 lundi le capitaine Traore\u0301.<\/p>\n<p>\u00ab\u00a0Les Africains doivent se re\u0301veiller. Nous devons travailler a\u0300 e\u0302tre inde\u0301pendants. Il faut de\u0301coloniser les mentalite\u0301s\u00a0\u00bb, a-t-il ajoute\u0301.<\/p>\n<p>La France doit e\u0301galement retirer progressivement ses militaires de Co\u0302te d&rsquo;Ivoire et du Gabon, deux pays avec lesquels les relations restent bonnes.<\/p>\n<p>Une base subsistera sur le continent africain, a\u0300 Djibouti. Avec pre\u0300s de 1.500 hommes, elle abrite le plus gros contingent franc\u0327ais a\u0300 l&rsquo;e\u0301tranger et les accords militaires qui lient les deux pays ont e\u0301te\u0301 renouvele\u0301s en juillet 2024.<\/p>\n<p><b>Source: abamako.com<\/b><\/p>\n<p><strong>Pour plus d&rsquo;informations et d&rsquo;analyses sur la <span style=\"color: #ff6600\">Senegal<\/span>, suivez <span style=\"color: #ff6600\">Africa-Press<span style=\"color: #ff6600\"><\/span><\/strong><\/p>\n","protected":false},"excerpt":{"rendered":"<p>Africa-Press &#8211; Senegal. Le chef de la junte au Burkina Faso a estime\u0301 lundi qu&rsquo;Emmanuel Macron avait \u00ab\u00a0insulte\u0301 tous les Africains\u00a0\u00bb, lors de propos ou\u0300 il de\u0301nonc\u0327ait \u00ab\u00a0l&rsquo;ingratitude\u00a0\u00bb de certains pays envers la France, suscitant la cole\u0300re sur le continent. \u00ab\u00a0Je crois qu&rsquo;on a oublie\u0301 de nous dire merci. Ce n&rsquo;est pas grave, c\u0327a viendra [&hellip;]<\/p>\n","protected":false},"author":82,"featured_media":64817,"comment_status":"open","ping_status":"closed","sticky":false,"template":"","format":"standard","meta":{"footnotes":""},"categories":[7,10],"tags":[44],"class_list":["post-64818","post","type-post","status-publish","format-standard","has-post-thumbnail","hentry","category-dossiers","category-toutes-les-actualites","tag-senegal-2"],"yoast_head":"<!-- This site is optimized with the Yoast SEO Premium plugin v26.1 (Yoast SEO v27.0) - https:\/\/yoast.com\/product\/yoast-seo-premium-wordpress\/ -->\n<title>Le Burkina Faso S\u2019Indigne \u00e0 Son Tour de Propos D\u2019Emmanuel Macron sur L\u2019Afrique - Senegal<\/title>\n<meta name=\"robots\" content=\"index, follow, max-snippet:-1, max-image-preview:large, max-video-preview:-1\" \/>\n<link rel=\"canonical\" href=\"https:\/\/www.africa-press.net\/senegal\/politique\/le-burkina-faso-sindigne-a-son-tour-de-propos-demmanuel-macron-sur-lafrique\" \/>\n<meta property=\"og:locale\" content=\"fr_FR\" \/>\n<meta property=\"og:type\" content=\"article\" \/>\n<meta property=\"og:title\" content=\"Le Burkina Faso S\u2019Indigne \u00e0 Son Tour de Propos D\u2019Emmanuel Macron sur L\u2019Afrique\" \/>\n<meta property=\"og:description\" content=\"Africa-Press &#8211; Senegal. Le chef de la junte au Burkina Faso a estime\u0301 lundi qu&rsquo;Emmanuel Macron avait \u00ab\u00a0insulte\u0301 tous les Africains\u00a0\u00bb, lors de propos ou\u0300 il de\u0301nonc\u0327ait \u00ab\u00a0l&rsquo;ingratitude\u00a0\u00bb de certains pays envers la France, suscitant la cole\u0300re sur le continent. \u00ab\u00a0Je crois qu&rsquo;on a oublie\u0301 de nous dire merci. Ce n&rsquo;est pas grave, c\u0327a viendra [&hellip;]\" \/>\n<meta property=\"og:url\" content=\"https:\/\/www.africa-press.net\/senegal\/politique\/le-burkina-faso-sindigne-a-son-tour-de-propos-demmanuel-macron-sur-lafrique\" \/>\n<meta property=\"og:site_name\" content=\"Senegal\" \/>\n<meta property=\"article:published_time\" content=\"2025-01-15T12:00:00+00:00\" \/>\n<meta name=\"author\" content=\"cfeditorfr\" \/>\n<meta name=\"twitter:card\" content=\"summary_large_image\" \/>\n<meta name=\"twitter:label1\" content=\"\u00c9crit par\" \/>\n\t<meta name=\"twitter:data1\" content=\"cfeditorfr\" \/>\n\t<meta name=\"twitter:label2\" content=\"Dur\u00e9e de lecture estim\u00e9e\" \/>\n\t<meta name=\"twitter:data2\" content=\"3 minutes\" \/>\n<script type=\"application\/ld+json\" class=\"yoast-schema-graph\">{\"@context\":\"https:\/\/schema.org\",\"@graph\":[{\"@type\":\"Article\",\"@id\":\"https:\/\/www.africa-press.net\/senegal\/politique\/le-burkina-faso-sindigne-a-son-tour-de-propos-demmanuel-macron-sur-lafrique#article\",\"isPartOf\":{\"@id\":\"https:\/\/www.africa-press.net\/senegal\/politique\/le-burkina-faso-sindigne-a-son-tour-de-propos-demmanuel-macron-sur-lafrique\"},\"author\":{\"name\":\"cfeditorfr\",\"@id\":\"https:\/\/www.africa-press.net\/senegal\/#\/schema\/person\/2b1cf3cd81a31e3cd26889ca66d677f1\"},\"headline\":\"Le Burkina Faso S\u2019Indigne \u00e0 Son Tour de Propos D\u2019Emmanuel Macron sur L\u2019Afrique\",\"datePublished\":\"2025-01-15T12:00:00+00:00\",\"mainEntityOfPage\":{\"@id\":\"https:\/\/www.africa-press.net\/senegal\/politique\/le-burkina-faso-sindigne-a-son-tour-de-propos-demmanuel-macron-sur-lafrique\"},\"wordCount\":654,\"commentCount\":0,\"image\":{\"@id\":\"https:\/\/www.africa-press.net\/senegal\/politique\/le-burkina-faso-sindigne-a-son-tour-de-propos-demmanuel-macron-sur-lafrique#primaryimage\"},\"thumbnailUrl\":\"https:\/\/static.africa-press.net\/senegal\/sites\/13\/2025\/01\/sm_1737003572.019959.jpg\",\"keywords\":[\"Senegal\"],\"articleSection\":[\"Dossiers\",\"Toutes les actualit\u00e9s\"],\"inLanguage\":\"fr-FR\",\"potentialAction\":[{\"@type\":\"CommentAction\",\"name\":\"Comment\",\"target\":[\"https:\/\/www.africa-press.net\/senegal\/politique\/le-burkina-faso-sindigne-a-son-tour-de-propos-demmanuel-macron-sur-lafrique#respond\"]}]},{\"@type\":\"WebPage\",\"@id\":\"https:\/\/www.africa-press.net\/senegal\/politique\/le-burkina-faso-sindigne-a-son-tour-de-propos-demmanuel-macron-sur-lafrique\",\"url\":\"https:\/\/www.africa-press.net\/senegal\/politique\/le-burkina-faso-sindigne-a-son-tour-de-propos-demmanuel-macron-sur-lafrique\",\"name\":\"Le Burkina Faso S\u2019Indigne \u00e0 Son Tour de Propos D\u2019Emmanuel Macron sur L\u2019Afrique - Senegal\",\"isPartOf\":{\"@id\":\"https:\/\/www.africa-press.net\/senegal\/#website\"},\"primaryImageOfPage\":{\"@id\":\"https:\/\/www.africa-press.net\/senegal\/politique\/le-burkina-faso-sindigne-a-son-tour-de-propos-demmanuel-macron-sur-lafrique#primaryimage\"},\"image\":{\"@id\":\"https:\/\/www.africa-press.net\/senegal\/politique\/le-burkina-faso-sindigne-a-son-tour-de-propos-demmanuel-macron-sur-lafrique#primaryimage\"},\"thumbnailUrl\":\"https:\/\/static.africa-press.net\/senegal\/sites\/13\/2025\/01\/sm_1737003572.019959.jpg\",\"datePublished\":\"2025-01-15T12:00:00+00:00\",\"author\":{\"@id\":\"https:\/\/www.africa-press.net\/senegal\/#\/schema\/person\/2b1cf3cd81a31e3cd26889ca66d677f1\"},\"breadcrumb\":{\"@id\":\"https:\/\/www.africa-press.net\/senegal\/politique\/le-burkina-faso-sindigne-a-son-tour-de-propos-demmanuel-macron-sur-lafrique#breadcrumb\"},\"inLanguage\":\"fr-FR\",\"potentialAction\":[{\"@type\":\"ReadAction\",\"target\":[\"https:\/\/www.africa-press.net\/senegal\/politique\/le-burkina-faso-sindigne-a-son-tour-de-propos-demmanuel-macron-sur-lafrique\"]}]},{\"@type\":\"ImageObject\",\"inLanguage\":\"fr-FR\",\"@id\":\"https:\/\/www.africa-press.net\/senegal\/politique\/le-burkina-faso-sindigne-a-son-tour-de-propos-demmanuel-macron-sur-lafrique#primaryimage\",\"url\":\"https:\/\/static.africa-press.net\/senegal\/sites\/13\/2025\/01\/sm_1737003572.019959.jpg\",\"contentUrl\":\"https:\/\/static.africa-press.net\/senegal\/sites\/13\/2025\/01\/sm_1737003572.019959.jpg\",\"width\":1280,\"height\":720,\"caption\":\"Le Burkina Faso S\u2019Indigne \u00e0 Son Tour de Propos D\u2019Emmanuel Macron sur L\u2019Afrique\"},{\"@type\":\"BreadcrumbList\",\"@id\":\"https:\/\/www.africa-press.net\/senegal\/politique\/le-burkina-faso-sindigne-a-son-tour-de-propos-demmanuel-macron-sur-lafrique#breadcrumb\",\"itemListElement\":[{\"@type\":\"ListItem\",\"position\":1,\"name\":\"Accueil\",\"item\":\"https:\/\/www.africa-press.net\/senegal\/\"},{\"@type\":\"ListItem\",\"position\":2,\"name\":\"Le Burkina Faso S\u2019Indigne \u00e0 Son Tour de Propos D\u2019Emmanuel Macron sur L\u2019Afrique\"}]},{\"@type\":\"WebSite\",\"@id\":\"https:\/\/www.africa-press.net\/senegal\/#website\",\"url\":\"https:\/\/www.africa-press.net\/senegal\/\",\"name\":\"Africa Press | Senegal | Homepage\",\"description\":\"Just another Africa News Agency Sites site\",\"potentialAction\":[{\"@type\":\"SearchAction\",\"target\":{\"@type\":\"EntryPoint\",\"urlTemplate\":\"https:\/\/www.africa-press.net\/senegal\/?s={search_term_string}\"},\"query-input\":{\"@type\":\"PropertyValueSpecification\",\"valueRequired\":true,\"valueName\":\"search_term_string\"}}],\"inLanguage\":\"fr-FR\"},{\"@type\":\"Person\",\"@id\":\"https:\/\/www.africa-press.net\/senegal\/#\/schema\/person\/2b1cf3cd81a31e3cd26889ca66d677f1\",\"name\":\"cfeditorfr\",\"url\":\"https:\/\/www.africa-press.net\/senegal\/author\/cfeditorfr\"}]}<\/script>\n<!-- \/ Yoast SEO Premium plugin. -->","yoast_head_json":{"title":"Le Burkina Faso S\u2019Indigne \u00e0 Son Tour de Propos D\u2019Emmanuel Macron sur L\u2019Afrique - Senegal","robots":{"index":"index","follow":"follow","max-snippet":"max-snippet:-1","max-image-preview":"max-image-preview:large","max-video-preview":"max-video-preview:-1"},"canonical":"https:\/\/www.africa-press.net\/senegal\/politique\/le-burkina-faso-sindigne-a-son-tour-de-propos-demmanuel-macron-sur-lafrique","og_locale":"fr_FR","og_type":"article","og_title":"Le Burkina Faso S\u2019Indigne \u00e0 Son Tour de Propos D\u2019Emmanuel Macron sur L\u2019Afrique","og_description":"Africa-Press &#8211; Senegal. Le chef de la junte au Burkina Faso a estime\u0301 lundi qu&rsquo;Emmanuel Macron avait \u00ab\u00a0insulte\u0301 tous les Africains\u00a0\u00bb, lors de propos ou\u0300 il de\u0301nonc\u0327ait \u00ab\u00a0l&rsquo;ingratitude\u00a0\u00bb de certains pays envers la France, suscitant la cole\u0300re sur le continent. \u00ab\u00a0Je crois qu&rsquo;on a oublie\u0301 de nous dire merci. Ce n&rsquo;est pas grave, c\u0327a viendra [&hellip;]","og_url":"https:\/\/www.africa-press.net\/senegal\/politique\/le-burkina-faso-sindigne-a-son-tour-de-propos-demmanuel-macron-sur-lafrique","og_site_name":"Senegal","article_published_time":"2025-01-15T12:00:00+00:00","author":"cfeditorfr","twitter_card":"summary_large_image","twitter_misc":{"\u00c9crit par":"cfeditorfr","Dur\u00e9e de lecture estim\u00e9e":"3 minutes"},"schema":{"@context":"https:\/\/schema.org","@graph":[{"@type":"Article","@id":"https:\/\/www.africa-press.net\/senegal\/politique\/le-burkina-faso-sindigne-a-son-tour-de-propos-demmanuel-macron-sur-lafrique#article","isPartOf":{"@id":"https:\/\/www.africa-press.net\/senegal\/politique\/le-burkina-faso-sindigne-a-son-tour-de-propos-demmanuel-macron-sur-lafrique"},"author":{"name":"cfeditorfr","@id":"https:\/\/www.africa-press.net\/senegal\/#\/schema\/person\/2b1cf3cd81a31e3cd26889ca66d677f1"},"headline":"Le Burkina Faso S\u2019Indigne \u00e0 Son Tour de Propos D\u2019Emmanuel Macron sur L\u2019Afrique","datePublished":"2025-01-15T12:00:00+00:00","mainEntityOfPage":{"@id":"https:\/\/www.africa-press.net\/senegal\/politique\/le-burkina-faso-sindigne-a-son-tour-de-propos-demmanuel-macron-sur-lafrique"},"wordCount":654,"commentCount":0,"image":{"@id":"https:\/\/www.africa-press.net\/senegal\/politique\/le-burkina-faso-sindigne-a-son-tour-de-propos-demmanuel-macron-sur-lafrique#primaryimage"},"thumbnailUrl":"https:\/\/static.africa-press.net\/senegal\/sites\/13\/2025\/01\/sm_1737003572.019959.jpg","keywords":["Senegal"],"articleSection":["Dossiers","Toutes les actualit\u00e9s"],"inLanguage":"fr-FR","potentialAction":[{"@type":"CommentAction","name":"Comment","target":["https:\/\/www.africa-press.net\/senegal\/politique\/le-burkina-faso-sindigne-a-son-tour-de-propos-demmanuel-macron-sur-lafrique#respond"]}]},{"@type":"WebPage","@id":"https:\/\/www.africa-press.net\/senegal\/politique\/le-burkina-faso-sindigne-a-son-tour-de-propos-demmanuel-macron-sur-lafrique","url":"https:\/\/www.africa-press.net\/senegal\/politique\/le-burkina-faso-sindigne-a-son-tour-de-propos-demmanuel-macron-sur-lafrique","name":"Le Burkina Faso S\u2019Indigne \u00e0 Son Tour de Propos D\u2019Emmanuel Macron sur L\u2019Afrique - Senegal","isPartOf":{"@id":"https:\/\/www.africa-press.net\/senegal\/#website"},"primaryImageOfPage":{"@id":"https:\/\/www.africa-press.net\/senegal\/politique\/le-burkina-faso-sindigne-a-son-tour-de-propos-demmanuel-macron-sur-lafrique#primaryimage"},"image":{"@id":"https:\/\/www.africa-press.net\/senegal\/politique\/le-burkina-faso-sindigne-a-son-tour-de-propos-demmanuel-macron-sur-lafrique#primaryimage"},"thumbnailUrl":"https:\/\/static.africa-press.net\/senegal\/sites\/13\/2025\/01\/sm_1737003572.019959.jpg","datePublished":"2025-01-15T12:00:00+00:00","author":{"@id":"https:\/\/www.africa-press.net\/senegal\/#\/schema\/person\/2b1cf3cd81a31e3cd26889ca66d677f1"},"breadcrumb":{"@id":"https:\/\/www.africa-press.net\/senegal\/politique\/le-burkina-faso-sindigne-a-son-tour-de-propos-demmanuel-macron-sur-lafrique#breadcrumb"},"inLanguage":"fr-FR","potentialAction":[{"@type":"ReadAction","target":["https:\/\/www.africa-press.net\/senegal\/politique\/le-burkina-faso-sindigne-a-son-tour-de-propos-demmanuel-macron-sur-lafrique"]}]},{"@type":"ImageObject","inLanguage":"fr-FR","@id":"https:\/\/www.africa-press.net\/senegal\/politique\/le-burkina-faso-sindigne-a-son-tour-de-propos-demmanuel-macron-sur-lafrique#primaryimage","url":"https:\/\/static.africa-press.net\/senegal\/sites\/13\/2025\/01\/sm_1737003572.019959.jpg","contentUrl":"https:\/\/static.africa-press.net\/senegal\/sites\/13\/2025\/01\/sm_1737003572.019959.jpg","width":1280,"height":720,"caption":"Le Burkina Faso S\u2019Indigne \u00e0 Son Tour de Propos D\u2019Emmanuel Macron sur L\u2019Afrique"},{"@type":"BreadcrumbList","@id":"https:\/\/www.africa-press.net\/senegal\/politique\/le-burkina-faso-sindigne-a-son-tour-de-propos-demmanuel-macron-sur-lafrique#breadcrumb","itemListElement":[{"@type":"ListItem","position":1,"name":"Accueil","item":"https:\/\/www.africa-press.net\/senegal\/"},{"@type":"ListItem","position":2,"name":"Le Burkina Faso S\u2019Indigne \u00e0 Son Tour de Propos D\u2019Emmanuel Macron sur L\u2019Afrique"}]},{"@type":"WebSite","@id":"https:\/\/www.africa-press.net\/senegal\/#website","url":"https:\/\/www.africa-press.net\/senegal\/","name":"Africa Press | Senegal | Homepage","description":"Just another Africa News Agency Sites site","potentialAction":[{"@type":"SearchAction","target":{"@type":"EntryPoint","urlTemplate":"https:\/\/www.africa-press.net\/senegal\/?s={search_term_string}"},"query-input":{"@type":"PropertyValueSpecification","valueRequired":true,"valueName":"search_term_string"}}],"inLanguage":"fr-FR"},{"@type":"Person","@id":"https:\/\/www.africa-press.net\/senegal\/#\/schema\/person\/2b1cf3cd81a31e3cd26889ca66d677f1","name":"cfeditorfr","url":"https:\/\/www.africa-press.net\/senegal\/author\/cfeditorfr"}]}},"_links":{"self":[{"href":"https:\/\/www.africa-press.net\/senegal\/wp-json\/wp\/v2\/posts\/64818","targetHints":{"allow":["GET"]}}],"collection":[{"href":"https:\/\/www.africa-press.net\/senegal\/wp-json\/wp\/v2\/posts"}],"about":[{"href":"https:\/\/www.africa-press.net\/senegal\/wp-json\/wp\/v2\/types\/post"}],"author":[{"embeddable":true,"href":"https:\/\/www.africa-press.net\/senegal\/wp-json\/wp\/v2\/users\/82"}],"replies":[{"embeddable":true,"href":"https:\/\/www.africa-press.net\/senegal\/wp-json\/wp\/v2\/comments?post=64818"}],"version-history":[{"count":0,"href":"https:\/\/www.africa-press.net\/senegal\/wp-json\/wp\/v2\/posts\/64818\/revisions"}],"wp:featuredmedia":[{"embeddable":true,"href":"https:\/\/www.africa-press.net\/senegal\/wp-json\/wp\/v2\/media\/64817"}],"wp:attachment":[{"href":"https:\/\/www.africa-press.net\/senegal\/wp-json\/wp\/v2\/media?parent=64818"}],"wp:term":[{"taxonomy":"category","embeddable":true,"href":"https:\/\/www.africa-press.net\/senegal\/wp-json\/wp\/v2\/categories?post=64818"},{"taxonomy":"post_tag","embeddable":true,"href":"https:\/\/www.africa-press.net\/senegal\/wp-json\/wp\/v2\/tags?post=64818"}],"curies":[{"name":"wp","href":"https:\/\/api.w.org\/{rel}","templated":true}]}}