{"id":64834,"date":"2025-01-16T12:00:00","date_gmt":"2025-01-16T12:00:00","guid":{"rendered":"https:\/\/www.africa-press.net\/senegal\/politique\/grippe-des-hospitalisations-dun-niveau-exceptionnellement-eleve"},"modified":"2025-01-16T12:00:00","modified_gmt":"2025-01-16T12:00:00","slug":"grippe-des-hospitalisations-dun-niveau-exceptionnellement-eleve","status":"publish","type":"post","link":"https:\/\/www.africa-press.net\/senegal\/toutes-les-actualites\/grippe-des-hospitalisations-dun-niveau-exceptionnellement-eleve","title":{"rendered":"Grippe : des Hospitalisations D\u2019Un Niveau \u00ab Exceptionnellement \u00c9lev\u00e9 \u00bb"},"content":{"rendered":"<p><span style=\"color: #ff6600\"><strong>Africa-Press &#8211; Senegal. <\/strong><\/span>Il faut remettre l\u2019accent sur la vaccination \u00bb, notamment chez les plus vulne\u0301rables et les plus a\u0302ge\u0301s, a plaide\u0301 mardi 14 janvier 2025 le directeur ge\u0301ne\u0301ral de l\u2019AP-HP Nicolas Revel face a\u0300 l\u2019e\u0301pide\u0301mie de grippe, sans toutefois se prononcer sur une obligation pour les soignants. \u00ab La pression reste encore assez forte dans nos services et dans beaucoup d\u2019autres re\u0301gions (&#8230;), il est encore temps d\u2019aller se faire vacciner \u00bb, a souligne\u0301 Nicolas Revel, interroge\u0301 sur France Inter.<\/p>\n<p>L\u2019e\u0301pide\u0301mie de grippe saisonnie\u0300re, qui dure habituellement dix a\u0300 douze semaines, s\u2019est intensifie\u0301e de\u0301but janvier, avec des hospitalisations d\u2019un niveau \u00ab exceptionnellement e\u0301leve\u0301 \u00bb compare\u0301 aux saisons pre\u0301ce\u0301dentes, a souligne\u0301 la semaine dernie\u0300re Sante\u0301 publique France. Le nombre de de\u0301ce\u0300s en lien avec la grippe, principalement chez les plus de 65 ans, a grimpe\u0301. \u00ab Il faut remettre l\u2019accent sur la vaccination et notamment des personnes a\u0302ge\u0301es et des personnes vulne\u0301rables \u00bb, a souligne\u0301 M. Revel.<\/p>\n<p><b>10,3 millions de doses anti-grippe distribue\u0301es jusqu\u2019ici<\/b><\/p>\n<p>Si la couverture vaccinale devrait \u00ab e\u0302tre un peu meilleure que l\u2019an dernier \u00bb, elle demeure \u00ab faible \u00bb avec quelque 10,3 millions de doses anti-grippe distribue\u0301es jusqu\u2019ici, selon les chiffres avance\u0301s par le pre\u0301sident de la Fe\u0301de\u0301ration des syndicats pharmaceutiques de France Philippe Besset. Concernant le taux de vaccination du personnel soignant, il est sur cet hiver 2024 de 19% pour l\u2019AP-HP, a indique\u0301 mardi M. Revel, chiffre qui est \u00ab a\u0300 peu pre\u0300s le chiffre national \u00bb.<\/p>\n<p><b>Le retour d\u2019une obligation vaccinale pour les soignants ?<\/b><\/p>\n<p>Interroge\u0301 sur un possible retour d\u2019une obligation vaccinale pour les soignants, le ministre charge\u0301 de la Sante\u0301 Yannick Neuder avait estime\u0301 vendredi dernier que \u00ab la question se posera \u00bb a\u0300 l\u2019avenir. \u00ab Au-dela\u0300 d\u2019une obligation, je pense que ce qui est tre\u0300s important, c\u2019est qu\u2019on reprenne la question de la vaccination dans notre pays de manie\u0300re ge\u0301ne\u0301rale \u00bb, a estime\u0301 pour sa part Nicolas Revel.<\/p>\n<p><strong>Pour plus d&rsquo;informations et d&rsquo;analyses sur la <span style=\"color: #ff6600\">Senegal<\/span>, suivez <span style=\"color: #ff6600\">Africa-Press<span style=\"color: #ff6600\"><\/span><\/strong><\/p>\n","protected":false},"excerpt":{"rendered":"<p>Africa-Press &#8211; Senegal. Il faut remettre l\u2019accent sur la vaccination \u00bb, notamment chez les plus vulne\u0301rables et les plus a\u0302ge\u0301s, a plaide\u0301 mardi 14 janvier 2025 le directeur ge\u0301ne\u0301ral de l\u2019AP-HP Nicolas Revel face a\u0300 l\u2019e\u0301pide\u0301mie de grippe, sans toutefois se prononcer sur une obligation pour les soignants. \u00ab La pression reste encore assez forte [&hellip;]<\/p>\n","protected":false},"author":82,"featured_media":64833,"comment_status":"open","ping_status":"closed","sticky":false,"template":"","format":"standard","meta":{"footnotes":""},"categories":[22,10],"tags":[44],"class_list":["post-64834","post","type-post","status-publish","format-standard","has-post-thumbnail","hentry","category-divers","category-toutes-les-actualites","tag-senegal-2"],"yoast_head":"<!-- This site is optimized with the Yoast SEO Premium plugin v26.1 (Yoast SEO v27.0) - https:\/\/yoast.com\/product\/yoast-seo-premium-wordpress\/ -->\n<title>Grippe : des Hospitalisations D\u2019Un Niveau \u00ab Exceptionnellement \u00c9lev\u00e9 \u00bb - Senegal<\/title>\n<meta name=\"robots\" content=\"index, follow, max-snippet:-1, max-image-preview:large, max-video-preview:-1\" \/>\n<link rel=\"canonical\" href=\"https:\/\/www.africa-press.net\/senegal\/politique\/grippe-des-hospitalisations-dun-niveau-exceptionnellement-eleve\" \/>\n<meta property=\"og:locale\" content=\"fr_FR\" \/>\n<meta property=\"og:type\" content=\"article\" \/>\n<meta property=\"og:title\" content=\"Grippe : des Hospitalisations D\u2019Un Niveau \u00ab Exceptionnellement \u00c9lev\u00e9 \u00bb\" \/>\n<meta property=\"og:description\" content=\"Africa-Press &#8211; Senegal. Il faut remettre l\u2019accent sur la vaccination \u00bb, notamment chez les plus vulne\u0301rables et les plus a\u0302ge\u0301s, a plaide\u0301 mardi 14 janvier 2025 le directeur ge\u0301ne\u0301ral de l\u2019AP-HP Nicolas Revel face a\u0300 l\u2019e\u0301pide\u0301mie de grippe, sans toutefois se prononcer sur une obligation pour les soignants. \u00ab La pression reste encore assez forte [&hellip;]\" \/>\n<meta property=\"og:url\" content=\"https:\/\/www.africa-press.net\/senegal\/politique\/grippe-des-hospitalisations-dun-niveau-exceptionnellement-eleve\" \/>\n<meta property=\"og:site_name\" content=\"Senegal\" \/>\n<meta property=\"article:published_time\" content=\"2025-01-16T12:00:00+00:00\" \/>\n<meta name=\"author\" content=\"cfeditorfr\" \/>\n<meta name=\"twitter:card\" content=\"summary_large_image\" \/>\n<meta name=\"twitter:label1\" content=\"\u00c9crit par\" \/>\n\t<meta name=\"twitter:data1\" content=\"cfeditorfr\" \/>\n\t<meta name=\"twitter:label2\" content=\"Dur\u00e9e de lecture estim\u00e9e\" \/>\n\t<meta name=\"twitter:data2\" content=\"2 minutes\" \/>\n<script type=\"application\/ld+json\" class=\"yoast-schema-graph\">{\"@context\":\"https:\/\/schema.org\",\"@graph\":[{\"@type\":\"Article\",\"@id\":\"https:\/\/www.africa-press.net\/senegal\/politique\/grippe-des-hospitalisations-dun-niveau-exceptionnellement-eleve#article\",\"isPartOf\":{\"@id\":\"https:\/\/www.africa-press.net\/senegal\/politique\/grippe-des-hospitalisations-dun-niveau-exceptionnellement-eleve\"},\"author\":{\"name\":\"cfeditorfr\",\"@id\":\"https:\/\/www.africa-press.net\/senegal\/#\/schema\/person\/2b1cf3cd81a31e3cd26889ca66d677f1\"},\"headline\":\"Grippe : des Hospitalisations D\u2019Un Niveau \u00ab Exceptionnellement \u00c9lev\u00e9 \u00bb\",\"datePublished\":\"2025-01-16T12:00:00+00:00\",\"mainEntityOfPage\":{\"@id\":\"https:\/\/www.africa-press.net\/senegal\/politique\/grippe-des-hospitalisations-dun-niveau-exceptionnellement-eleve\"},\"wordCount\":365,\"commentCount\":0,\"image\":{\"@id\":\"https:\/\/www.africa-press.net\/senegal\/politique\/grippe-des-hospitalisations-dun-niveau-exceptionnellement-eleve#primaryimage\"},\"thumbnailUrl\":\"https:\/\/static.africa-press.net\/senegal\/sites\/13\/2025\/01\/sm_1737106704.665808.jpg\",\"keywords\":[\"Senegal\"],\"articleSection\":[\"Divers\",\"Toutes les actualit\u00e9s\"],\"inLanguage\":\"fr-FR\",\"potentialAction\":[{\"@type\":\"CommentAction\",\"name\":\"Comment\",\"target\":[\"https:\/\/www.africa-press.net\/senegal\/politique\/grippe-des-hospitalisations-dun-niveau-exceptionnellement-eleve#respond\"]}]},{\"@type\":\"WebPage\",\"@id\":\"https:\/\/www.africa-press.net\/senegal\/politique\/grippe-des-hospitalisations-dun-niveau-exceptionnellement-eleve\",\"url\":\"https:\/\/www.africa-press.net\/senegal\/politique\/grippe-des-hospitalisations-dun-niveau-exceptionnellement-eleve\",\"name\":\"Grippe : des Hospitalisations D\u2019Un Niveau \u00ab Exceptionnellement \u00c9lev\u00e9 \u00bb - Senegal\",\"isPartOf\":{\"@id\":\"https:\/\/www.africa-press.net\/senegal\/#website\"},\"primaryImageOfPage\":{\"@id\":\"https:\/\/www.africa-press.net\/senegal\/politique\/grippe-des-hospitalisations-dun-niveau-exceptionnellement-eleve#primaryimage\"},\"image\":{\"@id\":\"https:\/\/www.africa-press.net\/senegal\/politique\/grippe-des-hospitalisations-dun-niveau-exceptionnellement-eleve#primaryimage\"},\"thumbnailUrl\":\"https:\/\/static.africa-press.net\/senegal\/sites\/13\/2025\/01\/sm_1737106704.665808.jpg\",\"datePublished\":\"2025-01-16T12:00:00+00:00\",\"author\":{\"@id\":\"https:\/\/www.africa-press.net\/senegal\/#\/schema\/person\/2b1cf3cd81a31e3cd26889ca66d677f1\"},\"breadcrumb\":{\"@id\":\"https:\/\/www.africa-press.net\/senegal\/politique\/grippe-des-hospitalisations-dun-niveau-exceptionnellement-eleve#breadcrumb\"},\"inLanguage\":\"fr-FR\",\"potentialAction\":[{\"@type\":\"ReadAction\",\"target\":[\"https:\/\/www.africa-press.net\/senegal\/politique\/grippe-des-hospitalisations-dun-niveau-exceptionnellement-eleve\"]}]},{\"@type\":\"ImageObject\",\"inLanguage\":\"fr-FR\",\"@id\":\"https:\/\/www.africa-press.net\/senegal\/politique\/grippe-des-hospitalisations-dun-niveau-exceptionnellement-eleve#primaryimage\",\"url\":\"https:\/\/static.africa-press.net\/senegal\/sites\/13\/2025\/01\/sm_1737106704.665808.jpg\",\"contentUrl\":\"https:\/\/static.africa-press.net\/senegal\/sites\/13\/2025\/01\/sm_1737106704.665808.jpg\",\"width\":1200,\"height\":900,\"caption\":\"Grippe : des Hospitalisations D\u2019Un Niveau \u00ab Exceptionnellement \u00c9lev\u00e9 \u00bb\"},{\"@type\":\"BreadcrumbList\",\"@id\":\"https:\/\/www.africa-press.net\/senegal\/politique\/grippe-des-hospitalisations-dun-niveau-exceptionnellement-eleve#breadcrumb\",\"itemListElement\":[{\"@type\":\"ListItem\",\"position\":1,\"name\":\"Accueil\",\"item\":\"https:\/\/www.africa-press.net\/senegal\/\"},{\"@type\":\"ListItem\",\"position\":2,\"name\":\"Grippe : des Hospitalisations D\u2019Un Niveau \u00ab Exceptionnellement \u00c9lev\u00e9 \u00bb\"}]},{\"@type\":\"WebSite\",\"@id\":\"https:\/\/www.africa-press.net\/senegal\/#website\",\"url\":\"https:\/\/www.africa-press.net\/senegal\/\",\"name\":\"Africa Press | Senegal | Homepage\",\"description\":\"Just another Africa News Agency Sites site\",\"potentialAction\":[{\"@type\":\"SearchAction\",\"target\":{\"@type\":\"EntryPoint\",\"urlTemplate\":\"https:\/\/www.africa-press.net\/senegal\/?s={search_term_string}\"},\"query-input\":{\"@type\":\"PropertyValueSpecification\",\"valueRequired\":true,\"valueName\":\"search_term_string\"}}],\"inLanguage\":\"fr-FR\"},{\"@type\":\"Person\",\"@id\":\"https:\/\/www.africa-press.net\/senegal\/#\/schema\/person\/2b1cf3cd81a31e3cd26889ca66d677f1\",\"name\":\"cfeditorfr\",\"url\":\"https:\/\/www.africa-press.net\/senegal\/author\/cfeditorfr\"}]}<\/script>\n<!-- \/ Yoast SEO Premium plugin. -->","yoast_head_json":{"title":"Grippe : des Hospitalisations D\u2019Un Niveau \u00ab Exceptionnellement \u00c9lev\u00e9 \u00bb - Senegal","robots":{"index":"index","follow":"follow","max-snippet":"max-snippet:-1","max-image-preview":"max-image-preview:large","max-video-preview":"max-video-preview:-1"},"canonical":"https:\/\/www.africa-press.net\/senegal\/politique\/grippe-des-hospitalisations-dun-niveau-exceptionnellement-eleve","og_locale":"fr_FR","og_type":"article","og_title":"Grippe : des Hospitalisations D\u2019Un Niveau \u00ab Exceptionnellement \u00c9lev\u00e9 \u00bb","og_description":"Africa-Press &#8211; Senegal. Il faut remettre l\u2019accent sur la vaccination \u00bb, notamment chez les plus vulne\u0301rables et les plus a\u0302ge\u0301s, a plaide\u0301 mardi 14 janvier 2025 le directeur ge\u0301ne\u0301ral de l\u2019AP-HP Nicolas Revel face a\u0300 l\u2019e\u0301pide\u0301mie de grippe, sans toutefois se prononcer sur une obligation pour les soignants. \u00ab La pression reste encore assez forte [&hellip;]","og_url":"https:\/\/www.africa-press.net\/senegal\/politique\/grippe-des-hospitalisations-dun-niveau-exceptionnellement-eleve","og_site_name":"Senegal","article_published_time":"2025-01-16T12:00:00+00:00","author":"cfeditorfr","twitter_card":"summary_large_image","twitter_misc":{"\u00c9crit par":"cfeditorfr","Dur\u00e9e de lecture estim\u00e9e":"2 minutes"},"schema":{"@context":"https:\/\/schema.org","@graph":[{"@type":"Article","@id":"https:\/\/www.africa-press.net\/senegal\/politique\/grippe-des-hospitalisations-dun-niveau-exceptionnellement-eleve#article","isPartOf":{"@id":"https:\/\/www.africa-press.net\/senegal\/politique\/grippe-des-hospitalisations-dun-niveau-exceptionnellement-eleve"},"author":{"name":"cfeditorfr","@id":"https:\/\/www.africa-press.net\/senegal\/#\/schema\/person\/2b1cf3cd81a31e3cd26889ca66d677f1"},"headline":"Grippe : des Hospitalisations D\u2019Un Niveau \u00ab Exceptionnellement \u00c9lev\u00e9 \u00bb","datePublished":"2025-01-16T12:00:00+00:00","mainEntityOfPage":{"@id":"https:\/\/www.africa-press.net\/senegal\/politique\/grippe-des-hospitalisations-dun-niveau-exceptionnellement-eleve"},"wordCount":365,"commentCount":0,"image":{"@id":"https:\/\/www.africa-press.net\/senegal\/politique\/grippe-des-hospitalisations-dun-niveau-exceptionnellement-eleve#primaryimage"},"thumbnailUrl":"https:\/\/static.africa-press.net\/senegal\/sites\/13\/2025\/01\/sm_1737106704.665808.jpg","keywords":["Senegal"],"articleSection":["Divers","Toutes les actualit\u00e9s"],"inLanguage":"fr-FR","potentialAction":[{"@type":"CommentAction","name":"Comment","target":["https:\/\/www.africa-press.net\/senegal\/politique\/grippe-des-hospitalisations-dun-niveau-exceptionnellement-eleve#respond"]}]},{"@type":"WebPage","@id":"https:\/\/www.africa-press.net\/senegal\/politique\/grippe-des-hospitalisations-dun-niveau-exceptionnellement-eleve","url":"https:\/\/www.africa-press.net\/senegal\/politique\/grippe-des-hospitalisations-dun-niveau-exceptionnellement-eleve","name":"Grippe : des Hospitalisations D\u2019Un Niveau \u00ab Exceptionnellement \u00c9lev\u00e9 \u00bb - Senegal","isPartOf":{"@id":"https:\/\/www.africa-press.net\/senegal\/#website"},"primaryImageOfPage":{"@id":"https:\/\/www.africa-press.net\/senegal\/politique\/grippe-des-hospitalisations-dun-niveau-exceptionnellement-eleve#primaryimage"},"image":{"@id":"https:\/\/www.africa-press.net\/senegal\/politique\/grippe-des-hospitalisations-dun-niveau-exceptionnellement-eleve#primaryimage"},"thumbnailUrl":"https:\/\/static.africa-press.net\/senegal\/sites\/13\/2025\/01\/sm_1737106704.665808.jpg","datePublished":"2025-01-16T12:00:00+00:00","author":{"@id":"https:\/\/www.africa-press.net\/senegal\/#\/schema\/person\/2b1cf3cd81a31e3cd26889ca66d677f1"},"breadcrumb":{"@id":"https:\/\/www.africa-press.net\/senegal\/politique\/grippe-des-hospitalisations-dun-niveau-exceptionnellement-eleve#breadcrumb"},"inLanguage":"fr-FR","potentialAction":[{"@type":"ReadAction","target":["https:\/\/www.africa-press.net\/senegal\/politique\/grippe-des-hospitalisations-dun-niveau-exceptionnellement-eleve"]}]},{"@type":"ImageObject","inLanguage":"fr-FR","@id":"https:\/\/www.africa-press.net\/senegal\/politique\/grippe-des-hospitalisations-dun-niveau-exceptionnellement-eleve#primaryimage","url":"https:\/\/static.africa-press.net\/senegal\/sites\/13\/2025\/01\/sm_1737106704.665808.jpg","contentUrl":"https:\/\/static.africa-press.net\/senegal\/sites\/13\/2025\/01\/sm_1737106704.665808.jpg","width":1200,"height":900,"caption":"Grippe : des Hospitalisations D\u2019Un Niveau \u00ab Exceptionnellement \u00c9lev\u00e9 \u00bb"},{"@type":"BreadcrumbList","@id":"https:\/\/www.africa-press.net\/senegal\/politique\/grippe-des-hospitalisations-dun-niveau-exceptionnellement-eleve#breadcrumb","itemListElement":[{"@type":"ListItem","position":1,"name":"Accueil","item":"https:\/\/www.africa-press.net\/senegal\/"},{"@type":"ListItem","position":2,"name":"Grippe : des Hospitalisations D\u2019Un Niveau \u00ab Exceptionnellement \u00c9lev\u00e9 \u00bb"}]},{"@type":"WebSite","@id":"https:\/\/www.africa-press.net\/senegal\/#website","url":"https:\/\/www.africa-press.net\/senegal\/","name":"Africa Press | Senegal | Homepage","description":"Just another Africa News Agency Sites site","potentialAction":[{"@type":"SearchAction","target":{"@type":"EntryPoint","urlTemplate":"https:\/\/www.africa-press.net\/senegal\/?s={search_term_string}"},"query-input":{"@type":"PropertyValueSpecification","valueRequired":true,"valueName":"search_term_string"}}],"inLanguage":"fr-FR"},{"@type":"Person","@id":"https:\/\/www.africa-press.net\/senegal\/#\/schema\/person\/2b1cf3cd81a31e3cd26889ca66d677f1","name":"cfeditorfr","url":"https:\/\/www.africa-press.net\/senegal\/author\/cfeditorfr"}]}},"_links":{"self":[{"href":"https:\/\/www.africa-press.net\/senegal\/wp-json\/wp\/v2\/posts\/64834","targetHints":{"allow":["GET"]}}],"collection":[{"href":"https:\/\/www.africa-press.net\/senegal\/wp-json\/wp\/v2\/posts"}],"about":[{"href":"https:\/\/www.africa-press.net\/senegal\/wp-json\/wp\/v2\/types\/post"}],"author":[{"embeddable":true,"href":"https:\/\/www.africa-press.net\/senegal\/wp-json\/wp\/v2\/users\/82"}],"replies":[{"embeddable":true,"href":"https:\/\/www.africa-press.net\/senegal\/wp-json\/wp\/v2\/comments?post=64834"}],"version-history":[{"count":0,"href":"https:\/\/www.africa-press.net\/senegal\/wp-json\/wp\/v2\/posts\/64834\/revisions"}],"wp:featuredmedia":[{"embeddable":true,"href":"https:\/\/www.africa-press.net\/senegal\/wp-json\/wp\/v2\/media\/64833"}],"wp:attachment":[{"href":"https:\/\/www.africa-press.net\/senegal\/wp-json\/wp\/v2\/media?parent=64834"}],"wp:term":[{"taxonomy":"category","embeddable":true,"href":"https:\/\/www.africa-press.net\/senegal\/wp-json\/wp\/v2\/categories?post=64834"},{"taxonomy":"post_tag","embeddable":true,"href":"https:\/\/www.africa-press.net\/senegal\/wp-json\/wp\/v2\/tags?post=64834"}],"curies":[{"name":"wp","href":"https:\/\/api.w.org\/{rel}","templated":true}]}}