{"id":64836,"date":"2025-01-16T12:00:00","date_gmt":"2025-01-16T12:00:00","guid":{"rendered":"https:\/\/www.africa-press.net\/senegal\/politique\/face-a-la-grippe-les-autorites-sanitaires-invitent-a-une-grande-vigilance-et-a-la-vaccination"},"modified":"2025-01-16T12:00:00","modified_gmt":"2025-01-16T12:00:00","slug":"face-a-la-grippe-les-autorites-sanitaires-invitent-a-une-grande-vigilance-et-a-la-vaccination","status":"publish","type":"post","link":"https:\/\/www.africa-press.net\/senegal\/toutes-les-actualites\/face-a-la-grippe-les-autorites-sanitaires-invitent-a-une-grande-vigilance-et-a-la-vaccination","title":{"rendered":"Face \u00e0 la Grippe, les Autorit\u00e9s Sanitaires Invitent \u00e0 une \u00ab Grande Vigilance \u00bb et \u00e0 la Vaccination"},"content":{"rendered":"<p><span style=\"color: #ff6600\"><strong>Africa-Press &#8211; Senegal. <\/strong><\/span>Face a\u0300 la circulation \u00ab intense \u00bb de la grippe et a\u0300 son impact sur les ho\u0302pitaux, le ministe\u0300re de la Sante\u0301 a appele\u0301 mardi 14 janvier 2025 a\u0300 \u00ab une grande vigilance \u00bb pour \u00ab prote\u0301ger les plus vulne\u0301rables \u00bb, assurant qu\u2019il y aura assez de doses pour vacciner jusqu\u2019a\u0300 fin janvier. \u00ab La grippe saisonnie\u0300re circule intense\u0301ment sur le territoire \u00bb, ou\u0300 l\u2019e\u0301pide\u0301mie touche toute la me\u0301tropole, la Martinique, la Guadeloupe, et provoque dans l\u2019Hexagone une activite\u0301 \u00ab e\u0301leve\u0301e a\u0300 l\u2019ho\u0302pital, et ce dans toutes les tranches d\u2019a\u0302ges, indiquant une se\u0301ve\u0301rite\u0301 importante \u00bb, rappelle la Direction ge\u0301ne\u0301rale de la sante\u0301 (DGS) dans un communique\u0301. \u00ab Cette situation se traduit par une forte sollicitation du syste\u0300me de sante\u0301. A ce jour, une centaine de plans blancs sont active\u0301s sur le territoire national \u00bb, ajoute-t-elle.<\/p>\n<p><b>Tensions d\u2019approvisionnement en vaccins&#8230;<\/b><\/p>\n<p>Soulignant que les cas graves de grippe en re\u0301animation \u00ab concernent pour environ 80% des personnes non vaccine\u0301es \u00bb, le ministe\u0300re \u00ab appelle a\u0300 la poursuite d\u2019une mobilisation accrue des citoyens et des professionnels de sante\u0301 pour vacciner les personnes les plus vulne\u0301rables \u00bb, particulie\u0300rement celles de 65 ans et plus, et celles avec des comorbidite\u0301s. La vaccination est aussi recommande\u0301e pour leur entourage, et pour les professionnels des secteurs me\u0301dical et social.<\/p>\n<p>Pour \u00ab vacciner toutes les personnes qui le souhaitent jusqu\u2019a\u0300 la fin de la campagne \u00bb, fin janvier, \u00ab des doses sont encore disponibles en officines sur l\u2019ensemble du territoire \u00bb, assure la DGS. Et \u00ab des doses comple\u0301mentaires pourront e\u0302tre mises a\u0300 disposition du marche\u0301 franc\u0327ais en cas de ne\u0301cessite\u0301, gra\u0302ce a\u0300 la mobilisation des acteurs du secteur \u00bb, poursuit-elle. Cette mise au point intervient apre\u0300s l\u2019e\u0301cho de tensions d\u2019approvisionnement en vaccins dans certaines pharmacies.<\/p>\n<p><b>mais solidarite\u0301 entre pharmacies&#8230;<\/b><\/p>\n<p>Philippe Besset, pre\u0301sident du syndicat de pharmaciens FSPF, a indique\u0301 lundi a\u0300 l\u2019AFP que 30% des officines n\u2019avaient plus de doses de vaccin anti-grippe mais affirme\u0301 qu\u2019elles se \u00ab de\u0301pannent entre elles \u00bb en attendant de pouvoir en commander d\u2019autres, via une rallonge de doses du fabricant Sanofi. Outre la vaccination, les gestes barrie\u0300res contre les infections respiratoires \u00ab doivent e\u0302tre adopte\u0301s par tous \u00bb, insiste le ministe\u0300re mardi.<\/p>\n<p>Premie\u0300re recommandation, durcie par rapport a\u0300 de pre\u0301ce\u0301dentes communications officielles: \u00ab porter un masque syste\u0301matiquement en pre\u0301sence de sympto\u0302mes (toux, fie\u0300vre, mal de gorge), mais e\u0301galement dans les transports en commun, autres lieux tre\u0300s fre\u0301quente\u0301s et lieux de soins, si l\u2019on est a\u0300 risque de de\u0301velopper une forme grave ou en pre\u0301sence de personnes vulne\u0301rables, que l\u2019on ait des sympto\u0302mes ou non \u00bb.<\/p>\n<p><strong>Pour plus d&rsquo;informations et d&rsquo;analyses sur la <span style=\"color: #ff6600\">Senegal<\/span>, suivez <span style=\"color: #ff6600\">Africa-Press<span style=\"color: #ff6600\"><\/span><\/strong><\/p>\n","protected":false},"excerpt":{"rendered":"<p>Africa-Press &#8211; Senegal. Face a\u0300 la circulation \u00ab intense \u00bb de la grippe et a\u0300 son impact sur les ho\u0302pitaux, le ministe\u0300re de la Sante\u0301 a appele\u0301 mardi 14 janvier 2025 a\u0300 \u00ab une grande vigilance \u00bb pour \u00ab prote\u0301ger les plus vulne\u0301rables \u00bb, assurant qu\u2019il y aura assez de doses pour vacciner jusqu\u2019a\u0300 fin [&hellip;]<\/p>\n","protected":false},"author":82,"featured_media":64835,"comment_status":"open","ping_status":"closed","sticky":false,"template":"","format":"standard","meta":{"footnotes":""},"categories":[22,10],"tags":[44],"class_list":["post-64836","post","type-post","status-publish","format-standard","has-post-thumbnail","hentry","category-divers","category-toutes-les-actualites","tag-senegal-2"],"yoast_head":"<!-- This site is optimized with the Yoast SEO Premium plugin v26.1 (Yoast SEO v27.0) - https:\/\/yoast.com\/product\/yoast-seo-premium-wordpress\/ -->\n<title>Face \u00e0 la Grippe, les Autorit\u00e9s Sanitaires Invitent \u00e0 une \u00ab Grande Vigilance \u00bb et \u00e0 la Vaccination - Senegal<\/title>\n<meta name=\"robots\" content=\"index, follow, max-snippet:-1, max-image-preview:large, max-video-preview:-1\" \/>\n<link rel=\"canonical\" href=\"https:\/\/www.africa-press.net\/senegal\/politique\/face-a-la-grippe-les-autorites-sanitaires-invitent-a-une-grande-vigilance-et-a-la-vaccination\" \/>\n<meta property=\"og:locale\" content=\"fr_FR\" \/>\n<meta property=\"og:type\" content=\"article\" \/>\n<meta property=\"og:title\" content=\"Face \u00e0 la Grippe, les Autorit\u00e9s Sanitaires Invitent \u00e0 une \u00ab Grande Vigilance \u00bb et \u00e0 la Vaccination\" \/>\n<meta property=\"og:description\" content=\"Africa-Press &#8211; Senegal. Face a\u0300 la circulation \u00ab intense \u00bb de la grippe et a\u0300 son impact sur les ho\u0302pitaux, le ministe\u0300re de la Sante\u0301 a appele\u0301 mardi 14 janvier 2025 a\u0300 \u00ab une grande vigilance \u00bb pour \u00ab prote\u0301ger les plus vulne\u0301rables \u00bb, assurant qu\u2019il y aura assez de doses pour vacciner jusqu\u2019a\u0300 fin [&hellip;]\" \/>\n<meta property=\"og:url\" content=\"https:\/\/www.africa-press.net\/senegal\/politique\/face-a-la-grippe-les-autorites-sanitaires-invitent-a-une-grande-vigilance-et-a-la-vaccination\" \/>\n<meta property=\"og:site_name\" content=\"Senegal\" \/>\n<meta property=\"article:published_time\" content=\"2025-01-16T12:00:00+00:00\" \/>\n<meta name=\"author\" content=\"cfeditorfr\" \/>\n<meta name=\"twitter:card\" content=\"summary_large_image\" \/>\n<meta name=\"twitter:label1\" content=\"\u00c9crit par\" \/>\n\t<meta name=\"twitter:data1\" content=\"cfeditorfr\" \/>\n\t<meta name=\"twitter:label2\" content=\"Dur\u00e9e de lecture estim\u00e9e\" \/>\n\t<meta name=\"twitter:data2\" content=\"2 minutes\" \/>\n<script type=\"application\/ld+json\" class=\"yoast-schema-graph\">{\"@context\":\"https:\/\/schema.org\",\"@graph\":[{\"@type\":\"Article\",\"@id\":\"https:\/\/www.africa-press.net\/senegal\/politique\/face-a-la-grippe-les-autorites-sanitaires-invitent-a-une-grande-vigilance-et-a-la-vaccination#article\",\"isPartOf\":{\"@id\":\"https:\/\/www.africa-press.net\/senegal\/politique\/face-a-la-grippe-les-autorites-sanitaires-invitent-a-une-grande-vigilance-et-a-la-vaccination\"},\"author\":{\"name\":\"cfeditorfr\",\"@id\":\"https:\/\/www.africa-press.net\/senegal\/#\/schema\/person\/2b1cf3cd81a31e3cd26889ca66d677f1\"},\"headline\":\"Face \u00e0 la Grippe, les Autorit\u00e9s Sanitaires Invitent \u00e0 une \u00ab Grande Vigilance \u00bb et \u00e0 la Vaccination\",\"datePublished\":\"2025-01-16T12:00:00+00:00\",\"mainEntityOfPage\":{\"@id\":\"https:\/\/www.africa-press.net\/senegal\/politique\/face-a-la-grippe-les-autorites-sanitaires-invitent-a-une-grande-vigilance-et-a-la-vaccination\"},\"wordCount\":493,\"commentCount\":0,\"image\":{\"@id\":\"https:\/\/www.africa-press.net\/senegal\/politique\/face-a-la-grippe-les-autorites-sanitaires-invitent-a-une-grande-vigilance-et-a-la-vaccination#primaryimage\"},\"thumbnailUrl\":\"https:\/\/static.africa-press.net\/senegal\/sites\/13\/2025\/01\/sm_1737106795.938629.jpg\",\"keywords\":[\"Senegal\"],\"articleSection\":[\"Divers\",\"Toutes les actualit\u00e9s\"],\"inLanguage\":\"fr-FR\",\"potentialAction\":[{\"@type\":\"CommentAction\",\"name\":\"Comment\",\"target\":[\"https:\/\/www.africa-press.net\/senegal\/politique\/face-a-la-grippe-les-autorites-sanitaires-invitent-a-une-grande-vigilance-et-a-la-vaccination#respond\"]}]},{\"@type\":\"WebPage\",\"@id\":\"https:\/\/www.africa-press.net\/senegal\/politique\/face-a-la-grippe-les-autorites-sanitaires-invitent-a-une-grande-vigilance-et-a-la-vaccination\",\"url\":\"https:\/\/www.africa-press.net\/senegal\/politique\/face-a-la-grippe-les-autorites-sanitaires-invitent-a-une-grande-vigilance-et-a-la-vaccination\",\"name\":\"Face \u00e0 la Grippe, les Autorit\u00e9s Sanitaires Invitent \u00e0 une \u00ab Grande Vigilance \u00bb et \u00e0 la Vaccination - Senegal\",\"isPartOf\":{\"@id\":\"https:\/\/www.africa-press.net\/senegal\/#website\"},\"primaryImageOfPage\":{\"@id\":\"https:\/\/www.africa-press.net\/senegal\/politique\/face-a-la-grippe-les-autorites-sanitaires-invitent-a-une-grande-vigilance-et-a-la-vaccination#primaryimage\"},\"image\":{\"@id\":\"https:\/\/www.africa-press.net\/senegal\/politique\/face-a-la-grippe-les-autorites-sanitaires-invitent-a-une-grande-vigilance-et-a-la-vaccination#primaryimage\"},\"thumbnailUrl\":\"https:\/\/static.africa-press.net\/senegal\/sites\/13\/2025\/01\/sm_1737106795.938629.jpg\",\"datePublished\":\"2025-01-16T12:00:00+00:00\",\"author\":{\"@id\":\"https:\/\/www.africa-press.net\/senegal\/#\/schema\/person\/2b1cf3cd81a31e3cd26889ca66d677f1\"},\"breadcrumb\":{\"@id\":\"https:\/\/www.africa-press.net\/senegal\/politique\/face-a-la-grippe-les-autorites-sanitaires-invitent-a-une-grande-vigilance-et-a-la-vaccination#breadcrumb\"},\"inLanguage\":\"fr-FR\",\"potentialAction\":[{\"@type\":\"ReadAction\",\"target\":[\"https:\/\/www.africa-press.net\/senegal\/politique\/face-a-la-grippe-les-autorites-sanitaires-invitent-a-une-grande-vigilance-et-a-la-vaccination\"]}]},{\"@type\":\"ImageObject\",\"inLanguage\":\"fr-FR\",\"@id\":\"https:\/\/www.africa-press.net\/senegal\/politique\/face-a-la-grippe-les-autorites-sanitaires-invitent-a-une-grande-vigilance-et-a-la-vaccination#primaryimage\",\"url\":\"https:\/\/static.africa-press.net\/senegal\/sites\/13\/2025\/01\/sm_1737106795.938629.jpg\",\"contentUrl\":\"https:\/\/static.africa-press.net\/senegal\/sites\/13\/2025\/01\/sm_1737106795.938629.jpg\",\"width\":1280,\"height\":720,\"caption\":\"Face \u00e0 la Grippe, les Autorit\u00e9s Sanitaires Invitent \u00e0 une \u00ab Grande Vigilance \u00bb et \u00e0 la Vaccination\"},{\"@type\":\"BreadcrumbList\",\"@id\":\"https:\/\/www.africa-press.net\/senegal\/politique\/face-a-la-grippe-les-autorites-sanitaires-invitent-a-une-grande-vigilance-et-a-la-vaccination#breadcrumb\",\"itemListElement\":[{\"@type\":\"ListItem\",\"position\":1,\"name\":\"Accueil\",\"item\":\"https:\/\/www.africa-press.net\/senegal\/\"},{\"@type\":\"ListItem\",\"position\":2,\"name\":\"Face \u00e0 la Grippe, les Autorit\u00e9s Sanitaires Invitent \u00e0 une \u00ab Grande Vigilance \u00bb et \u00e0 la Vaccination\"}]},{\"@type\":\"WebSite\",\"@id\":\"https:\/\/www.africa-press.net\/senegal\/#website\",\"url\":\"https:\/\/www.africa-press.net\/senegal\/\",\"name\":\"Africa Press | Senegal | Homepage\",\"description\":\"Just another Africa News Agency Sites site\",\"potentialAction\":[{\"@type\":\"SearchAction\",\"target\":{\"@type\":\"EntryPoint\",\"urlTemplate\":\"https:\/\/www.africa-press.net\/senegal\/?s={search_term_string}\"},\"query-input\":{\"@type\":\"PropertyValueSpecification\",\"valueRequired\":true,\"valueName\":\"search_term_string\"}}],\"inLanguage\":\"fr-FR\"},{\"@type\":\"Person\",\"@id\":\"https:\/\/www.africa-press.net\/senegal\/#\/schema\/person\/2b1cf3cd81a31e3cd26889ca66d677f1\",\"name\":\"cfeditorfr\",\"url\":\"https:\/\/www.africa-press.net\/senegal\/author\/cfeditorfr\"}]}<\/script>\n<!-- \/ Yoast SEO Premium plugin. -->","yoast_head_json":{"title":"Face \u00e0 la Grippe, les Autorit\u00e9s Sanitaires Invitent \u00e0 une \u00ab Grande Vigilance \u00bb et \u00e0 la Vaccination - Senegal","robots":{"index":"index","follow":"follow","max-snippet":"max-snippet:-1","max-image-preview":"max-image-preview:large","max-video-preview":"max-video-preview:-1"},"canonical":"https:\/\/www.africa-press.net\/senegal\/politique\/face-a-la-grippe-les-autorites-sanitaires-invitent-a-une-grande-vigilance-et-a-la-vaccination","og_locale":"fr_FR","og_type":"article","og_title":"Face \u00e0 la Grippe, les Autorit\u00e9s Sanitaires Invitent \u00e0 une \u00ab Grande Vigilance \u00bb et \u00e0 la Vaccination","og_description":"Africa-Press &#8211; Senegal. Face a\u0300 la circulation \u00ab intense \u00bb de la grippe et a\u0300 son impact sur les ho\u0302pitaux, le ministe\u0300re de la Sante\u0301 a appele\u0301 mardi 14 janvier 2025 a\u0300 \u00ab une grande vigilance \u00bb pour \u00ab prote\u0301ger les plus vulne\u0301rables \u00bb, assurant qu\u2019il y aura assez de doses pour vacciner jusqu\u2019a\u0300 fin [&hellip;]","og_url":"https:\/\/www.africa-press.net\/senegal\/politique\/face-a-la-grippe-les-autorites-sanitaires-invitent-a-une-grande-vigilance-et-a-la-vaccination","og_site_name":"Senegal","article_published_time":"2025-01-16T12:00:00+00:00","author":"cfeditorfr","twitter_card":"summary_large_image","twitter_misc":{"\u00c9crit par":"cfeditorfr","Dur\u00e9e de lecture estim\u00e9e":"2 minutes"},"schema":{"@context":"https:\/\/schema.org","@graph":[{"@type":"Article","@id":"https:\/\/www.africa-press.net\/senegal\/politique\/face-a-la-grippe-les-autorites-sanitaires-invitent-a-une-grande-vigilance-et-a-la-vaccination#article","isPartOf":{"@id":"https:\/\/www.africa-press.net\/senegal\/politique\/face-a-la-grippe-les-autorites-sanitaires-invitent-a-une-grande-vigilance-et-a-la-vaccination"},"author":{"name":"cfeditorfr","@id":"https:\/\/www.africa-press.net\/senegal\/#\/schema\/person\/2b1cf3cd81a31e3cd26889ca66d677f1"},"headline":"Face \u00e0 la Grippe, les Autorit\u00e9s Sanitaires Invitent \u00e0 une \u00ab Grande Vigilance \u00bb et \u00e0 la Vaccination","datePublished":"2025-01-16T12:00:00+00:00","mainEntityOfPage":{"@id":"https:\/\/www.africa-press.net\/senegal\/politique\/face-a-la-grippe-les-autorites-sanitaires-invitent-a-une-grande-vigilance-et-a-la-vaccination"},"wordCount":493,"commentCount":0,"image":{"@id":"https:\/\/www.africa-press.net\/senegal\/politique\/face-a-la-grippe-les-autorites-sanitaires-invitent-a-une-grande-vigilance-et-a-la-vaccination#primaryimage"},"thumbnailUrl":"https:\/\/static.africa-press.net\/senegal\/sites\/13\/2025\/01\/sm_1737106795.938629.jpg","keywords":["Senegal"],"articleSection":["Divers","Toutes les actualit\u00e9s"],"inLanguage":"fr-FR","potentialAction":[{"@type":"CommentAction","name":"Comment","target":["https:\/\/www.africa-press.net\/senegal\/politique\/face-a-la-grippe-les-autorites-sanitaires-invitent-a-une-grande-vigilance-et-a-la-vaccination#respond"]}]},{"@type":"WebPage","@id":"https:\/\/www.africa-press.net\/senegal\/politique\/face-a-la-grippe-les-autorites-sanitaires-invitent-a-une-grande-vigilance-et-a-la-vaccination","url":"https:\/\/www.africa-press.net\/senegal\/politique\/face-a-la-grippe-les-autorites-sanitaires-invitent-a-une-grande-vigilance-et-a-la-vaccination","name":"Face \u00e0 la Grippe, les Autorit\u00e9s Sanitaires Invitent \u00e0 une \u00ab Grande Vigilance \u00bb et \u00e0 la Vaccination - Senegal","isPartOf":{"@id":"https:\/\/www.africa-press.net\/senegal\/#website"},"primaryImageOfPage":{"@id":"https:\/\/www.africa-press.net\/senegal\/politique\/face-a-la-grippe-les-autorites-sanitaires-invitent-a-une-grande-vigilance-et-a-la-vaccination#primaryimage"},"image":{"@id":"https:\/\/www.africa-press.net\/senegal\/politique\/face-a-la-grippe-les-autorites-sanitaires-invitent-a-une-grande-vigilance-et-a-la-vaccination#primaryimage"},"thumbnailUrl":"https:\/\/static.africa-press.net\/senegal\/sites\/13\/2025\/01\/sm_1737106795.938629.jpg","datePublished":"2025-01-16T12:00:00+00:00","author":{"@id":"https:\/\/www.africa-press.net\/senegal\/#\/schema\/person\/2b1cf3cd81a31e3cd26889ca66d677f1"},"breadcrumb":{"@id":"https:\/\/www.africa-press.net\/senegal\/politique\/face-a-la-grippe-les-autorites-sanitaires-invitent-a-une-grande-vigilance-et-a-la-vaccination#breadcrumb"},"inLanguage":"fr-FR","potentialAction":[{"@type":"ReadAction","target":["https:\/\/www.africa-press.net\/senegal\/politique\/face-a-la-grippe-les-autorites-sanitaires-invitent-a-une-grande-vigilance-et-a-la-vaccination"]}]},{"@type":"ImageObject","inLanguage":"fr-FR","@id":"https:\/\/www.africa-press.net\/senegal\/politique\/face-a-la-grippe-les-autorites-sanitaires-invitent-a-une-grande-vigilance-et-a-la-vaccination#primaryimage","url":"https:\/\/static.africa-press.net\/senegal\/sites\/13\/2025\/01\/sm_1737106795.938629.jpg","contentUrl":"https:\/\/static.africa-press.net\/senegal\/sites\/13\/2025\/01\/sm_1737106795.938629.jpg","width":1280,"height":720,"caption":"Face \u00e0 la Grippe, les Autorit\u00e9s Sanitaires Invitent \u00e0 une \u00ab Grande Vigilance \u00bb et \u00e0 la Vaccination"},{"@type":"BreadcrumbList","@id":"https:\/\/www.africa-press.net\/senegal\/politique\/face-a-la-grippe-les-autorites-sanitaires-invitent-a-une-grande-vigilance-et-a-la-vaccination#breadcrumb","itemListElement":[{"@type":"ListItem","position":1,"name":"Accueil","item":"https:\/\/www.africa-press.net\/senegal\/"},{"@type":"ListItem","position":2,"name":"Face \u00e0 la Grippe, les Autorit\u00e9s Sanitaires Invitent \u00e0 une \u00ab Grande Vigilance \u00bb et \u00e0 la Vaccination"}]},{"@type":"WebSite","@id":"https:\/\/www.africa-press.net\/senegal\/#website","url":"https:\/\/www.africa-press.net\/senegal\/","name":"Africa Press | Senegal | Homepage","description":"Just another Africa News Agency Sites site","potentialAction":[{"@type":"SearchAction","target":{"@type":"EntryPoint","urlTemplate":"https:\/\/www.africa-press.net\/senegal\/?s={search_term_string}"},"query-input":{"@type":"PropertyValueSpecification","valueRequired":true,"valueName":"search_term_string"}}],"inLanguage":"fr-FR"},{"@type":"Person","@id":"https:\/\/www.africa-press.net\/senegal\/#\/schema\/person\/2b1cf3cd81a31e3cd26889ca66d677f1","name":"cfeditorfr","url":"https:\/\/www.africa-press.net\/senegal\/author\/cfeditorfr"}]}},"_links":{"self":[{"href":"https:\/\/www.africa-press.net\/senegal\/wp-json\/wp\/v2\/posts\/64836","targetHints":{"allow":["GET"]}}],"collection":[{"href":"https:\/\/www.africa-press.net\/senegal\/wp-json\/wp\/v2\/posts"}],"about":[{"href":"https:\/\/www.africa-press.net\/senegal\/wp-json\/wp\/v2\/types\/post"}],"author":[{"embeddable":true,"href":"https:\/\/www.africa-press.net\/senegal\/wp-json\/wp\/v2\/users\/82"}],"replies":[{"embeddable":true,"href":"https:\/\/www.africa-press.net\/senegal\/wp-json\/wp\/v2\/comments?post=64836"}],"version-history":[{"count":0,"href":"https:\/\/www.africa-press.net\/senegal\/wp-json\/wp\/v2\/posts\/64836\/revisions"}],"wp:featuredmedia":[{"embeddable":true,"href":"https:\/\/www.africa-press.net\/senegal\/wp-json\/wp\/v2\/media\/64835"}],"wp:attachment":[{"href":"https:\/\/www.africa-press.net\/senegal\/wp-json\/wp\/v2\/media?parent=64836"}],"wp:term":[{"taxonomy":"category","embeddable":true,"href":"https:\/\/www.africa-press.net\/senegal\/wp-json\/wp\/v2\/categories?post=64836"},{"taxonomy":"post_tag","embeddable":true,"href":"https:\/\/www.africa-press.net\/senegal\/wp-json\/wp\/v2\/tags?post=64836"}],"curies":[{"name":"wp","href":"https:\/\/api.w.org\/{rel}","templated":true}]}}