{"id":64850,"date":"2025-01-15T23:51:29","date_gmt":"2025-01-15T23:51:29","guid":{"rendered":"https:\/\/www.africa-press.net\/senegal\/politique\/achraf-hakimi-ma-mere-gere-mes-finances"},"modified":"2025-01-21T20:33:05","modified_gmt":"2025-01-21T20:33:05","slug":"achraf-hakimi-ma-mere-gere-mes-finances","status":"publish","type":"post","link":"https:\/\/www.africa-press.net\/senegal\/sports\/achraf-hakimi-ma-mere-gere-mes-finances","title":{"rendered":"Achraf Hakimi : Ma M\u00e8re G\u00e8re Mes Finances"},"content":{"rendered":"<p><span style=\"color: #ff6600\"><strong>Africa-Press &#8211; Senegal. <\/strong><\/span>Achraf Hakimi s\u2019est confie\u0301 pour la premie\u0300re fois sur la gestion de ses finances lors d\u2019une interview avec Anas Bukhash sur sa chaine Youtube. Le de\u0301fenseur marocain a re\u0301ve\u0301le\u0301 que sa me\u0300re ge\u0300re son argent depuis le de\u0301but de sa carrie\u0300re.<\/p>\n<p>En 2023, le Marocain a de\u0301chaine\u0301 les passions sur sa de\u0301cision de confier la gestion de ses finances a\u0300 sa me\u0300re, ce qui l\u2019aurait prote\u0301ge\u0301 de lourdes pertes dans la proce\u0301dure de divorce avec son ex-femme Hiba Abouk.<\/p>\n<p>\u201cDepuis le de\u0301but de ma carrie\u0300re, ma me\u0300re ge\u0300re mes finances. Elle est mon pilier, mon inspiration, et surtout, la personne en qui j\u2019ai une confiance absolue\u201d a de\u0301clare\u0301 le joueur parisien.<\/p>\n<p>Il a pre\u0301cise\u0301 que ce choix n\u2019a rien a\u0300 voir avec son mariage ou son divorce. De\u0300s ses premiers revenus, Hakimi a pre\u0301fe\u0301re\u0301 s\u2019appuyer sur sa me\u0300re pour e\u0301viter des erreurs. \u201cJe n\u2019avais aucune expe\u0301rience avec l\u2019argent. Ma me\u0300re a pris le relais pour que je puisse me concentrer sur mon jeu.\u201d<\/p>\n<p>Hakimi a aussi re\u0301fute\u0301 les rumeurs affirmant que ce syste\u0300me avait e\u0301te\u0301 mis en place pour e\u0301chapper aux conse\u0301quences de son divorce avec Hiba Abouk. \u201cCette situation existait bien avant mon mariage. Ce n\u2019est pas une strate\u0301gie e\u0301conomique, mais un choix fonde\u0301 sur les valeurs et le respect envers ma me\u0300re.\u201d<\/p>\n<p>Pour le Lion de l\u2019Atlas, ce ro\u0302le de gestionnaire de\u0301passe les finances. \u201cElle est le socle de ma stabilite\u0301 e\u0301motionnelle et professionnelle.\u201d Il a e\u0301galement souligne\u0301 l\u2019importance de cette de\u0301cision pour toute sa famille. \u201cElle nous inspire a\u0300 e\u0302tre meilleurs chaque jour.\u201d<\/p>\n<p>Malgre\u0301 les spe\u0301culations autour de sa vie prive\u0301e, Hakimi reste clair sur ses priorite\u0301s. \u201cCe qui compte, c\u2019est de rester fide\u0300le a\u0300 mes valeurs et de rendre ma me\u0300re fie\u0300re.\u201d<\/p>\n<p><strong>Pour plus d&rsquo;informations et d&rsquo;analyses sur la <span style=\"color: #ff6600\">Senegal<\/span>, suivez <span style=\"color: #ff6600\">Africa-Press<\/span><\/strong><\/p>\n","protected":false},"excerpt":{"rendered":"<p>Africa-Press &#8211; Senegal. Achraf Hakimi s\u2019est confie\u0301 pour la premie\u0300re fois sur la gestion de ses finances lors d\u2019une interview avec Anas Bukhash sur sa chaine Youtube. Le de\u0301fenseur marocain a re\u0301ve\u0301le\u0301 que sa me\u0300re ge\u0300re son argent depuis le de\u0301but de sa carrie\u0300re. En 2023, le Marocain a de\u0301chaine\u0301 les passions sur sa de\u0301cision [&hellip;]<\/p>\n","protected":false},"author":82,"featured_media":64849,"comment_status":"open","ping_status":"closed","sticky":false,"template":"","format":"standard","meta":{"footnotes":""},"categories":[6,10],"tags":[44],"class_list":["post-64850","post","type-post","status-publish","format-standard","has-post-thumbnail","hentry","category-sports","category-toutes-les-actualites","tag-senegal-2"],"yoast_head":"<!-- This site is optimized with the Yoast SEO Premium plugin v26.1 (Yoast SEO v27.0) - https:\/\/yoast.com\/product\/yoast-seo-premium-wordpress\/ -->\n<title>Achraf Hakimi : Ma M\u00e8re G\u00e8re Mes Finances - Senegal<\/title>\n<meta name=\"description\" content=\"Achraf Hakimi s\u2019est confie\u0301 pour la premie\u0300re fois sur la gestion de ses finances lors d\u2019une interview avec Anas Bukhash ...\" \/>\n<meta name=\"robots\" content=\"index, follow, max-snippet:-1, max-image-preview:large, max-video-preview:-1\" \/>\n<link rel=\"canonical\" href=\"https:\/\/www.africa-press.net\/senegal\/sports\/achraf-hakimi-ma-mere-gere-mes-finances\" \/>\n<meta property=\"og:locale\" content=\"fr_FR\" \/>\n<meta property=\"og:type\" content=\"article\" \/>\n<meta property=\"og:title\" content=\"Achraf Hakimi : Ma M\u00e8re G\u00e8re Mes Finances\" \/>\n<meta property=\"og:description\" content=\"Achraf Hakimi s\u2019est confie\u0301 pour la premie\u0300re fois sur la gestion de ses finances lors d\u2019une interview avec Anas Bukhash ...\" \/>\n<meta property=\"og:url\" content=\"https:\/\/www.africa-press.net\/senegal\/sports\/achraf-hakimi-ma-mere-gere-mes-finances\" \/>\n<meta property=\"og:site_name\" content=\"Senegal\" \/>\n<meta property=\"article:published_time\" content=\"2025-01-15T23:51:29+00:00\" \/>\n<meta property=\"article:modified_time\" content=\"2025-01-21T20:33:05+00:00\" \/>\n<meta property=\"og:image\" content=\"https:\/\/static.africa-press.net\/senegal\/sites\/13\/2025\/01\/sm_1737142071.593917.jpg\" \/>\n\t<meta property=\"og:image:width\" content=\"1280\" \/>\n\t<meta property=\"og:image:height\" content=\"720\" \/>\n\t<meta property=\"og:image:type\" content=\"image\/jpeg\" \/>\n<meta name=\"author\" content=\"cfeditorfr\" \/>\n<meta name=\"twitter:card\" content=\"summary_large_image\" \/>\n<meta name=\"twitter:label1\" content=\"\u00c9crit par\" \/>\n\t<meta name=\"twitter:data1\" content=\"cfeditorfr\" \/>\n\t<meta name=\"twitter:label2\" content=\"Dur\u00e9e de lecture estim\u00e9e\" \/>\n\t<meta name=\"twitter:data2\" content=\"2 minutes\" \/>\n<script type=\"application\/ld+json\" class=\"yoast-schema-graph\">{\"@context\":\"https:\/\/schema.org\",\"@graph\":[{\"@type\":\"Article\",\"@id\":\"https:\/\/www.africa-press.net\/senegal\/sports\/achraf-hakimi-ma-mere-gere-mes-finances#article\",\"isPartOf\":{\"@id\":\"https:\/\/www.africa-press.net\/senegal\/sports\/achraf-hakimi-ma-mere-gere-mes-finances\"},\"author\":{\"name\":\"cfeditorfr\",\"@id\":\"https:\/\/www.africa-press.net\/senegal\/#\/schema\/person\/2b1cf3cd81a31e3cd26889ca66d677f1\"},\"headline\":\"Achraf Hakimi : Ma M\u00e8re G\u00e8re Mes Finances\",\"datePublished\":\"2025-01-15T23:51:29+00:00\",\"dateModified\":\"2025-01-21T20:33:05+00:00\",\"mainEntityOfPage\":{\"@id\":\"https:\/\/www.africa-press.net\/senegal\/sports\/achraf-hakimi-ma-mere-gere-mes-finances\"},\"wordCount\":367,\"commentCount\":0,\"image\":{\"@id\":\"https:\/\/www.africa-press.net\/senegal\/sports\/achraf-hakimi-ma-mere-gere-mes-finances#primaryimage\"},\"thumbnailUrl\":\"https:\/\/static.africa-press.net\/senegal\/sites\/13\/2025\/01\/sm_1737142071.593917.jpg\",\"keywords\":[\"Senegal\"],\"articleSection\":[\"Sports\",\"Toutes les actualit\u00e9s\"],\"inLanguage\":\"fr-FR\",\"potentialAction\":[{\"@type\":\"CommentAction\",\"name\":\"Comment\",\"target\":[\"https:\/\/www.africa-press.net\/senegal\/sports\/achraf-hakimi-ma-mere-gere-mes-finances#respond\"]}]},{\"@type\":\"WebPage\",\"@id\":\"https:\/\/www.africa-press.net\/senegal\/sports\/achraf-hakimi-ma-mere-gere-mes-finances\",\"url\":\"https:\/\/www.africa-press.net\/senegal\/sports\/achraf-hakimi-ma-mere-gere-mes-finances\",\"name\":\"Achraf Hakimi : Ma M\u00e8re G\u00e8re Mes Finances - Senegal\",\"isPartOf\":{\"@id\":\"https:\/\/www.africa-press.net\/senegal\/#website\"},\"primaryImageOfPage\":{\"@id\":\"https:\/\/www.africa-press.net\/senegal\/sports\/achraf-hakimi-ma-mere-gere-mes-finances#primaryimage\"},\"image\":{\"@id\":\"https:\/\/www.africa-press.net\/senegal\/sports\/achraf-hakimi-ma-mere-gere-mes-finances#primaryimage\"},\"thumbnailUrl\":\"https:\/\/static.africa-press.net\/senegal\/sites\/13\/2025\/01\/sm_1737142071.593917.jpg\",\"datePublished\":\"2025-01-15T23:51:29+00:00\",\"dateModified\":\"2025-01-21T20:33:05+00:00\",\"author\":{\"@id\":\"https:\/\/www.africa-press.net\/senegal\/#\/schema\/person\/2b1cf3cd81a31e3cd26889ca66d677f1\"},\"description\":\"Achraf Hakimi s\u2019est confie\u0301 pour la premie\u0300re fois sur la gestion de ses finances lors d\u2019une interview avec Anas Bukhash ...\",\"breadcrumb\":{\"@id\":\"https:\/\/www.africa-press.net\/senegal\/sports\/achraf-hakimi-ma-mere-gere-mes-finances#breadcrumb\"},\"inLanguage\":\"fr-FR\",\"potentialAction\":[{\"@type\":\"ReadAction\",\"target\":[\"https:\/\/www.africa-press.net\/senegal\/sports\/achraf-hakimi-ma-mere-gere-mes-finances\"]}]},{\"@type\":\"ImageObject\",\"inLanguage\":\"fr-FR\",\"@id\":\"https:\/\/www.africa-press.net\/senegal\/sports\/achraf-hakimi-ma-mere-gere-mes-finances#primaryimage\",\"url\":\"https:\/\/static.africa-press.net\/senegal\/sites\/13\/2025\/01\/sm_1737142071.593917.jpg\",\"contentUrl\":\"https:\/\/static.africa-press.net\/senegal\/sites\/13\/2025\/01\/sm_1737142071.593917.jpg\",\"width\":1280,\"height\":720,\"caption\":\"Achraf Hakimi : Ma M\u00e8re G\u00e8re Mes Finances\"},{\"@type\":\"BreadcrumbList\",\"@id\":\"https:\/\/www.africa-press.net\/senegal\/sports\/achraf-hakimi-ma-mere-gere-mes-finances#breadcrumb\",\"itemListElement\":[{\"@type\":\"ListItem\",\"position\":1,\"name\":\"Accueil\",\"item\":\"https:\/\/www.africa-press.net\/senegal\/\"},{\"@type\":\"ListItem\",\"position\":2,\"name\":\"Achraf Hakimi : Ma M\u00e8re G\u00e8re Mes Finances\"}]},{\"@type\":\"WebSite\",\"@id\":\"https:\/\/www.africa-press.net\/senegal\/#website\",\"url\":\"https:\/\/www.africa-press.net\/senegal\/\",\"name\":\"Africa Press | Senegal | Homepage\",\"description\":\"Just another Africa News Agency Sites site\",\"potentialAction\":[{\"@type\":\"SearchAction\",\"target\":{\"@type\":\"EntryPoint\",\"urlTemplate\":\"https:\/\/www.africa-press.net\/senegal\/?s={search_term_string}\"},\"query-input\":{\"@type\":\"PropertyValueSpecification\",\"valueRequired\":true,\"valueName\":\"search_term_string\"}}],\"inLanguage\":\"fr-FR\"},{\"@type\":\"Person\",\"@id\":\"https:\/\/www.africa-press.net\/senegal\/#\/schema\/person\/2b1cf3cd81a31e3cd26889ca66d677f1\",\"name\":\"cfeditorfr\",\"url\":\"https:\/\/www.africa-press.net\/senegal\/author\/cfeditorfr\"}]}<\/script>\n<!-- \/ Yoast SEO Premium plugin. -->","yoast_head_json":{"title":"Achraf Hakimi : Ma M\u00e8re G\u00e8re Mes Finances - Senegal","description":"Achraf Hakimi s\u2019est confie\u0301 pour la premie\u0300re fois sur la gestion de ses finances lors d\u2019une interview avec Anas Bukhash ...","robots":{"index":"index","follow":"follow","max-snippet":"max-snippet:-1","max-image-preview":"max-image-preview:large","max-video-preview":"max-video-preview:-1"},"canonical":"https:\/\/www.africa-press.net\/senegal\/sports\/achraf-hakimi-ma-mere-gere-mes-finances","og_locale":"fr_FR","og_type":"article","og_title":"Achraf Hakimi : Ma M\u00e8re G\u00e8re Mes Finances","og_description":"Achraf Hakimi s\u2019est confie\u0301 pour la premie\u0300re fois sur la gestion de ses finances lors d\u2019une interview avec Anas Bukhash ...","og_url":"https:\/\/www.africa-press.net\/senegal\/sports\/achraf-hakimi-ma-mere-gere-mes-finances","og_site_name":"Senegal","article_published_time":"2025-01-15T23:51:29+00:00","article_modified_time":"2025-01-21T20:33:05+00:00","og_image":[{"width":1280,"height":720,"url":"https:\/\/static.africa-press.net\/senegal\/sites\/13\/2025\/01\/sm_1737142071.593917.jpg","type":"image\/jpeg"}],"author":"cfeditorfr","twitter_card":"summary_large_image","twitter_misc":{"\u00c9crit par":"cfeditorfr","Dur\u00e9e de lecture estim\u00e9e":"2 minutes"},"schema":{"@context":"https:\/\/schema.org","@graph":[{"@type":"Article","@id":"https:\/\/www.africa-press.net\/senegal\/sports\/achraf-hakimi-ma-mere-gere-mes-finances#article","isPartOf":{"@id":"https:\/\/www.africa-press.net\/senegal\/sports\/achraf-hakimi-ma-mere-gere-mes-finances"},"author":{"name":"cfeditorfr","@id":"https:\/\/www.africa-press.net\/senegal\/#\/schema\/person\/2b1cf3cd81a31e3cd26889ca66d677f1"},"headline":"Achraf Hakimi : Ma M\u00e8re G\u00e8re Mes Finances","datePublished":"2025-01-15T23:51:29+00:00","dateModified":"2025-01-21T20:33:05+00:00","mainEntityOfPage":{"@id":"https:\/\/www.africa-press.net\/senegal\/sports\/achraf-hakimi-ma-mere-gere-mes-finances"},"wordCount":367,"commentCount":0,"image":{"@id":"https:\/\/www.africa-press.net\/senegal\/sports\/achraf-hakimi-ma-mere-gere-mes-finances#primaryimage"},"thumbnailUrl":"https:\/\/static.africa-press.net\/senegal\/sites\/13\/2025\/01\/sm_1737142071.593917.jpg","keywords":["Senegal"],"articleSection":["Sports","Toutes les actualit\u00e9s"],"inLanguage":"fr-FR","potentialAction":[{"@type":"CommentAction","name":"Comment","target":["https:\/\/www.africa-press.net\/senegal\/sports\/achraf-hakimi-ma-mere-gere-mes-finances#respond"]}]},{"@type":"WebPage","@id":"https:\/\/www.africa-press.net\/senegal\/sports\/achraf-hakimi-ma-mere-gere-mes-finances","url":"https:\/\/www.africa-press.net\/senegal\/sports\/achraf-hakimi-ma-mere-gere-mes-finances","name":"Achraf Hakimi : Ma M\u00e8re G\u00e8re Mes Finances - Senegal","isPartOf":{"@id":"https:\/\/www.africa-press.net\/senegal\/#website"},"primaryImageOfPage":{"@id":"https:\/\/www.africa-press.net\/senegal\/sports\/achraf-hakimi-ma-mere-gere-mes-finances#primaryimage"},"image":{"@id":"https:\/\/www.africa-press.net\/senegal\/sports\/achraf-hakimi-ma-mere-gere-mes-finances#primaryimage"},"thumbnailUrl":"https:\/\/static.africa-press.net\/senegal\/sites\/13\/2025\/01\/sm_1737142071.593917.jpg","datePublished":"2025-01-15T23:51:29+00:00","dateModified":"2025-01-21T20:33:05+00:00","author":{"@id":"https:\/\/www.africa-press.net\/senegal\/#\/schema\/person\/2b1cf3cd81a31e3cd26889ca66d677f1"},"description":"Achraf Hakimi s\u2019est confie\u0301 pour la premie\u0300re fois sur la gestion de ses finances lors d\u2019une interview avec Anas Bukhash ...","breadcrumb":{"@id":"https:\/\/www.africa-press.net\/senegal\/sports\/achraf-hakimi-ma-mere-gere-mes-finances#breadcrumb"},"inLanguage":"fr-FR","potentialAction":[{"@type":"ReadAction","target":["https:\/\/www.africa-press.net\/senegal\/sports\/achraf-hakimi-ma-mere-gere-mes-finances"]}]},{"@type":"ImageObject","inLanguage":"fr-FR","@id":"https:\/\/www.africa-press.net\/senegal\/sports\/achraf-hakimi-ma-mere-gere-mes-finances#primaryimage","url":"https:\/\/static.africa-press.net\/senegal\/sites\/13\/2025\/01\/sm_1737142071.593917.jpg","contentUrl":"https:\/\/static.africa-press.net\/senegal\/sites\/13\/2025\/01\/sm_1737142071.593917.jpg","width":1280,"height":720,"caption":"Achraf Hakimi : Ma M\u00e8re G\u00e8re Mes Finances"},{"@type":"BreadcrumbList","@id":"https:\/\/www.africa-press.net\/senegal\/sports\/achraf-hakimi-ma-mere-gere-mes-finances#breadcrumb","itemListElement":[{"@type":"ListItem","position":1,"name":"Accueil","item":"https:\/\/www.africa-press.net\/senegal\/"},{"@type":"ListItem","position":2,"name":"Achraf Hakimi : Ma M\u00e8re G\u00e8re Mes Finances"}]},{"@type":"WebSite","@id":"https:\/\/www.africa-press.net\/senegal\/#website","url":"https:\/\/www.africa-press.net\/senegal\/","name":"Africa Press | Senegal | Homepage","description":"Just another Africa News Agency Sites site","potentialAction":[{"@type":"SearchAction","target":{"@type":"EntryPoint","urlTemplate":"https:\/\/www.africa-press.net\/senegal\/?s={search_term_string}"},"query-input":{"@type":"PropertyValueSpecification","valueRequired":true,"valueName":"search_term_string"}}],"inLanguage":"fr-FR"},{"@type":"Person","@id":"https:\/\/www.africa-press.net\/senegal\/#\/schema\/person\/2b1cf3cd81a31e3cd26889ca66d677f1","name":"cfeditorfr","url":"https:\/\/www.africa-press.net\/senegal\/author\/cfeditorfr"}]}},"_links":{"self":[{"href":"https:\/\/www.africa-press.net\/senegal\/wp-json\/wp\/v2\/posts\/64850","targetHints":{"allow":["GET"]}}],"collection":[{"href":"https:\/\/www.africa-press.net\/senegal\/wp-json\/wp\/v2\/posts"}],"about":[{"href":"https:\/\/www.africa-press.net\/senegal\/wp-json\/wp\/v2\/types\/post"}],"author":[{"embeddable":true,"href":"https:\/\/www.africa-press.net\/senegal\/wp-json\/wp\/v2\/users\/82"}],"replies":[{"embeddable":true,"href":"https:\/\/www.africa-press.net\/senegal\/wp-json\/wp\/v2\/comments?post=64850"}],"version-history":[{"count":0,"href":"https:\/\/www.africa-press.net\/senegal\/wp-json\/wp\/v2\/posts\/64850\/revisions"}],"wp:featuredmedia":[{"embeddable":true,"href":"https:\/\/www.africa-press.net\/senegal\/wp-json\/wp\/v2\/media\/64849"}],"wp:attachment":[{"href":"https:\/\/www.africa-press.net\/senegal\/wp-json\/wp\/v2\/media?parent=64850"}],"wp:term":[{"taxonomy":"category","embeddable":true,"href":"https:\/\/www.africa-press.net\/senegal\/wp-json\/wp\/v2\/categories?post=64850"},{"taxonomy":"post_tag","embeddable":true,"href":"https:\/\/www.africa-press.net\/senegal\/wp-json\/wp\/v2\/tags?post=64850"}],"curies":[{"name":"wp","href":"https:\/\/api.w.org\/{rel}","templated":true}]}}