{"id":64854,"date":"2025-01-17T22:52:52","date_gmt":"2025-01-17T22:52:52","guid":{"rendered":"https:\/\/www.africa-press.net\/senegal\/politique\/rc-lens-le-senegalais-sidi-bane-en-route-vers-un-pret-en-ligue-2"},"modified":"2025-01-21T20:37:59","modified_gmt":"2025-01-21T20:37:59","slug":"rc-lens-le-senegalais-sidi-bane-en-route-vers-un-pret-en-ligue-2","status":"publish","type":"post","link":"https:\/\/www.africa-press.net\/senegal\/sports\/rc-lens-le-senegalais-sidi-bane-en-route-vers-un-pret-en-ligue-2","title":{"rendered":"RC Lens: le S\u00e9n\u00e9galais Sidi Bane en Route vers un Pr\u00eat en Ligue 2"},"content":{"rendered":"<p><span style=\"color: #ff6600\"><strong>Africa-Press &#8211; Senegal. <\/strong><\/span>Sans temps de jeu depuis son arrive\u0301e, le Se\u0301ne\u0301galais Sidi Bane\u0301 va e\u0302tre pre\u0302te\u0301 en deuxie\u0300me division par le RC Lens. Il devrait signer pour 6 mois a\u0300 Annecy.<\/p>\n<p>Arrive\u0301 l\u2019e\u0301te\u0301 dernier en provenance du BATE Borisov, le jeune de\u0301fenseur se\u0301ne\u0301galais Sidi Bane (21 ans) peine a\u0300 trouver sa place au RC Lens.<\/p>\n<p>Depuis son arrive\u0301e, il n\u2019a pas re\u0301ussi a\u0300 obtenir du temps de jeu en e\u0301quipe premie\u0300re, se contentant de jouer avec la re\u0301serve en National 3.<\/p>\n<p>Pour permettre a\u0300 Bane de franchir un cap et e\u0301voluer chez les professionnels, le RC Lens envisage de le pre\u0302ter en Ligue 2. Selon nos informations de FootMercato, des discussions sont en cours avec le FC Annecy, actuel 5e du championnat. Un accord aurait e\u0301te\u0301 trouve\u0301 pour un pre\u0302t de 6 mois.<\/p>\n<p>Un pre\u0302t dans un environnement compe\u0301titif comme celui du FC Annecy pourrait offrir a\u0300 Sidi Bane une opportunite\u0301 de s\u2019aguerrir et de relancer sa carrie\u0300re.<\/p>\n<p><strong>Pour plus d&rsquo;informations et d&rsquo;analyses sur la <span style=\"color: #ff6600\">Senegal<\/span>, suivez <span style=\"color: #ff6600\">Africa-Press<\/span><\/strong><\/p>\n","protected":false},"excerpt":{"rendered":"<p>Africa-Press &#8211; Senegal. Sans temps de jeu depuis son arrive\u0301e, le Se\u0301ne\u0301galais Sidi Bane\u0301 va e\u0302tre pre\u0302te\u0301 en deuxie\u0300me division par le RC Lens. Il devrait signer pour 6 mois a\u0300 Annecy. Arrive\u0301 l\u2019e\u0301te\u0301 dernier en provenance du BATE Borisov, le jeune de\u0301fenseur se\u0301ne\u0301galais Sidi Bane (21 ans) peine a\u0300 trouver sa place au RC [&hellip;]<\/p>\n","protected":false},"author":82,"featured_media":64853,"comment_status":"open","ping_status":"closed","sticky":false,"template":"","format":"standard","meta":{"footnotes":""},"categories":[6,10],"tags":[44],"class_list":["post-64854","post","type-post","status-publish","format-standard","has-post-thumbnail","hentry","category-sports","category-toutes-les-actualites","tag-senegal-2"],"yoast_head":"<!-- This site is optimized with the Yoast SEO Premium plugin v26.1 (Yoast SEO v27.0) - https:\/\/yoast.com\/product\/yoast-seo-premium-wordpress\/ -->\n<title>RC Lens: le S\u00e9n\u00e9galais Sidi Bane en Route vers un Pr\u00eat en Ligue 2 - Senegal<\/title>\n<meta name=\"description\" content=\"Sans temps de jeu depuis son arrive\u0301e, le Se\u0301ne\u0301galais Sidi Bane\u0301 va e\u0302tre pre\u0302te\u0301 en deuxie\u0300me division par le RC Lens. ...\" \/>\n<meta name=\"robots\" content=\"index, follow, max-snippet:-1, max-image-preview:large, max-video-preview:-1\" \/>\n<link rel=\"canonical\" href=\"https:\/\/www.africa-press.net\/senegal\/sports\/rc-lens-le-senegalais-sidi-bane-en-route-vers-un-pret-en-ligue-2\" \/>\n<meta property=\"og:locale\" content=\"fr_FR\" \/>\n<meta property=\"og:type\" content=\"article\" \/>\n<meta property=\"og:title\" content=\"RC Lens: le S\u00e9n\u00e9galais Sidi Bane en Route vers un Pr\u00eat en Ligue 2\" \/>\n<meta property=\"og:description\" content=\"Sans temps de jeu depuis son arrive\u0301e, le Se\u0301ne\u0301galais Sidi Bane\u0301 va e\u0302tre pre\u0302te\u0301 en deuxie\u0300me division par le RC Lens. ...\" \/>\n<meta property=\"og:url\" content=\"https:\/\/www.africa-press.net\/senegal\/sports\/rc-lens-le-senegalais-sidi-bane-en-route-vers-un-pret-en-ligue-2\" \/>\n<meta property=\"og:site_name\" content=\"Senegal\" \/>\n<meta property=\"article:published_time\" content=\"2025-01-17T22:52:52+00:00\" \/>\n<meta property=\"article:modified_time\" content=\"2025-01-21T20:37:59+00:00\" \/>\n<meta property=\"og:image\" content=\"https:\/\/static.africa-press.net\/senegal\/sites\/13\/2025\/01\/sm_1737142247.05448.jpg\" \/>\n\t<meta property=\"og:image:width\" content=\"1920\" \/>\n\t<meta property=\"og:image:height\" content=\"1080\" \/>\n\t<meta property=\"og:image:type\" content=\"image\/jpeg\" \/>\n<meta name=\"author\" content=\"cfeditorfr\" \/>\n<meta name=\"twitter:card\" content=\"summary_large_image\" \/>\n<meta name=\"twitter:label1\" content=\"\u00c9crit par\" \/>\n\t<meta name=\"twitter:data1\" content=\"cfeditorfr\" \/>\n\t<meta name=\"twitter:label2\" content=\"Dur\u00e9e de lecture estim\u00e9e\" \/>\n\t<meta name=\"twitter:data2\" content=\"2 minutes\" \/>\n<script type=\"application\/ld+json\" class=\"yoast-schema-graph\">{\"@context\":\"https:\/\/schema.org\",\"@graph\":[{\"@type\":\"Article\",\"@id\":\"https:\/\/www.africa-press.net\/senegal\/sports\/rc-lens-le-senegalais-sidi-bane-en-route-vers-un-pret-en-ligue-2#article\",\"isPartOf\":{\"@id\":\"https:\/\/www.africa-press.net\/senegal\/sports\/rc-lens-le-senegalais-sidi-bane-en-route-vers-un-pret-en-ligue-2\"},\"author\":{\"name\":\"cfeditorfr\",\"@id\":\"https:\/\/www.africa-press.net\/senegal\/#\/schema\/person\/2b1cf3cd81a31e3cd26889ca66d677f1\"},\"headline\":\"RC Lens: le S\u00e9n\u00e9galais Sidi Bane en Route vers un Pr\u00eat en Ligue 2\",\"datePublished\":\"2025-01-17T22:52:52+00:00\",\"dateModified\":\"2025-01-21T20:37:59+00:00\",\"mainEntityOfPage\":{\"@id\":\"https:\/\/www.africa-press.net\/senegal\/sports\/rc-lens-le-senegalais-sidi-bane-en-route-vers-un-pret-en-ligue-2\"},\"wordCount\":207,\"commentCount\":0,\"image\":{\"@id\":\"https:\/\/www.africa-press.net\/senegal\/sports\/rc-lens-le-senegalais-sidi-bane-en-route-vers-un-pret-en-ligue-2#primaryimage\"},\"thumbnailUrl\":\"https:\/\/static.africa-press.net\/senegal\/sites\/13\/2025\/01\/sm_1737142247.05448.jpg\",\"keywords\":[\"Senegal\"],\"articleSection\":[\"Sports\",\"Toutes les actualit\u00e9s\"],\"inLanguage\":\"fr-FR\",\"potentialAction\":[{\"@type\":\"CommentAction\",\"name\":\"Comment\",\"target\":[\"https:\/\/www.africa-press.net\/senegal\/sports\/rc-lens-le-senegalais-sidi-bane-en-route-vers-un-pret-en-ligue-2#respond\"]}]},{\"@type\":\"WebPage\",\"@id\":\"https:\/\/www.africa-press.net\/senegal\/sports\/rc-lens-le-senegalais-sidi-bane-en-route-vers-un-pret-en-ligue-2\",\"url\":\"https:\/\/www.africa-press.net\/senegal\/sports\/rc-lens-le-senegalais-sidi-bane-en-route-vers-un-pret-en-ligue-2\",\"name\":\"RC Lens: le S\u00e9n\u00e9galais Sidi Bane en Route vers un Pr\u00eat en Ligue 2 - Senegal\",\"isPartOf\":{\"@id\":\"https:\/\/www.africa-press.net\/senegal\/#website\"},\"primaryImageOfPage\":{\"@id\":\"https:\/\/www.africa-press.net\/senegal\/sports\/rc-lens-le-senegalais-sidi-bane-en-route-vers-un-pret-en-ligue-2#primaryimage\"},\"image\":{\"@id\":\"https:\/\/www.africa-press.net\/senegal\/sports\/rc-lens-le-senegalais-sidi-bane-en-route-vers-un-pret-en-ligue-2#primaryimage\"},\"thumbnailUrl\":\"https:\/\/static.africa-press.net\/senegal\/sites\/13\/2025\/01\/sm_1737142247.05448.jpg\",\"datePublished\":\"2025-01-17T22:52:52+00:00\",\"dateModified\":\"2025-01-21T20:37:59+00:00\",\"author\":{\"@id\":\"https:\/\/www.africa-press.net\/senegal\/#\/schema\/person\/2b1cf3cd81a31e3cd26889ca66d677f1\"},\"description\":\"Sans temps de jeu depuis son arrive\u0301e, le Se\u0301ne\u0301galais Sidi Bane\u0301 va e\u0302tre pre\u0302te\u0301 en deuxie\u0300me division par le RC Lens. ...\",\"breadcrumb\":{\"@id\":\"https:\/\/www.africa-press.net\/senegal\/sports\/rc-lens-le-senegalais-sidi-bane-en-route-vers-un-pret-en-ligue-2#breadcrumb\"},\"inLanguage\":\"fr-FR\",\"potentialAction\":[{\"@type\":\"ReadAction\",\"target\":[\"https:\/\/www.africa-press.net\/senegal\/sports\/rc-lens-le-senegalais-sidi-bane-en-route-vers-un-pret-en-ligue-2\"]}]},{\"@type\":\"ImageObject\",\"inLanguage\":\"fr-FR\",\"@id\":\"https:\/\/www.africa-press.net\/senegal\/sports\/rc-lens-le-senegalais-sidi-bane-en-route-vers-un-pret-en-ligue-2#primaryimage\",\"url\":\"https:\/\/static.africa-press.net\/senegal\/sites\/13\/2025\/01\/sm_1737142247.05448.jpg\",\"contentUrl\":\"https:\/\/static.africa-press.net\/senegal\/sites\/13\/2025\/01\/sm_1737142247.05448.jpg\",\"width\":1920,\"height\":1080,\"caption\":\"RC Lens: le S\u00e9n\u00e9galais Sidi Bane en Route vers un Pr\u00eat en Ligue 2\"},{\"@type\":\"BreadcrumbList\",\"@id\":\"https:\/\/www.africa-press.net\/senegal\/sports\/rc-lens-le-senegalais-sidi-bane-en-route-vers-un-pret-en-ligue-2#breadcrumb\",\"itemListElement\":[{\"@type\":\"ListItem\",\"position\":1,\"name\":\"Accueil\",\"item\":\"https:\/\/www.africa-press.net\/senegal\/\"},{\"@type\":\"ListItem\",\"position\":2,\"name\":\"RC Lens: le S\u00e9n\u00e9galais Sidi Bane en Route vers un Pr\u00eat en Ligue 2\"}]},{\"@type\":\"WebSite\",\"@id\":\"https:\/\/www.africa-press.net\/senegal\/#website\",\"url\":\"https:\/\/www.africa-press.net\/senegal\/\",\"name\":\"Africa Press | Senegal | Homepage\",\"description\":\"Just another Africa News Agency Sites site\",\"potentialAction\":[{\"@type\":\"SearchAction\",\"target\":{\"@type\":\"EntryPoint\",\"urlTemplate\":\"https:\/\/www.africa-press.net\/senegal\/?s={search_term_string}\"},\"query-input\":{\"@type\":\"PropertyValueSpecification\",\"valueRequired\":true,\"valueName\":\"search_term_string\"}}],\"inLanguage\":\"fr-FR\"},{\"@type\":\"Person\",\"@id\":\"https:\/\/www.africa-press.net\/senegal\/#\/schema\/person\/2b1cf3cd81a31e3cd26889ca66d677f1\",\"name\":\"cfeditorfr\",\"url\":\"https:\/\/www.africa-press.net\/senegal\/author\/cfeditorfr\"}]}<\/script>\n<!-- \/ Yoast SEO Premium plugin. -->","yoast_head_json":{"title":"RC Lens: le S\u00e9n\u00e9galais Sidi Bane en Route vers un Pr\u00eat en Ligue 2 - Senegal","description":"Sans temps de jeu depuis son arrive\u0301e, le Se\u0301ne\u0301galais Sidi Bane\u0301 va e\u0302tre pre\u0302te\u0301 en deuxie\u0300me division par le RC Lens. ...","robots":{"index":"index","follow":"follow","max-snippet":"max-snippet:-1","max-image-preview":"max-image-preview:large","max-video-preview":"max-video-preview:-1"},"canonical":"https:\/\/www.africa-press.net\/senegal\/sports\/rc-lens-le-senegalais-sidi-bane-en-route-vers-un-pret-en-ligue-2","og_locale":"fr_FR","og_type":"article","og_title":"RC Lens: le S\u00e9n\u00e9galais Sidi Bane en Route vers un Pr\u00eat en Ligue 2","og_description":"Sans temps de jeu depuis son arrive\u0301e, le Se\u0301ne\u0301galais Sidi Bane\u0301 va e\u0302tre pre\u0302te\u0301 en deuxie\u0300me division par le RC Lens. ...","og_url":"https:\/\/www.africa-press.net\/senegal\/sports\/rc-lens-le-senegalais-sidi-bane-en-route-vers-un-pret-en-ligue-2","og_site_name":"Senegal","article_published_time":"2025-01-17T22:52:52+00:00","article_modified_time":"2025-01-21T20:37:59+00:00","og_image":[{"width":1920,"height":1080,"url":"https:\/\/static.africa-press.net\/senegal\/sites\/13\/2025\/01\/sm_1737142247.05448.jpg","type":"image\/jpeg"}],"author":"cfeditorfr","twitter_card":"summary_large_image","twitter_misc":{"\u00c9crit par":"cfeditorfr","Dur\u00e9e de lecture estim\u00e9e":"2 minutes"},"schema":{"@context":"https:\/\/schema.org","@graph":[{"@type":"Article","@id":"https:\/\/www.africa-press.net\/senegal\/sports\/rc-lens-le-senegalais-sidi-bane-en-route-vers-un-pret-en-ligue-2#article","isPartOf":{"@id":"https:\/\/www.africa-press.net\/senegal\/sports\/rc-lens-le-senegalais-sidi-bane-en-route-vers-un-pret-en-ligue-2"},"author":{"name":"cfeditorfr","@id":"https:\/\/www.africa-press.net\/senegal\/#\/schema\/person\/2b1cf3cd81a31e3cd26889ca66d677f1"},"headline":"RC Lens: le S\u00e9n\u00e9galais Sidi Bane en Route vers un Pr\u00eat en Ligue 2","datePublished":"2025-01-17T22:52:52+00:00","dateModified":"2025-01-21T20:37:59+00:00","mainEntityOfPage":{"@id":"https:\/\/www.africa-press.net\/senegal\/sports\/rc-lens-le-senegalais-sidi-bane-en-route-vers-un-pret-en-ligue-2"},"wordCount":207,"commentCount":0,"image":{"@id":"https:\/\/www.africa-press.net\/senegal\/sports\/rc-lens-le-senegalais-sidi-bane-en-route-vers-un-pret-en-ligue-2#primaryimage"},"thumbnailUrl":"https:\/\/static.africa-press.net\/senegal\/sites\/13\/2025\/01\/sm_1737142247.05448.jpg","keywords":["Senegal"],"articleSection":["Sports","Toutes les actualit\u00e9s"],"inLanguage":"fr-FR","potentialAction":[{"@type":"CommentAction","name":"Comment","target":["https:\/\/www.africa-press.net\/senegal\/sports\/rc-lens-le-senegalais-sidi-bane-en-route-vers-un-pret-en-ligue-2#respond"]}]},{"@type":"WebPage","@id":"https:\/\/www.africa-press.net\/senegal\/sports\/rc-lens-le-senegalais-sidi-bane-en-route-vers-un-pret-en-ligue-2","url":"https:\/\/www.africa-press.net\/senegal\/sports\/rc-lens-le-senegalais-sidi-bane-en-route-vers-un-pret-en-ligue-2","name":"RC Lens: le S\u00e9n\u00e9galais Sidi Bane en Route vers un Pr\u00eat en Ligue 2 - Senegal","isPartOf":{"@id":"https:\/\/www.africa-press.net\/senegal\/#website"},"primaryImageOfPage":{"@id":"https:\/\/www.africa-press.net\/senegal\/sports\/rc-lens-le-senegalais-sidi-bane-en-route-vers-un-pret-en-ligue-2#primaryimage"},"image":{"@id":"https:\/\/www.africa-press.net\/senegal\/sports\/rc-lens-le-senegalais-sidi-bane-en-route-vers-un-pret-en-ligue-2#primaryimage"},"thumbnailUrl":"https:\/\/static.africa-press.net\/senegal\/sites\/13\/2025\/01\/sm_1737142247.05448.jpg","datePublished":"2025-01-17T22:52:52+00:00","dateModified":"2025-01-21T20:37:59+00:00","author":{"@id":"https:\/\/www.africa-press.net\/senegal\/#\/schema\/person\/2b1cf3cd81a31e3cd26889ca66d677f1"},"description":"Sans temps de jeu depuis son arrive\u0301e, le Se\u0301ne\u0301galais Sidi Bane\u0301 va e\u0302tre pre\u0302te\u0301 en deuxie\u0300me division par le RC Lens. ...","breadcrumb":{"@id":"https:\/\/www.africa-press.net\/senegal\/sports\/rc-lens-le-senegalais-sidi-bane-en-route-vers-un-pret-en-ligue-2#breadcrumb"},"inLanguage":"fr-FR","potentialAction":[{"@type":"ReadAction","target":["https:\/\/www.africa-press.net\/senegal\/sports\/rc-lens-le-senegalais-sidi-bane-en-route-vers-un-pret-en-ligue-2"]}]},{"@type":"ImageObject","inLanguage":"fr-FR","@id":"https:\/\/www.africa-press.net\/senegal\/sports\/rc-lens-le-senegalais-sidi-bane-en-route-vers-un-pret-en-ligue-2#primaryimage","url":"https:\/\/static.africa-press.net\/senegal\/sites\/13\/2025\/01\/sm_1737142247.05448.jpg","contentUrl":"https:\/\/static.africa-press.net\/senegal\/sites\/13\/2025\/01\/sm_1737142247.05448.jpg","width":1920,"height":1080,"caption":"RC Lens: le S\u00e9n\u00e9galais Sidi Bane en Route vers un Pr\u00eat en Ligue 2"},{"@type":"BreadcrumbList","@id":"https:\/\/www.africa-press.net\/senegal\/sports\/rc-lens-le-senegalais-sidi-bane-en-route-vers-un-pret-en-ligue-2#breadcrumb","itemListElement":[{"@type":"ListItem","position":1,"name":"Accueil","item":"https:\/\/www.africa-press.net\/senegal\/"},{"@type":"ListItem","position":2,"name":"RC Lens: le S\u00e9n\u00e9galais Sidi Bane en Route vers un Pr\u00eat en Ligue 2"}]},{"@type":"WebSite","@id":"https:\/\/www.africa-press.net\/senegal\/#website","url":"https:\/\/www.africa-press.net\/senegal\/","name":"Africa Press | Senegal | Homepage","description":"Just another Africa News Agency Sites site","potentialAction":[{"@type":"SearchAction","target":{"@type":"EntryPoint","urlTemplate":"https:\/\/www.africa-press.net\/senegal\/?s={search_term_string}"},"query-input":{"@type":"PropertyValueSpecification","valueRequired":true,"valueName":"search_term_string"}}],"inLanguage":"fr-FR"},{"@type":"Person","@id":"https:\/\/www.africa-press.net\/senegal\/#\/schema\/person\/2b1cf3cd81a31e3cd26889ca66d677f1","name":"cfeditorfr","url":"https:\/\/www.africa-press.net\/senegal\/author\/cfeditorfr"}]}},"_links":{"self":[{"href":"https:\/\/www.africa-press.net\/senegal\/wp-json\/wp\/v2\/posts\/64854","targetHints":{"allow":["GET"]}}],"collection":[{"href":"https:\/\/www.africa-press.net\/senegal\/wp-json\/wp\/v2\/posts"}],"about":[{"href":"https:\/\/www.africa-press.net\/senegal\/wp-json\/wp\/v2\/types\/post"}],"author":[{"embeddable":true,"href":"https:\/\/www.africa-press.net\/senegal\/wp-json\/wp\/v2\/users\/82"}],"replies":[{"embeddable":true,"href":"https:\/\/www.africa-press.net\/senegal\/wp-json\/wp\/v2\/comments?post=64854"}],"version-history":[{"count":0,"href":"https:\/\/www.africa-press.net\/senegal\/wp-json\/wp\/v2\/posts\/64854\/revisions"}],"wp:featuredmedia":[{"embeddable":true,"href":"https:\/\/www.africa-press.net\/senegal\/wp-json\/wp\/v2\/media\/64853"}],"wp:attachment":[{"href":"https:\/\/www.africa-press.net\/senegal\/wp-json\/wp\/v2\/media?parent=64854"}],"wp:term":[{"taxonomy":"category","embeddable":true,"href":"https:\/\/www.africa-press.net\/senegal\/wp-json\/wp\/v2\/categories?post=64854"},{"taxonomy":"post_tag","embeddable":true,"href":"https:\/\/www.africa-press.net\/senegal\/wp-json\/wp\/v2\/tags?post=64854"}],"curies":[{"name":"wp","href":"https:\/\/api.w.org\/{rel}","templated":true}]}}