{"id":64880,"date":"2025-01-18T12:00:00","date_gmt":"2025-01-18T12:00:00","guid":{"rendered":"https:\/\/www.africa-press.net\/senegal\/politique\/gilles-de-la-tourette-les-filles-plus-tardivement-diagnostiquees-que-les-garcons-pour-quelle-raison"},"modified":"2025-01-18T12:00:00","modified_gmt":"2025-01-18T12:00:00","slug":"gilles-de-la-tourette-les-filles-plus-tardivement-diagnostiquees-que-les-garcons-pour-quelle-raison","status":"publish","type":"post","link":"https:\/\/www.africa-press.net\/senegal\/toutes-les-actualites\/gilles-de-la-tourette-les-filles-plus-tardivement-diagnostiquees-que-les-garcons-pour-quelle-raison","title":{"rendered":"Gilles de la Tourette : les Filles Plus Tardivement Diagnostiqu\u00e9es que les Gar\u00e7ons, pour quelle Raison ?"},"content":{"rendered":"<p><span style=\"color: #ff6600\"><strong>Africa-Press &#8211; Senegal. <\/strong><\/span>Les femmes atteintes du syndrome Gilles de la Tourette sont plus tardivement diagnostique\u0301es que les hommes, soule\u0300ve une e\u0301tude ame\u0301ricaine publie\u0301e dans la revue Neurology. Et alors que les pre\u0301ce\u0301dentes donne\u0301es sugge\u0300rent pre\u0301cise\u0301ment l\u2019inverse, cette e\u0301tude trouve un score de se\u0301ve\u0301rite\u0301 des sympto\u0302mes plus faible chez les femmes que les hommes.<\/p>\n<p>Tics moteurs et verbaux, le syndrome Gilles de la Tourette est une maladie neuropsychiatrique contre laquelle il n\u2019existe pas de traitement en dehors des the\u0301rapies cognitives et comportementales (TCC) ou d\u2019implants ce\u0301re\u0301braux dans des cas exceptionnels et tre\u0300s se\u0301ve\u0300res. La maladie touche surtout des garc\u0327ons et est souvent associe\u0301e a\u0300 des troubles neuropsychiatriques tels que les troubles de l\u2019attention avec hyperactivite\u0301 (TDAH), du spectre de l\u2019autisme (TSA), obsessionnels compulsifs (TOCs) ou des apprentissages (dyslexie, dyspraxie, etc). Elle se de\u0301clare ge\u0301ne\u0301ralement dans l\u2019enfance, entre 6 et 8 ans, et peut se remettre spontane\u0301ment en grandissant.<\/p>\n<p>\u00ab On estime que la moitie\u0301 des enfants atteints du syndrome de Gilles de la Tourette ont beaucoup moins de tics a\u0300 l\u2019a\u0302ge adulte, un genre de re\u0301mission spontane\u0301e qui semble moins pre\u0301sent chez les femmes \u00bb, explique le Dr Andreas Hartmann, neurologue et coordinateur du centre de re\u0301fe\u0301rence du syndrome a\u0300 l\u2019ho\u0302pital de La Pitie\u0301-Salpe\u0302trie\u0300re (AP-HP), qui n\u2019a pas participe\u0301 a\u0300 ces nouveaux travaux. Les femmes seraient donc moins touche\u0301es par la maladie, mais atteintes de formes plus se\u0301ve\u0300res que les hommes.<\/p>\n<p><b>Les femmes auraient des tics moins se\u0301ve\u0300res que les hommes, une conclusion a\u0300 contre-courant<\/b><\/p>\n<p>Pourtant, a\u0300 contre-courant de ces consensus sur la maladie, une nouvelle e\u0301tude conclut a\u0300 des tics de se\u0301ve\u0301rite\u0301 plus faible chez les patientes. Ces dernie\u0300res, a\u0302ge\u0301es de 23 ans en moyenne, e\u0301taient en outre 54% moins susceptibles d\u2019avoir e\u0301te\u0301 diagnostique\u0301es pre\u0301alablement a\u0300 l\u2019e\u0301tude que les sujets masculins, pourtant plus jeunes (18 ans en moyenne). \u00ab Nous avons analyse\u0301 l\u2019ensemble des donne\u0301es du Consortium international de ge\u0301ne\u0301tique de l\u2019Association ame\u0301ricaine de la Tourette, compose\u0301 de personnes recrute\u0301es pour des recherches en ge\u0301ne\u0301tique sur les troubles du tic et de membres de leur famille \u00bb, et ensuite diagnostique\u0301 la pre\u0301sence ou l\u2019absence de la maladie et de troubles associe\u0301s, explique la Dr Marisela Dy-Hollins, neurope\u0301diatre au Massachussets General Hospital et premie\u0300re autrice de l\u2019e\u0301tude. En tout, 2.403 jeunes sujets ont e\u0301te\u0301 inclus.<\/p>\n<p>\u00ab Nous avons e\u0301te\u0301 surpris car ces re\u0301sultats contrastaient avec la litte\u0301rature existante \u00bb, admet Marisela Dy-Hollins. Elle soule\u0300ve plusieurs hypothe\u0300ses pour l\u2019expliquer. \u00ab Puisque les garc\u0327ons atteints du syndrome de la Tourette semblent identifie\u0301s plus to\u0302t que les filles, celles qui souffrent de tics le\u0301gers risquent de ne pas e\u0302tre incluses dans les recherches \u00bb, suppose-t-elle. De ce fait, peut-e\u0302tre les femmes incluses dans les e\u0301tudes sont celles qui souffrent d\u2019une forme plus se\u0301ve\u0300re, soule\u0300ve-t-elle.<\/p>\n<p><b>Les femmes sont tardivement diagnostique\u0301es du syndrome Gilles de la Tourette<\/b><\/p>\n<p>Quant au sous-diagnostic des patientes atteintes du syndrome de Gilles de la Tourette, pourrait-il e\u0302tre du\u0302 a\u0300 une meilleure capacite\u0301 a\u0300 masquer leurs sympto\u0302mes, a\u0300 la manie\u0300re de ce que l\u2019on observe dans le TDAH ou les TSA ? Andreas Hartmann n\u2019est pas convaincu. \u00ab C\u2019est possible, mais peu probable. Un tic est un tic, il se voit aussi bien sur un visage fe\u0301minin que masculin. \u00bb<\/p>\n<p>Marisela Dy-Hollins non plus ne pense pas que les femmes masquent mieux leurs sympto\u0302mes. En revanche, les troubles associe\u0301s pourraient potentiellement e\u0301clipser les tics en termes d\u2019impact sur la qualite\u0301 de vie et participer a\u0300 ce retard diagnostic, propose-t-elle. Dans leur e\u0301tude et conforme\u0301ment a\u0300 ce qui e\u0301tait connu, les troubles les plus souvent retrouve\u0301s chez les personnes souffrant de la Tourette sont le TDAH, surtout pour les garc\u0327ons\/hommes, et les troubles obsessionnels compulsifs (TOCs), surtout chez les filles\/femmes. \u00ab Il est possible que les TOCs et l\u2019anxie\u0301te\u0301 souvent retrouve\u0301s chez les patientes atteintes du syndrome Gilles de la Tourette soient plus ge\u0302nants que la maladie. \u00bb<\/p>\n<p>A l\u2019inverse, il est e\u0301galement possible que les troubles neuropsychiatriques comme le TDAH et les TSA, historiquement plus associe\u0301s aux garc\u0327ons et dont le sous-diagnostic chez les filles est une re\u0301cente prise de conscience, soient une porte d\u2019entre\u0301e importante vers la prise en charge par les me\u0301decins. Si les parents ame\u0300nent plus leurs fils consulter que leurs filles, ou que les troubles des garc\u0327ons sont mieux reconnus que ceux des filles, cela peut e\u0301galement expliquer pourquoi ceux qui cumulent avec la maladie de la Tourette sont plus facilement diagnostique\u0301s. \u00ab Il est possible que les enfants atteints de TDAH sont amene\u0301s a\u0300 consulter un spe\u0301cialiste plus to\u0302t que les enfants souffrant de TOC ou d\u2019anxie\u0301te\u0301, surtout si les sympto\u0302mes de TOC et d\u2019anxie\u0301te\u0301 n\u2019affectent pas l\u2019e\u0301cole et la vie familiale dans la me\u0302me mesure \u00bb, sugge\u0300re Marisela Dy-Hollins.<\/p>\n<p>\u00ab De mon expe\u0301rience, l\u2019errance diagnostic est tre\u0300s largement due a\u0300 l\u2019ide\u0301e que les tics vont passer, qu\u2019ils font partie des 25% des enfants ayant des tics transitoires. Ce n\u2019est souvent pas le cas lorsque les tics sont multiples et qu\u2019ils durent plus de quelques semaines ou mois \u00bb, pre\u0301cise Andreas Hartmann. Cependant, la persistance de tics ne doit alerter que si elle retentit significativement sur la qualite\u0301 de vie. \u00ab Les de\u0301lais d\u2019attente pour les consultations sont longs et le diagnostic tardif ne porte pas pre\u0301judice a\u0300 l\u2019e\u0301volution de la maladie \u00bb, rassure le neurologue.<\/p>\n<p><strong>Pour plus d&rsquo;informations et d&rsquo;analyses sur la <span style=\"color: #ff6600\">Senegal<\/span>, suivez <span style=\"color: #ff6600\">Africa-Press<span style=\"color: #ff6600\"><\/span><\/strong><\/p>\n","protected":false},"excerpt":{"rendered":"<p>Africa-Press &#8211; Senegal. Les femmes atteintes du syndrome Gilles de la Tourette sont plus tardivement diagnostique\u0301es que les hommes, soule\u0300ve une e\u0301tude ame\u0301ricaine publie\u0301e dans la revue Neurology. Et alors que les pre\u0301ce\u0301dentes donne\u0301es sugge\u0300rent pre\u0301cise\u0301ment l\u2019inverse, cette e\u0301tude trouve un score de se\u0301ve\u0301rite\u0301 des sympto\u0302mes plus faible chez les femmes que les hommes. Tics [&hellip;]<\/p>\n","protected":false},"author":82,"featured_media":64879,"comment_status":"open","ping_status":"closed","sticky":false,"template":"","format":"standard","meta":{"footnotes":""},"categories":[22,10],"tags":[44],"class_list":["post-64880","post","type-post","status-publish","format-standard","has-post-thumbnail","hentry","category-divers","category-toutes-les-actualites","tag-senegal-2"],"yoast_head":"<!-- This site is optimized with the Yoast SEO Premium plugin v26.1 (Yoast SEO v27.0) - https:\/\/yoast.com\/product\/yoast-seo-premium-wordpress\/ -->\n<title>Gilles de la Tourette : les Filles Plus Tardivement Diagnostiqu\u00e9es que les Gar\u00e7ons, pour quelle Raison ? - Senegal<\/title>\n<meta name=\"robots\" content=\"index, follow, max-snippet:-1, max-image-preview:large, max-video-preview:-1\" \/>\n<link rel=\"canonical\" href=\"https:\/\/www.africa-press.net\/senegal\/politique\/gilles-de-la-tourette-les-filles-plus-tardivement-diagnostiquees-que-les-garcons-pour-quelle-raison\" \/>\n<meta property=\"og:locale\" content=\"fr_FR\" \/>\n<meta property=\"og:type\" content=\"article\" \/>\n<meta property=\"og:title\" content=\"Gilles de la Tourette : les Filles Plus Tardivement Diagnostiqu\u00e9es que les Gar\u00e7ons, pour quelle Raison ?\" \/>\n<meta property=\"og:description\" content=\"Africa-Press &#8211; Senegal. Les femmes atteintes du syndrome Gilles de la Tourette sont plus tardivement diagnostique\u0301es que les hommes, soule\u0300ve une e\u0301tude ame\u0301ricaine publie\u0301e dans la revue Neurology. Et alors que les pre\u0301ce\u0301dentes donne\u0301es sugge\u0300rent pre\u0301cise\u0301ment l\u2019inverse, cette e\u0301tude trouve un score de se\u0301ve\u0301rite\u0301 des sympto\u0302mes plus faible chez les femmes que les hommes. Tics [&hellip;]\" \/>\n<meta property=\"og:url\" content=\"https:\/\/www.africa-press.net\/senegal\/politique\/gilles-de-la-tourette-les-filles-plus-tardivement-diagnostiquees-que-les-garcons-pour-quelle-raison\" \/>\n<meta property=\"og:site_name\" content=\"Senegal\" \/>\n<meta property=\"article:published_time\" content=\"2025-01-18T12:00:00+00:00\" \/>\n<meta name=\"author\" content=\"cfeditorfr\" \/>\n<meta name=\"twitter:card\" content=\"summary_large_image\" \/>\n<meta name=\"twitter:label1\" content=\"\u00c9crit par\" \/>\n\t<meta name=\"twitter:data1\" content=\"cfeditorfr\" \/>\n\t<meta name=\"twitter:label2\" content=\"Dur\u00e9e de lecture estim\u00e9e\" \/>\n\t<meta name=\"twitter:data2\" content=\"5 minutes\" \/>\n<script type=\"application\/ld+json\" class=\"yoast-schema-graph\">{\"@context\":\"https:\/\/schema.org\",\"@graph\":[{\"@type\":\"Article\",\"@id\":\"https:\/\/www.africa-press.net\/senegal\/politique\/gilles-de-la-tourette-les-filles-plus-tardivement-diagnostiquees-que-les-garcons-pour-quelle-raison#article\",\"isPartOf\":{\"@id\":\"https:\/\/www.africa-press.net\/senegal\/politique\/gilles-de-la-tourette-les-filles-plus-tardivement-diagnostiquees-que-les-garcons-pour-quelle-raison\"},\"author\":{\"name\":\"cfeditorfr\",\"@id\":\"https:\/\/www.africa-press.net\/senegal\/#\/schema\/person\/2b1cf3cd81a31e3cd26889ca66d677f1\"},\"headline\":\"Gilles de la Tourette : les Filles Plus Tardivement Diagnostiqu\u00e9es que les Gar\u00e7ons, pour quelle Raison ?\",\"datePublished\":\"2025-01-18T12:00:00+00:00\",\"mainEntityOfPage\":{\"@id\":\"https:\/\/www.africa-press.net\/senegal\/politique\/gilles-de-la-tourette-les-filles-plus-tardivement-diagnostiquees-que-les-garcons-pour-quelle-raison\"},\"wordCount\":1033,\"commentCount\":0,\"image\":{\"@id\":\"https:\/\/www.africa-press.net\/senegal\/politique\/gilles-de-la-tourette-les-filles-plus-tardivement-diagnostiquees-que-les-garcons-pour-quelle-raison#primaryimage\"},\"thumbnailUrl\":\"https:\/\/static.africa-press.net\/senegal\/sites\/13\/2025\/01\/sm_1737276079.973827.jpg\",\"keywords\":[\"Senegal\"],\"articleSection\":[\"Divers\",\"Toutes les actualit\u00e9s\"],\"inLanguage\":\"fr-FR\",\"potentialAction\":[{\"@type\":\"CommentAction\",\"name\":\"Comment\",\"target\":[\"https:\/\/www.africa-press.net\/senegal\/politique\/gilles-de-la-tourette-les-filles-plus-tardivement-diagnostiquees-que-les-garcons-pour-quelle-raison#respond\"]}]},{\"@type\":\"WebPage\",\"@id\":\"https:\/\/www.africa-press.net\/senegal\/politique\/gilles-de-la-tourette-les-filles-plus-tardivement-diagnostiquees-que-les-garcons-pour-quelle-raison\",\"url\":\"https:\/\/www.africa-press.net\/senegal\/politique\/gilles-de-la-tourette-les-filles-plus-tardivement-diagnostiquees-que-les-garcons-pour-quelle-raison\",\"name\":\"Gilles de la Tourette : les Filles Plus Tardivement Diagnostiqu\u00e9es que les Gar\u00e7ons, pour quelle Raison ? - Senegal\",\"isPartOf\":{\"@id\":\"https:\/\/www.africa-press.net\/senegal\/#website\"},\"primaryImageOfPage\":{\"@id\":\"https:\/\/www.africa-press.net\/senegal\/politique\/gilles-de-la-tourette-les-filles-plus-tardivement-diagnostiquees-que-les-garcons-pour-quelle-raison#primaryimage\"},\"image\":{\"@id\":\"https:\/\/www.africa-press.net\/senegal\/politique\/gilles-de-la-tourette-les-filles-plus-tardivement-diagnostiquees-que-les-garcons-pour-quelle-raison#primaryimage\"},\"thumbnailUrl\":\"https:\/\/static.africa-press.net\/senegal\/sites\/13\/2025\/01\/sm_1737276079.973827.jpg\",\"datePublished\":\"2025-01-18T12:00:00+00:00\",\"author\":{\"@id\":\"https:\/\/www.africa-press.net\/senegal\/#\/schema\/person\/2b1cf3cd81a31e3cd26889ca66d677f1\"},\"breadcrumb\":{\"@id\":\"https:\/\/www.africa-press.net\/senegal\/politique\/gilles-de-la-tourette-les-filles-plus-tardivement-diagnostiquees-que-les-garcons-pour-quelle-raison#breadcrumb\"},\"inLanguage\":\"fr-FR\",\"potentialAction\":[{\"@type\":\"ReadAction\",\"target\":[\"https:\/\/www.africa-press.net\/senegal\/politique\/gilles-de-la-tourette-les-filles-plus-tardivement-diagnostiquees-que-les-garcons-pour-quelle-raison\"]}]},{\"@type\":\"ImageObject\",\"inLanguage\":\"fr-FR\",\"@id\":\"https:\/\/www.africa-press.net\/senegal\/politique\/gilles-de-la-tourette-les-filles-plus-tardivement-diagnostiquees-que-les-garcons-pour-quelle-raison#primaryimage\",\"url\":\"https:\/\/static.africa-press.net\/senegal\/sites\/13\/2025\/01\/sm_1737276079.973827.jpg\",\"contentUrl\":\"https:\/\/static.africa-press.net\/senegal\/sites\/13\/2025\/01\/sm_1737276079.973827.jpg\",\"width\":1280,\"height\":720,\"caption\":\"Gilles de la Tourette : les Filles Plus Tardivement Diagnostiqu\u00e9es que les Gar\u00e7ons, pour quelle Raison ?\"},{\"@type\":\"BreadcrumbList\",\"@id\":\"https:\/\/www.africa-press.net\/senegal\/politique\/gilles-de-la-tourette-les-filles-plus-tardivement-diagnostiquees-que-les-garcons-pour-quelle-raison#breadcrumb\",\"itemListElement\":[{\"@type\":\"ListItem\",\"position\":1,\"name\":\"Accueil\",\"item\":\"https:\/\/www.africa-press.net\/senegal\/\"},{\"@type\":\"ListItem\",\"position\":2,\"name\":\"Gilles de la Tourette : les Filles Plus Tardivement Diagnostiqu\u00e9es que les Gar\u00e7ons, pour quelle Raison ?\"}]},{\"@type\":\"WebSite\",\"@id\":\"https:\/\/www.africa-press.net\/senegal\/#website\",\"url\":\"https:\/\/www.africa-press.net\/senegal\/\",\"name\":\"Africa Press | Senegal | Homepage\",\"description\":\"Just another Africa News Agency Sites site\",\"potentialAction\":[{\"@type\":\"SearchAction\",\"target\":{\"@type\":\"EntryPoint\",\"urlTemplate\":\"https:\/\/www.africa-press.net\/senegal\/?s={search_term_string}\"},\"query-input\":{\"@type\":\"PropertyValueSpecification\",\"valueRequired\":true,\"valueName\":\"search_term_string\"}}],\"inLanguage\":\"fr-FR\"},{\"@type\":\"Person\",\"@id\":\"https:\/\/www.africa-press.net\/senegal\/#\/schema\/person\/2b1cf3cd81a31e3cd26889ca66d677f1\",\"name\":\"cfeditorfr\",\"url\":\"https:\/\/www.africa-press.net\/senegal\/author\/cfeditorfr\"}]}<\/script>\n<!-- \/ Yoast SEO Premium plugin. -->","yoast_head_json":{"title":"Gilles de la Tourette : les Filles Plus Tardivement Diagnostiqu\u00e9es que les Gar\u00e7ons, pour quelle Raison ? - Senegal","robots":{"index":"index","follow":"follow","max-snippet":"max-snippet:-1","max-image-preview":"max-image-preview:large","max-video-preview":"max-video-preview:-1"},"canonical":"https:\/\/www.africa-press.net\/senegal\/politique\/gilles-de-la-tourette-les-filles-plus-tardivement-diagnostiquees-que-les-garcons-pour-quelle-raison","og_locale":"fr_FR","og_type":"article","og_title":"Gilles de la Tourette : les Filles Plus Tardivement Diagnostiqu\u00e9es que les Gar\u00e7ons, pour quelle Raison ?","og_description":"Africa-Press &#8211; Senegal. Les femmes atteintes du syndrome Gilles de la Tourette sont plus tardivement diagnostique\u0301es que les hommes, soule\u0300ve une e\u0301tude ame\u0301ricaine publie\u0301e dans la revue Neurology. Et alors que les pre\u0301ce\u0301dentes donne\u0301es sugge\u0300rent pre\u0301cise\u0301ment l\u2019inverse, cette e\u0301tude trouve un score de se\u0301ve\u0301rite\u0301 des sympto\u0302mes plus faible chez les femmes que les hommes. Tics [&hellip;]","og_url":"https:\/\/www.africa-press.net\/senegal\/politique\/gilles-de-la-tourette-les-filles-plus-tardivement-diagnostiquees-que-les-garcons-pour-quelle-raison","og_site_name":"Senegal","article_published_time":"2025-01-18T12:00:00+00:00","author":"cfeditorfr","twitter_card":"summary_large_image","twitter_misc":{"\u00c9crit par":"cfeditorfr","Dur\u00e9e de lecture estim\u00e9e":"5 minutes"},"schema":{"@context":"https:\/\/schema.org","@graph":[{"@type":"Article","@id":"https:\/\/www.africa-press.net\/senegal\/politique\/gilles-de-la-tourette-les-filles-plus-tardivement-diagnostiquees-que-les-garcons-pour-quelle-raison#article","isPartOf":{"@id":"https:\/\/www.africa-press.net\/senegal\/politique\/gilles-de-la-tourette-les-filles-plus-tardivement-diagnostiquees-que-les-garcons-pour-quelle-raison"},"author":{"name":"cfeditorfr","@id":"https:\/\/www.africa-press.net\/senegal\/#\/schema\/person\/2b1cf3cd81a31e3cd26889ca66d677f1"},"headline":"Gilles de la Tourette : les Filles Plus Tardivement Diagnostiqu\u00e9es que les Gar\u00e7ons, pour quelle Raison ?","datePublished":"2025-01-18T12:00:00+00:00","mainEntityOfPage":{"@id":"https:\/\/www.africa-press.net\/senegal\/politique\/gilles-de-la-tourette-les-filles-plus-tardivement-diagnostiquees-que-les-garcons-pour-quelle-raison"},"wordCount":1033,"commentCount":0,"image":{"@id":"https:\/\/www.africa-press.net\/senegal\/politique\/gilles-de-la-tourette-les-filles-plus-tardivement-diagnostiquees-que-les-garcons-pour-quelle-raison#primaryimage"},"thumbnailUrl":"https:\/\/static.africa-press.net\/senegal\/sites\/13\/2025\/01\/sm_1737276079.973827.jpg","keywords":["Senegal"],"articleSection":["Divers","Toutes les actualit\u00e9s"],"inLanguage":"fr-FR","potentialAction":[{"@type":"CommentAction","name":"Comment","target":["https:\/\/www.africa-press.net\/senegal\/politique\/gilles-de-la-tourette-les-filles-plus-tardivement-diagnostiquees-que-les-garcons-pour-quelle-raison#respond"]}]},{"@type":"WebPage","@id":"https:\/\/www.africa-press.net\/senegal\/politique\/gilles-de-la-tourette-les-filles-plus-tardivement-diagnostiquees-que-les-garcons-pour-quelle-raison","url":"https:\/\/www.africa-press.net\/senegal\/politique\/gilles-de-la-tourette-les-filles-plus-tardivement-diagnostiquees-que-les-garcons-pour-quelle-raison","name":"Gilles de la Tourette : les Filles Plus Tardivement Diagnostiqu\u00e9es que les Gar\u00e7ons, pour quelle Raison ? - Senegal","isPartOf":{"@id":"https:\/\/www.africa-press.net\/senegal\/#website"},"primaryImageOfPage":{"@id":"https:\/\/www.africa-press.net\/senegal\/politique\/gilles-de-la-tourette-les-filles-plus-tardivement-diagnostiquees-que-les-garcons-pour-quelle-raison#primaryimage"},"image":{"@id":"https:\/\/www.africa-press.net\/senegal\/politique\/gilles-de-la-tourette-les-filles-plus-tardivement-diagnostiquees-que-les-garcons-pour-quelle-raison#primaryimage"},"thumbnailUrl":"https:\/\/static.africa-press.net\/senegal\/sites\/13\/2025\/01\/sm_1737276079.973827.jpg","datePublished":"2025-01-18T12:00:00+00:00","author":{"@id":"https:\/\/www.africa-press.net\/senegal\/#\/schema\/person\/2b1cf3cd81a31e3cd26889ca66d677f1"},"breadcrumb":{"@id":"https:\/\/www.africa-press.net\/senegal\/politique\/gilles-de-la-tourette-les-filles-plus-tardivement-diagnostiquees-que-les-garcons-pour-quelle-raison#breadcrumb"},"inLanguage":"fr-FR","potentialAction":[{"@type":"ReadAction","target":["https:\/\/www.africa-press.net\/senegal\/politique\/gilles-de-la-tourette-les-filles-plus-tardivement-diagnostiquees-que-les-garcons-pour-quelle-raison"]}]},{"@type":"ImageObject","inLanguage":"fr-FR","@id":"https:\/\/www.africa-press.net\/senegal\/politique\/gilles-de-la-tourette-les-filles-plus-tardivement-diagnostiquees-que-les-garcons-pour-quelle-raison#primaryimage","url":"https:\/\/static.africa-press.net\/senegal\/sites\/13\/2025\/01\/sm_1737276079.973827.jpg","contentUrl":"https:\/\/static.africa-press.net\/senegal\/sites\/13\/2025\/01\/sm_1737276079.973827.jpg","width":1280,"height":720,"caption":"Gilles de la Tourette : les Filles Plus Tardivement Diagnostiqu\u00e9es que les Gar\u00e7ons, pour quelle Raison ?"},{"@type":"BreadcrumbList","@id":"https:\/\/www.africa-press.net\/senegal\/politique\/gilles-de-la-tourette-les-filles-plus-tardivement-diagnostiquees-que-les-garcons-pour-quelle-raison#breadcrumb","itemListElement":[{"@type":"ListItem","position":1,"name":"Accueil","item":"https:\/\/www.africa-press.net\/senegal\/"},{"@type":"ListItem","position":2,"name":"Gilles de la Tourette : les Filles Plus Tardivement Diagnostiqu\u00e9es que les Gar\u00e7ons, pour quelle Raison ?"}]},{"@type":"WebSite","@id":"https:\/\/www.africa-press.net\/senegal\/#website","url":"https:\/\/www.africa-press.net\/senegal\/","name":"Africa Press | Senegal | Homepage","description":"Just another Africa News Agency Sites site","potentialAction":[{"@type":"SearchAction","target":{"@type":"EntryPoint","urlTemplate":"https:\/\/www.africa-press.net\/senegal\/?s={search_term_string}"},"query-input":{"@type":"PropertyValueSpecification","valueRequired":true,"valueName":"search_term_string"}}],"inLanguage":"fr-FR"},{"@type":"Person","@id":"https:\/\/www.africa-press.net\/senegal\/#\/schema\/person\/2b1cf3cd81a31e3cd26889ca66d677f1","name":"cfeditorfr","url":"https:\/\/www.africa-press.net\/senegal\/author\/cfeditorfr"}]}},"_links":{"self":[{"href":"https:\/\/www.africa-press.net\/senegal\/wp-json\/wp\/v2\/posts\/64880","targetHints":{"allow":["GET"]}}],"collection":[{"href":"https:\/\/www.africa-press.net\/senegal\/wp-json\/wp\/v2\/posts"}],"about":[{"href":"https:\/\/www.africa-press.net\/senegal\/wp-json\/wp\/v2\/types\/post"}],"author":[{"embeddable":true,"href":"https:\/\/www.africa-press.net\/senegal\/wp-json\/wp\/v2\/users\/82"}],"replies":[{"embeddable":true,"href":"https:\/\/www.africa-press.net\/senegal\/wp-json\/wp\/v2\/comments?post=64880"}],"version-history":[{"count":0,"href":"https:\/\/www.africa-press.net\/senegal\/wp-json\/wp\/v2\/posts\/64880\/revisions"}],"wp:featuredmedia":[{"embeddable":true,"href":"https:\/\/www.africa-press.net\/senegal\/wp-json\/wp\/v2\/media\/64879"}],"wp:attachment":[{"href":"https:\/\/www.africa-press.net\/senegal\/wp-json\/wp\/v2\/media?parent=64880"}],"wp:term":[{"taxonomy":"category","embeddable":true,"href":"https:\/\/www.africa-press.net\/senegal\/wp-json\/wp\/v2\/categories?post=64880"},{"taxonomy":"post_tag","embeddable":true,"href":"https:\/\/www.africa-press.net\/senegal\/wp-json\/wp\/v2\/tags?post=64880"}],"curies":[{"name":"wp","href":"https:\/\/api.w.org\/{rel}","templated":true}]}}