{"id":64888,"date":"2025-01-17T14:13:20","date_gmt":"2025-01-17T14:13:20","guid":{"rendered":"https:\/\/www.africa-press.net\/senegal\/politique\/2024-annee-la-plus-chaude-jamais-enregistree"},"modified":"2025-01-21T21:02:39","modified_gmt":"2025-01-21T21:02:39","slug":"2024-annee-la-plus-chaude-jamais-enregistree","status":"publish","type":"post","link":"https:\/\/www.africa-press.net\/senegal\/toutes-les-actualites\/2024-annee-la-plus-chaude-jamais-enregistree","title":{"rendered":"2024 : Ann\u00e9e la Plus Chaude Jamais Enregistr\u00e9e"},"content":{"rendered":"<p><span style=\"color: #ff6600\"><strong>Africa-Press &#8211; Senegal. <\/strong><\/span>Pour la premie\u0300re fois, la tempe\u0301rature mondiale a de\u0301passe\u0301 le seuil de 1,5 \u00b0C, franchissant temporairement cette limite climatique. La tempe\u0301rature moyenne de 2024 a e\u0301te\u0301 supe\u0301rieure a\u0300 celle du record de chaleur de 2023, confirmant une tendance a\u0300 la hausse observe\u0301e au cours de la dernie\u0300re de\u0301cennie.<\/p>\n<p>L&rsquo;Organisation me\u0301te\u0301orologique mondiale (OMM) a confirme\u0301 que 2024 est l&rsquo;anne\u0301e la plus chaude jamais enregistre\u0301e, base\u0301e sur l&rsquo;analyse de six ensembles de donne\u0301es internationales. Les dix dernie\u0300res anne\u0301es figurent parmi les plus chaudes depuis le de\u0301but des releve\u0301s en 1850.<\/p>\n<p>La tempe\u0301rature moyenne globale de 2024 e\u0301tait de 1,55 \u00b0C au-dessus de la moyenne de 1850-1900, selon une analyse avec une marge d&rsquo;erreur de \u00b10,13 \u00b0C. Cela marque potentiellement le premier de\u0301passement annuel du seuil de 1,5 \u00b0C par rapport a\u0300 l&rsquo;e\u0300re pre\u0301industrielle.<\/p>\n<p>Le secre\u0301taire ge\u0301ne\u0301ral de l&rsquo;ONU, Anto\u0301nio Guterres, a rappele\u0301 qu&rsquo;il est encore possible d&rsquo;e\u0301viter le pire de la catastrophe climatique. Cependant, il a exhorte\u0301 les gouvernements a\u0300 intensifier leurs efforts pour limiter le re\u0301chauffement global a\u0300 1,5 \u00b0C, a\u0300 travers de nouveaux plans d&rsquo;action climatique d&rsquo;ici 2025.<\/p>\n<p>Guterres a e\u0301galement souligne\u0301 que le re\u0301chauffement de 2024, attribue\u0301 a\u0300 la combustion des e\u0301nergies fossiles, a exacerbe\u0301 les e\u0301ve\u0301nements climatiques extre\u0302mes, causant des souffrances a\u0300 des millions de personnes.<\/p>\n<p>Le Haut-Commissaire aux droits de l&rsquo;homme, Volker Turk, a appele\u0301 a\u0300 une action imme\u0301diate pour e\u0301liminer progressivement les combustibles fossiles et investir dans les e\u0301nergies renouvelables, avertissant que l&rsquo;inaction continue de provoquer des pertes humaines et e\u0301conomiques conside\u0301rables.<\/p>\n<p><strong>Pour plus d&rsquo;informations et d&rsquo;analyses sur la <span style=\"color: #ff6600\">Senegal<\/span>, suivez <span style=\"color: #ff6600\">Africa-Press<\/span><\/strong><\/p>\n","protected":false},"excerpt":{"rendered":"<p>Africa-Press &#8211; Senegal. Pour la premie\u0300re fois, la tempe\u0301rature mondiale a de\u0301passe\u0301 le seuil de 1,5 \u00b0C, franchissant temporairement cette limite climatique. La tempe\u0301rature moyenne de 2024 a e\u0301te\u0301 supe\u0301rieure a\u0300 celle du record de chaleur de 2023, confirmant une tendance a\u0300 la hausse observe\u0301e au cours de la dernie\u0300re de\u0301cennie. L&rsquo;Organisation me\u0301te\u0301orologique mondiale (OMM) [&hellip;]<\/p>\n","protected":false},"author":82,"featured_media":64887,"comment_status":"open","ping_status":"closed","sticky":false,"template":"","format":"standard","meta":{"footnotes":""},"categories":[22,10],"tags":[44],"class_list":["post-64888","post","type-post","status-publish","format-standard","has-post-thumbnail","hentry","category-divers","category-toutes-les-actualites","tag-senegal-2"],"yoast_head":"<!-- This site is optimized with the Yoast SEO Premium plugin v26.1 (Yoast SEO v27.0) - https:\/\/yoast.com\/product\/yoast-seo-premium-wordpress\/ -->\n<title>2024 : Ann\u00e9e la Plus Chaude Jamais Enregistr\u00e9e - Senegal<\/title>\n<meta name=\"description\" content=\"Pour la premie\u0300re fois, la tempe\u0301rature mondiale a de\u0301passe\u0301 le seuil de 1,5 \u00b0C, franchissant temporairement cette limit ...\" \/>\n<meta name=\"robots\" content=\"index, follow, max-snippet:-1, max-image-preview:large, max-video-preview:-1\" \/>\n<link rel=\"canonical\" href=\"https:\/\/www.africa-press.net\/senegal\/toutes-les-actualites\/2024-annee-la-plus-chaude-jamais-enregistree\" \/>\n<meta property=\"og:locale\" content=\"fr_FR\" \/>\n<meta property=\"og:type\" content=\"article\" \/>\n<meta property=\"og:title\" content=\"2024 : Ann\u00e9e la Plus Chaude Jamais Enregistr\u00e9e\" \/>\n<meta property=\"og:description\" content=\"Pour la premie\u0300re fois, la tempe\u0301rature mondiale a de\u0301passe\u0301 le seuil de 1,5 \u00b0C, franchissant temporairement cette limit ...\" \/>\n<meta property=\"og:url\" content=\"https:\/\/www.africa-press.net\/senegal\/toutes-les-actualites\/2024-annee-la-plus-chaude-jamais-enregistree\" \/>\n<meta property=\"og:site_name\" content=\"Senegal\" \/>\n<meta property=\"article:published_time\" content=\"2025-01-17T14:13:20+00:00\" \/>\n<meta property=\"article:modified_time\" content=\"2025-01-21T21:02:39+00:00\" \/>\n<meta property=\"og:image\" content=\"https:\/\/static.africa-press.net\/senegal\/sites\/13\/2025\/01\/sm_1737293000.204937.jpg\" \/>\n\t<meta property=\"og:image:width\" content=\"1170\" \/>\n\t<meta property=\"og:image:height\" content=\"530\" \/>\n\t<meta property=\"og:image:type\" content=\"image\/jpeg\" \/>\n<meta name=\"author\" content=\"cfeditorfr\" \/>\n<meta name=\"twitter:card\" content=\"summary_large_image\" \/>\n<meta name=\"twitter:label1\" content=\"\u00c9crit par\" \/>\n\t<meta name=\"twitter:data1\" content=\"cfeditorfr\" \/>\n\t<meta name=\"twitter:label2\" content=\"Dur\u00e9e de lecture estim\u00e9e\" \/>\n\t<meta name=\"twitter:data2\" content=\"1 minute\" \/>\n<script type=\"application\/ld+json\" class=\"yoast-schema-graph\">{\"@context\":\"https:\/\/schema.org\",\"@graph\":[{\"@type\":\"Article\",\"@id\":\"https:\/\/www.africa-press.net\/senegal\/toutes-les-actualites\/2024-annee-la-plus-chaude-jamais-enregistree#article\",\"isPartOf\":{\"@id\":\"https:\/\/www.africa-press.net\/senegal\/toutes-les-actualites\/2024-annee-la-plus-chaude-jamais-enregistree\"},\"author\":{\"name\":\"cfeditorfr\",\"@id\":\"https:\/\/www.africa-press.net\/senegal\/#\/schema\/person\/2b1cf3cd81a31e3cd26889ca66d677f1\"},\"headline\":\"2024 : Ann\u00e9e la Plus Chaude Jamais Enregistr\u00e9e\",\"datePublished\":\"2025-01-17T14:13:20+00:00\",\"dateModified\":\"2025-01-21T21:02:39+00:00\",\"mainEntityOfPage\":{\"@id\":\"https:\/\/www.africa-press.net\/senegal\/toutes-les-actualites\/2024-annee-la-plus-chaude-jamais-enregistree\"},\"wordCount\":310,\"commentCount\":0,\"image\":{\"@id\":\"https:\/\/www.africa-press.net\/senegal\/toutes-les-actualites\/2024-annee-la-plus-chaude-jamais-enregistree#primaryimage\"},\"thumbnailUrl\":\"https:\/\/static.africa-press.net\/senegal\/sites\/13\/2025\/01\/sm_1737293000.204937.jpg\",\"keywords\":[\"Senegal\"],\"articleSection\":[\"Divers\",\"Toutes les actualit\u00e9s\"],\"inLanguage\":\"fr-FR\",\"potentialAction\":[{\"@type\":\"CommentAction\",\"name\":\"Comment\",\"target\":[\"https:\/\/www.africa-press.net\/senegal\/toutes-les-actualites\/2024-annee-la-plus-chaude-jamais-enregistree#respond\"]}]},{\"@type\":\"WebPage\",\"@id\":\"https:\/\/www.africa-press.net\/senegal\/toutes-les-actualites\/2024-annee-la-plus-chaude-jamais-enregistree\",\"url\":\"https:\/\/www.africa-press.net\/senegal\/toutes-les-actualites\/2024-annee-la-plus-chaude-jamais-enregistree\",\"name\":\"2024 : Ann\u00e9e la Plus Chaude Jamais Enregistr\u00e9e - Senegal\",\"isPartOf\":{\"@id\":\"https:\/\/www.africa-press.net\/senegal\/#website\"},\"primaryImageOfPage\":{\"@id\":\"https:\/\/www.africa-press.net\/senegal\/toutes-les-actualites\/2024-annee-la-plus-chaude-jamais-enregistree#primaryimage\"},\"image\":{\"@id\":\"https:\/\/www.africa-press.net\/senegal\/toutes-les-actualites\/2024-annee-la-plus-chaude-jamais-enregistree#primaryimage\"},\"thumbnailUrl\":\"https:\/\/static.africa-press.net\/senegal\/sites\/13\/2025\/01\/sm_1737293000.204937.jpg\",\"datePublished\":\"2025-01-17T14:13:20+00:00\",\"dateModified\":\"2025-01-21T21:02:39+00:00\",\"author\":{\"@id\":\"https:\/\/www.africa-press.net\/senegal\/#\/schema\/person\/2b1cf3cd81a31e3cd26889ca66d677f1\"},\"description\":\"Pour la premie\u0300re fois, la tempe\u0301rature mondiale a de\u0301passe\u0301 le seuil de 1,5 \u00b0C, franchissant temporairement cette limit ...\",\"breadcrumb\":{\"@id\":\"https:\/\/www.africa-press.net\/senegal\/toutes-les-actualites\/2024-annee-la-plus-chaude-jamais-enregistree#breadcrumb\"},\"inLanguage\":\"fr-FR\",\"potentialAction\":[{\"@type\":\"ReadAction\",\"target\":[\"https:\/\/www.africa-press.net\/senegal\/toutes-les-actualites\/2024-annee-la-plus-chaude-jamais-enregistree\"]}]},{\"@type\":\"ImageObject\",\"inLanguage\":\"fr-FR\",\"@id\":\"https:\/\/www.africa-press.net\/senegal\/toutes-les-actualites\/2024-annee-la-plus-chaude-jamais-enregistree#primaryimage\",\"url\":\"https:\/\/static.africa-press.net\/senegal\/sites\/13\/2025\/01\/sm_1737293000.204937.jpg\",\"contentUrl\":\"https:\/\/static.africa-press.net\/senegal\/sites\/13\/2025\/01\/sm_1737293000.204937.jpg\",\"width\":1170,\"height\":530,\"caption\":\"2024 : Ann\u00e9e la Plus Chaude Jamais Enregistr\u00e9e\"},{\"@type\":\"BreadcrumbList\",\"@id\":\"https:\/\/www.africa-press.net\/senegal\/toutes-les-actualites\/2024-annee-la-plus-chaude-jamais-enregistree#breadcrumb\",\"itemListElement\":[{\"@type\":\"ListItem\",\"position\":1,\"name\":\"Accueil\",\"item\":\"https:\/\/www.africa-press.net\/senegal\/\"},{\"@type\":\"ListItem\",\"position\":2,\"name\":\"2024 : Ann\u00e9e la Plus Chaude Jamais Enregistr\u00e9e\"}]},{\"@type\":\"WebSite\",\"@id\":\"https:\/\/www.africa-press.net\/senegal\/#website\",\"url\":\"https:\/\/www.africa-press.net\/senegal\/\",\"name\":\"Africa Press | Senegal | Homepage\",\"description\":\"Just another Africa News Agency Sites site\",\"potentialAction\":[{\"@type\":\"SearchAction\",\"target\":{\"@type\":\"EntryPoint\",\"urlTemplate\":\"https:\/\/www.africa-press.net\/senegal\/?s={search_term_string}\"},\"query-input\":{\"@type\":\"PropertyValueSpecification\",\"valueRequired\":true,\"valueName\":\"search_term_string\"}}],\"inLanguage\":\"fr-FR\"},{\"@type\":\"Person\",\"@id\":\"https:\/\/www.africa-press.net\/senegal\/#\/schema\/person\/2b1cf3cd81a31e3cd26889ca66d677f1\",\"name\":\"cfeditorfr\",\"url\":\"https:\/\/www.africa-press.net\/senegal\/author\/cfeditorfr\"}]}<\/script>\n<!-- \/ Yoast SEO Premium plugin. -->","yoast_head_json":{"title":"2024 : Ann\u00e9e la Plus Chaude Jamais Enregistr\u00e9e - Senegal","description":"Pour la premie\u0300re fois, la tempe\u0301rature mondiale a de\u0301passe\u0301 le seuil de 1,5 \u00b0C, franchissant temporairement cette limit ...","robots":{"index":"index","follow":"follow","max-snippet":"max-snippet:-1","max-image-preview":"max-image-preview:large","max-video-preview":"max-video-preview:-1"},"canonical":"https:\/\/www.africa-press.net\/senegal\/toutes-les-actualites\/2024-annee-la-plus-chaude-jamais-enregistree","og_locale":"fr_FR","og_type":"article","og_title":"2024 : Ann\u00e9e la Plus Chaude Jamais Enregistr\u00e9e","og_description":"Pour la premie\u0300re fois, la tempe\u0301rature mondiale a de\u0301passe\u0301 le seuil de 1,5 \u00b0C, franchissant temporairement cette limit ...","og_url":"https:\/\/www.africa-press.net\/senegal\/toutes-les-actualites\/2024-annee-la-plus-chaude-jamais-enregistree","og_site_name":"Senegal","article_published_time":"2025-01-17T14:13:20+00:00","article_modified_time":"2025-01-21T21:02:39+00:00","og_image":[{"width":1170,"height":530,"url":"https:\/\/static.africa-press.net\/senegal\/sites\/13\/2025\/01\/sm_1737293000.204937.jpg","type":"image\/jpeg"}],"author":"cfeditorfr","twitter_card":"summary_large_image","twitter_misc":{"\u00c9crit par":"cfeditorfr","Dur\u00e9e de lecture estim\u00e9e":"1 minute"},"schema":{"@context":"https:\/\/schema.org","@graph":[{"@type":"Article","@id":"https:\/\/www.africa-press.net\/senegal\/toutes-les-actualites\/2024-annee-la-plus-chaude-jamais-enregistree#article","isPartOf":{"@id":"https:\/\/www.africa-press.net\/senegal\/toutes-les-actualites\/2024-annee-la-plus-chaude-jamais-enregistree"},"author":{"name":"cfeditorfr","@id":"https:\/\/www.africa-press.net\/senegal\/#\/schema\/person\/2b1cf3cd81a31e3cd26889ca66d677f1"},"headline":"2024 : Ann\u00e9e la Plus Chaude Jamais Enregistr\u00e9e","datePublished":"2025-01-17T14:13:20+00:00","dateModified":"2025-01-21T21:02:39+00:00","mainEntityOfPage":{"@id":"https:\/\/www.africa-press.net\/senegal\/toutes-les-actualites\/2024-annee-la-plus-chaude-jamais-enregistree"},"wordCount":310,"commentCount":0,"image":{"@id":"https:\/\/www.africa-press.net\/senegal\/toutes-les-actualites\/2024-annee-la-plus-chaude-jamais-enregistree#primaryimage"},"thumbnailUrl":"https:\/\/static.africa-press.net\/senegal\/sites\/13\/2025\/01\/sm_1737293000.204937.jpg","keywords":["Senegal"],"articleSection":["Divers","Toutes les actualit\u00e9s"],"inLanguage":"fr-FR","potentialAction":[{"@type":"CommentAction","name":"Comment","target":["https:\/\/www.africa-press.net\/senegal\/toutes-les-actualites\/2024-annee-la-plus-chaude-jamais-enregistree#respond"]}]},{"@type":"WebPage","@id":"https:\/\/www.africa-press.net\/senegal\/toutes-les-actualites\/2024-annee-la-plus-chaude-jamais-enregistree","url":"https:\/\/www.africa-press.net\/senegal\/toutes-les-actualites\/2024-annee-la-plus-chaude-jamais-enregistree","name":"2024 : Ann\u00e9e la Plus Chaude Jamais Enregistr\u00e9e - Senegal","isPartOf":{"@id":"https:\/\/www.africa-press.net\/senegal\/#website"},"primaryImageOfPage":{"@id":"https:\/\/www.africa-press.net\/senegal\/toutes-les-actualites\/2024-annee-la-plus-chaude-jamais-enregistree#primaryimage"},"image":{"@id":"https:\/\/www.africa-press.net\/senegal\/toutes-les-actualites\/2024-annee-la-plus-chaude-jamais-enregistree#primaryimage"},"thumbnailUrl":"https:\/\/static.africa-press.net\/senegal\/sites\/13\/2025\/01\/sm_1737293000.204937.jpg","datePublished":"2025-01-17T14:13:20+00:00","dateModified":"2025-01-21T21:02:39+00:00","author":{"@id":"https:\/\/www.africa-press.net\/senegal\/#\/schema\/person\/2b1cf3cd81a31e3cd26889ca66d677f1"},"description":"Pour la premie\u0300re fois, la tempe\u0301rature mondiale a de\u0301passe\u0301 le seuil de 1,5 \u00b0C, franchissant temporairement cette limit ...","breadcrumb":{"@id":"https:\/\/www.africa-press.net\/senegal\/toutes-les-actualites\/2024-annee-la-plus-chaude-jamais-enregistree#breadcrumb"},"inLanguage":"fr-FR","potentialAction":[{"@type":"ReadAction","target":["https:\/\/www.africa-press.net\/senegal\/toutes-les-actualites\/2024-annee-la-plus-chaude-jamais-enregistree"]}]},{"@type":"ImageObject","inLanguage":"fr-FR","@id":"https:\/\/www.africa-press.net\/senegal\/toutes-les-actualites\/2024-annee-la-plus-chaude-jamais-enregistree#primaryimage","url":"https:\/\/static.africa-press.net\/senegal\/sites\/13\/2025\/01\/sm_1737293000.204937.jpg","contentUrl":"https:\/\/static.africa-press.net\/senegal\/sites\/13\/2025\/01\/sm_1737293000.204937.jpg","width":1170,"height":530,"caption":"2024 : Ann\u00e9e la Plus Chaude Jamais Enregistr\u00e9e"},{"@type":"BreadcrumbList","@id":"https:\/\/www.africa-press.net\/senegal\/toutes-les-actualites\/2024-annee-la-plus-chaude-jamais-enregistree#breadcrumb","itemListElement":[{"@type":"ListItem","position":1,"name":"Accueil","item":"https:\/\/www.africa-press.net\/senegal\/"},{"@type":"ListItem","position":2,"name":"2024 : Ann\u00e9e la Plus Chaude Jamais Enregistr\u00e9e"}]},{"@type":"WebSite","@id":"https:\/\/www.africa-press.net\/senegal\/#website","url":"https:\/\/www.africa-press.net\/senegal\/","name":"Africa Press | Senegal | Homepage","description":"Just another Africa News Agency Sites site","potentialAction":[{"@type":"SearchAction","target":{"@type":"EntryPoint","urlTemplate":"https:\/\/www.africa-press.net\/senegal\/?s={search_term_string}"},"query-input":{"@type":"PropertyValueSpecification","valueRequired":true,"valueName":"search_term_string"}}],"inLanguage":"fr-FR"},{"@type":"Person","@id":"https:\/\/www.africa-press.net\/senegal\/#\/schema\/person\/2b1cf3cd81a31e3cd26889ca66d677f1","name":"cfeditorfr","url":"https:\/\/www.africa-press.net\/senegal\/author\/cfeditorfr"}]}},"_links":{"self":[{"href":"https:\/\/www.africa-press.net\/senegal\/wp-json\/wp\/v2\/posts\/64888","targetHints":{"allow":["GET"]}}],"collection":[{"href":"https:\/\/www.africa-press.net\/senegal\/wp-json\/wp\/v2\/posts"}],"about":[{"href":"https:\/\/www.africa-press.net\/senegal\/wp-json\/wp\/v2\/types\/post"}],"author":[{"embeddable":true,"href":"https:\/\/www.africa-press.net\/senegal\/wp-json\/wp\/v2\/users\/82"}],"replies":[{"embeddable":true,"href":"https:\/\/www.africa-press.net\/senegal\/wp-json\/wp\/v2\/comments?post=64888"}],"version-history":[{"count":0,"href":"https:\/\/www.africa-press.net\/senegal\/wp-json\/wp\/v2\/posts\/64888\/revisions"}],"wp:featuredmedia":[{"embeddable":true,"href":"https:\/\/www.africa-press.net\/senegal\/wp-json\/wp\/v2\/media\/64887"}],"wp:attachment":[{"href":"https:\/\/www.africa-press.net\/senegal\/wp-json\/wp\/v2\/media?parent=64888"}],"wp:term":[{"taxonomy":"category","embeddable":true,"href":"https:\/\/www.africa-press.net\/senegal\/wp-json\/wp\/v2\/categories?post=64888"},{"taxonomy":"post_tag","embeddable":true,"href":"https:\/\/www.africa-press.net\/senegal\/wp-json\/wp\/v2\/tags?post=64888"}],"curies":[{"name":"wp","href":"https:\/\/api.w.org\/{rel}","templated":true}]}}