{"id":64894,"date":"2025-01-19T12:43:12","date_gmt":"2025-01-19T12:43:12","guid":{"rendered":"https:\/\/www.africa-press.net\/senegal\/politique\/situation-politique-du-pays-lanalyse-du-maire-de-kaffrine"},"modified":"2025-01-19T12:43:12","modified_gmt":"2025-01-19T12:43:12","slug":"situation-politique-du-pays-lanalyse-du-maire-de-kaffrine","status":"publish","type":"post","link":"https:\/\/www.africa-press.net\/senegal\/dossiers\/situation-politique-du-pays-lanalyse-du-maire-de-kaffrine","title":{"rendered":"Situation Politique du Pays : L&rsquo;Analyse du Maire de Kaffrine"},"content":{"rendered":"<p><b>Mor Ka <\/b><\/p>\n<p><span style=\"color: #ff6600\"><strong>Africa-Press &#8211; Senegal. <\/strong><\/span>Le maire de Kaffrine, Abdoulaye Saydou Sow, a anime\u0301 ce week-end une assemble\u0301e ge\u0301ne\u0301rale durant laquelle le leader politique de l\u2019Alliance pour la Re\u0301publique\/Kaffrine a apporte\u0301 des e\u0301claircissements.<\/p>\n<p>Sans ambigui\u0308te\u0301, il a rappele\u0301 les re\u0301alisations accomplies durant son passage au ministe\u0300re de l\u2019Urbanisme et du Logement, en insistant sur la transparence et la rigueur qui ont caracte\u0301rise\u0301 sa gestion. \u00ab Chaque action entreprise dans ce ministe\u0300re a e\u0301te\u0301 mene\u0301e dans l\u2019inte\u0301re\u0302t exclusif des populations. Notre bilan est limpide et peut e\u0302tre scrute\u0301 sous tous les angles \u00bb, a-t-il affirme\u0301 avec assurance.<\/p>\n<p>Abdoulaye Saydou Sow a e\u0301galement mentionne\u0301 des projets phares visant a\u0300 ame\u0301liorer le cadre de vie des Se\u0301ne\u0301galais, tout en re\u0301ite\u0301rant son engagement a\u0300 poursuivre cette dynamique, quel que soit le contexte politique national.<\/p>\n<p>Le leader politique n\u2019a pas ma\u0302che\u0301 ses mots a\u0300 l\u2019encontre de certains responsables de l\u2019Alliance pour la Re\u0301publique (APR), qu\u2019il accuse d\u2019adopter des comportements nuisibles a\u0300 la cohe\u0301sion du parti. \u00ab Nous ne pouvons pas avancer avec des responsables qui travaillent plus pour leurs inte\u0301re\u0302ts personnels que pour l\u2019inte\u0301re\u0302t collectif. Ces attitudes doivent cesser \u00bb, a-t-il lance\u0301, de\u0301nonc\u0327ant une absence de loyaute\u0301 et un manque de discipline chez certains membres.<\/p>\n<p>Ce rappel a\u0300 l\u2019ordre a e\u0301te\u0301 perc\u0327u comme un message fort visant a\u0300 resserrer les rangs au sein du parti, dans un contexte ou\u0300 l\u2019unite\u0301 est cruciale pour pre\u0301parer les e\u0301che\u0301ances e\u0301lectorales a\u0300 venir.<\/p>\n<p>Abdoulaye Saydou Sow a e\u0301galement profite\u0301 de cette assemble\u0301e pour re\u0301affirmer son soutien a\u0300 Farba Ngom, qu\u2019il a de\u0301crit comme un acteur cle\u0301 du parti et un mode\u0300le de fide\u0301lite\u0301 envers le pre\u0301sident Macky Sall. \u00ab Farba Ngom a toujours e\u0301te\u0301 constant dans son engagement. Nous devons suivre cet exemple et rester unis derrie\u0300re lui pour le bien de notre formation politique\u00a0\u00bb, a-t-il de\u0301clare\u0301.<\/p>\n<p>Les militants pre\u0301sents ont accueilli ces de\u0301clarations avec enthousiasme, renouvelant leur engagement envers leur leader. Ils ont salue\u0301 la franchise de son discours et son appel a\u0300 l\u2019unite\u0301. Cette assemble\u0301e ge\u0301ne\u0301rale aura e\u0301te\u0301 un moment fort pour Abdoulaye Saydou Sow, qui a su combiner bilan, recadrage interne et mobilisation. Avec un discours clair et des positions affirme\u0301es, il s\u2019impose comme une figure incontournable de l\u2019APR, pre\u0302t a\u0300 relever les de\u0301fis des futures e\u0301che\u0301ances e\u0301lectorales.\r\n                <style type=\"text\/css\">\r\n                    \r\n                    #td_uid_1_69f060a90a6a3  .td-doubleSlider-2 .td-item1 {\r\n                        background: url(https:\/\/static.africa-press.net\/senegal\/sites\/13\/2025\/01\/sm_1737349474.417284-80x60.jpg) 0 0 no-repeat;\r\n                    }\r\n                    #td_uid_1_69f060a90a6a3  .td-doubleSlider-2 .td-item2 {\r\n                        background: url(https:\/\/static.africa-press.net\/senegal\/sites\/13\/2025\/01\/sm_1737349478.176912-80x60.jpg) 0 0 no-repeat;\r\n                    }\r\n                <\/style>\r\n\r\n                <div id=\"td_uid_1_69f060a90a6a3\" class=\"td-gallery td-slide-on-2-columns\">\r\n                    <div class=\"post_td_gallery\">\r\n                        <div class=\"td-gallery-slide-top\">\r\n                           <div class=\"td-gallery-title\"><\/div>\r\n\r\n                            <div class=\"td-gallery-controls-wrapper\">\r\n                                <div class=\"td-gallery-slide-count\"><span class=\"td-gallery-slide-item-focus\">1<\/span> de 2<\/div>\r\n                                <div class=\"td-gallery-slide-prev-next-but\">\r\n                                    <i class = \"td-icon-left doubleSliderPrevButton\"><\/i>\r\n                                    <i class = \"td-icon-right doubleSliderNextButton\"><\/i>\r\n                                <\/div>\r\n                            <\/div>\r\n                        <\/div>\r\n\r\n                        <div class = \"td-doubleSlider-1 \">\r\n                            <div class = \"td-slider\">\r\n                                \r\n                    <div class = \"td-slide-item td-item1\">\r\n                        <figure class=\"td-slide-galery-figure td-slide-popup-gallery\">\r\n                            <a class=\"slide-gallery-image-link\" href=\"https:\/\/static.africa-press.net\/senegal\/sites\/13\/2025\/01\/sm_1737349474.417284.jpg\" title=\"sm_1737349474.417284\"  data-caption=\"\"  data-description=\"\">\r\n                                <img decoding=\"async\" src=\"https:\/\/static.africa-press.net\/senegal\/sites\/13\/2025\/01\/sm_1737349474.417284.jpg\" srcset=\"https:\/\/static.africa-press.net\/senegal\/sites\/13\/2025\/01\/sm_1737349474.417284.jpg 1167w, https:\/\/static.africa-press.net\/senegal\/sites\/13\/2025\/01\/sm_1737349474.417284-300x157.jpg 300w, https:\/\/static.africa-press.net\/senegal\/sites\/13\/2025\/01\/sm_1737349474.417284-1024x534.jpg 1024w, https:\/\/static.africa-press.net\/senegal\/sites\/13\/2025\/01\/sm_1737349474.417284-768x401.jpg 768w\" sizes=\"(max-width: 1167px) 100vw, 1167px\" alt=\"\">\r\n                            <\/a>\r\n                            \r\n                        <\/figure>\r\n                    <\/div>\r\n                    <div class = \"td-slide-item td-item2\">\r\n                        <figure class=\"td-slide-galery-figure td-slide-popup-gallery\">\r\n                            <a class=\"slide-gallery-image-link\" href=\"https:\/\/static.africa-press.net\/senegal\/sites\/13\/2025\/01\/sm_1737349478.176912.jpg\" title=\"sm_1737349478.176912\"  data-caption=\"\"  data-description=\"\">\r\n                                <img decoding=\"async\" src=\"https:\/\/static.africa-press.net\/senegal\/sites\/13\/2025\/01\/sm_1737349478.176912.jpg\" srcset=\"https:\/\/static.africa-press.net\/senegal\/sites\/13\/2025\/01\/sm_1737349478.176912.jpg 1280w, https:\/\/static.africa-press.net\/senegal\/sites\/13\/2025\/01\/sm_1737349478.176912-300x225.jpg 300w, https:\/\/static.africa-press.net\/senegal\/sites\/13\/2025\/01\/sm_1737349478.176912-1024x768.jpg 1024w, https:\/\/static.africa-press.net\/senegal\/sites\/13\/2025\/01\/sm_1737349478.176912-768x576.jpg 768w, https:\/\/static.africa-press.net\/senegal\/sites\/13\/2025\/01\/sm_1737349478.176912-80x60.jpg 80w\" sizes=\"(max-width: 1280px) 100vw, 1280px\" alt=\"\">\r\n                            <\/a>\r\n                            \r\n                        <\/figure>\r\n                    <\/div>\r\n                            <\/div>\r\n                        <\/div>\r\n\r\n                        <div class = \"td-doubleSlider-2\">\r\n                            <div class = \"td-slider\">\r\n                                \r\n                    <div class = \"td-button td-item1\">\r\n                        <div class = \"td-border\"><\/div>\r\n                    <\/div>\r\n                    <div class = \"td-button td-item2\">\r\n                        <div class = \"td-border\"><\/div>\r\n                    <\/div>\r\n                            <\/div>\r\n                        <\/div>\r\n\r\n                    <\/div>\r\n\r\n                <\/div>\r\n                <\/p>\n<p><b>Source: Seneweb.com<\/b><\/p>\n<p><strong>Pour plus d&rsquo;informations et d&rsquo;analyses sur la <span style=\"color: #ff6600\">Senegal<\/span>, suivez <span style=\"color: #ff6600\">Africa-Press<span style=\"color: #ff6600\"><\/span><\/strong><\/p>\n","protected":false},"excerpt":{"rendered":"<p>Mor Ka Africa-Press &#8211; Senegal. Le maire de Kaffrine, Abdoulaye Saydou Sow, a anime\u0301 ce week-end une assemble\u0301e ge\u0301ne\u0301rale durant laquelle le leader politique de l\u2019Alliance pour la Re\u0301publique\/Kaffrine a apporte\u0301 des e\u0301claircissements. Sans ambigui\u0308te\u0301, il a rappele\u0301 les re\u0301alisations accomplies durant son passage au ministe\u0300re de l\u2019Urbanisme et du Logement, en insistant sur la [&hellip;]<\/p>\n","protected":false},"author":82,"featured_media":64893,"comment_status":"open","ping_status":"closed","sticky":false,"template":"","format":"standard","meta":{"footnotes":""},"categories":[7,10],"tags":[5149,5151,44,5150],"class_list":["post-64894","post","type-post","status-publish","format-standard","has-post-thumbnail","hentry","category-dossiers","category-toutes-les-actualites","tag-analyse","tag-maire-de-kaffrine","tag-senegal-2","tag-situation-politique"],"yoast_head":"<!-- This site is optimized with the Yoast SEO Premium plugin v26.1 (Yoast SEO v27.0) - https:\/\/yoast.com\/product\/yoast-seo-premium-wordpress\/ -->\n<title>Situation Politique du Pays : L&#039;Analyse du Maire de Kaffrine - Senegal<\/title>\n<meta name=\"robots\" content=\"index, follow, max-snippet:-1, max-image-preview:large, max-video-preview:-1\" \/>\n<link rel=\"canonical\" href=\"https:\/\/www.africa-press.net\/senegal\/politique\/situation-politique-du-pays-lanalyse-du-maire-de-kaffrine\" \/>\n<meta property=\"og:locale\" content=\"fr_FR\" \/>\n<meta property=\"og:type\" content=\"article\" \/>\n<meta property=\"og:title\" content=\"Situation Politique du Pays : L&#039;Analyse du Maire de Kaffrine\" \/>\n<meta property=\"og:description\" content=\"Mor Ka Africa-Press &#8211; Senegal. Le maire de Kaffrine, Abdoulaye Saydou Sow, a anime\u0301 ce week-end une assemble\u0301e ge\u0301ne\u0301rale durant laquelle le leader politique de l\u2019Alliance pour la Re\u0301publique\/Kaffrine a apporte\u0301 des e\u0301claircissements. Sans ambigui\u0308te\u0301, il a rappele\u0301 les re\u0301alisations accomplies durant son passage au ministe\u0300re de l\u2019Urbanisme et du Logement, en insistant sur la [&hellip;]\" \/>\n<meta property=\"og:url\" content=\"https:\/\/www.africa-press.net\/senegal\/politique\/situation-politique-du-pays-lanalyse-du-maire-de-kaffrine\" \/>\n<meta property=\"og:site_name\" content=\"Senegal\" \/>\n<meta property=\"article:published_time\" content=\"2025-01-19T12:43:12+00:00\" \/>\n<meta property=\"og:image\" content=\"https:\/\/static.africa-press.net\/senegal\/sites\/13\/2025\/01\/sm_1737349474.417284.jpg\" \/>\n<meta name=\"author\" content=\"cfeditorfr\" \/>\n<meta name=\"twitter:card\" content=\"summary_large_image\" \/>\n<meta name=\"twitter:label1\" content=\"\u00c9crit par\" \/>\n\t<meta name=\"twitter:data1\" content=\"cfeditorfr\" \/>\n\t<meta name=\"twitter:label2\" content=\"Dur\u00e9e de lecture estim\u00e9e\" \/>\n\t<meta name=\"twitter:data2\" content=\"2 minutes\" \/>\n<script type=\"application\/ld+json\" class=\"yoast-schema-graph\">{\"@context\":\"https:\/\/schema.org\",\"@graph\":[{\"@type\":\"Article\",\"@id\":\"https:\/\/www.africa-press.net\/senegal\/politique\/situation-politique-du-pays-lanalyse-du-maire-de-kaffrine#article\",\"isPartOf\":{\"@id\":\"https:\/\/www.africa-press.net\/senegal\/politique\/situation-politique-du-pays-lanalyse-du-maire-de-kaffrine\"},\"author\":{\"name\":\"cfeditorfr\",\"@id\":\"https:\/\/www.africa-press.net\/senegal\/#\/schema\/person\/2b1cf3cd81a31e3cd26889ca66d677f1\"},\"headline\":\"Situation Politique du Pays : L&rsquo;Analyse du Maire de Kaffrine\",\"datePublished\":\"2025-01-19T12:43:12+00:00\",\"mainEntityOfPage\":{\"@id\":\"https:\/\/www.africa-press.net\/senegal\/politique\/situation-politique-du-pays-lanalyse-du-maire-de-kaffrine\"},\"wordCount\":476,\"commentCount\":0,\"image\":{\"@id\":\"https:\/\/www.africa-press.net\/senegal\/politique\/situation-politique-du-pays-lanalyse-du-maire-de-kaffrine#primaryimage\"},\"thumbnailUrl\":\"https:\/\/static.africa-press.net\/senegal\/sites\/13\/2025\/01\/sm_1737349483.423339.jpg\",\"keywords\":[\"Analyse\",\"Maire de Kaffrine\",\"Senegal\",\"Situation politique\"],\"articleSection\":[\"Dossiers\",\"Toutes les actualit\u00e9s\"],\"inLanguage\":\"fr-FR\",\"potentialAction\":[{\"@type\":\"CommentAction\",\"name\":\"Comment\",\"target\":[\"https:\/\/www.africa-press.net\/senegal\/politique\/situation-politique-du-pays-lanalyse-du-maire-de-kaffrine#respond\"]}]},{\"@type\":\"WebPage\",\"@id\":\"https:\/\/www.africa-press.net\/senegal\/politique\/situation-politique-du-pays-lanalyse-du-maire-de-kaffrine\",\"url\":\"https:\/\/www.africa-press.net\/senegal\/politique\/situation-politique-du-pays-lanalyse-du-maire-de-kaffrine\",\"name\":\"Situation Politique du Pays : L'Analyse du Maire de Kaffrine - Senegal\",\"isPartOf\":{\"@id\":\"https:\/\/www.africa-press.net\/senegal\/#website\"},\"primaryImageOfPage\":{\"@id\":\"https:\/\/www.africa-press.net\/senegal\/politique\/situation-politique-du-pays-lanalyse-du-maire-de-kaffrine#primaryimage\"},\"image\":{\"@id\":\"https:\/\/www.africa-press.net\/senegal\/politique\/situation-politique-du-pays-lanalyse-du-maire-de-kaffrine#primaryimage\"},\"thumbnailUrl\":\"https:\/\/static.africa-press.net\/senegal\/sites\/13\/2025\/01\/sm_1737349483.423339.jpg\",\"datePublished\":\"2025-01-19T12:43:12+00:00\",\"author\":{\"@id\":\"https:\/\/www.africa-press.net\/senegal\/#\/schema\/person\/2b1cf3cd81a31e3cd26889ca66d677f1\"},\"breadcrumb\":{\"@id\":\"https:\/\/www.africa-press.net\/senegal\/politique\/situation-politique-du-pays-lanalyse-du-maire-de-kaffrine#breadcrumb\"},\"inLanguage\":\"fr-FR\",\"potentialAction\":[{\"@type\":\"ReadAction\",\"target\":[\"https:\/\/www.africa-press.net\/senegal\/politique\/situation-politique-du-pays-lanalyse-du-maire-de-kaffrine\"]}]},{\"@type\":\"ImageObject\",\"inLanguage\":\"fr-FR\",\"@id\":\"https:\/\/www.africa-press.net\/senegal\/politique\/situation-politique-du-pays-lanalyse-du-maire-de-kaffrine#primaryimage\",\"url\":\"https:\/\/static.africa-press.net\/senegal\/sites\/13\/2025\/01\/sm_1737349483.423339.jpg\",\"contentUrl\":\"https:\/\/static.africa-press.net\/senegal\/sites\/13\/2025\/01\/sm_1737349483.423339.jpg\",\"width\":1167,\"height\":609,\"caption\":\"Situation Politique du Pays : L'Analyse du Maire de Kaffrine\"},{\"@type\":\"BreadcrumbList\",\"@id\":\"https:\/\/www.africa-press.net\/senegal\/politique\/situation-politique-du-pays-lanalyse-du-maire-de-kaffrine#breadcrumb\",\"itemListElement\":[{\"@type\":\"ListItem\",\"position\":1,\"name\":\"Accueil\",\"item\":\"https:\/\/www.africa-press.net\/senegal\/\"},{\"@type\":\"ListItem\",\"position\":2,\"name\":\"Situation Politique du Pays : L&rsquo;Analyse du Maire de Kaffrine\"}]},{\"@type\":\"WebSite\",\"@id\":\"https:\/\/www.africa-press.net\/senegal\/#website\",\"url\":\"https:\/\/www.africa-press.net\/senegal\/\",\"name\":\"Africa Press | Senegal | Homepage\",\"description\":\"Just another Africa News Agency Sites site\",\"potentialAction\":[{\"@type\":\"SearchAction\",\"target\":{\"@type\":\"EntryPoint\",\"urlTemplate\":\"https:\/\/www.africa-press.net\/senegal\/?s={search_term_string}\"},\"query-input\":{\"@type\":\"PropertyValueSpecification\",\"valueRequired\":true,\"valueName\":\"search_term_string\"}}],\"inLanguage\":\"fr-FR\"},{\"@type\":\"Person\",\"@id\":\"https:\/\/www.africa-press.net\/senegal\/#\/schema\/person\/2b1cf3cd81a31e3cd26889ca66d677f1\",\"name\":\"cfeditorfr\",\"url\":\"https:\/\/www.africa-press.net\/senegal\/author\/cfeditorfr\"}]}<\/script>\n<!-- \/ Yoast SEO Premium plugin. -->","yoast_head_json":{"title":"Situation Politique du Pays : L'Analyse du Maire de Kaffrine - Senegal","robots":{"index":"index","follow":"follow","max-snippet":"max-snippet:-1","max-image-preview":"max-image-preview:large","max-video-preview":"max-video-preview:-1"},"canonical":"https:\/\/www.africa-press.net\/senegal\/politique\/situation-politique-du-pays-lanalyse-du-maire-de-kaffrine","og_locale":"fr_FR","og_type":"article","og_title":"Situation Politique du Pays : L'Analyse du Maire de Kaffrine","og_description":"Mor Ka Africa-Press &#8211; Senegal. Le maire de Kaffrine, Abdoulaye Saydou Sow, a anime\u0301 ce week-end une assemble\u0301e ge\u0301ne\u0301rale durant laquelle le leader politique de l\u2019Alliance pour la Re\u0301publique\/Kaffrine a apporte\u0301 des e\u0301claircissements. Sans ambigui\u0308te\u0301, il a rappele\u0301 les re\u0301alisations accomplies durant son passage au ministe\u0300re de l\u2019Urbanisme et du Logement, en insistant sur la [&hellip;]","og_url":"https:\/\/www.africa-press.net\/senegal\/politique\/situation-politique-du-pays-lanalyse-du-maire-de-kaffrine","og_site_name":"Senegal","article_published_time":"2025-01-19T12:43:12+00:00","og_image":[{"url":"https:\/\/static.africa-press.net\/senegal\/sites\/13\/2025\/01\/sm_1737349474.417284.jpg","type":"","width":"","height":""}],"author":"cfeditorfr","twitter_card":"summary_large_image","twitter_misc":{"\u00c9crit par":"cfeditorfr","Dur\u00e9e de lecture estim\u00e9e":"2 minutes"},"schema":{"@context":"https:\/\/schema.org","@graph":[{"@type":"Article","@id":"https:\/\/www.africa-press.net\/senegal\/politique\/situation-politique-du-pays-lanalyse-du-maire-de-kaffrine#article","isPartOf":{"@id":"https:\/\/www.africa-press.net\/senegal\/politique\/situation-politique-du-pays-lanalyse-du-maire-de-kaffrine"},"author":{"name":"cfeditorfr","@id":"https:\/\/www.africa-press.net\/senegal\/#\/schema\/person\/2b1cf3cd81a31e3cd26889ca66d677f1"},"headline":"Situation Politique du Pays : L&rsquo;Analyse du Maire de Kaffrine","datePublished":"2025-01-19T12:43:12+00:00","mainEntityOfPage":{"@id":"https:\/\/www.africa-press.net\/senegal\/politique\/situation-politique-du-pays-lanalyse-du-maire-de-kaffrine"},"wordCount":476,"commentCount":0,"image":{"@id":"https:\/\/www.africa-press.net\/senegal\/politique\/situation-politique-du-pays-lanalyse-du-maire-de-kaffrine#primaryimage"},"thumbnailUrl":"https:\/\/static.africa-press.net\/senegal\/sites\/13\/2025\/01\/sm_1737349483.423339.jpg","keywords":["Analyse","Maire de Kaffrine","Senegal","Situation politique"],"articleSection":["Dossiers","Toutes les actualit\u00e9s"],"inLanguage":"fr-FR","potentialAction":[{"@type":"CommentAction","name":"Comment","target":["https:\/\/www.africa-press.net\/senegal\/politique\/situation-politique-du-pays-lanalyse-du-maire-de-kaffrine#respond"]}]},{"@type":"WebPage","@id":"https:\/\/www.africa-press.net\/senegal\/politique\/situation-politique-du-pays-lanalyse-du-maire-de-kaffrine","url":"https:\/\/www.africa-press.net\/senegal\/politique\/situation-politique-du-pays-lanalyse-du-maire-de-kaffrine","name":"Situation Politique du Pays : L'Analyse du Maire de Kaffrine - Senegal","isPartOf":{"@id":"https:\/\/www.africa-press.net\/senegal\/#website"},"primaryImageOfPage":{"@id":"https:\/\/www.africa-press.net\/senegal\/politique\/situation-politique-du-pays-lanalyse-du-maire-de-kaffrine#primaryimage"},"image":{"@id":"https:\/\/www.africa-press.net\/senegal\/politique\/situation-politique-du-pays-lanalyse-du-maire-de-kaffrine#primaryimage"},"thumbnailUrl":"https:\/\/static.africa-press.net\/senegal\/sites\/13\/2025\/01\/sm_1737349483.423339.jpg","datePublished":"2025-01-19T12:43:12+00:00","author":{"@id":"https:\/\/www.africa-press.net\/senegal\/#\/schema\/person\/2b1cf3cd81a31e3cd26889ca66d677f1"},"breadcrumb":{"@id":"https:\/\/www.africa-press.net\/senegal\/politique\/situation-politique-du-pays-lanalyse-du-maire-de-kaffrine#breadcrumb"},"inLanguage":"fr-FR","potentialAction":[{"@type":"ReadAction","target":["https:\/\/www.africa-press.net\/senegal\/politique\/situation-politique-du-pays-lanalyse-du-maire-de-kaffrine"]}]},{"@type":"ImageObject","inLanguage":"fr-FR","@id":"https:\/\/www.africa-press.net\/senegal\/politique\/situation-politique-du-pays-lanalyse-du-maire-de-kaffrine#primaryimage","url":"https:\/\/static.africa-press.net\/senegal\/sites\/13\/2025\/01\/sm_1737349483.423339.jpg","contentUrl":"https:\/\/static.africa-press.net\/senegal\/sites\/13\/2025\/01\/sm_1737349483.423339.jpg","width":1167,"height":609,"caption":"Situation Politique du Pays : L'Analyse du Maire de Kaffrine"},{"@type":"BreadcrumbList","@id":"https:\/\/www.africa-press.net\/senegal\/politique\/situation-politique-du-pays-lanalyse-du-maire-de-kaffrine#breadcrumb","itemListElement":[{"@type":"ListItem","position":1,"name":"Accueil","item":"https:\/\/www.africa-press.net\/senegal\/"},{"@type":"ListItem","position":2,"name":"Situation Politique du Pays : L&rsquo;Analyse du Maire de Kaffrine"}]},{"@type":"WebSite","@id":"https:\/\/www.africa-press.net\/senegal\/#website","url":"https:\/\/www.africa-press.net\/senegal\/","name":"Africa Press | Senegal | Homepage","description":"Just another Africa News Agency Sites site","potentialAction":[{"@type":"SearchAction","target":{"@type":"EntryPoint","urlTemplate":"https:\/\/www.africa-press.net\/senegal\/?s={search_term_string}"},"query-input":{"@type":"PropertyValueSpecification","valueRequired":true,"valueName":"search_term_string"}}],"inLanguage":"fr-FR"},{"@type":"Person","@id":"https:\/\/www.africa-press.net\/senegal\/#\/schema\/person\/2b1cf3cd81a31e3cd26889ca66d677f1","name":"cfeditorfr","url":"https:\/\/www.africa-press.net\/senegal\/author\/cfeditorfr"}]}},"_links":{"self":[{"href":"https:\/\/www.africa-press.net\/senegal\/wp-json\/wp\/v2\/posts\/64894","targetHints":{"allow":["GET"]}}],"collection":[{"href":"https:\/\/www.africa-press.net\/senegal\/wp-json\/wp\/v2\/posts"}],"about":[{"href":"https:\/\/www.africa-press.net\/senegal\/wp-json\/wp\/v2\/types\/post"}],"author":[{"embeddable":true,"href":"https:\/\/www.africa-press.net\/senegal\/wp-json\/wp\/v2\/users\/82"}],"replies":[{"embeddable":true,"href":"https:\/\/www.africa-press.net\/senegal\/wp-json\/wp\/v2\/comments?post=64894"}],"version-history":[{"count":0,"href":"https:\/\/www.africa-press.net\/senegal\/wp-json\/wp\/v2\/posts\/64894\/revisions"}],"wp:featuredmedia":[{"embeddable":true,"href":"https:\/\/www.africa-press.net\/senegal\/wp-json\/wp\/v2\/media\/64893"}],"wp:attachment":[{"href":"https:\/\/www.africa-press.net\/senegal\/wp-json\/wp\/v2\/media?parent=64894"}],"wp:term":[{"taxonomy":"category","embeddable":true,"href":"https:\/\/www.africa-press.net\/senegal\/wp-json\/wp\/v2\/categories?post=64894"},{"taxonomy":"post_tag","embeddable":true,"href":"https:\/\/www.africa-press.net\/senegal\/wp-json\/wp\/v2\/tags?post=64894"}],"curies":[{"name":"wp","href":"https:\/\/api.w.org\/{rel}","templated":true}]}}