{"id":64904,"date":"2025-01-20T12:21:14","date_gmt":"2025-01-20T12:21:14","guid":{"rendered":"https:\/\/www.africa-press.net\/senegal\/politique\/a-la-rencontre-du-selectionneur-juan-micha"},"modified":"2025-01-21T21:13:19","modified_gmt":"2025-01-21T21:13:19","slug":"a-la-rencontre-du-selectionneur-juan-micha","status":"publish","type":"post","link":"https:\/\/www.africa-press.net\/senegal\/sports\/a-la-rencontre-du-selectionneur-juan-micha","title":{"rendered":"A\u0300 la Rencontre du Se\u0301lectionneur: Juan Micha"},"content":{"rendered":"<p><span style=\"color: #ff6600\"><strong>Africa-Press &#8211; Senegal. <\/strong><\/span>Juan Micha est un technicien passionne\u0301 et de\u0301termine\u0301. En 2020, apre\u0300s une se\u0301rie de succe\u0300s avec les jeunes e\u0301quipes, Juan Micha est appele\u0301 a\u0300 diriger le Nzalang Nacional, ou\u0300 il se distingue par sa vision tactique et sa gestion pragmatique des matchs.<\/p>\n<p><b>Sa carrie\u0300re d&rsquo;entrai\u0302neur<\/b><\/p>\n<p>C&rsquo;est au CF Fuenlabrada en Espagne qu&rsquo;il rencontre Esteban Becker, qu&rsquo;il re\u0301ussit a\u0300 convaincre de prendre en charge l&rsquo;e\u0301quipe nationale fe\u0301minine de Guine\u0301e e\u0301quatoriale en 2012. Il inte\u0300gre ensuite le staff technique de Becker, tant pour les e\u0301quipes nationales fe\u0301minines que masculines.<\/p>\n<p>En 2015, Micha prend e\u0301galement la te\u0302te de l\u2019e\u0301quipe nationale des moins de 17 ans de Guine\u0301e e\u0301quatoriale. En juillet 2020, il pre\u0301sente sa candidature pour diriger l\u2019e\u0301quipe masculine se\u0301nior de Guine\u0301e e\u0301quatoriale apre\u0300s le de\u0301part du Franc\u0327ais Se\u0301bastien Migne\u0301.<\/p>\n<p>Le 23 septembre 2020, la Fe\u0301de\u0301ration e\u0301quato-guine\u0301enne de football (FEGUIFUT) le nomme a\u0300 la te\u0302te de l\u2019e\u0301quipe nationale des moins de 17 ans. Le 29 octobre 2020, alors qu&rsquo;il n&rsquo;y a pas d\u2019entrai\u0302neur officiel pour l\u2019e\u0301quipe masculine se\u0301nior, il est convoque\u0301 par le pre\u0301sident de la FEGUIFUT, Gustavo Ndong, pour diriger l&rsquo;e\u0301quipe avec Casto Nopo lors de deux matchs officiels contre la Libye en novembre. Apre\u0300s que Nzalang Nacional ait remporte\u0301 les deux rencontres, FEGUIFUT lui demande de poursuivre sa mission. Le 23 mars 2021, Micha\u0301 signe officiellement son contrat en tant que nouvel entrai\u0302neur de la Guine\u0301e e\u0301quatoriale.<\/p>\n<p><b>Style de jeu<\/b><\/p>\n<p>Juan Micha est reconnu pour sa vision tactique et son approche me\u0301thodique du jeu. Son style de jeu repose sur un e\u0301quilibre subtil entre solidite\u0301 de\u0301fensive et efficacite\u0301 offensive, un me\u0301lange qui permet a\u0300 ses e\u0301quipes de rester compe\u0301titives face a\u0300 des adversaires de haut niveau. Micha privile\u0301gie un syste\u0300me de\u0301fensif structure\u0301, ou\u0300 chaque joueur a une responsabilite\u0301 claire, tout en encourageant une transition rapide vers l&rsquo;attaque. Son e\u0301quipe, souvent compacte, cherche a\u0300 exploiter les espaces laisse\u0301s par l&rsquo;adversaire tout en maintenant un bloc e\u0301quipe solide pour empe\u0302cher les contre-attaques.<\/p>\n<p>En attaque, il mise sur la fluidite\u0301 du jeu collectif, en insistant sur les passes pre\u0301cises et les de\u0301placements intelligents. Ses choix tactiques visent a\u0300 de\u0301se\u0301quilibrer les de\u0301fenses adverses par des combinaisons de passes rapides, tout en valorisant la cre\u0301ativite\u0301 individuelle de ses attaquants. Micha met e\u0301galement l\u2019accent sur l\u2019intensite\u0301 et l\u2019esprit de combativite\u0301, instillant a\u0300 ses joueurs une mentalite\u0301 de lutte constante pour chaque ballon. Sa capacite\u0301 a\u0300 ajuster ses strate\u0301gies en fonction de l\u2019adversaire est l&rsquo;une de ses grandes forces, ce qui lui permet de tirer le meilleur de son groupe, quel que soit le de\u0301fi.<\/p>\n<p><b>Expe\u0301rience a\u0300 la Coupe d\u2019Afrique des Nations<\/b><\/p>\n<p>L\u2019E\u0301quato-guine\u0301en se pre\u0301pare a\u0300 prendre part a\u0300 sa troisie\u0300me Coupe d\u2019Afrique des Nations CAF TotalEnergies en tant que se\u0301lectionneur du Nzalang Nacional. Lors de sa premie\u0300re participation a\u0300 la prestigieuse compe\u0301tition continentale au Cameroun (CAN CAF TotalEnergies 2021 joue\u0301e en 2022), Juan Micha a mene\u0301 son e\u0301quipe jusqu\u2019en quart de finale, ou\u0300 elle a e\u0301te\u0301 e\u0301limine\u0301e par le Se\u0301ne\u0301gal (futur champion de la compe\u0301tition) sur un score de 3-1.<\/p>\n<p>En Co\u0302te d&rsquo;Ivoire, le tacticien et son e\u0301quipe re\u0301alisent une performance impressionnante lors de la phase de groupes, avec une victoire e\u0301clatante 4-0 contre le pays ho\u0302te, la Co\u0302te d&rsquo;Ivoire, et un match nul 1-1 face au Nigeria. Malgre\u0301 ces belles performances, les E\u0301quato-guine\u0301ens, combatifs jusqu\u2019au bout, s&rsquo;inclinent 1-0 face a\u0300 la Guine\u0301e en huitie\u0300me de finale.<\/p>\n<p><strong>Pour plus d&rsquo;informations et d&rsquo;analyses sur la <span style=\"color: #ff6600\">Senegal<\/span>, suivez <span style=\"color: #ff6600\">Africa-Press<\/span><\/strong><\/p>\n","protected":false},"excerpt":{"rendered":"<p>Africa-Press &#8211; Senegal. Juan Micha est un technicien passionne\u0301 et de\u0301termine\u0301. En 2020, apre\u0300s une se\u0301rie de succe\u0300s avec les jeunes e\u0301quipes, Juan Micha est appele\u0301 a\u0300 diriger le Nzalang Nacional, ou\u0300 il se distingue par sa vision tactique et sa gestion pragmatique des matchs. Sa carrie\u0300re d&rsquo;entrai\u0302neur C&rsquo;est au CF Fuenlabrada en Espagne qu&rsquo;il [&hellip;]<\/p>\n","protected":false},"author":82,"featured_media":64903,"comment_status":"open","ping_status":"closed","sticky":false,"template":"","format":"standard","meta":{"footnotes":""},"categories":[6,10],"tags":[44],"class_list":["post-64904","post","type-post","status-publish","format-standard","has-post-thumbnail","hentry","category-sports","category-toutes-les-actualites","tag-senegal-2"],"yoast_head":"<!-- This site is optimized with the Yoast SEO Premium plugin v26.1 (Yoast SEO v27.0) - https:\/\/yoast.com\/product\/yoast-seo-premium-wordpress\/ -->\n<title>A\u0300 la Rencontre du Se\u0301lectionneur: Juan Micha - Senegal<\/title>\n<meta name=\"description\" content=\"Juan Micha est un technicien passionne\u0301 et de\u0301termine\u0301. En 2020, apre\u0300s une se\u0301rie de succe\u0300s avec les jeunes e\u0301quipes, ...\" \/>\n<meta name=\"robots\" content=\"index, follow, max-snippet:-1, max-image-preview:large, max-video-preview:-1\" \/>\n<link rel=\"canonical\" href=\"https:\/\/www.africa-press.net\/senegal\/sports\/a-la-rencontre-du-selectionneur-juan-micha\" \/>\n<meta property=\"og:locale\" content=\"fr_FR\" \/>\n<meta property=\"og:type\" content=\"article\" \/>\n<meta property=\"og:title\" content=\"A\u0300 la Rencontre du Se\u0301lectionneur: Juan Micha\" \/>\n<meta property=\"og:description\" content=\"Juan Micha est un technicien passionne\u0301 et de\u0301termine\u0301. En 2020, apre\u0300s une se\u0301rie de succe\u0300s avec les jeunes e\u0301quipes, ...\" \/>\n<meta property=\"og:url\" content=\"https:\/\/www.africa-press.net\/senegal\/sports\/a-la-rencontre-du-selectionneur-juan-micha\" \/>\n<meta property=\"og:site_name\" content=\"Senegal\" \/>\n<meta property=\"article:published_time\" content=\"2025-01-20T12:21:14+00:00\" \/>\n<meta property=\"article:modified_time\" content=\"2025-01-21T21:13:19+00:00\" \/>\n<meta property=\"og:image\" content=\"https:\/\/static.africa-press.net\/senegal\/sites\/13\/2025\/01\/sm_1737365433.171664.jpg\" \/>\n\t<meta property=\"og:image:width\" content=\"960\" \/>\n\t<meta property=\"og:image:height\" content=\"707\" \/>\n\t<meta property=\"og:image:type\" content=\"image\/jpeg\" \/>\n<meta name=\"author\" content=\"cfeditorfr\" \/>\n<meta name=\"twitter:card\" content=\"summary_large_image\" \/>\n<meta name=\"twitter:label1\" content=\"\u00c9crit par\" \/>\n\t<meta name=\"twitter:data1\" content=\"cfeditorfr\" \/>\n\t<meta name=\"twitter:label2\" content=\"Dur\u00e9e de lecture estim\u00e9e\" \/>\n\t<meta name=\"twitter:data2\" content=\"3 minutes\" \/>\n<script type=\"application\/ld+json\" class=\"yoast-schema-graph\">{\"@context\":\"https:\/\/schema.org\",\"@graph\":[{\"@type\":\"Article\",\"@id\":\"https:\/\/www.africa-press.net\/senegal\/sports\/a-la-rencontre-du-selectionneur-juan-micha#article\",\"isPartOf\":{\"@id\":\"https:\/\/www.africa-press.net\/senegal\/sports\/a-la-rencontre-du-selectionneur-juan-micha\"},\"author\":{\"name\":\"cfeditorfr\",\"@id\":\"https:\/\/www.africa-press.net\/senegal\/#\/schema\/person\/2b1cf3cd81a31e3cd26889ca66d677f1\"},\"headline\":\"A\u0300 la Rencontre du Se\u0301lectionneur: Juan Micha\",\"datePublished\":\"2025-01-20T12:21:14+00:00\",\"dateModified\":\"2025-01-21T21:13:19+00:00\",\"mainEntityOfPage\":{\"@id\":\"https:\/\/www.africa-press.net\/senegal\/sports\/a-la-rencontre-du-selectionneur-juan-micha\"},\"wordCount\":679,\"commentCount\":0,\"image\":{\"@id\":\"https:\/\/www.africa-press.net\/senegal\/sports\/a-la-rencontre-du-selectionneur-juan-micha#primaryimage\"},\"thumbnailUrl\":\"https:\/\/static.africa-press.net\/senegal\/sites\/13\/2025\/01\/sm_1737365433.171664.jpg\",\"keywords\":[\"Senegal\"],\"articleSection\":[\"Sports\",\"Toutes les actualit\u00e9s\"],\"inLanguage\":\"fr-FR\",\"potentialAction\":[{\"@type\":\"CommentAction\",\"name\":\"Comment\",\"target\":[\"https:\/\/www.africa-press.net\/senegal\/sports\/a-la-rencontre-du-selectionneur-juan-micha#respond\"]}]},{\"@type\":\"WebPage\",\"@id\":\"https:\/\/www.africa-press.net\/senegal\/sports\/a-la-rencontre-du-selectionneur-juan-micha\",\"url\":\"https:\/\/www.africa-press.net\/senegal\/sports\/a-la-rencontre-du-selectionneur-juan-micha\",\"name\":\"A\u0300 la Rencontre du Se\u0301lectionneur: Juan Micha - Senegal\",\"isPartOf\":{\"@id\":\"https:\/\/www.africa-press.net\/senegal\/#website\"},\"primaryImageOfPage\":{\"@id\":\"https:\/\/www.africa-press.net\/senegal\/sports\/a-la-rencontre-du-selectionneur-juan-micha#primaryimage\"},\"image\":{\"@id\":\"https:\/\/www.africa-press.net\/senegal\/sports\/a-la-rencontre-du-selectionneur-juan-micha#primaryimage\"},\"thumbnailUrl\":\"https:\/\/static.africa-press.net\/senegal\/sites\/13\/2025\/01\/sm_1737365433.171664.jpg\",\"datePublished\":\"2025-01-20T12:21:14+00:00\",\"dateModified\":\"2025-01-21T21:13:19+00:00\",\"author\":{\"@id\":\"https:\/\/www.africa-press.net\/senegal\/#\/schema\/person\/2b1cf3cd81a31e3cd26889ca66d677f1\"},\"description\":\"Juan Micha est un technicien passionne\u0301 et de\u0301termine\u0301. En 2020, apre\u0300s une se\u0301rie de succe\u0300s avec les jeunes e\u0301quipes, ...\",\"breadcrumb\":{\"@id\":\"https:\/\/www.africa-press.net\/senegal\/sports\/a-la-rencontre-du-selectionneur-juan-micha#breadcrumb\"},\"inLanguage\":\"fr-FR\",\"potentialAction\":[{\"@type\":\"ReadAction\",\"target\":[\"https:\/\/www.africa-press.net\/senegal\/sports\/a-la-rencontre-du-selectionneur-juan-micha\"]}]},{\"@type\":\"ImageObject\",\"inLanguage\":\"fr-FR\",\"@id\":\"https:\/\/www.africa-press.net\/senegal\/sports\/a-la-rencontre-du-selectionneur-juan-micha#primaryimage\",\"url\":\"https:\/\/static.africa-press.net\/senegal\/sites\/13\/2025\/01\/sm_1737365433.171664.jpg\",\"contentUrl\":\"https:\/\/static.africa-press.net\/senegal\/sites\/13\/2025\/01\/sm_1737365433.171664.jpg\",\"width\":960,\"height\":707,\"caption\":\"A\u0300 la Rencontre du Se\u0301lectionneur: Juan Micha\"},{\"@type\":\"BreadcrumbList\",\"@id\":\"https:\/\/www.africa-press.net\/senegal\/sports\/a-la-rencontre-du-selectionneur-juan-micha#breadcrumb\",\"itemListElement\":[{\"@type\":\"ListItem\",\"position\":1,\"name\":\"Accueil\",\"item\":\"https:\/\/www.africa-press.net\/senegal\/\"},{\"@type\":\"ListItem\",\"position\":2,\"name\":\"A\u0300 la Rencontre du Se\u0301lectionneur: Juan Micha\"}]},{\"@type\":\"WebSite\",\"@id\":\"https:\/\/www.africa-press.net\/senegal\/#website\",\"url\":\"https:\/\/www.africa-press.net\/senegal\/\",\"name\":\"Africa Press | Senegal | Homepage\",\"description\":\"Just another Africa News Agency Sites site\",\"potentialAction\":[{\"@type\":\"SearchAction\",\"target\":{\"@type\":\"EntryPoint\",\"urlTemplate\":\"https:\/\/www.africa-press.net\/senegal\/?s={search_term_string}\"},\"query-input\":{\"@type\":\"PropertyValueSpecification\",\"valueRequired\":true,\"valueName\":\"search_term_string\"}}],\"inLanguage\":\"fr-FR\"},{\"@type\":\"Person\",\"@id\":\"https:\/\/www.africa-press.net\/senegal\/#\/schema\/person\/2b1cf3cd81a31e3cd26889ca66d677f1\",\"name\":\"cfeditorfr\",\"url\":\"https:\/\/www.africa-press.net\/senegal\/author\/cfeditorfr\"}]}<\/script>\n<!-- \/ Yoast SEO Premium plugin. -->","yoast_head_json":{"title":"A\u0300 la Rencontre du Se\u0301lectionneur: Juan Micha - Senegal","description":"Juan Micha est un technicien passionne\u0301 et de\u0301termine\u0301. En 2020, apre\u0300s une se\u0301rie de succe\u0300s avec les jeunes e\u0301quipes, ...","robots":{"index":"index","follow":"follow","max-snippet":"max-snippet:-1","max-image-preview":"max-image-preview:large","max-video-preview":"max-video-preview:-1"},"canonical":"https:\/\/www.africa-press.net\/senegal\/sports\/a-la-rencontre-du-selectionneur-juan-micha","og_locale":"fr_FR","og_type":"article","og_title":"A\u0300 la Rencontre du Se\u0301lectionneur: Juan Micha","og_description":"Juan Micha est un technicien passionne\u0301 et de\u0301termine\u0301. En 2020, apre\u0300s une se\u0301rie de succe\u0300s avec les jeunes e\u0301quipes, ...","og_url":"https:\/\/www.africa-press.net\/senegal\/sports\/a-la-rencontre-du-selectionneur-juan-micha","og_site_name":"Senegal","article_published_time":"2025-01-20T12:21:14+00:00","article_modified_time":"2025-01-21T21:13:19+00:00","og_image":[{"width":960,"height":707,"url":"https:\/\/static.africa-press.net\/senegal\/sites\/13\/2025\/01\/sm_1737365433.171664.jpg","type":"image\/jpeg"}],"author":"cfeditorfr","twitter_card":"summary_large_image","twitter_misc":{"\u00c9crit par":"cfeditorfr","Dur\u00e9e de lecture estim\u00e9e":"3 minutes"},"schema":{"@context":"https:\/\/schema.org","@graph":[{"@type":"Article","@id":"https:\/\/www.africa-press.net\/senegal\/sports\/a-la-rencontre-du-selectionneur-juan-micha#article","isPartOf":{"@id":"https:\/\/www.africa-press.net\/senegal\/sports\/a-la-rencontre-du-selectionneur-juan-micha"},"author":{"name":"cfeditorfr","@id":"https:\/\/www.africa-press.net\/senegal\/#\/schema\/person\/2b1cf3cd81a31e3cd26889ca66d677f1"},"headline":"A\u0300 la Rencontre du Se\u0301lectionneur: Juan Micha","datePublished":"2025-01-20T12:21:14+00:00","dateModified":"2025-01-21T21:13:19+00:00","mainEntityOfPage":{"@id":"https:\/\/www.africa-press.net\/senegal\/sports\/a-la-rencontre-du-selectionneur-juan-micha"},"wordCount":679,"commentCount":0,"image":{"@id":"https:\/\/www.africa-press.net\/senegal\/sports\/a-la-rencontre-du-selectionneur-juan-micha#primaryimage"},"thumbnailUrl":"https:\/\/static.africa-press.net\/senegal\/sites\/13\/2025\/01\/sm_1737365433.171664.jpg","keywords":["Senegal"],"articleSection":["Sports","Toutes les actualit\u00e9s"],"inLanguage":"fr-FR","potentialAction":[{"@type":"CommentAction","name":"Comment","target":["https:\/\/www.africa-press.net\/senegal\/sports\/a-la-rencontre-du-selectionneur-juan-micha#respond"]}]},{"@type":"WebPage","@id":"https:\/\/www.africa-press.net\/senegal\/sports\/a-la-rencontre-du-selectionneur-juan-micha","url":"https:\/\/www.africa-press.net\/senegal\/sports\/a-la-rencontre-du-selectionneur-juan-micha","name":"A\u0300 la Rencontre du Se\u0301lectionneur: Juan Micha - Senegal","isPartOf":{"@id":"https:\/\/www.africa-press.net\/senegal\/#website"},"primaryImageOfPage":{"@id":"https:\/\/www.africa-press.net\/senegal\/sports\/a-la-rencontre-du-selectionneur-juan-micha#primaryimage"},"image":{"@id":"https:\/\/www.africa-press.net\/senegal\/sports\/a-la-rencontre-du-selectionneur-juan-micha#primaryimage"},"thumbnailUrl":"https:\/\/static.africa-press.net\/senegal\/sites\/13\/2025\/01\/sm_1737365433.171664.jpg","datePublished":"2025-01-20T12:21:14+00:00","dateModified":"2025-01-21T21:13:19+00:00","author":{"@id":"https:\/\/www.africa-press.net\/senegal\/#\/schema\/person\/2b1cf3cd81a31e3cd26889ca66d677f1"},"description":"Juan Micha est un technicien passionne\u0301 et de\u0301termine\u0301. En 2020, apre\u0300s une se\u0301rie de succe\u0300s avec les jeunes e\u0301quipes, ...","breadcrumb":{"@id":"https:\/\/www.africa-press.net\/senegal\/sports\/a-la-rencontre-du-selectionneur-juan-micha#breadcrumb"},"inLanguage":"fr-FR","potentialAction":[{"@type":"ReadAction","target":["https:\/\/www.africa-press.net\/senegal\/sports\/a-la-rencontre-du-selectionneur-juan-micha"]}]},{"@type":"ImageObject","inLanguage":"fr-FR","@id":"https:\/\/www.africa-press.net\/senegal\/sports\/a-la-rencontre-du-selectionneur-juan-micha#primaryimage","url":"https:\/\/static.africa-press.net\/senegal\/sites\/13\/2025\/01\/sm_1737365433.171664.jpg","contentUrl":"https:\/\/static.africa-press.net\/senegal\/sites\/13\/2025\/01\/sm_1737365433.171664.jpg","width":960,"height":707,"caption":"A\u0300 la Rencontre du Se\u0301lectionneur: Juan Micha"},{"@type":"BreadcrumbList","@id":"https:\/\/www.africa-press.net\/senegal\/sports\/a-la-rencontre-du-selectionneur-juan-micha#breadcrumb","itemListElement":[{"@type":"ListItem","position":1,"name":"Accueil","item":"https:\/\/www.africa-press.net\/senegal\/"},{"@type":"ListItem","position":2,"name":"A\u0300 la Rencontre du Se\u0301lectionneur: Juan Micha"}]},{"@type":"WebSite","@id":"https:\/\/www.africa-press.net\/senegal\/#website","url":"https:\/\/www.africa-press.net\/senegal\/","name":"Africa Press | Senegal | Homepage","description":"Just another Africa News Agency Sites site","potentialAction":[{"@type":"SearchAction","target":{"@type":"EntryPoint","urlTemplate":"https:\/\/www.africa-press.net\/senegal\/?s={search_term_string}"},"query-input":{"@type":"PropertyValueSpecification","valueRequired":true,"valueName":"search_term_string"}}],"inLanguage":"fr-FR"},{"@type":"Person","@id":"https:\/\/www.africa-press.net\/senegal\/#\/schema\/person\/2b1cf3cd81a31e3cd26889ca66d677f1","name":"cfeditorfr","url":"https:\/\/www.africa-press.net\/senegal\/author\/cfeditorfr"}]}},"_links":{"self":[{"href":"https:\/\/www.africa-press.net\/senegal\/wp-json\/wp\/v2\/posts\/64904","targetHints":{"allow":["GET"]}}],"collection":[{"href":"https:\/\/www.africa-press.net\/senegal\/wp-json\/wp\/v2\/posts"}],"about":[{"href":"https:\/\/www.africa-press.net\/senegal\/wp-json\/wp\/v2\/types\/post"}],"author":[{"embeddable":true,"href":"https:\/\/www.africa-press.net\/senegal\/wp-json\/wp\/v2\/users\/82"}],"replies":[{"embeddable":true,"href":"https:\/\/www.africa-press.net\/senegal\/wp-json\/wp\/v2\/comments?post=64904"}],"version-history":[{"count":0,"href":"https:\/\/www.africa-press.net\/senegal\/wp-json\/wp\/v2\/posts\/64904\/revisions"}],"wp:featuredmedia":[{"embeddable":true,"href":"https:\/\/www.africa-press.net\/senegal\/wp-json\/wp\/v2\/media\/64903"}],"wp:attachment":[{"href":"https:\/\/www.africa-press.net\/senegal\/wp-json\/wp\/v2\/media?parent=64904"}],"wp:term":[{"taxonomy":"category","embeddable":true,"href":"https:\/\/www.africa-press.net\/senegal\/wp-json\/wp\/v2\/categories?post=64904"},{"taxonomy":"post_tag","embeddable":true,"href":"https:\/\/www.africa-press.net\/senegal\/wp-json\/wp\/v2\/tags?post=64904"}],"curies":[{"name":"wp","href":"https:\/\/api.w.org\/{rel}","templated":true}]}}