{"id":64981,"date":"2025-01-22T14:20:00","date_gmt":"2025-01-22T14:20:00","guid":{"rendered":"https:\/\/www.africa-press.net\/senegal\/politique\/lunion-africaine-consternee-par-le-retrait-americain-de-loms"},"modified":"2025-01-22T14:20:00","modified_gmt":"2025-01-22T14:20:00","slug":"lunion-africaine-consternee-par-le-retrait-americain-de-loms","status":"publish","type":"post","link":"https:\/\/www.africa-press.net\/senegal\/politique\/lunion-africaine-consternee-par-le-retrait-americain-de-loms","title":{"rendered":"L\u2019Union Africaine \u00ab\u00a0constern\u00e9e\u00a0\u00bb par le Retrait Am\u00e9ricain de L\u2019Oms"},"content":{"rendered":"<p><span style=\"color: #ff6600\"><strong>Africa-Press &#8211; Senegal. <\/strong><\/span>L&rsquo;Union africaine (UA) s&rsquo;est dite \u00ab\u00a0consterne\u0301e\u00a0\u00bb apre\u0300s la de\u0301cision du pre\u0301sident ame\u0301ricain Donald Trump de retirer les Etats-Unis de l&rsquo;Organisation mondiale de la sante\u0301 (OMS), tout en espe\u0301rant qu&rsquo;il \u00ab\u00a0reconside\u0300rera sa de\u0301cision\u00a0\u00bb, selon un communique\u0301 publie\u0301 mercredi.<\/p>\n<p>Le pre\u0301sident de la Commission de l&rsquo;UA, Moussa Faki Mahamat, \u00ab\u00a0a e\u0301te\u0301 consterne\u0301 d&rsquo;apprendre l&rsquo;annonce du gouvernement ame\u0301ricain de se retirer de l&rsquo;OMS\u00a0\u00bb, selon le communique\u0301.<\/p>\n<p>\u00ab\u00a0Aujourd&rsquo;hui, plus que jamais, le monde de\u0301pend de l&rsquo;OMS pour s&rsquo;acquitter de son mandat visant a\u0300 assurer la se\u0301curite\u0301 de la sante\u0301 publique mondiale en tant que bien commun partage\u0301\u00a0\u00bb, a e\u0301galement afirme\u0301 Moussa Faki Mahamat, qui espe\u0300re que \u00ab\u00a0le gouvernement ame\u0301ricain reconside\u0301rera sa de\u0301cision de se retirer de cette organisation mondiale cle\u0301 dont il est membre fondateur\u00a0\u00bb.<\/p>\n<p>Cette de\u0301cision inquie\u0300te sur le continent, actuellement confronte\u0301 a\u0300 plusieurs e\u0301pide\u0301mies, comme le mpox et le virus de Marburg.<\/p>\n<p>\u00ab\u00a0En Afrique, les E\u0301tats-Unis ont e\u0301te\u0301 l&rsquo;un des premiers et forts partisans de la cre\u0301ation de l&rsquo;Africa CDC, l&rsquo;agence technique de l&rsquo;Union africaine pour les urgences de sante\u0301 publique qui travaille avec l&rsquo;OMS et les membres mondiaux de l&rsquo;OMS pour de\u0301tecter, pre\u0301parer, re\u0301pondre et se remettre des pande\u0301mies\u00a0\u00bb, a notamment mis en garde l&rsquo;UA.<\/p>\n<p>Le de\u0301cret signe\u0301 par le pre\u0301sident ame\u0301ricain, qu&rsquo;il justifie par l&rsquo;e\u0301cart des contributions financie\u0300res ame\u0301ricaines et chinoises, a fait re\u0301agir a\u0300 travers le monde, l&rsquo;Union europe\u0301enne se disant \u00ab\u00a0inquie\u0300te\u00a0\u00bb, la Chine afirmant que \u00ab\u00a0le ro\u0302le de l&rsquo;OMS doit e\u0302tre renforce\u0301, pas afaibli\u00a0\u00bb.<\/p>\n<p>Les Etats-Unis, qui avaient de\u0301ja\u0300 entame\u0301 les de\u0301marches pour quitter l&rsquo;OMS lors du premier mandat de M. Trump en 2020, sont le principal donateur et partenaire de cette organisation onusienne base\u0301e a\u0300 Gene\u0300ve.<\/p>\n<p>En se retirant de l&rsquo;organisation, les Etats-Unis vont perdre un acce\u0300s privile\u0301gie\u0301 a\u0300 des donne\u0301es de surveillance e\u0301pide\u0301mique importantes, ont mis en garde plusieurs experts, ce qui pourrait nuire aux capacite\u0301s de surveillance et de pre\u0301vention des menaces sanitaires venues de l&rsquo;e\u0301tranger.<\/p>\n<p>Ce retrait inquie\u0300te d&rsquo;autant plus qu&rsquo;il survient au moment ou\u0300 la forte circulation du virus de la grippe aviaire aux Etats-Unis accentue les craintes d&rsquo;une prochaine pande\u0301mie. Le pays a recense\u0301 de\u0301but janvier un premier de\u0301ce\u0300s humain lie\u0301 au virus H5N1.<\/p>\n<p><strong>Pour plus d&rsquo;informations et d&rsquo;analyses sur la <span style=\"color: #ff6600\">Senegal<\/span>, suivez <span style=\"color: #ff6600\">Africa-Press<span style=\"color: #ff6600\"><\/span><\/strong><\/p>\n","protected":false},"excerpt":{"rendered":"<p>Africa-Press &#8211; Senegal. L&rsquo;Union africaine (UA) s&rsquo;est dite \u00ab\u00a0consterne\u0301e\u00a0\u00bb apre\u0300s la de\u0301cision du pre\u0301sident ame\u0301ricain Donald Trump de retirer les Etats-Unis de l&rsquo;Organisation mondiale de la sante\u0301 (OMS), tout en espe\u0301rant qu&rsquo;il \u00ab\u00a0reconside\u0300rera sa de\u0301cision\u00a0\u00bb, selon un communique\u0301 publie\u0301 mercredi. Le pre\u0301sident de la Commission de l&rsquo;UA, Moussa Faki Mahamat, \u00ab\u00a0a e\u0301te\u0301 consterne\u0301 d&rsquo;apprendre l&rsquo;annonce [&hellip;]<\/p>\n","protected":false},"author":82,"featured_media":64980,"comment_status":"open","ping_status":"closed","sticky":false,"template":"","format":"standard","meta":{"footnotes":""},"categories":[2,10],"tags":[44],"class_list":["post-64981","post","type-post","status-publish","format-standard","has-post-thumbnail","hentry","category-politique","category-toutes-les-actualites","tag-senegal-2"],"yoast_head":"<!-- This site is optimized with the Yoast SEO Premium plugin v26.1 (Yoast SEO v27.0) - https:\/\/yoast.com\/product\/yoast-seo-premium-wordpress\/ -->\n<title>L\u2019Union Africaine &quot;constern\u00e9e&quot; par le Retrait Am\u00e9ricain de L\u2019Oms - Senegal<\/title>\n<meta name=\"robots\" content=\"index, follow, max-snippet:-1, max-image-preview:large, max-video-preview:-1\" \/>\n<link rel=\"canonical\" href=\"https:\/\/www.africa-press.net\/senegal\/politique\/lunion-africaine-consternee-par-le-retrait-americain-de-loms\" \/>\n<meta property=\"og:locale\" content=\"fr_FR\" \/>\n<meta property=\"og:type\" content=\"article\" \/>\n<meta property=\"og:title\" content=\"L\u2019Union Africaine &quot;constern\u00e9e&quot; par le Retrait Am\u00e9ricain de L\u2019Oms\" \/>\n<meta property=\"og:description\" content=\"Africa-Press &#8211; Senegal. L&rsquo;Union africaine (UA) s&rsquo;est dite \u00ab\u00a0consterne\u0301e\u00a0\u00bb apre\u0300s la de\u0301cision du pre\u0301sident ame\u0301ricain Donald Trump de retirer les Etats-Unis de l&rsquo;Organisation mondiale de la sante\u0301 (OMS), tout en espe\u0301rant qu&rsquo;il \u00ab\u00a0reconside\u0300rera sa de\u0301cision\u00a0\u00bb, selon un communique\u0301 publie\u0301 mercredi. Le pre\u0301sident de la Commission de l&rsquo;UA, Moussa Faki Mahamat, \u00ab\u00a0a e\u0301te\u0301 consterne\u0301 d&rsquo;apprendre l&rsquo;annonce [&hellip;]\" \/>\n<meta property=\"og:url\" content=\"https:\/\/www.africa-press.net\/senegal\/politique\/lunion-africaine-consternee-par-le-retrait-americain-de-loms\" \/>\n<meta property=\"og:site_name\" content=\"Senegal\" \/>\n<meta property=\"article:published_time\" content=\"2025-01-22T14:20:00+00:00\" \/>\n<meta name=\"author\" content=\"cfeditorfr\" \/>\n<meta name=\"twitter:card\" content=\"summary_large_image\" \/>\n<meta name=\"twitter:label1\" content=\"\u00c9crit par\" \/>\n\t<meta name=\"twitter:data1\" content=\"cfeditorfr\" \/>\n\t<meta name=\"twitter:label2\" content=\"Dur\u00e9e de lecture estim\u00e9e\" \/>\n\t<meta name=\"twitter:data2\" content=\"2 minutes\" \/>\n<script type=\"application\/ld+json\" class=\"yoast-schema-graph\">{\"@context\":\"https:\/\/schema.org\",\"@graph\":[{\"@type\":\"Article\",\"@id\":\"https:\/\/www.africa-press.net\/senegal\/politique\/lunion-africaine-consternee-par-le-retrait-americain-de-loms#article\",\"isPartOf\":{\"@id\":\"https:\/\/www.africa-press.net\/senegal\/politique\/lunion-africaine-consternee-par-le-retrait-americain-de-loms\"},\"author\":{\"name\":\"cfeditorfr\",\"@id\":\"https:\/\/www.africa-press.net\/senegal\/#\/schema\/person\/2b1cf3cd81a31e3cd26889ca66d677f1\"},\"headline\":\"L\u2019Union Africaine \u00ab\u00a0constern\u00e9e\u00a0\u00bb par le Retrait Am\u00e9ricain de L\u2019Oms\",\"datePublished\":\"2025-01-22T14:20:00+00:00\",\"mainEntityOfPage\":{\"@id\":\"https:\/\/www.africa-press.net\/senegal\/politique\/lunion-africaine-consternee-par-le-retrait-americain-de-loms\"},\"wordCount\":465,\"commentCount\":0,\"image\":{\"@id\":\"https:\/\/www.africa-press.net\/senegal\/politique\/lunion-africaine-consternee-par-le-retrait-americain-de-loms#primaryimage\"},\"thumbnailUrl\":\"https:\/\/static.africa-press.net\/senegal\/sites\/13\/2025\/01\/sm_1737611293.67115.jpg\",\"keywords\":[\"Senegal\"],\"articleSection\":[\"Politique\",\"Toutes les actualit\u00e9s\"],\"inLanguage\":\"fr-FR\",\"potentialAction\":[{\"@type\":\"CommentAction\",\"name\":\"Comment\",\"target\":[\"https:\/\/www.africa-press.net\/senegal\/politique\/lunion-africaine-consternee-par-le-retrait-americain-de-loms#respond\"]}]},{\"@type\":\"WebPage\",\"@id\":\"https:\/\/www.africa-press.net\/senegal\/politique\/lunion-africaine-consternee-par-le-retrait-americain-de-loms\",\"url\":\"https:\/\/www.africa-press.net\/senegal\/politique\/lunion-africaine-consternee-par-le-retrait-americain-de-loms\",\"name\":\"L\u2019Union Africaine \\\"constern\u00e9e\\\" par le Retrait Am\u00e9ricain de L\u2019Oms - Senegal\",\"isPartOf\":{\"@id\":\"https:\/\/www.africa-press.net\/senegal\/#website\"},\"primaryImageOfPage\":{\"@id\":\"https:\/\/www.africa-press.net\/senegal\/politique\/lunion-africaine-consternee-par-le-retrait-americain-de-loms#primaryimage\"},\"image\":{\"@id\":\"https:\/\/www.africa-press.net\/senegal\/politique\/lunion-africaine-consternee-par-le-retrait-americain-de-loms#primaryimage\"},\"thumbnailUrl\":\"https:\/\/static.africa-press.net\/senegal\/sites\/13\/2025\/01\/sm_1737611293.67115.jpg\",\"datePublished\":\"2025-01-22T14:20:00+00:00\",\"author\":{\"@id\":\"https:\/\/www.africa-press.net\/senegal\/#\/schema\/person\/2b1cf3cd81a31e3cd26889ca66d677f1\"},\"breadcrumb\":{\"@id\":\"https:\/\/www.africa-press.net\/senegal\/politique\/lunion-africaine-consternee-par-le-retrait-americain-de-loms#breadcrumb\"},\"inLanguage\":\"fr-FR\",\"potentialAction\":[{\"@type\":\"ReadAction\",\"target\":[\"https:\/\/www.africa-press.net\/senegal\/politique\/lunion-africaine-consternee-par-le-retrait-americain-de-loms\"]}]},{\"@type\":\"ImageObject\",\"inLanguage\":\"fr-FR\",\"@id\":\"https:\/\/www.africa-press.net\/senegal\/politique\/lunion-africaine-consternee-par-le-retrait-americain-de-loms#primaryimage\",\"url\":\"https:\/\/static.africa-press.net\/senegal\/sites\/13\/2025\/01\/sm_1737611293.67115.jpg\",\"contentUrl\":\"https:\/\/static.africa-press.net\/senegal\/sites\/13\/2025\/01\/sm_1737611293.67115.jpg\",\"width\":1280,\"height\":720,\"caption\":\"L\u2019Union Africaine \\\"constern\u00e9e\\\" par le Retrait Am\u00e9ricain de L\u2019Oms\"},{\"@type\":\"BreadcrumbList\",\"@id\":\"https:\/\/www.africa-press.net\/senegal\/politique\/lunion-africaine-consternee-par-le-retrait-americain-de-loms#breadcrumb\",\"itemListElement\":[{\"@type\":\"ListItem\",\"position\":1,\"name\":\"Accueil\",\"item\":\"https:\/\/www.africa-press.net\/senegal\/\"},{\"@type\":\"ListItem\",\"position\":2,\"name\":\"L\u2019Union Africaine \u00ab\u00a0constern\u00e9e\u00a0\u00bb par le Retrait Am\u00e9ricain de L\u2019Oms\"}]},{\"@type\":\"WebSite\",\"@id\":\"https:\/\/www.africa-press.net\/senegal\/#website\",\"url\":\"https:\/\/www.africa-press.net\/senegal\/\",\"name\":\"Africa Press | Senegal | Homepage\",\"description\":\"Just another Africa News Agency Sites site\",\"potentialAction\":[{\"@type\":\"SearchAction\",\"target\":{\"@type\":\"EntryPoint\",\"urlTemplate\":\"https:\/\/www.africa-press.net\/senegal\/?s={search_term_string}\"},\"query-input\":{\"@type\":\"PropertyValueSpecification\",\"valueRequired\":true,\"valueName\":\"search_term_string\"}}],\"inLanguage\":\"fr-FR\"},{\"@type\":\"Person\",\"@id\":\"https:\/\/www.africa-press.net\/senegal\/#\/schema\/person\/2b1cf3cd81a31e3cd26889ca66d677f1\",\"name\":\"cfeditorfr\",\"url\":\"https:\/\/www.africa-press.net\/senegal\/author\/cfeditorfr\"}]}<\/script>\n<!-- \/ Yoast SEO Premium plugin. -->","yoast_head_json":{"title":"L\u2019Union Africaine \"constern\u00e9e\" par le Retrait Am\u00e9ricain de L\u2019Oms - Senegal","robots":{"index":"index","follow":"follow","max-snippet":"max-snippet:-1","max-image-preview":"max-image-preview:large","max-video-preview":"max-video-preview:-1"},"canonical":"https:\/\/www.africa-press.net\/senegal\/politique\/lunion-africaine-consternee-par-le-retrait-americain-de-loms","og_locale":"fr_FR","og_type":"article","og_title":"L\u2019Union Africaine \"constern\u00e9e\" par le Retrait Am\u00e9ricain de L\u2019Oms","og_description":"Africa-Press &#8211; Senegal. L&rsquo;Union africaine (UA) s&rsquo;est dite \u00ab\u00a0consterne\u0301e\u00a0\u00bb apre\u0300s la de\u0301cision du pre\u0301sident ame\u0301ricain Donald Trump de retirer les Etats-Unis de l&rsquo;Organisation mondiale de la sante\u0301 (OMS), tout en espe\u0301rant qu&rsquo;il \u00ab\u00a0reconside\u0300rera sa de\u0301cision\u00a0\u00bb, selon un communique\u0301 publie\u0301 mercredi. Le pre\u0301sident de la Commission de l&rsquo;UA, Moussa Faki Mahamat, \u00ab\u00a0a e\u0301te\u0301 consterne\u0301 d&rsquo;apprendre l&rsquo;annonce [&hellip;]","og_url":"https:\/\/www.africa-press.net\/senegal\/politique\/lunion-africaine-consternee-par-le-retrait-americain-de-loms","og_site_name":"Senegal","article_published_time":"2025-01-22T14:20:00+00:00","author":"cfeditorfr","twitter_card":"summary_large_image","twitter_misc":{"\u00c9crit par":"cfeditorfr","Dur\u00e9e de lecture estim\u00e9e":"2 minutes"},"schema":{"@context":"https:\/\/schema.org","@graph":[{"@type":"Article","@id":"https:\/\/www.africa-press.net\/senegal\/politique\/lunion-africaine-consternee-par-le-retrait-americain-de-loms#article","isPartOf":{"@id":"https:\/\/www.africa-press.net\/senegal\/politique\/lunion-africaine-consternee-par-le-retrait-americain-de-loms"},"author":{"name":"cfeditorfr","@id":"https:\/\/www.africa-press.net\/senegal\/#\/schema\/person\/2b1cf3cd81a31e3cd26889ca66d677f1"},"headline":"L\u2019Union Africaine \u00ab\u00a0constern\u00e9e\u00a0\u00bb par le Retrait Am\u00e9ricain de L\u2019Oms","datePublished":"2025-01-22T14:20:00+00:00","mainEntityOfPage":{"@id":"https:\/\/www.africa-press.net\/senegal\/politique\/lunion-africaine-consternee-par-le-retrait-americain-de-loms"},"wordCount":465,"commentCount":0,"image":{"@id":"https:\/\/www.africa-press.net\/senegal\/politique\/lunion-africaine-consternee-par-le-retrait-americain-de-loms#primaryimage"},"thumbnailUrl":"https:\/\/static.africa-press.net\/senegal\/sites\/13\/2025\/01\/sm_1737611293.67115.jpg","keywords":["Senegal"],"articleSection":["Politique","Toutes les actualit\u00e9s"],"inLanguage":"fr-FR","potentialAction":[{"@type":"CommentAction","name":"Comment","target":["https:\/\/www.africa-press.net\/senegal\/politique\/lunion-africaine-consternee-par-le-retrait-americain-de-loms#respond"]}]},{"@type":"WebPage","@id":"https:\/\/www.africa-press.net\/senegal\/politique\/lunion-africaine-consternee-par-le-retrait-americain-de-loms","url":"https:\/\/www.africa-press.net\/senegal\/politique\/lunion-africaine-consternee-par-le-retrait-americain-de-loms","name":"L\u2019Union Africaine \"constern\u00e9e\" par le Retrait Am\u00e9ricain de L\u2019Oms - Senegal","isPartOf":{"@id":"https:\/\/www.africa-press.net\/senegal\/#website"},"primaryImageOfPage":{"@id":"https:\/\/www.africa-press.net\/senegal\/politique\/lunion-africaine-consternee-par-le-retrait-americain-de-loms#primaryimage"},"image":{"@id":"https:\/\/www.africa-press.net\/senegal\/politique\/lunion-africaine-consternee-par-le-retrait-americain-de-loms#primaryimage"},"thumbnailUrl":"https:\/\/static.africa-press.net\/senegal\/sites\/13\/2025\/01\/sm_1737611293.67115.jpg","datePublished":"2025-01-22T14:20:00+00:00","author":{"@id":"https:\/\/www.africa-press.net\/senegal\/#\/schema\/person\/2b1cf3cd81a31e3cd26889ca66d677f1"},"breadcrumb":{"@id":"https:\/\/www.africa-press.net\/senegal\/politique\/lunion-africaine-consternee-par-le-retrait-americain-de-loms#breadcrumb"},"inLanguage":"fr-FR","potentialAction":[{"@type":"ReadAction","target":["https:\/\/www.africa-press.net\/senegal\/politique\/lunion-africaine-consternee-par-le-retrait-americain-de-loms"]}]},{"@type":"ImageObject","inLanguage":"fr-FR","@id":"https:\/\/www.africa-press.net\/senegal\/politique\/lunion-africaine-consternee-par-le-retrait-americain-de-loms#primaryimage","url":"https:\/\/static.africa-press.net\/senegal\/sites\/13\/2025\/01\/sm_1737611293.67115.jpg","contentUrl":"https:\/\/static.africa-press.net\/senegal\/sites\/13\/2025\/01\/sm_1737611293.67115.jpg","width":1280,"height":720,"caption":"L\u2019Union Africaine \"constern\u00e9e\" par le Retrait Am\u00e9ricain de L\u2019Oms"},{"@type":"BreadcrumbList","@id":"https:\/\/www.africa-press.net\/senegal\/politique\/lunion-africaine-consternee-par-le-retrait-americain-de-loms#breadcrumb","itemListElement":[{"@type":"ListItem","position":1,"name":"Accueil","item":"https:\/\/www.africa-press.net\/senegal\/"},{"@type":"ListItem","position":2,"name":"L\u2019Union Africaine \u00ab\u00a0constern\u00e9e\u00a0\u00bb par le Retrait Am\u00e9ricain de L\u2019Oms"}]},{"@type":"WebSite","@id":"https:\/\/www.africa-press.net\/senegal\/#website","url":"https:\/\/www.africa-press.net\/senegal\/","name":"Africa Press | Senegal | Homepage","description":"Just another Africa News Agency Sites site","potentialAction":[{"@type":"SearchAction","target":{"@type":"EntryPoint","urlTemplate":"https:\/\/www.africa-press.net\/senegal\/?s={search_term_string}"},"query-input":{"@type":"PropertyValueSpecification","valueRequired":true,"valueName":"search_term_string"}}],"inLanguage":"fr-FR"},{"@type":"Person","@id":"https:\/\/www.africa-press.net\/senegal\/#\/schema\/person\/2b1cf3cd81a31e3cd26889ca66d677f1","name":"cfeditorfr","url":"https:\/\/www.africa-press.net\/senegal\/author\/cfeditorfr"}]}},"_links":{"self":[{"href":"https:\/\/www.africa-press.net\/senegal\/wp-json\/wp\/v2\/posts\/64981","targetHints":{"allow":["GET"]}}],"collection":[{"href":"https:\/\/www.africa-press.net\/senegal\/wp-json\/wp\/v2\/posts"}],"about":[{"href":"https:\/\/www.africa-press.net\/senegal\/wp-json\/wp\/v2\/types\/post"}],"author":[{"embeddable":true,"href":"https:\/\/www.africa-press.net\/senegal\/wp-json\/wp\/v2\/users\/82"}],"replies":[{"embeddable":true,"href":"https:\/\/www.africa-press.net\/senegal\/wp-json\/wp\/v2\/comments?post=64981"}],"version-history":[{"count":0,"href":"https:\/\/www.africa-press.net\/senegal\/wp-json\/wp\/v2\/posts\/64981\/revisions"}],"wp:featuredmedia":[{"embeddable":true,"href":"https:\/\/www.africa-press.net\/senegal\/wp-json\/wp\/v2\/media\/64980"}],"wp:attachment":[{"href":"https:\/\/www.africa-press.net\/senegal\/wp-json\/wp\/v2\/media?parent=64981"}],"wp:term":[{"taxonomy":"category","embeddable":true,"href":"https:\/\/www.africa-press.net\/senegal\/wp-json\/wp\/v2\/categories?post=64981"},{"taxonomy":"post_tag","embeddable":true,"href":"https:\/\/www.africa-press.net\/senegal\/wp-json\/wp\/v2\/tags?post=64981"}],"curies":[{"name":"wp","href":"https:\/\/api.w.org\/{rel}","templated":true}]}}