{"id":64985,"date":"2025-01-23T12:00:00","date_gmt":"2025-01-23T12:00:00","guid":{"rendered":"https:\/\/www.africa-press.net\/senegal\/politique\/pesticides-lanses-va-evaluer-les-risques-encourus-par-les-fleuristes"},"modified":"2025-01-23T12:00:00","modified_gmt":"2025-01-23T12:00:00","slug":"pesticides-lanses-va-evaluer-les-risques-encourus-par-les-fleuristes","status":"publish","type":"post","link":"https:\/\/www.africa-press.net\/senegal\/toutes-les-actualites\/pesticides-lanses-va-evaluer-les-risques-encourus-par-les-fleuristes","title":{"rendered":"Pesticides : L\u2019Anses Va \u00c9valuer les Risques Encourus par les Fleuristes"},"content":{"rendered":"<p><span style=\"color: #ff6600\"><strong>Africa-Press &#8211; Senegal. <\/strong><\/span>L\u2019Anses va mener une mission \u00ab sur les risques de l\u2019exposition aux pesticides \u00bb des travailleurs de la filie\u0300re des fleurs et de leurs enfants, pour faire e\u0301ventuellement e\u0301voluer la re\u0301glementation, apre\u0300s le de\u0301ce\u0300s d\u2019une fillette d\u2019une leuce\u0301mie lie\u0301e a\u0300 l\u2019exposition de sa me\u0300re, fleuriste, pendant sa grossesse.<\/p>\n<p>L\u2019association Robin des Bois, membre du conseil d\u2019administration de l\u2019Agence nationale de se\u0301curite\u0301 sanitaire de l\u2019alimentation, de l\u2019environnement et du travail, a saisi cette dernie\u0300re avant que les ministe\u0300res charge\u0301s du Travail et de l\u2019Agriculture ne fassent de me\u0302me, a indique\u0301 a\u0300 l\u2019AFP une porte-parole de l\u2019agence sanitaire, confirmant des informations de Radio France et du Monde.<\/p>\n<p>\u00ab Un rapport interme\u0301diaire est attendu en septembre 2025 \u00bb, pre\u0301cisait fin de\u0301cembre Robin des Bois, et cette \u00ab expertise de grande ampleur devrait prendre environ deux ans \u00bb, selon Le Monde. Cette saisine de l\u2019Anses porte pre\u0301cise\u0301ment sur \u00ab les risques de l\u2019exposition aux pesticides et re\u0301sidus de pesticides des travailleurs de la filie\u0300re horticole des ve\u0301ge\u0301taux d\u2019ornement (fleurs coupe\u0301es et en pots) et de leurs enfants \u00bb, selon l\u2019association Robin des Bois.<\/p>\n<p><b>Reconnaissance par le FIVP du lien entre l\u2019exposition aux pesticides et la leuce\u0301mie<\/b><\/p>\n<p>De\u0301but de\u0301cembre, la cour d\u2019appel de Rennes a de\u0301boute\u0301 les parents d\u2019une fillette morte d\u2019une leuce\u0301mie lie\u0301e a\u0300 l\u2019exposition aux pesticides de sa me\u0300re, alors fleuriste, pendant sa grossesse, qui re\u0301clamaient une indemnisation pour le pre\u0301judice subi par leur fille. Laure Marivain avait e\u0301te\u0301 expose\u0301e de\u0300s ses 20 ans a\u0300 de nombreux herbicides dans sa profession de fleuriste et grossiste en fleurs, en nettoyant des taches bleues et jaunes sur les plantes recouvertes de pesticides importe\u0301es de l\u2019e\u0301tranger, qu\u2019elle re\u0301ceptionnait en grande quantite\u0301.<\/p>\n<p>Sa fille Emmy est de\u0301ce\u0301de\u0301e d\u2019une leuce\u0301mie en mars 2022 a\u0300 11 ans et demi. De\u0301but avril 2022, ses parents avaient saisi le Fonds d\u2019indemnisation des victimes de pesticides (FIVP). Ce fonds est charge\u0301 notamment d\u2019indemniser \u00ab les enfants expose\u0301s aux pesticides pendant la pe\u0301riode pre\u0301natale \u00bb a\u0300 cause du me\u0301tier de leurs parents et ayant de\u0301veloppe\u0301 une pathologie. Ils avaient obtenu en juillet 2023 la reconnaissance par le FIVP du lien entre l\u2019exposition aux pesticides et la leuce\u0301mie, et la proposition d\u2019une indemnisation de 25.000 euros a\u0300 chacun au titre du pre\u0301judice moral, conforme\u0301ment au bare\u0300me le\u0301gal.<\/p>\n<p>Selon la Fe\u0301de\u0301ration franc\u0327aise des artisans fleuristes, cette profession compte quelque 30.000 personnes en France (artisans et commerc\u0327ants fleuristes).<\/p>\n<p><strong>Pour plus d&rsquo;informations et d&rsquo;analyses sur la <span style=\"color: #ff6600\">Senegal<\/span>, suivez <span style=\"color: #ff6600\">Africa-Press<span style=\"color: #ff6600\"><\/span><\/strong><\/p>\n","protected":false},"excerpt":{"rendered":"<p>Africa-Press &#8211; Senegal. L\u2019Anses va mener une mission \u00ab sur les risques de l\u2019exposition aux pesticides \u00bb des travailleurs de la filie\u0300re des fleurs et de leurs enfants, pour faire e\u0301ventuellement e\u0301voluer la re\u0301glementation, apre\u0300s le de\u0301ce\u0300s d\u2019une fillette d\u2019une leuce\u0301mie lie\u0301e a\u0300 l\u2019exposition de sa me\u0300re, fleuriste, pendant sa grossesse. L\u2019association Robin des Bois, [&hellip;]<\/p>\n","protected":false},"author":82,"featured_media":64984,"comment_status":"open","ping_status":"closed","sticky":false,"template":"","format":"standard","meta":{"footnotes":""},"categories":[22,10],"tags":[44],"class_list":["post-64985","post","type-post","status-publish","format-standard","has-post-thumbnail","hentry","category-divers","category-toutes-les-actualites","tag-senegal-2"],"yoast_head":"<!-- This site is optimized with the Yoast SEO Premium plugin v26.1 (Yoast SEO v27.0) - https:\/\/yoast.com\/product\/yoast-seo-premium-wordpress\/ -->\n<title>Pesticides : L\u2019Anses Va \u00c9valuer les Risques Encourus par les Fleuristes - Senegal<\/title>\n<meta name=\"robots\" content=\"index, follow, max-snippet:-1, max-image-preview:large, max-video-preview:-1\" \/>\n<link rel=\"canonical\" href=\"https:\/\/www.africa-press.net\/senegal\/politique\/pesticides-lanses-va-evaluer-les-risques-encourus-par-les-fleuristes\" \/>\n<meta property=\"og:locale\" content=\"fr_FR\" \/>\n<meta property=\"og:type\" content=\"article\" \/>\n<meta property=\"og:title\" content=\"Pesticides : L\u2019Anses Va \u00c9valuer les Risques Encourus par les Fleuristes\" \/>\n<meta property=\"og:description\" content=\"Africa-Press &#8211; Senegal. L\u2019Anses va mener une mission \u00ab sur les risques de l\u2019exposition aux pesticides \u00bb des travailleurs de la filie\u0300re des fleurs et de leurs enfants, pour faire e\u0301ventuellement e\u0301voluer la re\u0301glementation, apre\u0300s le de\u0301ce\u0300s d\u2019une fillette d\u2019une leuce\u0301mie lie\u0301e a\u0300 l\u2019exposition de sa me\u0300re, fleuriste, pendant sa grossesse. L\u2019association Robin des Bois, [&hellip;]\" \/>\n<meta property=\"og:url\" content=\"https:\/\/www.africa-press.net\/senegal\/politique\/pesticides-lanses-va-evaluer-les-risques-encourus-par-les-fleuristes\" \/>\n<meta property=\"og:site_name\" content=\"Senegal\" \/>\n<meta property=\"article:published_time\" content=\"2025-01-23T12:00:00+00:00\" \/>\n<meta name=\"author\" content=\"cfeditorfr\" \/>\n<meta name=\"twitter:card\" content=\"summary_large_image\" \/>\n<meta name=\"twitter:label1\" content=\"\u00c9crit par\" \/>\n\t<meta name=\"twitter:data1\" content=\"cfeditorfr\" \/>\n\t<meta name=\"twitter:label2\" content=\"Dur\u00e9e de lecture estim\u00e9e\" \/>\n\t<meta name=\"twitter:data2\" content=\"2 minutes\" \/>\n<script type=\"application\/ld+json\" class=\"yoast-schema-graph\">{\"@context\":\"https:\/\/schema.org\",\"@graph\":[{\"@type\":\"Article\",\"@id\":\"https:\/\/www.africa-press.net\/senegal\/politique\/pesticides-lanses-va-evaluer-les-risques-encourus-par-les-fleuristes#article\",\"isPartOf\":{\"@id\":\"https:\/\/www.africa-press.net\/senegal\/politique\/pesticides-lanses-va-evaluer-les-risques-encourus-par-les-fleuristes\"},\"author\":{\"name\":\"cfeditorfr\",\"@id\":\"https:\/\/www.africa-press.net\/senegal\/#\/schema\/person\/2b1cf3cd81a31e3cd26889ca66d677f1\"},\"headline\":\"Pesticides : L\u2019Anses Va \u00c9valuer les Risques Encourus par les Fleuristes\",\"datePublished\":\"2025-01-23T12:00:00+00:00\",\"mainEntityOfPage\":{\"@id\":\"https:\/\/www.africa-press.net\/senegal\/politique\/pesticides-lanses-va-evaluer-les-risques-encourus-par-les-fleuristes\"},\"wordCount\":488,\"commentCount\":0,\"image\":{\"@id\":\"https:\/\/www.africa-press.net\/senegal\/politique\/pesticides-lanses-va-evaluer-les-risques-encourus-par-les-fleuristes#primaryimage\"},\"thumbnailUrl\":\"https:\/\/static.africa-press.net\/senegal\/sites\/13\/2025\/01\/sm_1737711513.571699.jpg\",\"keywords\":[\"Senegal\"],\"articleSection\":[\"Divers\",\"Toutes les actualit\u00e9s\"],\"inLanguage\":\"fr-FR\",\"potentialAction\":[{\"@type\":\"CommentAction\",\"name\":\"Comment\",\"target\":[\"https:\/\/www.africa-press.net\/senegal\/politique\/pesticides-lanses-va-evaluer-les-risques-encourus-par-les-fleuristes#respond\"]}]},{\"@type\":\"WebPage\",\"@id\":\"https:\/\/www.africa-press.net\/senegal\/politique\/pesticides-lanses-va-evaluer-les-risques-encourus-par-les-fleuristes\",\"url\":\"https:\/\/www.africa-press.net\/senegal\/politique\/pesticides-lanses-va-evaluer-les-risques-encourus-par-les-fleuristes\",\"name\":\"Pesticides : L\u2019Anses Va \u00c9valuer les Risques Encourus par les Fleuristes - Senegal\",\"isPartOf\":{\"@id\":\"https:\/\/www.africa-press.net\/senegal\/#website\"},\"primaryImageOfPage\":{\"@id\":\"https:\/\/www.africa-press.net\/senegal\/politique\/pesticides-lanses-va-evaluer-les-risques-encourus-par-les-fleuristes#primaryimage\"},\"image\":{\"@id\":\"https:\/\/www.africa-press.net\/senegal\/politique\/pesticides-lanses-va-evaluer-les-risques-encourus-par-les-fleuristes#primaryimage\"},\"thumbnailUrl\":\"https:\/\/static.africa-press.net\/senegal\/sites\/13\/2025\/01\/sm_1737711513.571699.jpg\",\"datePublished\":\"2025-01-23T12:00:00+00:00\",\"author\":{\"@id\":\"https:\/\/www.africa-press.net\/senegal\/#\/schema\/person\/2b1cf3cd81a31e3cd26889ca66d677f1\"},\"breadcrumb\":{\"@id\":\"https:\/\/www.africa-press.net\/senegal\/politique\/pesticides-lanses-va-evaluer-les-risques-encourus-par-les-fleuristes#breadcrumb\"},\"inLanguage\":\"fr-FR\",\"potentialAction\":[{\"@type\":\"ReadAction\",\"target\":[\"https:\/\/www.africa-press.net\/senegal\/politique\/pesticides-lanses-va-evaluer-les-risques-encourus-par-les-fleuristes\"]}]},{\"@type\":\"ImageObject\",\"inLanguage\":\"fr-FR\",\"@id\":\"https:\/\/www.africa-press.net\/senegal\/politique\/pesticides-lanses-va-evaluer-les-risques-encourus-par-les-fleuristes#primaryimage\",\"url\":\"https:\/\/static.africa-press.net\/senegal\/sites\/13\/2025\/01\/sm_1737711513.571699.jpg\",\"contentUrl\":\"https:\/\/static.africa-press.net\/senegal\/sites\/13\/2025\/01\/sm_1737711513.571699.jpg\",\"width\":1280,\"height\":720,\"caption\":\"Pesticides : L\u2019Anses Va \u00c9valuer les Risques Encourus par les Fleuristes\"},{\"@type\":\"BreadcrumbList\",\"@id\":\"https:\/\/www.africa-press.net\/senegal\/politique\/pesticides-lanses-va-evaluer-les-risques-encourus-par-les-fleuristes#breadcrumb\",\"itemListElement\":[{\"@type\":\"ListItem\",\"position\":1,\"name\":\"Accueil\",\"item\":\"https:\/\/www.africa-press.net\/senegal\/\"},{\"@type\":\"ListItem\",\"position\":2,\"name\":\"Pesticides : L\u2019Anses Va \u00c9valuer les Risques Encourus par les Fleuristes\"}]},{\"@type\":\"WebSite\",\"@id\":\"https:\/\/www.africa-press.net\/senegal\/#website\",\"url\":\"https:\/\/www.africa-press.net\/senegal\/\",\"name\":\"Africa Press | Senegal | Homepage\",\"description\":\"Just another Africa News Agency Sites site\",\"potentialAction\":[{\"@type\":\"SearchAction\",\"target\":{\"@type\":\"EntryPoint\",\"urlTemplate\":\"https:\/\/www.africa-press.net\/senegal\/?s={search_term_string}\"},\"query-input\":{\"@type\":\"PropertyValueSpecification\",\"valueRequired\":true,\"valueName\":\"search_term_string\"}}],\"inLanguage\":\"fr-FR\"},{\"@type\":\"Person\",\"@id\":\"https:\/\/www.africa-press.net\/senegal\/#\/schema\/person\/2b1cf3cd81a31e3cd26889ca66d677f1\",\"name\":\"cfeditorfr\",\"url\":\"https:\/\/www.africa-press.net\/senegal\/author\/cfeditorfr\"}]}<\/script>\n<!-- \/ Yoast SEO Premium plugin. -->","yoast_head_json":{"title":"Pesticides : L\u2019Anses Va \u00c9valuer les Risques Encourus par les Fleuristes - Senegal","robots":{"index":"index","follow":"follow","max-snippet":"max-snippet:-1","max-image-preview":"max-image-preview:large","max-video-preview":"max-video-preview:-1"},"canonical":"https:\/\/www.africa-press.net\/senegal\/politique\/pesticides-lanses-va-evaluer-les-risques-encourus-par-les-fleuristes","og_locale":"fr_FR","og_type":"article","og_title":"Pesticides : L\u2019Anses Va \u00c9valuer les Risques Encourus par les Fleuristes","og_description":"Africa-Press &#8211; Senegal. L\u2019Anses va mener une mission \u00ab sur les risques de l\u2019exposition aux pesticides \u00bb des travailleurs de la filie\u0300re des fleurs et de leurs enfants, pour faire e\u0301ventuellement e\u0301voluer la re\u0301glementation, apre\u0300s le de\u0301ce\u0300s d\u2019une fillette d\u2019une leuce\u0301mie lie\u0301e a\u0300 l\u2019exposition de sa me\u0300re, fleuriste, pendant sa grossesse. L\u2019association Robin des Bois, [&hellip;]","og_url":"https:\/\/www.africa-press.net\/senegal\/politique\/pesticides-lanses-va-evaluer-les-risques-encourus-par-les-fleuristes","og_site_name":"Senegal","article_published_time":"2025-01-23T12:00:00+00:00","author":"cfeditorfr","twitter_card":"summary_large_image","twitter_misc":{"\u00c9crit par":"cfeditorfr","Dur\u00e9e de lecture estim\u00e9e":"2 minutes"},"schema":{"@context":"https:\/\/schema.org","@graph":[{"@type":"Article","@id":"https:\/\/www.africa-press.net\/senegal\/politique\/pesticides-lanses-va-evaluer-les-risques-encourus-par-les-fleuristes#article","isPartOf":{"@id":"https:\/\/www.africa-press.net\/senegal\/politique\/pesticides-lanses-va-evaluer-les-risques-encourus-par-les-fleuristes"},"author":{"name":"cfeditorfr","@id":"https:\/\/www.africa-press.net\/senegal\/#\/schema\/person\/2b1cf3cd81a31e3cd26889ca66d677f1"},"headline":"Pesticides : L\u2019Anses Va \u00c9valuer les Risques Encourus par les Fleuristes","datePublished":"2025-01-23T12:00:00+00:00","mainEntityOfPage":{"@id":"https:\/\/www.africa-press.net\/senegal\/politique\/pesticides-lanses-va-evaluer-les-risques-encourus-par-les-fleuristes"},"wordCount":488,"commentCount":0,"image":{"@id":"https:\/\/www.africa-press.net\/senegal\/politique\/pesticides-lanses-va-evaluer-les-risques-encourus-par-les-fleuristes#primaryimage"},"thumbnailUrl":"https:\/\/static.africa-press.net\/senegal\/sites\/13\/2025\/01\/sm_1737711513.571699.jpg","keywords":["Senegal"],"articleSection":["Divers","Toutes les actualit\u00e9s"],"inLanguage":"fr-FR","potentialAction":[{"@type":"CommentAction","name":"Comment","target":["https:\/\/www.africa-press.net\/senegal\/politique\/pesticides-lanses-va-evaluer-les-risques-encourus-par-les-fleuristes#respond"]}]},{"@type":"WebPage","@id":"https:\/\/www.africa-press.net\/senegal\/politique\/pesticides-lanses-va-evaluer-les-risques-encourus-par-les-fleuristes","url":"https:\/\/www.africa-press.net\/senegal\/politique\/pesticides-lanses-va-evaluer-les-risques-encourus-par-les-fleuristes","name":"Pesticides : L\u2019Anses Va \u00c9valuer les Risques Encourus par les Fleuristes - Senegal","isPartOf":{"@id":"https:\/\/www.africa-press.net\/senegal\/#website"},"primaryImageOfPage":{"@id":"https:\/\/www.africa-press.net\/senegal\/politique\/pesticides-lanses-va-evaluer-les-risques-encourus-par-les-fleuristes#primaryimage"},"image":{"@id":"https:\/\/www.africa-press.net\/senegal\/politique\/pesticides-lanses-va-evaluer-les-risques-encourus-par-les-fleuristes#primaryimage"},"thumbnailUrl":"https:\/\/static.africa-press.net\/senegal\/sites\/13\/2025\/01\/sm_1737711513.571699.jpg","datePublished":"2025-01-23T12:00:00+00:00","author":{"@id":"https:\/\/www.africa-press.net\/senegal\/#\/schema\/person\/2b1cf3cd81a31e3cd26889ca66d677f1"},"breadcrumb":{"@id":"https:\/\/www.africa-press.net\/senegal\/politique\/pesticides-lanses-va-evaluer-les-risques-encourus-par-les-fleuristes#breadcrumb"},"inLanguage":"fr-FR","potentialAction":[{"@type":"ReadAction","target":["https:\/\/www.africa-press.net\/senegal\/politique\/pesticides-lanses-va-evaluer-les-risques-encourus-par-les-fleuristes"]}]},{"@type":"ImageObject","inLanguage":"fr-FR","@id":"https:\/\/www.africa-press.net\/senegal\/politique\/pesticides-lanses-va-evaluer-les-risques-encourus-par-les-fleuristes#primaryimage","url":"https:\/\/static.africa-press.net\/senegal\/sites\/13\/2025\/01\/sm_1737711513.571699.jpg","contentUrl":"https:\/\/static.africa-press.net\/senegal\/sites\/13\/2025\/01\/sm_1737711513.571699.jpg","width":1280,"height":720,"caption":"Pesticides : L\u2019Anses Va \u00c9valuer les Risques Encourus par les Fleuristes"},{"@type":"BreadcrumbList","@id":"https:\/\/www.africa-press.net\/senegal\/politique\/pesticides-lanses-va-evaluer-les-risques-encourus-par-les-fleuristes#breadcrumb","itemListElement":[{"@type":"ListItem","position":1,"name":"Accueil","item":"https:\/\/www.africa-press.net\/senegal\/"},{"@type":"ListItem","position":2,"name":"Pesticides : L\u2019Anses Va \u00c9valuer les Risques Encourus par les Fleuristes"}]},{"@type":"WebSite","@id":"https:\/\/www.africa-press.net\/senegal\/#website","url":"https:\/\/www.africa-press.net\/senegal\/","name":"Africa Press | Senegal | Homepage","description":"Just another Africa News Agency Sites site","potentialAction":[{"@type":"SearchAction","target":{"@type":"EntryPoint","urlTemplate":"https:\/\/www.africa-press.net\/senegal\/?s={search_term_string}"},"query-input":{"@type":"PropertyValueSpecification","valueRequired":true,"valueName":"search_term_string"}}],"inLanguage":"fr-FR"},{"@type":"Person","@id":"https:\/\/www.africa-press.net\/senegal\/#\/schema\/person\/2b1cf3cd81a31e3cd26889ca66d677f1","name":"cfeditorfr","url":"https:\/\/www.africa-press.net\/senegal\/author\/cfeditorfr"}]}},"_links":{"self":[{"href":"https:\/\/www.africa-press.net\/senegal\/wp-json\/wp\/v2\/posts\/64985","targetHints":{"allow":["GET"]}}],"collection":[{"href":"https:\/\/www.africa-press.net\/senegal\/wp-json\/wp\/v2\/posts"}],"about":[{"href":"https:\/\/www.africa-press.net\/senegal\/wp-json\/wp\/v2\/types\/post"}],"author":[{"embeddable":true,"href":"https:\/\/www.africa-press.net\/senegal\/wp-json\/wp\/v2\/users\/82"}],"replies":[{"embeddable":true,"href":"https:\/\/www.africa-press.net\/senegal\/wp-json\/wp\/v2\/comments?post=64985"}],"version-history":[{"count":0,"href":"https:\/\/www.africa-press.net\/senegal\/wp-json\/wp\/v2\/posts\/64985\/revisions"}],"wp:featuredmedia":[{"embeddable":true,"href":"https:\/\/www.africa-press.net\/senegal\/wp-json\/wp\/v2\/media\/64984"}],"wp:attachment":[{"href":"https:\/\/www.africa-press.net\/senegal\/wp-json\/wp\/v2\/media?parent=64985"}],"wp:term":[{"taxonomy":"category","embeddable":true,"href":"https:\/\/www.africa-press.net\/senegal\/wp-json\/wp\/v2\/categories?post=64985"},{"taxonomy":"post_tag","embeddable":true,"href":"https:\/\/www.africa-press.net\/senegal\/wp-json\/wp\/v2\/tags?post=64985"}],"curies":[{"name":"wp","href":"https:\/\/api.w.org\/{rel}","templated":true}]}}