{"id":64987,"date":"2025-01-23T12:00:00","date_gmt":"2025-01-23T12:00:00","guid":{"rendered":"https:\/\/www.africa-press.net\/senegal\/politique\/reparer-lhumain-avec-des-implants-cerebraux"},"modified":"2025-01-23T12:00:00","modified_gmt":"2025-01-23T12:00:00","slug":"reparer-lhumain-avec-des-implants-cerebraux","status":"publish","type":"post","link":"https:\/\/www.africa-press.net\/senegal\/toutes-les-actualites\/reparer-lhumain-avec-des-implants-cerebraux","title":{"rendered":"R\u00e9parer L\u2019Humain avec des Implants C\u00e9r\u00e9braux"},"content":{"rendered":"<p><span style=\"color: #ff6600\"><strong>Africa-Press &#8211; Senegal. <\/strong><\/span>C\u2019est le re\u0302ve fou du milliardaire Elon Musk, qui compte sur son implant intelligent Neuralink pour survivre face a\u0300 la menace de ces me\u0302mes IA&#8230; Rassurez-vous, nous n\u2019y sommes pas du tout. Les intelligences artificielles omnipuissantes a\u0300 la Skynet dans Terminator n\u2019ont pas encore vu le jour. Et nous ne comprenons pas suffisamment bien le cerveau humain pour pre\u0301tendre fusionner notre esprit avec un ordinateur. Toutefois, il y a bien de plus en plus d\u2019implants ce\u0301re\u0301braux qui inte\u0300grent l\u2019intelligence artificielle, mais dans un but tre\u0300s diffe\u0301rent: re\u0301parer le corps humain.<\/p>\n<p>Ces interfaces cerveau-machine de\u0301codent l\u2019activite\u0301 d\u2019une re\u0301gion spe\u0301cifique du cerveau et utilisent cette information pour contro\u0302ler une machine telle qu\u2019une prothe\u0300se, un fauteuil roulant ou un exosquelette. Elles permettent ainsi a\u0300 une personne en situation de handicap de gagner en mobilite\u0301 et en autonomie. Les avance\u0301es re\u0301centes en matie\u0300re d\u2019intelligence artificielle, notamment l\u2019e\u0301mergence de mode\u0300les de langage tels que ChatGPT, ont significativement ame\u0301liore\u0301 les capacite\u0301s de de\u0301codage de ces implants.<\/p>\n<p>C\u2019est notamment le cas dans une de ses utilisations les plus complexes, le de\u0301codage de la parole, ou\u0300 il est ne\u0301cessaire de comprendre l\u2019intention de l\u2019utilisateur, mais aussi les re\u0300gles du langage dans lequel il s\u2019exprime. \u00ab Avec un algorithme traditionnel, qui se contente de lire l\u2019activite\u0301 ce\u0301re\u0301brale et de la traduire, la pre\u0301cision est beaucoup plus faible ; l\u2019IA permet de l\u2019ame\u0301liorer substantiellement \u00ab , re\u0301sume Alexander Silva, bio-inge\u0301nieur a\u0300 l\u2019Universite\u0301 de Californie a\u0300 San Francisco (E\u0301tats-Unis), qui a conc\u0327u un des implants les plus performants a\u0300 ce jour.<\/p>\n<p>Gra\u0302ce a\u0300 ses 128 e\u0301lectrodes, celui-ci capte l\u2019activite\u0301 du cortex de la re\u0301gion qui ge\u0300re la parole. Puis, cette activite\u0301 est de\u0301code\u0301e par une intelligence artificielle ge\u0301ne\u0301rative qui pre\u0301dit le mot que l\u2019utilisateur veut prononcer ainsi que la suite de la phrase (de la me\u0302me fac\u0327on que ChatGPT pre\u0301dit quel mot doit suivre ceux de\u0301ja\u0300 e\u0301crits). Mais il ne s\u2019arre\u0302te pas la\u0300. \u00ab L\u2019utilisation d\u2019un mode\u0300le de langage permet au dispositif de pre\u0301dire quelle est la phrase la plus probable a\u0300 partir de l\u2019activite\u0301 ce\u0301re\u0301brale du patient, mais aussi dans quelle langue il essaie de parler \u00bb, re\u0301ve\u0300le-t-il. Car cet implant est bilingue et peut comprendre l\u2019anglais et l\u2019espagnol.<\/p>\n<p><b>La parole de\u0301crypte\u0301e avec une pre\u0301cision allant jusqu\u2019a\u0300 97,5 %<\/b><\/p>\n<p>Il a e\u0301te\u0301 teste\u0301 chez un Ame\u0301ricain de 36 ans ayant perdu la capacite\u0301 de parler a\u0300 la suite d\u2019un accident vasculaire ce\u0301re\u0301bral (AVC) qui a paralyse\u0301 les muscles lie\u0301s a\u0300 la parole. Or il est d\u2019origine latino-ame\u0301ricaine et parle en espagnol avec sa famille, mais en anglais au travail (il est de\u0301fenseur des droits des patients). Les deux langues sont donc tre\u0300s importantes dans sa vie.<\/p>\n<p>Pour s\u2019accommoder a\u0300 cette re\u0301alite\u0301, l\u2019IA de l\u2019implant comporte deux modules. L\u2019un se\u0301lectionne le mot en anglais le plus probable en fonction de l\u2019activite\u0301 ce\u0301re\u0301brale du patient, puis la phrase la plus probable a\u0300 la suite de ce mot. L\u2019autre module fait la me\u0302me chose en espagnol, et ensuite la phrase \u2013 et donc la langue \u2013 avec la plus haute probabilite\u0301 est se\u0301lectionne\u0301e. Atteignant ainsi une pre\u0301cision de 88 % pour la de\u0301tection de la langue et de 75 % pour la phrase en entier, selon des re\u0301sultats publie\u0301s en mai 2024 dans Nature Biomedical Engineering.<\/p>\n<p>En 2023, cette me\u0302me e\u0301quipe avait de\u0301ja\u0300 pre\u0301sente\u0301 dans le journal Nature un implant pilote\u0301 par l\u2019intelligence artificielle qui permettait de de\u0301coder la parole a\u0300 un de\u0301bit de 78 mots par minute, loin encore de la vitesse d\u2019e\u0301locution normale (de 150 mots par minute), mais bien mieux que les implants pre\u0301ce\u0301dents, avec une pre\u0301cision de 75 %. Et en aou\u0302t 2024, une e\u0301quipe de l\u2019Universite\u0301 de Californie a\u0300 Davis (E\u0301tats-Unis) a pre\u0301sente\u0301 dans le New England Journal of Medicine un implant avec une pre\u0301cision de 97,5 % (mais un de\u0301bit moindre, de 30 mots par minute). \u00ab Ne pas pouvoir communiquer est tellement frustrant et de\u0301moralisant. C\u2019est comme e\u0302tre pie\u0301ge\u0301, expliquait a\u0300 l\u2019e\u0301poque l\u2019utilisateur de cet implant, Casey Harrell, atteint de la maladie de Charcot. Une technologie comme celle-ci aidera les personnes a\u0300 re\u0301inte\u0301grer leur vie et la socie\u0301te\u0301. \u00bb<\/p>\n<p>La pre\u0301cision et le de\u0301bit de ces implants ce\u0301re\u0301braux vont su\u0302rement continuer a\u0300 croi\u0302tre, car ils auront de plus en plus de donne\u0301es sur lesquelles s\u2019appuyer pour perfectionner leurs pre\u0301dictions. Car la prochaine e\u0301tape sera de de\u0301barrasser ces implants de leurs fils (c\u2019est de\u0301ja\u0300 le cas pour l\u2019implant de Neuralink ou encore celui conc\u0327u par Clinatec, a\u0300 Grenoble, qui pilote un exosquelette).<\/p>\n<p>\u00ab Cela va permettre aux patients de les utiliser en l\u2019absence des chercheurs, et l\u2019implant pourra ainsi collecter des donne\u0301es presque en continu, ce qui permettra d\u2019ame\u0301liorer l\u2019entrai\u0302nement des IA, avance Alexander Silva. Mais il faut s\u2019assurer que ces donne\u0301es seront traite\u0301es d\u2019une fac\u0327on qui respecte la confidentialite\u0301 des donne\u0301es du patient ; c\u2019est une discussion qu\u2019on devra aborder rapidement. \u00bb<\/p>\n<p>Cette utilisation en continu de l\u2019implant poserait aussi un autre proble\u0300me: s\u2019assurer qu\u2019il ge\u0301ne\u0301rera de la parole uniquement lorsque l\u2019utilisateur veut vraiment parler ! Car la re\u0301gion du cortex analyse\u0301e par ces dispositifs de de\u0301codage de la parole s\u2019active aussi lorsque la personne e\u0301coute quelqu\u2019un parler, quand elle lit un livre, et me\u0302me quand elle re\u0301fle\u0301chit. Une activation inopine\u0301e de l\u2019implant pourrait donc faire que l\u2019utilisateur pense a\u0300 voix haute malgre\u0301 lui.<\/p>\n<p><b>E\u0301viter au mode\u0300le de langage les \u00ab hallucinations \u00bb<\/b><\/p>\n<p>Un autre risque est la tendance des mode\u0300les de langage a\u0300 \u00ab halluciner \u00bb, c\u2019est-a\u0300-dire a\u0300 raconter n\u2019importe quoi. L\u2019IA de ces dispositifs fonctionne a\u0300 deux niveaux: le premier de\u0301code l\u2019activite\u0301 ce\u0301re\u0301brale, et le second utilise les statistiques lie\u0301es a\u0300 la structure du langage pour faire ses pre\u0301dictions a\u0300 partir de l\u2019activite\u0301 de\u0301code\u0301e. Moins ce de\u0301codage est fiable, plus le syste\u0300me devra s\u2019appuyer sur les pre\u0301dictions lie\u0301es au langage, augmentant la probabilite\u0301 des hallucinations.<\/p>\n<p>Il sera donc essentiel d\u2019augmenter la pre\u0301cision du de\u0301codage, par exemple en utilisant davantage d\u2019e\u0301lectrodes pour avoir une image plus exacte de l\u2019activite\u0301 et donc du mot que la personne veut prononcer. \u00ab Optimiser ce de\u0301codage re\u0301duira le poids donne\u0301 au mode\u0300le de langage et pourra e\u0301viter les hallucinations \u00bb, espe\u0300re le bio-inge\u0301nieur.<\/p>\n<p>De\u0301sormais, les chercheurs re\u0301fle\u0301chissent a\u0300 rendre la parole de\u0301code\u0301e la plus naturelle possible, notamment en de\u0301cryptant les mots, mais aussi les sons, afin de capter l\u2019intonation, et donc les e\u0301motions. Puisqu\u2019elle est couple\u0301e a\u0300 des synthe\u0301tiseurs de voix imitant celle de l\u2019utilisateur, on pourra ainsi entendre si la phrase \u00ab c\u2019est ge\u0301nial d\u2019avoir de l\u2019IA dans la te\u0302te \u00bb est dite avec enthousiasme&#8230; ou avec sarcasme.<\/p>\n<p><strong>Pour plus d&rsquo;informations et d&rsquo;analyses sur la <span style=\"color: #ff6600\">Senegal<\/span>, suivez <span style=\"color: #ff6600\">Africa-Press<span style=\"color: #ff6600\"><\/span><\/strong><\/p>\n","protected":false},"excerpt":{"rendered":"<p>Africa-Press &#8211; Senegal. C\u2019est le re\u0302ve fou du milliardaire Elon Musk, qui compte sur son implant intelligent Neuralink pour survivre face a\u0300 la menace de ces me\u0302mes IA&#8230; Rassurez-vous, nous n\u2019y sommes pas du tout. Les intelligences artificielles omnipuissantes a\u0300 la Skynet dans Terminator n\u2019ont pas encore vu le jour. Et nous ne comprenons pas [&hellip;]<\/p>\n","protected":false},"author":82,"featured_media":64986,"comment_status":"open","ping_status":"closed","sticky":false,"template":"","format":"standard","meta":{"footnotes":""},"categories":[22,10],"tags":[44],"class_list":["post-64987","post","type-post","status-publish","format-standard","has-post-thumbnail","hentry","category-divers","category-toutes-les-actualites","tag-senegal-2"],"yoast_head":"<!-- This site is optimized with the Yoast SEO Premium plugin v26.1 (Yoast SEO v27.0) - https:\/\/yoast.com\/product\/yoast-seo-premium-wordpress\/ -->\n<title>R\u00e9parer L\u2019Humain avec des Implants C\u00e9r\u00e9braux - Senegal<\/title>\n<meta name=\"robots\" content=\"index, follow, max-snippet:-1, max-image-preview:large, max-video-preview:-1\" \/>\n<link rel=\"canonical\" href=\"https:\/\/www.africa-press.net\/senegal\/politique\/reparer-lhumain-avec-des-implants-cerebraux\" \/>\n<meta property=\"og:locale\" content=\"fr_FR\" \/>\n<meta property=\"og:type\" content=\"article\" \/>\n<meta property=\"og:title\" content=\"R\u00e9parer L\u2019Humain avec des Implants C\u00e9r\u00e9braux\" \/>\n<meta property=\"og:description\" content=\"Africa-Press &#8211; Senegal. C\u2019est le re\u0302ve fou du milliardaire Elon Musk, qui compte sur son implant intelligent Neuralink pour survivre face a\u0300 la menace de ces me\u0302mes IA&#8230; Rassurez-vous, nous n\u2019y sommes pas du tout. Les intelligences artificielles omnipuissantes a\u0300 la Skynet dans Terminator n\u2019ont pas encore vu le jour. Et nous ne comprenons pas [&hellip;]\" \/>\n<meta property=\"og:url\" content=\"https:\/\/www.africa-press.net\/senegal\/politique\/reparer-lhumain-avec-des-implants-cerebraux\" \/>\n<meta property=\"og:site_name\" content=\"Senegal\" \/>\n<meta property=\"article:published_time\" content=\"2025-01-23T12:00:00+00:00\" \/>\n<meta name=\"author\" content=\"cfeditorfr\" \/>\n<meta name=\"twitter:card\" content=\"summary_large_image\" \/>\n<meta name=\"twitter:label1\" content=\"\u00c9crit par\" \/>\n\t<meta name=\"twitter:data1\" content=\"cfeditorfr\" \/>\n\t<meta name=\"twitter:label2\" content=\"Dur\u00e9e de lecture estim\u00e9e\" \/>\n\t<meta name=\"twitter:data2\" content=\"6 minutes\" \/>\n<script type=\"application\/ld+json\" class=\"yoast-schema-graph\">{\"@context\":\"https:\/\/schema.org\",\"@graph\":[{\"@type\":\"Article\",\"@id\":\"https:\/\/www.africa-press.net\/senegal\/politique\/reparer-lhumain-avec-des-implants-cerebraux#article\",\"isPartOf\":{\"@id\":\"https:\/\/www.africa-press.net\/senegal\/politique\/reparer-lhumain-avec-des-implants-cerebraux\"},\"author\":{\"name\":\"cfeditorfr\",\"@id\":\"https:\/\/www.africa-press.net\/senegal\/#\/schema\/person\/2b1cf3cd81a31e3cd26889ca66d677f1\"},\"headline\":\"R\u00e9parer L\u2019Humain avec des Implants C\u00e9r\u00e9braux\",\"datePublished\":\"2025-01-23T12:00:00+00:00\",\"mainEntityOfPage\":{\"@id\":\"https:\/\/www.africa-press.net\/senegal\/politique\/reparer-lhumain-avec-des-implants-cerebraux\"},\"wordCount\":1294,\"commentCount\":0,\"image\":{\"@id\":\"https:\/\/www.africa-press.net\/senegal\/politique\/reparer-lhumain-avec-des-implants-cerebraux#primaryimage\"},\"thumbnailUrl\":\"https:\/\/static.africa-press.net\/senegal\/sites\/13\/2025\/01\/sm_1737711616.159476.jpg\",\"keywords\":[\"Senegal\"],\"articleSection\":[\"Divers\",\"Toutes les actualit\u00e9s\"],\"inLanguage\":\"fr-FR\",\"potentialAction\":[{\"@type\":\"CommentAction\",\"name\":\"Comment\",\"target\":[\"https:\/\/www.africa-press.net\/senegal\/politique\/reparer-lhumain-avec-des-implants-cerebraux#respond\"]}]},{\"@type\":\"WebPage\",\"@id\":\"https:\/\/www.africa-press.net\/senegal\/politique\/reparer-lhumain-avec-des-implants-cerebraux\",\"url\":\"https:\/\/www.africa-press.net\/senegal\/politique\/reparer-lhumain-avec-des-implants-cerebraux\",\"name\":\"R\u00e9parer L\u2019Humain avec des Implants C\u00e9r\u00e9braux - Senegal\",\"isPartOf\":{\"@id\":\"https:\/\/www.africa-press.net\/senegal\/#website\"},\"primaryImageOfPage\":{\"@id\":\"https:\/\/www.africa-press.net\/senegal\/politique\/reparer-lhumain-avec-des-implants-cerebraux#primaryimage\"},\"image\":{\"@id\":\"https:\/\/www.africa-press.net\/senegal\/politique\/reparer-lhumain-avec-des-implants-cerebraux#primaryimage\"},\"thumbnailUrl\":\"https:\/\/static.africa-press.net\/senegal\/sites\/13\/2025\/01\/sm_1737711616.159476.jpg\",\"datePublished\":\"2025-01-23T12:00:00+00:00\",\"author\":{\"@id\":\"https:\/\/www.africa-press.net\/senegal\/#\/schema\/person\/2b1cf3cd81a31e3cd26889ca66d677f1\"},\"breadcrumb\":{\"@id\":\"https:\/\/www.africa-press.net\/senegal\/politique\/reparer-lhumain-avec-des-implants-cerebraux#breadcrumb\"},\"inLanguage\":\"fr-FR\",\"potentialAction\":[{\"@type\":\"ReadAction\",\"target\":[\"https:\/\/www.africa-press.net\/senegal\/politique\/reparer-lhumain-avec-des-implants-cerebraux\"]}]},{\"@type\":\"ImageObject\",\"inLanguage\":\"fr-FR\",\"@id\":\"https:\/\/www.africa-press.net\/senegal\/politique\/reparer-lhumain-avec-des-implants-cerebraux#primaryimage\",\"url\":\"https:\/\/static.africa-press.net\/senegal\/sites\/13\/2025\/01\/sm_1737711616.159476.jpg\",\"contentUrl\":\"https:\/\/static.africa-press.net\/senegal\/sites\/13\/2025\/01\/sm_1737711616.159476.jpg\",\"width\":1280,\"height\":720,\"caption\":\"R\u00e9parer L\u2019Humain avec des Implants C\u00e9r\u00e9braux\"},{\"@type\":\"BreadcrumbList\",\"@id\":\"https:\/\/www.africa-press.net\/senegal\/politique\/reparer-lhumain-avec-des-implants-cerebraux#breadcrumb\",\"itemListElement\":[{\"@type\":\"ListItem\",\"position\":1,\"name\":\"Accueil\",\"item\":\"https:\/\/www.africa-press.net\/senegal\/\"},{\"@type\":\"ListItem\",\"position\":2,\"name\":\"R\u00e9parer L\u2019Humain avec des Implants C\u00e9r\u00e9braux\"}]},{\"@type\":\"WebSite\",\"@id\":\"https:\/\/www.africa-press.net\/senegal\/#website\",\"url\":\"https:\/\/www.africa-press.net\/senegal\/\",\"name\":\"Africa Press | Senegal | Homepage\",\"description\":\"Just another Africa News Agency Sites site\",\"potentialAction\":[{\"@type\":\"SearchAction\",\"target\":{\"@type\":\"EntryPoint\",\"urlTemplate\":\"https:\/\/www.africa-press.net\/senegal\/?s={search_term_string}\"},\"query-input\":{\"@type\":\"PropertyValueSpecification\",\"valueRequired\":true,\"valueName\":\"search_term_string\"}}],\"inLanguage\":\"fr-FR\"},{\"@type\":\"Person\",\"@id\":\"https:\/\/www.africa-press.net\/senegal\/#\/schema\/person\/2b1cf3cd81a31e3cd26889ca66d677f1\",\"name\":\"cfeditorfr\",\"url\":\"https:\/\/www.africa-press.net\/senegal\/author\/cfeditorfr\"}]}<\/script>\n<!-- \/ Yoast SEO Premium plugin. -->","yoast_head_json":{"title":"R\u00e9parer L\u2019Humain avec des Implants C\u00e9r\u00e9braux - Senegal","robots":{"index":"index","follow":"follow","max-snippet":"max-snippet:-1","max-image-preview":"max-image-preview:large","max-video-preview":"max-video-preview:-1"},"canonical":"https:\/\/www.africa-press.net\/senegal\/politique\/reparer-lhumain-avec-des-implants-cerebraux","og_locale":"fr_FR","og_type":"article","og_title":"R\u00e9parer L\u2019Humain avec des Implants C\u00e9r\u00e9braux","og_description":"Africa-Press &#8211; Senegal. C\u2019est le re\u0302ve fou du milliardaire Elon Musk, qui compte sur son implant intelligent Neuralink pour survivre face a\u0300 la menace de ces me\u0302mes IA&#8230; Rassurez-vous, nous n\u2019y sommes pas du tout. Les intelligences artificielles omnipuissantes a\u0300 la Skynet dans Terminator n\u2019ont pas encore vu le jour. Et nous ne comprenons pas [&hellip;]","og_url":"https:\/\/www.africa-press.net\/senegal\/politique\/reparer-lhumain-avec-des-implants-cerebraux","og_site_name":"Senegal","article_published_time":"2025-01-23T12:00:00+00:00","author":"cfeditorfr","twitter_card":"summary_large_image","twitter_misc":{"\u00c9crit par":"cfeditorfr","Dur\u00e9e de lecture estim\u00e9e":"6 minutes"},"schema":{"@context":"https:\/\/schema.org","@graph":[{"@type":"Article","@id":"https:\/\/www.africa-press.net\/senegal\/politique\/reparer-lhumain-avec-des-implants-cerebraux#article","isPartOf":{"@id":"https:\/\/www.africa-press.net\/senegal\/politique\/reparer-lhumain-avec-des-implants-cerebraux"},"author":{"name":"cfeditorfr","@id":"https:\/\/www.africa-press.net\/senegal\/#\/schema\/person\/2b1cf3cd81a31e3cd26889ca66d677f1"},"headline":"R\u00e9parer L\u2019Humain avec des Implants C\u00e9r\u00e9braux","datePublished":"2025-01-23T12:00:00+00:00","mainEntityOfPage":{"@id":"https:\/\/www.africa-press.net\/senegal\/politique\/reparer-lhumain-avec-des-implants-cerebraux"},"wordCount":1294,"commentCount":0,"image":{"@id":"https:\/\/www.africa-press.net\/senegal\/politique\/reparer-lhumain-avec-des-implants-cerebraux#primaryimage"},"thumbnailUrl":"https:\/\/static.africa-press.net\/senegal\/sites\/13\/2025\/01\/sm_1737711616.159476.jpg","keywords":["Senegal"],"articleSection":["Divers","Toutes les actualit\u00e9s"],"inLanguage":"fr-FR","potentialAction":[{"@type":"CommentAction","name":"Comment","target":["https:\/\/www.africa-press.net\/senegal\/politique\/reparer-lhumain-avec-des-implants-cerebraux#respond"]}]},{"@type":"WebPage","@id":"https:\/\/www.africa-press.net\/senegal\/politique\/reparer-lhumain-avec-des-implants-cerebraux","url":"https:\/\/www.africa-press.net\/senegal\/politique\/reparer-lhumain-avec-des-implants-cerebraux","name":"R\u00e9parer L\u2019Humain avec des Implants C\u00e9r\u00e9braux - Senegal","isPartOf":{"@id":"https:\/\/www.africa-press.net\/senegal\/#website"},"primaryImageOfPage":{"@id":"https:\/\/www.africa-press.net\/senegal\/politique\/reparer-lhumain-avec-des-implants-cerebraux#primaryimage"},"image":{"@id":"https:\/\/www.africa-press.net\/senegal\/politique\/reparer-lhumain-avec-des-implants-cerebraux#primaryimage"},"thumbnailUrl":"https:\/\/static.africa-press.net\/senegal\/sites\/13\/2025\/01\/sm_1737711616.159476.jpg","datePublished":"2025-01-23T12:00:00+00:00","author":{"@id":"https:\/\/www.africa-press.net\/senegal\/#\/schema\/person\/2b1cf3cd81a31e3cd26889ca66d677f1"},"breadcrumb":{"@id":"https:\/\/www.africa-press.net\/senegal\/politique\/reparer-lhumain-avec-des-implants-cerebraux#breadcrumb"},"inLanguage":"fr-FR","potentialAction":[{"@type":"ReadAction","target":["https:\/\/www.africa-press.net\/senegal\/politique\/reparer-lhumain-avec-des-implants-cerebraux"]}]},{"@type":"ImageObject","inLanguage":"fr-FR","@id":"https:\/\/www.africa-press.net\/senegal\/politique\/reparer-lhumain-avec-des-implants-cerebraux#primaryimage","url":"https:\/\/static.africa-press.net\/senegal\/sites\/13\/2025\/01\/sm_1737711616.159476.jpg","contentUrl":"https:\/\/static.africa-press.net\/senegal\/sites\/13\/2025\/01\/sm_1737711616.159476.jpg","width":1280,"height":720,"caption":"R\u00e9parer L\u2019Humain avec des Implants C\u00e9r\u00e9braux"},{"@type":"BreadcrumbList","@id":"https:\/\/www.africa-press.net\/senegal\/politique\/reparer-lhumain-avec-des-implants-cerebraux#breadcrumb","itemListElement":[{"@type":"ListItem","position":1,"name":"Accueil","item":"https:\/\/www.africa-press.net\/senegal\/"},{"@type":"ListItem","position":2,"name":"R\u00e9parer L\u2019Humain avec des Implants C\u00e9r\u00e9braux"}]},{"@type":"WebSite","@id":"https:\/\/www.africa-press.net\/senegal\/#website","url":"https:\/\/www.africa-press.net\/senegal\/","name":"Africa Press | Senegal | Homepage","description":"Just another Africa News Agency Sites site","potentialAction":[{"@type":"SearchAction","target":{"@type":"EntryPoint","urlTemplate":"https:\/\/www.africa-press.net\/senegal\/?s={search_term_string}"},"query-input":{"@type":"PropertyValueSpecification","valueRequired":true,"valueName":"search_term_string"}}],"inLanguage":"fr-FR"},{"@type":"Person","@id":"https:\/\/www.africa-press.net\/senegal\/#\/schema\/person\/2b1cf3cd81a31e3cd26889ca66d677f1","name":"cfeditorfr","url":"https:\/\/www.africa-press.net\/senegal\/author\/cfeditorfr"}]}},"_links":{"self":[{"href":"https:\/\/www.africa-press.net\/senegal\/wp-json\/wp\/v2\/posts\/64987","targetHints":{"allow":["GET"]}}],"collection":[{"href":"https:\/\/www.africa-press.net\/senegal\/wp-json\/wp\/v2\/posts"}],"about":[{"href":"https:\/\/www.africa-press.net\/senegal\/wp-json\/wp\/v2\/types\/post"}],"author":[{"embeddable":true,"href":"https:\/\/www.africa-press.net\/senegal\/wp-json\/wp\/v2\/users\/82"}],"replies":[{"embeddable":true,"href":"https:\/\/www.africa-press.net\/senegal\/wp-json\/wp\/v2\/comments?post=64987"}],"version-history":[{"count":0,"href":"https:\/\/www.africa-press.net\/senegal\/wp-json\/wp\/v2\/posts\/64987\/revisions"}],"wp:featuredmedia":[{"embeddable":true,"href":"https:\/\/www.africa-press.net\/senegal\/wp-json\/wp\/v2\/media\/64986"}],"wp:attachment":[{"href":"https:\/\/www.africa-press.net\/senegal\/wp-json\/wp\/v2\/media?parent=64987"}],"wp:term":[{"taxonomy":"category","embeddable":true,"href":"https:\/\/www.africa-press.net\/senegal\/wp-json\/wp\/v2\/categories?post=64987"},{"taxonomy":"post_tag","embeddable":true,"href":"https:\/\/www.africa-press.net\/senegal\/wp-json\/wp\/v2\/tags?post=64987"}],"curies":[{"name":"wp","href":"https:\/\/api.w.org\/{rel}","templated":true}]}}