{"id":65029,"date":"2025-01-25T14:00:00","date_gmt":"2025-01-25T14:00:00","guid":{"rendered":"https:\/\/www.africa-press.net\/senegal\/politique\/les-griefs-contre-ousmane-yara-homme-daffaires-malien-proche-de-macky-sall"},"modified":"2025-01-25T14:00:00","modified_gmt":"2025-01-25T14:00:00","slug":"les-griefs-contre-ousmane-yara-homme-daffaires-malien-proche-de-macky-sall","status":"publish","type":"post","link":"https:\/\/www.africa-press.net\/senegal\/politique\/les-griefs-contre-ousmane-yara-homme-daffaires-malien-proche-de-macky-sall","title":{"rendered":"Les \u00ab\u00a0Griefs\u00a0\u00bb Contre Ousmane Yara, Homme D\u2019Affaires Malien, Proche de Macky Sall"},"content":{"rendered":"<p><span style=\"color: #ff6600\"><strong>Africa-Press &#8211; Senegal. <\/strong><\/span>Macky Sall dit de lui, qu\u2019il est \u00ab tre\u0300s exceptionnel et tre\u0300s dangereux \u00bb. Ousmane Mara, homme d\u2019affaires malien proche de l\u2019ancien pre\u0301sident se\u0301ne\u0301galais a joue\u0301 un certain ro\u0302le lors des violences post-e\u0301lectorales de 2024 au Se\u0301ne\u0301gal.<\/p>\n<p>En effet, selon Jeune Afrique, cet homme au carnet d\u2019adresse fourni, a mene\u0301 des ne\u0301gociations avec Ousmane Sonko au nom de Macky Sall pour tenter d&rsquo;apaiser le climat politique. Il aurait rencontre\u0301 a\u0300 plusieurs reprises le leader du Pastef pour lui transmettre des messages de l\u2019ancien pre\u0301sident se\u0301ne\u0301galais.<\/p>\n<p><b>\u00ab Si je vois qu\u2019un pays bru\u0302le et que j\u2019ai la solution pour e\u0301teindre l\u2019incendie&#8230; \u00bb<\/b><\/p>\n<p>\u00ab J\u2019ai juste voulu aider un ami. J\u2019ai vu que la direction dans laquelle certains voulaient le pousser lui cre\u0301erait des proble\u0300mes, et cre\u0301erait des proble\u0300mes au pays. Si je vois qu\u2019un pays bru\u0302le et que j\u2019ai la solution pour e\u0301teindre l\u2019incendie, pourquoi ne le ferais-je pas \u00bb a de\u0301clare\u0301 Ousmane Yara a\u0300 l\u2019hebdomadaire panafricain pour justifier sa bonne action. Dans l\u2019entourage de Macky Sall, il ne compte pourtant pas que des amis.<\/p>\n<p>Selon Jeune Afrique, le conseiller de l\u2019ancien pre\u0301sident se\u0301ne\u0301galais Oumar Sow, l\u2019accuse d\u2019avoir travaille\u0301 contre la candidature du dauphin de Macky Sall, Amadou Bah, contribuant ainsi a\u0300 sa de\u0301faite.<\/p>\n<p><b>\u00ab Il n\u2019y a aucun chef d\u2019Etat que j\u2019ai aide\u0301 et qui, en retour, m\u2019a facilite\u0301&#8230; \u00bb<\/b><\/p>\n<p>Un chef d\u2019entreprise ouest-africain cite\u0301 par l\u2019hebdomadaire panafricain, a e\u0301galement casse\u0301 du sucre sur son dos, l\u2019assimilant a\u0300 un \u00ab homme d\u2019affaires qui cherche a\u0300 e\u0302tre proche des palais pre\u0301sidentiels pour avoir en retour un acce\u0300s aux marche\u0301s publics \u00bb.<\/p>\n<p>Le Malien balaie d\u2019un revers ces griefs: \u00ab Il n\u2019y a aucun chef d\u2019Etat que j\u2019ai aide\u0301 et qui, en retour, m\u2019a facilite\u0301 l\u2019obtention des marche\u0301s publics \u00bb.<\/p>\n<p><strong>Pour plus d&rsquo;informations et d&rsquo;analyses sur la <span style=\"color: #ff6600\">Senegal<\/span>, suivez <span style=\"color: #ff6600\">Africa-Press<span style=\"color: #ff6600\"><\/span><\/strong><\/p>\n","protected":false},"excerpt":{"rendered":"<p>Africa-Press &#8211; Senegal. Macky Sall dit de lui, qu\u2019il est \u00ab tre\u0300s exceptionnel et tre\u0300s dangereux \u00bb. Ousmane Mara, homme d\u2019affaires malien proche de l\u2019ancien pre\u0301sident se\u0301ne\u0301galais a joue\u0301 un certain ro\u0302le lors des violences post-e\u0301lectorales de 2024 au Se\u0301ne\u0301gal. En effet, selon Jeune Afrique, cet homme au carnet d\u2019adresse fourni, a mene\u0301 des ne\u0301gociations [&hellip;]<\/p>\n","protected":false},"author":82,"featured_media":65028,"comment_status":"open","ping_status":"closed","sticky":false,"template":"","format":"standard","meta":{"footnotes":""},"categories":[2,20,10],"tags":[5193,42,336,5194,44],"class_list":["post-65029","post","type-post","status-publish","format-standard","has-post-thumbnail","hentry","category-politique","category-top-nouvelles","category-toutes-les-actualites","tag-grief","tag-macky-sall","tag-mali","tag-ousmane-yara","tag-senegal-2"],"yoast_head":"<!-- This site is optimized with the Yoast SEO Premium plugin v26.1 (Yoast SEO v27.0) - https:\/\/yoast.com\/product\/yoast-seo-premium-wordpress\/ -->\n<title>Les &quot;Griefs&quot; Contre Ousmane Yara, Homme D\u2019Affaires Malien, Proche de Macky Sall - Senegal<\/title>\n<meta name=\"robots\" content=\"index, follow, max-snippet:-1, max-image-preview:large, max-video-preview:-1\" \/>\n<link rel=\"canonical\" href=\"https:\/\/www.africa-press.net\/senegal\/politique\/les-griefs-contre-ousmane-yara-homme-daffaires-malien-proche-de-macky-sall\" \/>\n<meta property=\"og:locale\" content=\"fr_FR\" \/>\n<meta property=\"og:type\" content=\"article\" \/>\n<meta property=\"og:title\" content=\"Les &quot;Griefs&quot; Contre Ousmane Yara, Homme D\u2019Affaires Malien, Proche de Macky Sall\" \/>\n<meta property=\"og:description\" content=\"Africa-Press &#8211; Senegal. Macky Sall dit de lui, qu\u2019il est \u00ab tre\u0300s exceptionnel et tre\u0300s dangereux \u00bb. Ousmane Mara, homme d\u2019affaires malien proche de l\u2019ancien pre\u0301sident se\u0301ne\u0301galais a joue\u0301 un certain ro\u0302le lors des violences post-e\u0301lectorales de 2024 au Se\u0301ne\u0301gal. En effet, selon Jeune Afrique, cet homme au carnet d\u2019adresse fourni, a mene\u0301 des ne\u0301gociations [&hellip;]\" \/>\n<meta property=\"og:url\" content=\"https:\/\/www.africa-press.net\/senegal\/politique\/les-griefs-contre-ousmane-yara-homme-daffaires-malien-proche-de-macky-sall\" \/>\n<meta property=\"og:site_name\" content=\"Senegal\" \/>\n<meta property=\"article:published_time\" content=\"2025-01-25T14:00:00+00:00\" \/>\n<meta name=\"author\" content=\"cfeditorfr\" \/>\n<meta name=\"twitter:card\" content=\"summary_large_image\" \/>\n<meta name=\"twitter:label1\" content=\"\u00c9crit par\" \/>\n\t<meta name=\"twitter:data1\" content=\"cfeditorfr\" \/>\n\t<meta name=\"twitter:label2\" content=\"Dur\u00e9e de lecture estim\u00e9e\" \/>\n\t<meta name=\"twitter:data2\" content=\"2 minutes\" \/>\n<script type=\"application\/ld+json\" class=\"yoast-schema-graph\">{\"@context\":\"https:\/\/schema.org\",\"@graph\":[{\"@type\":\"Article\",\"@id\":\"https:\/\/www.africa-press.net\/senegal\/politique\/les-griefs-contre-ousmane-yara-homme-daffaires-malien-proche-de-macky-sall#article\",\"isPartOf\":{\"@id\":\"https:\/\/www.africa-press.net\/senegal\/politique\/les-griefs-contre-ousmane-yara-homme-daffaires-malien-proche-de-macky-sall\"},\"author\":{\"name\":\"cfeditorfr\",\"@id\":\"https:\/\/www.africa-press.net\/senegal\/#\/schema\/person\/2b1cf3cd81a31e3cd26889ca66d677f1\"},\"headline\":\"Les \u00ab\u00a0Griefs\u00a0\u00bb Contre Ousmane Yara, Homme D\u2019Affaires Malien, Proche de Macky Sall\",\"datePublished\":\"2025-01-25T14:00:00+00:00\",\"mainEntityOfPage\":{\"@id\":\"https:\/\/www.africa-press.net\/senegal\/politique\/les-griefs-contre-ousmane-yara-homme-daffaires-malien-proche-de-macky-sall\"},\"wordCount\":368,\"commentCount\":0,\"image\":{\"@id\":\"https:\/\/www.africa-press.net\/senegal\/politique\/les-griefs-contre-ousmane-yara-homme-daffaires-malien-proche-de-macky-sall#primaryimage\"},\"thumbnailUrl\":\"https:\/\/static.africa-press.net\/senegal\/sites\/13\/2025\/01\/sm_1737873038.400712.jpg\",\"keywords\":[\"grief\",\"Macky Sall\",\"Mali\",\"Ousmane yara\",\"Senegal\"],\"articleSection\":[\"Politique\",\"Top Nouvelles\",\"Toutes les actualit\u00e9s\"],\"inLanguage\":\"fr-FR\",\"potentialAction\":[{\"@type\":\"CommentAction\",\"name\":\"Comment\",\"target\":[\"https:\/\/www.africa-press.net\/senegal\/politique\/les-griefs-contre-ousmane-yara-homme-daffaires-malien-proche-de-macky-sall#respond\"]}]},{\"@type\":\"WebPage\",\"@id\":\"https:\/\/www.africa-press.net\/senegal\/politique\/les-griefs-contre-ousmane-yara-homme-daffaires-malien-proche-de-macky-sall\",\"url\":\"https:\/\/www.africa-press.net\/senegal\/politique\/les-griefs-contre-ousmane-yara-homme-daffaires-malien-proche-de-macky-sall\",\"name\":\"Les \\\"Griefs\\\" Contre Ousmane Yara, Homme D\u2019Affaires Malien, Proche de Macky Sall - Senegal\",\"isPartOf\":{\"@id\":\"https:\/\/www.africa-press.net\/senegal\/#website\"},\"primaryImageOfPage\":{\"@id\":\"https:\/\/www.africa-press.net\/senegal\/politique\/les-griefs-contre-ousmane-yara-homme-daffaires-malien-proche-de-macky-sall#primaryimage\"},\"image\":{\"@id\":\"https:\/\/www.africa-press.net\/senegal\/politique\/les-griefs-contre-ousmane-yara-homme-daffaires-malien-proche-de-macky-sall#primaryimage\"},\"thumbnailUrl\":\"https:\/\/static.africa-press.net\/senegal\/sites\/13\/2025\/01\/sm_1737873038.400712.jpg\",\"datePublished\":\"2025-01-25T14:00:00+00:00\",\"author\":{\"@id\":\"https:\/\/www.africa-press.net\/senegal\/#\/schema\/person\/2b1cf3cd81a31e3cd26889ca66d677f1\"},\"breadcrumb\":{\"@id\":\"https:\/\/www.africa-press.net\/senegal\/politique\/les-griefs-contre-ousmane-yara-homme-daffaires-malien-proche-de-macky-sall#breadcrumb\"},\"inLanguage\":\"fr-FR\",\"potentialAction\":[{\"@type\":\"ReadAction\",\"target\":[\"https:\/\/www.africa-press.net\/senegal\/politique\/les-griefs-contre-ousmane-yara-homme-daffaires-malien-proche-de-macky-sall\"]}]},{\"@type\":\"ImageObject\",\"inLanguage\":\"fr-FR\",\"@id\":\"https:\/\/www.africa-press.net\/senegal\/politique\/les-griefs-contre-ousmane-yara-homme-daffaires-malien-proche-de-macky-sall#primaryimage\",\"url\":\"https:\/\/static.africa-press.net\/senegal\/sites\/13\/2025\/01\/sm_1737873038.400712.jpg\",\"contentUrl\":\"https:\/\/static.africa-press.net\/senegal\/sites\/13\/2025\/01\/sm_1737873038.400712.jpg\",\"width\":1149,\"height\":552,\"caption\":\"Les \\\"Griefs\\\" Contre Ousmane Yara, Homme D\u2019Affaires Malien, Proche de Macky Sall\"},{\"@type\":\"BreadcrumbList\",\"@id\":\"https:\/\/www.africa-press.net\/senegal\/politique\/les-griefs-contre-ousmane-yara-homme-daffaires-malien-proche-de-macky-sall#breadcrumb\",\"itemListElement\":[{\"@type\":\"ListItem\",\"position\":1,\"name\":\"Accueil\",\"item\":\"https:\/\/www.africa-press.net\/senegal\/\"},{\"@type\":\"ListItem\",\"position\":2,\"name\":\"Les \u00ab\u00a0Griefs\u00a0\u00bb Contre Ousmane Yara, Homme D\u2019Affaires Malien, Proche de Macky Sall\"}]},{\"@type\":\"WebSite\",\"@id\":\"https:\/\/www.africa-press.net\/senegal\/#website\",\"url\":\"https:\/\/www.africa-press.net\/senegal\/\",\"name\":\"Africa Press | Senegal | Homepage\",\"description\":\"Just another Africa News Agency Sites site\",\"potentialAction\":[{\"@type\":\"SearchAction\",\"target\":{\"@type\":\"EntryPoint\",\"urlTemplate\":\"https:\/\/www.africa-press.net\/senegal\/?s={search_term_string}\"},\"query-input\":{\"@type\":\"PropertyValueSpecification\",\"valueRequired\":true,\"valueName\":\"search_term_string\"}}],\"inLanguage\":\"fr-FR\"},{\"@type\":\"Person\",\"@id\":\"https:\/\/www.africa-press.net\/senegal\/#\/schema\/person\/2b1cf3cd81a31e3cd26889ca66d677f1\",\"name\":\"cfeditorfr\",\"url\":\"https:\/\/www.africa-press.net\/senegal\/author\/cfeditorfr\"}]}<\/script>\n<!-- \/ Yoast SEO Premium plugin. -->","yoast_head_json":{"title":"Les \"Griefs\" Contre Ousmane Yara, Homme D\u2019Affaires Malien, Proche de Macky Sall - Senegal","robots":{"index":"index","follow":"follow","max-snippet":"max-snippet:-1","max-image-preview":"max-image-preview:large","max-video-preview":"max-video-preview:-1"},"canonical":"https:\/\/www.africa-press.net\/senegal\/politique\/les-griefs-contre-ousmane-yara-homme-daffaires-malien-proche-de-macky-sall","og_locale":"fr_FR","og_type":"article","og_title":"Les \"Griefs\" Contre Ousmane Yara, Homme D\u2019Affaires Malien, Proche de Macky Sall","og_description":"Africa-Press &#8211; Senegal. Macky Sall dit de lui, qu\u2019il est \u00ab tre\u0300s exceptionnel et tre\u0300s dangereux \u00bb. Ousmane Mara, homme d\u2019affaires malien proche de l\u2019ancien pre\u0301sident se\u0301ne\u0301galais a joue\u0301 un certain ro\u0302le lors des violences post-e\u0301lectorales de 2024 au Se\u0301ne\u0301gal. En effet, selon Jeune Afrique, cet homme au carnet d\u2019adresse fourni, a mene\u0301 des ne\u0301gociations [&hellip;]","og_url":"https:\/\/www.africa-press.net\/senegal\/politique\/les-griefs-contre-ousmane-yara-homme-daffaires-malien-proche-de-macky-sall","og_site_name":"Senegal","article_published_time":"2025-01-25T14:00:00+00:00","author":"cfeditorfr","twitter_card":"summary_large_image","twitter_misc":{"\u00c9crit par":"cfeditorfr","Dur\u00e9e de lecture estim\u00e9e":"2 minutes"},"schema":{"@context":"https:\/\/schema.org","@graph":[{"@type":"Article","@id":"https:\/\/www.africa-press.net\/senegal\/politique\/les-griefs-contre-ousmane-yara-homme-daffaires-malien-proche-de-macky-sall#article","isPartOf":{"@id":"https:\/\/www.africa-press.net\/senegal\/politique\/les-griefs-contre-ousmane-yara-homme-daffaires-malien-proche-de-macky-sall"},"author":{"name":"cfeditorfr","@id":"https:\/\/www.africa-press.net\/senegal\/#\/schema\/person\/2b1cf3cd81a31e3cd26889ca66d677f1"},"headline":"Les \u00ab\u00a0Griefs\u00a0\u00bb Contre Ousmane Yara, Homme D\u2019Affaires Malien, Proche de Macky Sall","datePublished":"2025-01-25T14:00:00+00:00","mainEntityOfPage":{"@id":"https:\/\/www.africa-press.net\/senegal\/politique\/les-griefs-contre-ousmane-yara-homme-daffaires-malien-proche-de-macky-sall"},"wordCount":368,"commentCount":0,"image":{"@id":"https:\/\/www.africa-press.net\/senegal\/politique\/les-griefs-contre-ousmane-yara-homme-daffaires-malien-proche-de-macky-sall#primaryimage"},"thumbnailUrl":"https:\/\/static.africa-press.net\/senegal\/sites\/13\/2025\/01\/sm_1737873038.400712.jpg","keywords":["grief","Macky Sall","Mali","Ousmane yara","Senegal"],"articleSection":["Politique","Top Nouvelles","Toutes les actualit\u00e9s"],"inLanguage":"fr-FR","potentialAction":[{"@type":"CommentAction","name":"Comment","target":["https:\/\/www.africa-press.net\/senegal\/politique\/les-griefs-contre-ousmane-yara-homme-daffaires-malien-proche-de-macky-sall#respond"]}]},{"@type":"WebPage","@id":"https:\/\/www.africa-press.net\/senegal\/politique\/les-griefs-contre-ousmane-yara-homme-daffaires-malien-proche-de-macky-sall","url":"https:\/\/www.africa-press.net\/senegal\/politique\/les-griefs-contre-ousmane-yara-homme-daffaires-malien-proche-de-macky-sall","name":"Les \"Griefs\" Contre Ousmane Yara, Homme D\u2019Affaires Malien, Proche de Macky Sall - Senegal","isPartOf":{"@id":"https:\/\/www.africa-press.net\/senegal\/#website"},"primaryImageOfPage":{"@id":"https:\/\/www.africa-press.net\/senegal\/politique\/les-griefs-contre-ousmane-yara-homme-daffaires-malien-proche-de-macky-sall#primaryimage"},"image":{"@id":"https:\/\/www.africa-press.net\/senegal\/politique\/les-griefs-contre-ousmane-yara-homme-daffaires-malien-proche-de-macky-sall#primaryimage"},"thumbnailUrl":"https:\/\/static.africa-press.net\/senegal\/sites\/13\/2025\/01\/sm_1737873038.400712.jpg","datePublished":"2025-01-25T14:00:00+00:00","author":{"@id":"https:\/\/www.africa-press.net\/senegal\/#\/schema\/person\/2b1cf3cd81a31e3cd26889ca66d677f1"},"breadcrumb":{"@id":"https:\/\/www.africa-press.net\/senegal\/politique\/les-griefs-contre-ousmane-yara-homme-daffaires-malien-proche-de-macky-sall#breadcrumb"},"inLanguage":"fr-FR","potentialAction":[{"@type":"ReadAction","target":["https:\/\/www.africa-press.net\/senegal\/politique\/les-griefs-contre-ousmane-yara-homme-daffaires-malien-proche-de-macky-sall"]}]},{"@type":"ImageObject","inLanguage":"fr-FR","@id":"https:\/\/www.africa-press.net\/senegal\/politique\/les-griefs-contre-ousmane-yara-homme-daffaires-malien-proche-de-macky-sall#primaryimage","url":"https:\/\/static.africa-press.net\/senegal\/sites\/13\/2025\/01\/sm_1737873038.400712.jpg","contentUrl":"https:\/\/static.africa-press.net\/senegal\/sites\/13\/2025\/01\/sm_1737873038.400712.jpg","width":1149,"height":552,"caption":"Les \"Griefs\" Contre Ousmane Yara, Homme D\u2019Affaires Malien, Proche de Macky Sall"},{"@type":"BreadcrumbList","@id":"https:\/\/www.africa-press.net\/senegal\/politique\/les-griefs-contre-ousmane-yara-homme-daffaires-malien-proche-de-macky-sall#breadcrumb","itemListElement":[{"@type":"ListItem","position":1,"name":"Accueil","item":"https:\/\/www.africa-press.net\/senegal\/"},{"@type":"ListItem","position":2,"name":"Les \u00ab\u00a0Griefs\u00a0\u00bb Contre Ousmane Yara, Homme D\u2019Affaires Malien, Proche de Macky Sall"}]},{"@type":"WebSite","@id":"https:\/\/www.africa-press.net\/senegal\/#website","url":"https:\/\/www.africa-press.net\/senegal\/","name":"Africa Press | Senegal | Homepage","description":"Just another Africa News Agency Sites site","potentialAction":[{"@type":"SearchAction","target":{"@type":"EntryPoint","urlTemplate":"https:\/\/www.africa-press.net\/senegal\/?s={search_term_string}"},"query-input":{"@type":"PropertyValueSpecification","valueRequired":true,"valueName":"search_term_string"}}],"inLanguage":"fr-FR"},{"@type":"Person","@id":"https:\/\/www.africa-press.net\/senegal\/#\/schema\/person\/2b1cf3cd81a31e3cd26889ca66d677f1","name":"cfeditorfr","url":"https:\/\/www.africa-press.net\/senegal\/author\/cfeditorfr"}]}},"_links":{"self":[{"href":"https:\/\/www.africa-press.net\/senegal\/wp-json\/wp\/v2\/posts\/65029","targetHints":{"allow":["GET"]}}],"collection":[{"href":"https:\/\/www.africa-press.net\/senegal\/wp-json\/wp\/v2\/posts"}],"about":[{"href":"https:\/\/www.africa-press.net\/senegal\/wp-json\/wp\/v2\/types\/post"}],"author":[{"embeddable":true,"href":"https:\/\/www.africa-press.net\/senegal\/wp-json\/wp\/v2\/users\/82"}],"replies":[{"embeddable":true,"href":"https:\/\/www.africa-press.net\/senegal\/wp-json\/wp\/v2\/comments?post=65029"}],"version-history":[{"count":0,"href":"https:\/\/www.africa-press.net\/senegal\/wp-json\/wp\/v2\/posts\/65029\/revisions"}],"wp:featuredmedia":[{"embeddable":true,"href":"https:\/\/www.africa-press.net\/senegal\/wp-json\/wp\/v2\/media\/65028"}],"wp:attachment":[{"href":"https:\/\/www.africa-press.net\/senegal\/wp-json\/wp\/v2\/media?parent=65029"}],"wp:term":[{"taxonomy":"category","embeddable":true,"href":"https:\/\/www.africa-press.net\/senegal\/wp-json\/wp\/v2\/categories?post=65029"},{"taxonomy":"post_tag","embeddable":true,"href":"https:\/\/www.africa-press.net\/senegal\/wp-json\/wp\/v2\/tags?post=65029"}],"curies":[{"name":"wp","href":"https:\/\/api.w.org\/{rel}","templated":true}]}}