{"id":65031,"date":"2025-01-25T13:45:00","date_gmt":"2025-01-25T13:45:00","guid":{"rendered":"https:\/\/www.africa-press.net\/senegal\/politique\/kalemodou-yansane-a-propos-de-bah-oury-et-ousmane-gaoual-il-ne-faut-pas-quils-oublient-quils-sont-des-produits-de-lufdg"},"modified":"2025-01-25T13:45:00","modified_gmt":"2025-01-25T13:45:00","slug":"kalemodou-yansane-a-propos-de-bah-oury-et-ousmane-gaoual-il-ne-faut-pas-quils-oublient-quils-sont-des-produits-de-lufdg","status":"publish","type":"post","link":"https:\/\/www.africa-press.net\/senegal\/politique\/kalemodou-yansane-a-propos-de-bah-oury-et-ousmane-gaoual-il-ne-faut-pas-quils-oublient-quils-sont-des-produits-de-lufdg","title":{"rendered":"Kal\u00e9modou Yansan\u00e9 \u00e0 Propos de Bah Oury et Ousmane Gaoual : \u2018\u2019Il ne Faut pas Qu\u2019Ils Oublient Qu\u2019Ils Sont des Produits de L\u2019Ufdg\u201d"},"content":{"rendered":"<p><span style=\"color: #ff6600\"><strong>Africa-Press &#8211; Senegal. <\/strong><\/span><b>L\u2018Union des forces de\u0301mocratiques de Guine\u0301e (UFDG), dirige\u0301e par l\u2019ancien Premier Cellou Dalein Diallo, a tenu son assemble\u0301e ge\u0301ne\u0301rale,<\/b> <b>ce samedi 25 janvier 2025, a\u0300<\/b> <b>la Minie\u0300re dans la commune de Dixinn.<\/b><\/p>\n<p>Le vice-pre\u0301sident Kale\u0301modou Yansane\u0301 a profite\u0301 de la pre\u0301sence d\u2019une foule de militants au sie\u0300ge de l\u2019UFDG pour interpeller le Premier ministre Bah Oury et le porte-parole du gouvernement Ousmane Gaoual Diallo.<\/p>\n<p>\u2018\u2019Je voudrais dire au Premier ministre et au ministre porte-parole qu\u2019ils sont des produits vendus par l\u2019UFDG. Ce sont des produits de l\u2019UFDG. C\u2019est parce que l\u2019UFDG est grand qu\u2019ils ont e\u0301te\u0301 connus et qu\u2019ils sont la\u0300 ou\u0300 ils sont aujourd\u2019hui. Quand je vois le Premier ministre bien habille\u0301, la veste bleu ciel, le visage slim, je me rappelle des moments heureux qu\u2019on a ve\u0301cus avec le FNDC. Il ne faut pas qu\u2019il oublie ces moments-la\u0300. Il ne faut pas qu\u2019ils oublient qu\u2019ils viennent de l\u2019UFDG. Il ne faut pas qu\u2019ils oublient qu\u2019ils sont des produits de l\u2019UFDG\u2019\u2019, lance-t-il a\u0300 l\u2019endroit de Bah Oury et du ministre Ousmane Gaoual Diallo.<\/p>\n<p>\u2018\u2019Nous sommes contents quand on les voit reluisant, brillant. On se dit que ce sont des produits de l\u2019UFDG. Mais ce qu\u2019ils ont dit hier a\u0300 Bambeto et ici me\u0302me, je leur demande de ne pas oublier tout c\u0327a\u2019\u2019, leur conseille-t-il.<\/p>\n<p>\u2018\u2019Les valeurs qui sont la Re\u0301publique, qui sont la de\u0301mocratie, ont e\u0301te\u0301 pre\u0301sente\u0301es, au peuple de Guine\u0301e, en septembre 2021 par CNRD et re\u0301affirme\u0301es dans sa charte de la transition. C\u2019est pourquoi, nous avons adhe\u0301re\u0301 a\u0300 l\u2019e\u0301poque sans re\u0301serve a\u0300 cette charte. Nous continuons, humblement, mais fermement, a\u0300 re\u0301clamer, le respect de ces engagements. L\u2019engagement du ge\u0301ne\u0301ral Doumbouya, l\u2019engagement de la charte\u2019\u2019, pre\u0301cise-t-il.<\/p>\n<p>L\u2019ancien parlementaire a demande\u0301 aux militants de l\u2019UFDG de s\u2019abstenir de tenir des propos qui peuvent faire en sorte que \u2018\u2019notre caracte\u0300re pacifique et transversal soit e\u0301corche\u0301. Nous continuons a\u0300 re\u0301sister. Dieu est pour la dignite\u0301, la droiture. Dieu est avec nous\u2019\u2019.<\/p>\n<p><strong>Pour plus d&rsquo;informations et d&rsquo;analyses sur la <span style=\"color: #ff6600\">Senegal<\/span>, suivez <span style=\"color: #ff6600\">Africa-Press<span style=\"color: #ff6600\"><\/span><\/strong><\/p>\n","protected":false},"excerpt":{"rendered":"<p>Africa-Press &#8211; Senegal. L\u2018Union des forces de\u0301mocratiques de Guine\u0301e (UFDG), dirige\u0301e par l\u2019ancien Premier Cellou Dalein Diallo, a tenu son assemble\u0301e ge\u0301ne\u0301rale, ce samedi 25 janvier 2025, a\u0300 la Minie\u0300re dans la commune de Dixinn. Le vice-pre\u0301sident Kale\u0301modou Yansane\u0301 a profite\u0301 de la pre\u0301sence d\u2019une foule de militants au sie\u0300ge de l\u2019UFDG pour interpeller le [&hellip;]<\/p>\n","protected":false},"author":82,"featured_media":65030,"comment_status":"open","ping_status":"closed","sticky":false,"template":"","format":"standard","meta":{"footnotes":""},"categories":[2,20,10],"tags":[44],"class_list":["post-65031","post","type-post","status-publish","format-standard","has-post-thumbnail","hentry","category-politique","category-top-nouvelles","category-toutes-les-actualites","tag-senegal-2"],"yoast_head":"<!-- This site is optimized with the Yoast SEO Premium plugin v26.1 (Yoast SEO v27.0) - https:\/\/yoast.com\/product\/yoast-seo-premium-wordpress\/ -->\n<title>Kal\u00e9modou Yansan\u00e9 \u00e0 Propos de Bah Oury et Ousmane Gaoual : \u2018\u2019Il ne Faut pas Qu\u2019Ils Oublient Qu\u2019Ils Sont des Produits de L\u2019Ufdg\u201d - Senegal<\/title>\n<meta name=\"robots\" content=\"index, follow, max-snippet:-1, max-image-preview:large, max-video-preview:-1\" \/>\n<link rel=\"canonical\" href=\"https:\/\/www.africa-press.net\/senegal\/politique\/kalemodou-yansane-a-propos-de-bah-oury-et-ousmane-gaoual-il-ne-faut-pas-quils-oublient-quils-sont-des-produits-de-lufdg\" \/>\n<meta property=\"og:locale\" content=\"fr_FR\" \/>\n<meta property=\"og:type\" content=\"article\" \/>\n<meta property=\"og:title\" content=\"Kal\u00e9modou Yansan\u00e9 \u00e0 Propos de Bah Oury et Ousmane Gaoual : \u2018\u2019Il ne Faut pas Qu\u2019Ils Oublient Qu\u2019Ils Sont des Produits de L\u2019Ufdg\u201d\" \/>\n<meta property=\"og:description\" content=\"Africa-Press &#8211; Senegal. L\u2018Union des forces de\u0301mocratiques de Guine\u0301e (UFDG), dirige\u0301e par l\u2019ancien Premier Cellou Dalein Diallo, a tenu son assemble\u0301e ge\u0301ne\u0301rale, ce samedi 25 janvier 2025, a\u0300 la Minie\u0300re dans la commune de Dixinn. Le vice-pre\u0301sident Kale\u0301modou Yansane\u0301 a profite\u0301 de la pre\u0301sence d\u2019une foule de militants au sie\u0300ge de l\u2019UFDG pour interpeller le [&hellip;]\" \/>\n<meta property=\"og:url\" content=\"https:\/\/www.africa-press.net\/senegal\/politique\/kalemodou-yansane-a-propos-de-bah-oury-et-ousmane-gaoual-il-ne-faut-pas-quils-oublient-quils-sont-des-produits-de-lufdg\" \/>\n<meta property=\"og:site_name\" content=\"Senegal\" \/>\n<meta property=\"article:published_time\" content=\"2025-01-25T13:45:00+00:00\" \/>\n<meta name=\"author\" content=\"cfeditorfr\" \/>\n<meta name=\"twitter:card\" content=\"summary_large_image\" \/>\n<meta name=\"twitter:label1\" content=\"\u00c9crit par\" \/>\n\t<meta name=\"twitter:data1\" content=\"cfeditorfr\" \/>\n\t<meta name=\"twitter:label2\" content=\"Dur\u00e9e de lecture estim\u00e9e\" \/>\n\t<meta name=\"twitter:data2\" content=\"2 minutes\" \/>\n<script type=\"application\/ld+json\" class=\"yoast-schema-graph\">{\"@context\":\"https:\/\/schema.org\",\"@graph\":[{\"@type\":\"Article\",\"@id\":\"https:\/\/www.africa-press.net\/senegal\/politique\/kalemodou-yansane-a-propos-de-bah-oury-et-ousmane-gaoual-il-ne-faut-pas-quils-oublient-quils-sont-des-produits-de-lufdg#article\",\"isPartOf\":{\"@id\":\"https:\/\/www.africa-press.net\/senegal\/politique\/kalemodou-yansane-a-propos-de-bah-oury-et-ousmane-gaoual-il-ne-faut-pas-quils-oublient-quils-sont-des-produits-de-lufdg\"},\"author\":{\"name\":\"cfeditorfr\",\"@id\":\"https:\/\/www.africa-press.net\/senegal\/#\/schema\/person\/2b1cf3cd81a31e3cd26889ca66d677f1\"},\"headline\":\"Kal\u00e9modou Yansan\u00e9 \u00e0 Propos de Bah Oury et Ousmane Gaoual : \u2018\u2019Il ne Faut pas Qu\u2019Ils Oublient Qu\u2019Ils Sont des Produits de L\u2019Ufdg\u201d\",\"datePublished\":\"2025-01-25T13:45:00+00:00\",\"mainEntityOfPage\":{\"@id\":\"https:\/\/www.africa-press.net\/senegal\/politique\/kalemodou-yansane-a-propos-de-bah-oury-et-ousmane-gaoual-il-ne-faut-pas-quils-oublient-quils-sont-des-produits-de-lufdg\"},\"wordCount\":420,\"commentCount\":0,\"image\":{\"@id\":\"https:\/\/www.africa-press.net\/senegal\/politique\/kalemodou-yansane-a-propos-de-bah-oury-et-ousmane-gaoual-il-ne-faut-pas-quils-oublient-quils-sont-des-produits-de-lufdg#primaryimage\"},\"thumbnailUrl\":\"https:\/\/static.africa-press.net\/senegal\/sites\/13\/2025\/01\/sm_1737873077.024652.jpg\",\"keywords\":[\"Senegal\"],\"articleSection\":[\"Politique\",\"Top Nouvelles\",\"Toutes les actualit\u00e9s\"],\"inLanguage\":\"fr-FR\",\"potentialAction\":[{\"@type\":\"CommentAction\",\"name\":\"Comment\",\"target\":[\"https:\/\/www.africa-press.net\/senegal\/politique\/kalemodou-yansane-a-propos-de-bah-oury-et-ousmane-gaoual-il-ne-faut-pas-quils-oublient-quils-sont-des-produits-de-lufdg#respond\"]}]},{\"@type\":\"WebPage\",\"@id\":\"https:\/\/www.africa-press.net\/senegal\/politique\/kalemodou-yansane-a-propos-de-bah-oury-et-ousmane-gaoual-il-ne-faut-pas-quils-oublient-quils-sont-des-produits-de-lufdg\",\"url\":\"https:\/\/www.africa-press.net\/senegal\/politique\/kalemodou-yansane-a-propos-de-bah-oury-et-ousmane-gaoual-il-ne-faut-pas-quils-oublient-quils-sont-des-produits-de-lufdg\",\"name\":\"Kal\u00e9modou Yansan\u00e9 \u00e0 Propos de Bah Oury et Ousmane Gaoual : \u2018\u2019Il ne Faut pas Qu\u2019Ils Oublient Qu\u2019Ils Sont des Produits de L\u2019Ufdg\u201d - Senegal\",\"isPartOf\":{\"@id\":\"https:\/\/www.africa-press.net\/senegal\/#website\"},\"primaryImageOfPage\":{\"@id\":\"https:\/\/www.africa-press.net\/senegal\/politique\/kalemodou-yansane-a-propos-de-bah-oury-et-ousmane-gaoual-il-ne-faut-pas-quils-oublient-quils-sont-des-produits-de-lufdg#primaryimage\"},\"image\":{\"@id\":\"https:\/\/www.africa-press.net\/senegal\/politique\/kalemodou-yansane-a-propos-de-bah-oury-et-ousmane-gaoual-il-ne-faut-pas-quils-oublient-quils-sont-des-produits-de-lufdg#primaryimage\"},\"thumbnailUrl\":\"https:\/\/static.africa-press.net\/senegal\/sites\/13\/2025\/01\/sm_1737873077.024652.jpg\",\"datePublished\":\"2025-01-25T13:45:00+00:00\",\"author\":{\"@id\":\"https:\/\/www.africa-press.net\/senegal\/#\/schema\/person\/2b1cf3cd81a31e3cd26889ca66d677f1\"},\"breadcrumb\":{\"@id\":\"https:\/\/www.africa-press.net\/senegal\/politique\/kalemodou-yansane-a-propos-de-bah-oury-et-ousmane-gaoual-il-ne-faut-pas-quils-oublient-quils-sont-des-produits-de-lufdg#breadcrumb\"},\"inLanguage\":\"fr-FR\",\"potentialAction\":[{\"@type\":\"ReadAction\",\"target\":[\"https:\/\/www.africa-press.net\/senegal\/politique\/kalemodou-yansane-a-propos-de-bah-oury-et-ousmane-gaoual-il-ne-faut-pas-quils-oublient-quils-sont-des-produits-de-lufdg\"]}]},{\"@type\":\"ImageObject\",\"inLanguage\":\"fr-FR\",\"@id\":\"https:\/\/www.africa-press.net\/senegal\/politique\/kalemodou-yansane-a-propos-de-bah-oury-et-ousmane-gaoual-il-ne-faut-pas-quils-oublient-quils-sont-des-produits-de-lufdg#primaryimage\",\"url\":\"https:\/\/static.africa-press.net\/senegal\/sites\/13\/2025\/01\/sm_1737873077.024652.jpg\",\"contentUrl\":\"https:\/\/static.africa-press.net\/senegal\/sites\/13\/2025\/01\/sm_1737873077.024652.jpg\",\"width\":1008,\"height\":567,\"caption\":\"Kal\u00e9modou Yansan\u00e9 \u00e0 Propos de Bah Oury et Ousmane Gaoual : \u2018\u2019Il ne Faut pas Qu\u2019Ils Oublient Qu\u2019Ils Sont des Produits de L\u2019Ufdg\u201d\"},{\"@type\":\"BreadcrumbList\",\"@id\":\"https:\/\/www.africa-press.net\/senegal\/politique\/kalemodou-yansane-a-propos-de-bah-oury-et-ousmane-gaoual-il-ne-faut-pas-quils-oublient-quils-sont-des-produits-de-lufdg#breadcrumb\",\"itemListElement\":[{\"@type\":\"ListItem\",\"position\":1,\"name\":\"Accueil\",\"item\":\"https:\/\/www.africa-press.net\/senegal\/\"},{\"@type\":\"ListItem\",\"position\":2,\"name\":\"Kal\u00e9modou Yansan\u00e9 \u00e0 Propos de Bah Oury et Ousmane Gaoual : \u2018\u2019Il ne Faut pas Qu\u2019Ils Oublient Qu\u2019Ils Sont des Produits de L\u2019Ufdg\u201d\"}]},{\"@type\":\"WebSite\",\"@id\":\"https:\/\/www.africa-press.net\/senegal\/#website\",\"url\":\"https:\/\/www.africa-press.net\/senegal\/\",\"name\":\"Africa Press | Senegal | Homepage\",\"description\":\"Just another Africa News Agency Sites site\",\"potentialAction\":[{\"@type\":\"SearchAction\",\"target\":{\"@type\":\"EntryPoint\",\"urlTemplate\":\"https:\/\/www.africa-press.net\/senegal\/?s={search_term_string}\"},\"query-input\":{\"@type\":\"PropertyValueSpecification\",\"valueRequired\":true,\"valueName\":\"search_term_string\"}}],\"inLanguage\":\"fr-FR\"},{\"@type\":\"Person\",\"@id\":\"https:\/\/www.africa-press.net\/senegal\/#\/schema\/person\/2b1cf3cd81a31e3cd26889ca66d677f1\",\"name\":\"cfeditorfr\",\"url\":\"https:\/\/www.africa-press.net\/senegal\/author\/cfeditorfr\"}]}<\/script>\n<!-- \/ Yoast SEO Premium plugin. -->","yoast_head_json":{"title":"Kal\u00e9modou Yansan\u00e9 \u00e0 Propos de Bah Oury et Ousmane Gaoual : \u2018\u2019Il ne Faut pas Qu\u2019Ils Oublient Qu\u2019Ils Sont des Produits de L\u2019Ufdg\u201d - Senegal","robots":{"index":"index","follow":"follow","max-snippet":"max-snippet:-1","max-image-preview":"max-image-preview:large","max-video-preview":"max-video-preview:-1"},"canonical":"https:\/\/www.africa-press.net\/senegal\/politique\/kalemodou-yansane-a-propos-de-bah-oury-et-ousmane-gaoual-il-ne-faut-pas-quils-oublient-quils-sont-des-produits-de-lufdg","og_locale":"fr_FR","og_type":"article","og_title":"Kal\u00e9modou Yansan\u00e9 \u00e0 Propos de Bah Oury et Ousmane Gaoual : \u2018\u2019Il ne Faut pas Qu\u2019Ils Oublient Qu\u2019Ils Sont des Produits de L\u2019Ufdg\u201d","og_description":"Africa-Press &#8211; Senegal. L\u2018Union des forces de\u0301mocratiques de Guine\u0301e (UFDG), dirige\u0301e par l\u2019ancien Premier Cellou Dalein Diallo, a tenu son assemble\u0301e ge\u0301ne\u0301rale, ce samedi 25 janvier 2025, a\u0300 la Minie\u0300re dans la commune de Dixinn. Le vice-pre\u0301sident Kale\u0301modou Yansane\u0301 a profite\u0301 de la pre\u0301sence d\u2019une foule de militants au sie\u0300ge de l\u2019UFDG pour interpeller le [&hellip;]","og_url":"https:\/\/www.africa-press.net\/senegal\/politique\/kalemodou-yansane-a-propos-de-bah-oury-et-ousmane-gaoual-il-ne-faut-pas-quils-oublient-quils-sont-des-produits-de-lufdg","og_site_name":"Senegal","article_published_time":"2025-01-25T13:45:00+00:00","author":"cfeditorfr","twitter_card":"summary_large_image","twitter_misc":{"\u00c9crit par":"cfeditorfr","Dur\u00e9e de lecture estim\u00e9e":"2 minutes"},"schema":{"@context":"https:\/\/schema.org","@graph":[{"@type":"Article","@id":"https:\/\/www.africa-press.net\/senegal\/politique\/kalemodou-yansane-a-propos-de-bah-oury-et-ousmane-gaoual-il-ne-faut-pas-quils-oublient-quils-sont-des-produits-de-lufdg#article","isPartOf":{"@id":"https:\/\/www.africa-press.net\/senegal\/politique\/kalemodou-yansane-a-propos-de-bah-oury-et-ousmane-gaoual-il-ne-faut-pas-quils-oublient-quils-sont-des-produits-de-lufdg"},"author":{"name":"cfeditorfr","@id":"https:\/\/www.africa-press.net\/senegal\/#\/schema\/person\/2b1cf3cd81a31e3cd26889ca66d677f1"},"headline":"Kal\u00e9modou Yansan\u00e9 \u00e0 Propos de Bah Oury et Ousmane Gaoual : \u2018\u2019Il ne Faut pas Qu\u2019Ils Oublient Qu\u2019Ils Sont des Produits de L\u2019Ufdg\u201d","datePublished":"2025-01-25T13:45:00+00:00","mainEntityOfPage":{"@id":"https:\/\/www.africa-press.net\/senegal\/politique\/kalemodou-yansane-a-propos-de-bah-oury-et-ousmane-gaoual-il-ne-faut-pas-quils-oublient-quils-sont-des-produits-de-lufdg"},"wordCount":420,"commentCount":0,"image":{"@id":"https:\/\/www.africa-press.net\/senegal\/politique\/kalemodou-yansane-a-propos-de-bah-oury-et-ousmane-gaoual-il-ne-faut-pas-quils-oublient-quils-sont-des-produits-de-lufdg#primaryimage"},"thumbnailUrl":"https:\/\/static.africa-press.net\/senegal\/sites\/13\/2025\/01\/sm_1737873077.024652.jpg","keywords":["Senegal"],"articleSection":["Politique","Top Nouvelles","Toutes les actualit\u00e9s"],"inLanguage":"fr-FR","potentialAction":[{"@type":"CommentAction","name":"Comment","target":["https:\/\/www.africa-press.net\/senegal\/politique\/kalemodou-yansane-a-propos-de-bah-oury-et-ousmane-gaoual-il-ne-faut-pas-quils-oublient-quils-sont-des-produits-de-lufdg#respond"]}]},{"@type":"WebPage","@id":"https:\/\/www.africa-press.net\/senegal\/politique\/kalemodou-yansane-a-propos-de-bah-oury-et-ousmane-gaoual-il-ne-faut-pas-quils-oublient-quils-sont-des-produits-de-lufdg","url":"https:\/\/www.africa-press.net\/senegal\/politique\/kalemodou-yansane-a-propos-de-bah-oury-et-ousmane-gaoual-il-ne-faut-pas-quils-oublient-quils-sont-des-produits-de-lufdg","name":"Kal\u00e9modou Yansan\u00e9 \u00e0 Propos de Bah Oury et Ousmane Gaoual : \u2018\u2019Il ne Faut pas Qu\u2019Ils Oublient Qu\u2019Ils Sont des Produits de L\u2019Ufdg\u201d - Senegal","isPartOf":{"@id":"https:\/\/www.africa-press.net\/senegal\/#website"},"primaryImageOfPage":{"@id":"https:\/\/www.africa-press.net\/senegal\/politique\/kalemodou-yansane-a-propos-de-bah-oury-et-ousmane-gaoual-il-ne-faut-pas-quils-oublient-quils-sont-des-produits-de-lufdg#primaryimage"},"image":{"@id":"https:\/\/www.africa-press.net\/senegal\/politique\/kalemodou-yansane-a-propos-de-bah-oury-et-ousmane-gaoual-il-ne-faut-pas-quils-oublient-quils-sont-des-produits-de-lufdg#primaryimage"},"thumbnailUrl":"https:\/\/static.africa-press.net\/senegal\/sites\/13\/2025\/01\/sm_1737873077.024652.jpg","datePublished":"2025-01-25T13:45:00+00:00","author":{"@id":"https:\/\/www.africa-press.net\/senegal\/#\/schema\/person\/2b1cf3cd81a31e3cd26889ca66d677f1"},"breadcrumb":{"@id":"https:\/\/www.africa-press.net\/senegal\/politique\/kalemodou-yansane-a-propos-de-bah-oury-et-ousmane-gaoual-il-ne-faut-pas-quils-oublient-quils-sont-des-produits-de-lufdg#breadcrumb"},"inLanguage":"fr-FR","potentialAction":[{"@type":"ReadAction","target":["https:\/\/www.africa-press.net\/senegal\/politique\/kalemodou-yansane-a-propos-de-bah-oury-et-ousmane-gaoual-il-ne-faut-pas-quils-oublient-quils-sont-des-produits-de-lufdg"]}]},{"@type":"ImageObject","inLanguage":"fr-FR","@id":"https:\/\/www.africa-press.net\/senegal\/politique\/kalemodou-yansane-a-propos-de-bah-oury-et-ousmane-gaoual-il-ne-faut-pas-quils-oublient-quils-sont-des-produits-de-lufdg#primaryimage","url":"https:\/\/static.africa-press.net\/senegal\/sites\/13\/2025\/01\/sm_1737873077.024652.jpg","contentUrl":"https:\/\/static.africa-press.net\/senegal\/sites\/13\/2025\/01\/sm_1737873077.024652.jpg","width":1008,"height":567,"caption":"Kal\u00e9modou Yansan\u00e9 \u00e0 Propos de Bah Oury et Ousmane Gaoual : \u2018\u2019Il ne Faut pas Qu\u2019Ils Oublient Qu\u2019Ils Sont des Produits de L\u2019Ufdg\u201d"},{"@type":"BreadcrumbList","@id":"https:\/\/www.africa-press.net\/senegal\/politique\/kalemodou-yansane-a-propos-de-bah-oury-et-ousmane-gaoual-il-ne-faut-pas-quils-oublient-quils-sont-des-produits-de-lufdg#breadcrumb","itemListElement":[{"@type":"ListItem","position":1,"name":"Accueil","item":"https:\/\/www.africa-press.net\/senegal\/"},{"@type":"ListItem","position":2,"name":"Kal\u00e9modou Yansan\u00e9 \u00e0 Propos de Bah Oury et Ousmane Gaoual : \u2018\u2019Il ne Faut pas Qu\u2019Ils Oublient Qu\u2019Ils Sont des Produits de L\u2019Ufdg\u201d"}]},{"@type":"WebSite","@id":"https:\/\/www.africa-press.net\/senegal\/#website","url":"https:\/\/www.africa-press.net\/senegal\/","name":"Africa Press | Senegal | Homepage","description":"Just another Africa News Agency Sites site","potentialAction":[{"@type":"SearchAction","target":{"@type":"EntryPoint","urlTemplate":"https:\/\/www.africa-press.net\/senegal\/?s={search_term_string}"},"query-input":{"@type":"PropertyValueSpecification","valueRequired":true,"valueName":"search_term_string"}}],"inLanguage":"fr-FR"},{"@type":"Person","@id":"https:\/\/www.africa-press.net\/senegal\/#\/schema\/person\/2b1cf3cd81a31e3cd26889ca66d677f1","name":"cfeditorfr","url":"https:\/\/www.africa-press.net\/senegal\/author\/cfeditorfr"}]}},"_links":{"self":[{"href":"https:\/\/www.africa-press.net\/senegal\/wp-json\/wp\/v2\/posts\/65031","targetHints":{"allow":["GET"]}}],"collection":[{"href":"https:\/\/www.africa-press.net\/senegal\/wp-json\/wp\/v2\/posts"}],"about":[{"href":"https:\/\/www.africa-press.net\/senegal\/wp-json\/wp\/v2\/types\/post"}],"author":[{"embeddable":true,"href":"https:\/\/www.africa-press.net\/senegal\/wp-json\/wp\/v2\/users\/82"}],"replies":[{"embeddable":true,"href":"https:\/\/www.africa-press.net\/senegal\/wp-json\/wp\/v2\/comments?post=65031"}],"version-history":[{"count":0,"href":"https:\/\/www.africa-press.net\/senegal\/wp-json\/wp\/v2\/posts\/65031\/revisions"}],"wp:featuredmedia":[{"embeddable":true,"href":"https:\/\/www.africa-press.net\/senegal\/wp-json\/wp\/v2\/media\/65030"}],"wp:attachment":[{"href":"https:\/\/www.africa-press.net\/senegal\/wp-json\/wp\/v2\/media?parent=65031"}],"wp:term":[{"taxonomy":"category","embeddable":true,"href":"https:\/\/www.africa-press.net\/senegal\/wp-json\/wp\/v2\/categories?post=65031"},{"taxonomy":"post_tag","embeddable":true,"href":"https:\/\/www.africa-press.net\/senegal\/wp-json\/wp\/v2\/tags?post=65031"}],"curies":[{"name":"wp","href":"https:\/\/api.w.org\/{rel}","templated":true}]}}