{"id":65043,"date":"2025-01-26T12:00:00","date_gmt":"2025-01-26T12:00:00","guid":{"rendered":"https:\/\/www.africa-press.net\/senegal\/politique\/de-18-km-a-130-metres-des-cotes-ce-phare-de-charente-maritime-menace-par-lerosion-sera-detruit"},"modified":"2025-01-26T12:00:00","modified_gmt":"2025-01-26T12:00:00","slug":"de-18-km-a-130-metres-des-cotes-ce-phare-de-charente-maritime-menace-par-lerosion-sera-detruit","status":"publish","type":"post","link":"https:\/\/www.africa-press.net\/senegal\/toutes-les-actualites\/de-18-km-a-130-metres-des-cotes-ce-phare-de-charente-maritime-menace-par-lerosion-sera-detruit","title":{"rendered":"De 1,8 Km \u00e0 130 M\u00e8tres des C\u00f4tes : ce Phare de Charente-Maritime, Menac\u00e9 par L\u2019\u00e9rosion, Sera D\u00e9truit"},"content":{"rendered":"<p><span style=\"color: #ff6600\"><strong>Africa-Press &#8211; Senegal. <\/strong><\/span>Le phare de la Coubre situe\u0301 a\u0300 la Tremblade pre\u0300s de Royan en Charente-Maritime, menace\u0301 par l\u2019avance\u0301e de l\u2019oce\u0301an, devra e\u0302tre de\u0301moli sans e\u0302tre relocalise\u0301, a-t-on appris lundi aupre\u0300s de la Direction interre\u0301gionale de la Mer Sud Atlantique. \u00ab On est dans la projection, dans l\u2019e\u0301tude d\u2019une possibilite\u0301. Sans calendrier de pose\u0301 \u00bb, a de\u0301clare\u0301 a\u0300 l\u2019AFP Christophe Me\u0301rit, directeur adjoint de la se\u0301curite\u0301 et des contro\u0302les maritimes de cette antenne du ministe\u0300re de la Mer, confirmant une information du Littoral, un hebdomadaire local.<\/p>\n<p><b>Faire reculer le phare n\u2019est pas une option<\/b><\/p>\n<p>Ce phare blanc et rouge, haut de 64 me\u0300tres, signale jusqu\u2019a\u0300 52 kilome\u0300tres au large l\u2019approche de l\u2019estuaire de la Gironde. Il avait e\u0301te\u0301 e\u0301rige\u0301 a\u0300 1,8 kilome\u0300tre de l\u2019oce\u0301an lors de sa construction en 1904. Aujourd\u2019hui, l\u2019Atlantique n\u2019est plus qu\u2019a\u0300 130 me\u0300tres et quand cette distance aura encore e\u0301te\u0301 re\u0301duite de moitie\u0301, la de\u0301construction de l\u2019e\u0301difice sera ordonne\u0301e car les infiltrations d\u2019eau sale\u0301e saperont alors ses fondations, expliquent les autorite\u0301s, rejetant la possibilite\u0301 \u00ab de le faire reculer \u00bb.<\/p>\n<p>Selon Damien Joussemet, responsable du phare de la Coubre, quatre autres sur la commune ont e\u0301te\u0301 emporte\u0301s par les flots depuis le XVIIe sie\u0300cle sous l\u2019effet de l\u2019e\u0301rosion. Phe\u0301nome\u0300ne naturel de perte de se\u0301diments cause\u0301 par les vents, les vagues et les mare\u0301es, l\u2019e\u0301rosion co\u0302tie\u0300re fait reculer les plages et les dunes de plusieurs me\u0300tres par endroits, chaque anne\u0301e, sur le littoral. Dans le secteur de la Tremblade, le trait de co\u0302te s\u2019e\u0301tait notamment replie\u0301 de 18 me\u0300tres durant le seul hiver 2020-2021, selon les releve\u0301s des l\u2019Observatoire de la co\u0302te de Nouvelle-Aquitaine (Ocna), qui associe des chercheurs du Bureau de Recherches Ge\u0301ologiques et Minie\u0300res et de l\u2019Office National des fore\u0302ts.<\/p>\n<p><b>Ba\u0302timents menace\u0301s<\/b><\/p>\n<p>Selon les estimations du Groupement d\u2019inte\u0301re\u0302t public Littoral, qui regroupe les collectivite\u0301s locales touche\u0301es par l\u2019e\u0301rosion depuis la Charente-Maritime jusqu\u2019aux Pyre\u0301ne\u0301es-Atlantiques, environ 6.700 logements et commerces sont menace\u0301s par ce recul d\u2019ici 2050, si rien n\u2019est fait.<\/p>\n<p>Dans la Gironde voisine, le \u00ab Signal \u00bb, un immeuble d\u2019habitation menace\u0301 d\u2019e\u0302tre avale\u0301 par l\u2019oce\u0301an, avait e\u0301te\u0301 de\u0301moli de\u0301but 2023 sur la plage de Soulac-sur-Mer. Parmi les autres points critiques de la re\u0301gion, un ho\u0302tel et deux villas a\u0300 Biscarrosse dans les Landes, ou\u0300 des travaux de renforcement de la dune sont en cours, et une route co\u0302tie\u0300re sur une falaise basque a\u0300 Urrugne, sont les plus menace\u0301s par l\u2019e\u0301rosion dans les anne\u0301es a\u0300 venir, selon l\u2019Ocna.<\/p>\n<p><strong>Pour plus d&rsquo;informations et d&rsquo;analyses sur la <span style=\"color: #ff6600\">Senegal<\/span>, suivez <span style=\"color: #ff6600\">Africa-Press<span style=\"color: #ff6600\"><\/span><\/strong><\/p>\n","protected":false},"excerpt":{"rendered":"<p>Africa-Press &#8211; Senegal. Le phare de la Coubre situe\u0301 a\u0300 la Tremblade pre\u0300s de Royan en Charente-Maritime, menace\u0301 par l\u2019avance\u0301e de l\u2019oce\u0301an, devra e\u0302tre de\u0301moli sans e\u0302tre relocalise\u0301, a-t-on appris lundi aupre\u0300s de la Direction interre\u0301gionale de la Mer Sud Atlantique. \u00ab On est dans la projection, dans l\u2019e\u0301tude d\u2019une possibilite\u0301. Sans calendrier de pose\u0301 [&hellip;]<\/p>\n","protected":false},"author":82,"featured_media":65042,"comment_status":"open","ping_status":"closed","sticky":false,"template":"","format":"standard","meta":{"footnotes":""},"categories":[22,10],"tags":[44],"class_list":["post-65043","post","type-post","status-publish","format-standard","has-post-thumbnail","hentry","category-divers","category-toutes-les-actualites","tag-senegal-2"],"yoast_head":"<!-- This site is optimized with the Yoast SEO Premium plugin v26.1 (Yoast SEO v27.0) - https:\/\/yoast.com\/product\/yoast-seo-premium-wordpress\/ -->\n<title>De 1,8 Km \u00e0 130 M\u00e8tres des C\u00f4tes : ce Phare de Charente-Maritime, Menac\u00e9 par L\u2019\u00e9rosion, Sera D\u00e9truit - Senegal<\/title>\n<meta name=\"robots\" content=\"index, follow, max-snippet:-1, max-image-preview:large, max-video-preview:-1\" \/>\n<link rel=\"canonical\" href=\"https:\/\/www.africa-press.net\/senegal\/politique\/de-18-km-a-130-metres-des-cotes-ce-phare-de-charente-maritime-menace-par-lerosion-sera-detruit\" \/>\n<meta property=\"og:locale\" content=\"fr_FR\" \/>\n<meta property=\"og:type\" content=\"article\" \/>\n<meta property=\"og:title\" content=\"De 1,8 Km \u00e0 130 M\u00e8tres des C\u00f4tes : ce Phare de Charente-Maritime, Menac\u00e9 par L\u2019\u00e9rosion, Sera D\u00e9truit\" \/>\n<meta property=\"og:description\" content=\"Africa-Press &#8211; Senegal. Le phare de la Coubre situe\u0301 a\u0300 la Tremblade pre\u0300s de Royan en Charente-Maritime, menace\u0301 par l\u2019avance\u0301e de l\u2019oce\u0301an, devra e\u0302tre de\u0301moli sans e\u0302tre relocalise\u0301, a-t-on appris lundi aupre\u0300s de la Direction interre\u0301gionale de la Mer Sud Atlantique. \u00ab On est dans la projection, dans l\u2019e\u0301tude d\u2019une possibilite\u0301. Sans calendrier de pose\u0301 [&hellip;]\" \/>\n<meta property=\"og:url\" content=\"https:\/\/www.africa-press.net\/senegal\/politique\/de-18-km-a-130-metres-des-cotes-ce-phare-de-charente-maritime-menace-par-lerosion-sera-detruit\" \/>\n<meta property=\"og:site_name\" content=\"Senegal\" \/>\n<meta property=\"article:published_time\" content=\"2025-01-26T12:00:00+00:00\" \/>\n<meta name=\"author\" content=\"cfeditorfr\" \/>\n<meta name=\"twitter:card\" content=\"summary_large_image\" \/>\n<meta name=\"twitter:label1\" content=\"\u00c9crit par\" \/>\n\t<meta name=\"twitter:data1\" content=\"cfeditorfr\" \/>\n\t<meta name=\"twitter:label2\" content=\"Dur\u00e9e de lecture estim\u00e9e\" \/>\n\t<meta name=\"twitter:data2\" content=\"3 minutes\" \/>\n<script type=\"application\/ld+json\" class=\"yoast-schema-graph\">{\"@context\":\"https:\/\/schema.org\",\"@graph\":[{\"@type\":\"Article\",\"@id\":\"https:\/\/www.africa-press.net\/senegal\/politique\/de-18-km-a-130-metres-des-cotes-ce-phare-de-charente-maritime-menace-par-lerosion-sera-detruit#article\",\"isPartOf\":{\"@id\":\"https:\/\/www.africa-press.net\/senegal\/politique\/de-18-km-a-130-metres-des-cotes-ce-phare-de-charente-maritime-menace-par-lerosion-sera-detruit\"},\"author\":{\"name\":\"cfeditorfr\",\"@id\":\"https:\/\/www.africa-press.net\/senegal\/#\/schema\/person\/2b1cf3cd81a31e3cd26889ca66d677f1\"},\"headline\":\"De 1,8 Km \u00e0 130 M\u00e8tres des C\u00f4tes : ce Phare de Charente-Maritime, Menac\u00e9 par L\u2019\u00e9rosion, Sera D\u00e9truit\",\"datePublished\":\"2025-01-26T12:00:00+00:00\",\"mainEntityOfPage\":{\"@id\":\"https:\/\/www.africa-press.net\/senegal\/politique\/de-18-km-a-130-metres-des-cotes-ce-phare-de-charente-maritime-menace-par-lerosion-sera-detruit\"},\"wordCount\":521,\"commentCount\":0,\"image\":{\"@id\":\"https:\/\/www.africa-press.net\/senegal\/politique\/de-18-km-a-130-metres-des-cotes-ce-phare-de-charente-maritime-menace-par-lerosion-sera-detruit#primaryimage\"},\"thumbnailUrl\":\"https:\/\/static.africa-press.net\/senegal\/sites\/13\/2025\/01\/sm_1737965739.212974.jpg\",\"keywords\":[\"Senegal\"],\"articleSection\":[\"Divers\",\"Toutes les actualit\u00e9s\"],\"inLanguage\":\"fr-FR\",\"potentialAction\":[{\"@type\":\"CommentAction\",\"name\":\"Comment\",\"target\":[\"https:\/\/www.africa-press.net\/senegal\/politique\/de-18-km-a-130-metres-des-cotes-ce-phare-de-charente-maritime-menace-par-lerosion-sera-detruit#respond\"]}]},{\"@type\":\"WebPage\",\"@id\":\"https:\/\/www.africa-press.net\/senegal\/politique\/de-18-km-a-130-metres-des-cotes-ce-phare-de-charente-maritime-menace-par-lerosion-sera-detruit\",\"url\":\"https:\/\/www.africa-press.net\/senegal\/politique\/de-18-km-a-130-metres-des-cotes-ce-phare-de-charente-maritime-menace-par-lerosion-sera-detruit\",\"name\":\"De 1,8 Km \u00e0 130 M\u00e8tres des C\u00f4tes : ce Phare de Charente-Maritime, Menac\u00e9 par L\u2019\u00e9rosion, Sera D\u00e9truit - Senegal\",\"isPartOf\":{\"@id\":\"https:\/\/www.africa-press.net\/senegal\/#website\"},\"primaryImageOfPage\":{\"@id\":\"https:\/\/www.africa-press.net\/senegal\/politique\/de-18-km-a-130-metres-des-cotes-ce-phare-de-charente-maritime-menace-par-lerosion-sera-detruit#primaryimage\"},\"image\":{\"@id\":\"https:\/\/www.africa-press.net\/senegal\/politique\/de-18-km-a-130-metres-des-cotes-ce-phare-de-charente-maritime-menace-par-lerosion-sera-detruit#primaryimage\"},\"thumbnailUrl\":\"https:\/\/static.africa-press.net\/senegal\/sites\/13\/2025\/01\/sm_1737965739.212974.jpg\",\"datePublished\":\"2025-01-26T12:00:00+00:00\",\"author\":{\"@id\":\"https:\/\/www.africa-press.net\/senegal\/#\/schema\/person\/2b1cf3cd81a31e3cd26889ca66d677f1\"},\"breadcrumb\":{\"@id\":\"https:\/\/www.africa-press.net\/senegal\/politique\/de-18-km-a-130-metres-des-cotes-ce-phare-de-charente-maritime-menace-par-lerosion-sera-detruit#breadcrumb\"},\"inLanguage\":\"fr-FR\",\"potentialAction\":[{\"@type\":\"ReadAction\",\"target\":[\"https:\/\/www.africa-press.net\/senegal\/politique\/de-18-km-a-130-metres-des-cotes-ce-phare-de-charente-maritime-menace-par-lerosion-sera-detruit\"]}]},{\"@type\":\"ImageObject\",\"inLanguage\":\"fr-FR\",\"@id\":\"https:\/\/www.africa-press.net\/senegal\/politique\/de-18-km-a-130-metres-des-cotes-ce-phare-de-charente-maritime-menace-par-lerosion-sera-detruit#primaryimage\",\"url\":\"https:\/\/static.africa-press.net\/senegal\/sites\/13\/2025\/01\/sm_1737965739.212974.jpg\",\"contentUrl\":\"https:\/\/static.africa-press.net\/senegal\/sites\/13\/2025\/01\/sm_1737965739.212974.jpg\",\"width\":1280,\"height\":720,\"caption\":\"De 1,8 Km \u00e0 130 M\u00e8tres des C\u00f4tes : ce Phare de Charente-Maritime, Menac\u00e9 par L\u2019\u00e9rosion, Sera D\u00e9truit\"},{\"@type\":\"BreadcrumbList\",\"@id\":\"https:\/\/www.africa-press.net\/senegal\/politique\/de-18-km-a-130-metres-des-cotes-ce-phare-de-charente-maritime-menace-par-lerosion-sera-detruit#breadcrumb\",\"itemListElement\":[{\"@type\":\"ListItem\",\"position\":1,\"name\":\"Accueil\",\"item\":\"https:\/\/www.africa-press.net\/senegal\/\"},{\"@type\":\"ListItem\",\"position\":2,\"name\":\"De 1,8 Km \u00e0 130 M\u00e8tres des C\u00f4tes : ce Phare de Charente-Maritime, Menac\u00e9 par L\u2019\u00e9rosion, Sera D\u00e9truit\"}]},{\"@type\":\"WebSite\",\"@id\":\"https:\/\/www.africa-press.net\/senegal\/#website\",\"url\":\"https:\/\/www.africa-press.net\/senegal\/\",\"name\":\"Africa Press | Senegal | Homepage\",\"description\":\"Just another Africa News Agency Sites site\",\"potentialAction\":[{\"@type\":\"SearchAction\",\"target\":{\"@type\":\"EntryPoint\",\"urlTemplate\":\"https:\/\/www.africa-press.net\/senegal\/?s={search_term_string}\"},\"query-input\":{\"@type\":\"PropertyValueSpecification\",\"valueRequired\":true,\"valueName\":\"search_term_string\"}}],\"inLanguage\":\"fr-FR\"},{\"@type\":\"Person\",\"@id\":\"https:\/\/www.africa-press.net\/senegal\/#\/schema\/person\/2b1cf3cd81a31e3cd26889ca66d677f1\",\"name\":\"cfeditorfr\",\"url\":\"https:\/\/www.africa-press.net\/senegal\/author\/cfeditorfr\"}]}<\/script>\n<!-- \/ Yoast SEO Premium plugin. -->","yoast_head_json":{"title":"De 1,8 Km \u00e0 130 M\u00e8tres des C\u00f4tes : ce Phare de Charente-Maritime, Menac\u00e9 par L\u2019\u00e9rosion, Sera D\u00e9truit - Senegal","robots":{"index":"index","follow":"follow","max-snippet":"max-snippet:-1","max-image-preview":"max-image-preview:large","max-video-preview":"max-video-preview:-1"},"canonical":"https:\/\/www.africa-press.net\/senegal\/politique\/de-18-km-a-130-metres-des-cotes-ce-phare-de-charente-maritime-menace-par-lerosion-sera-detruit","og_locale":"fr_FR","og_type":"article","og_title":"De 1,8 Km \u00e0 130 M\u00e8tres des C\u00f4tes : ce Phare de Charente-Maritime, Menac\u00e9 par L\u2019\u00e9rosion, Sera D\u00e9truit","og_description":"Africa-Press &#8211; Senegal. Le phare de la Coubre situe\u0301 a\u0300 la Tremblade pre\u0300s de Royan en Charente-Maritime, menace\u0301 par l\u2019avance\u0301e de l\u2019oce\u0301an, devra e\u0302tre de\u0301moli sans e\u0302tre relocalise\u0301, a-t-on appris lundi aupre\u0300s de la Direction interre\u0301gionale de la Mer Sud Atlantique. \u00ab On est dans la projection, dans l\u2019e\u0301tude d\u2019une possibilite\u0301. Sans calendrier de pose\u0301 [&hellip;]","og_url":"https:\/\/www.africa-press.net\/senegal\/politique\/de-18-km-a-130-metres-des-cotes-ce-phare-de-charente-maritime-menace-par-lerosion-sera-detruit","og_site_name":"Senegal","article_published_time":"2025-01-26T12:00:00+00:00","author":"cfeditorfr","twitter_card":"summary_large_image","twitter_misc":{"\u00c9crit par":"cfeditorfr","Dur\u00e9e de lecture estim\u00e9e":"3 minutes"},"schema":{"@context":"https:\/\/schema.org","@graph":[{"@type":"Article","@id":"https:\/\/www.africa-press.net\/senegal\/politique\/de-18-km-a-130-metres-des-cotes-ce-phare-de-charente-maritime-menace-par-lerosion-sera-detruit#article","isPartOf":{"@id":"https:\/\/www.africa-press.net\/senegal\/politique\/de-18-km-a-130-metres-des-cotes-ce-phare-de-charente-maritime-menace-par-lerosion-sera-detruit"},"author":{"name":"cfeditorfr","@id":"https:\/\/www.africa-press.net\/senegal\/#\/schema\/person\/2b1cf3cd81a31e3cd26889ca66d677f1"},"headline":"De 1,8 Km \u00e0 130 M\u00e8tres des C\u00f4tes : ce Phare de Charente-Maritime, Menac\u00e9 par L\u2019\u00e9rosion, Sera D\u00e9truit","datePublished":"2025-01-26T12:00:00+00:00","mainEntityOfPage":{"@id":"https:\/\/www.africa-press.net\/senegal\/politique\/de-18-km-a-130-metres-des-cotes-ce-phare-de-charente-maritime-menace-par-lerosion-sera-detruit"},"wordCount":521,"commentCount":0,"image":{"@id":"https:\/\/www.africa-press.net\/senegal\/politique\/de-18-km-a-130-metres-des-cotes-ce-phare-de-charente-maritime-menace-par-lerosion-sera-detruit#primaryimage"},"thumbnailUrl":"https:\/\/static.africa-press.net\/senegal\/sites\/13\/2025\/01\/sm_1737965739.212974.jpg","keywords":["Senegal"],"articleSection":["Divers","Toutes les actualit\u00e9s"],"inLanguage":"fr-FR","potentialAction":[{"@type":"CommentAction","name":"Comment","target":["https:\/\/www.africa-press.net\/senegal\/politique\/de-18-km-a-130-metres-des-cotes-ce-phare-de-charente-maritime-menace-par-lerosion-sera-detruit#respond"]}]},{"@type":"WebPage","@id":"https:\/\/www.africa-press.net\/senegal\/politique\/de-18-km-a-130-metres-des-cotes-ce-phare-de-charente-maritime-menace-par-lerosion-sera-detruit","url":"https:\/\/www.africa-press.net\/senegal\/politique\/de-18-km-a-130-metres-des-cotes-ce-phare-de-charente-maritime-menace-par-lerosion-sera-detruit","name":"De 1,8 Km \u00e0 130 M\u00e8tres des C\u00f4tes : ce Phare de Charente-Maritime, Menac\u00e9 par L\u2019\u00e9rosion, Sera D\u00e9truit - Senegal","isPartOf":{"@id":"https:\/\/www.africa-press.net\/senegal\/#website"},"primaryImageOfPage":{"@id":"https:\/\/www.africa-press.net\/senegal\/politique\/de-18-km-a-130-metres-des-cotes-ce-phare-de-charente-maritime-menace-par-lerosion-sera-detruit#primaryimage"},"image":{"@id":"https:\/\/www.africa-press.net\/senegal\/politique\/de-18-km-a-130-metres-des-cotes-ce-phare-de-charente-maritime-menace-par-lerosion-sera-detruit#primaryimage"},"thumbnailUrl":"https:\/\/static.africa-press.net\/senegal\/sites\/13\/2025\/01\/sm_1737965739.212974.jpg","datePublished":"2025-01-26T12:00:00+00:00","author":{"@id":"https:\/\/www.africa-press.net\/senegal\/#\/schema\/person\/2b1cf3cd81a31e3cd26889ca66d677f1"},"breadcrumb":{"@id":"https:\/\/www.africa-press.net\/senegal\/politique\/de-18-km-a-130-metres-des-cotes-ce-phare-de-charente-maritime-menace-par-lerosion-sera-detruit#breadcrumb"},"inLanguage":"fr-FR","potentialAction":[{"@type":"ReadAction","target":["https:\/\/www.africa-press.net\/senegal\/politique\/de-18-km-a-130-metres-des-cotes-ce-phare-de-charente-maritime-menace-par-lerosion-sera-detruit"]}]},{"@type":"ImageObject","inLanguage":"fr-FR","@id":"https:\/\/www.africa-press.net\/senegal\/politique\/de-18-km-a-130-metres-des-cotes-ce-phare-de-charente-maritime-menace-par-lerosion-sera-detruit#primaryimage","url":"https:\/\/static.africa-press.net\/senegal\/sites\/13\/2025\/01\/sm_1737965739.212974.jpg","contentUrl":"https:\/\/static.africa-press.net\/senegal\/sites\/13\/2025\/01\/sm_1737965739.212974.jpg","width":1280,"height":720,"caption":"De 1,8 Km \u00e0 130 M\u00e8tres des C\u00f4tes : ce Phare de Charente-Maritime, Menac\u00e9 par L\u2019\u00e9rosion, Sera D\u00e9truit"},{"@type":"BreadcrumbList","@id":"https:\/\/www.africa-press.net\/senegal\/politique\/de-18-km-a-130-metres-des-cotes-ce-phare-de-charente-maritime-menace-par-lerosion-sera-detruit#breadcrumb","itemListElement":[{"@type":"ListItem","position":1,"name":"Accueil","item":"https:\/\/www.africa-press.net\/senegal\/"},{"@type":"ListItem","position":2,"name":"De 1,8 Km \u00e0 130 M\u00e8tres des C\u00f4tes : ce Phare de Charente-Maritime, Menac\u00e9 par L\u2019\u00e9rosion, Sera D\u00e9truit"}]},{"@type":"WebSite","@id":"https:\/\/www.africa-press.net\/senegal\/#website","url":"https:\/\/www.africa-press.net\/senegal\/","name":"Africa Press | Senegal | Homepage","description":"Just another Africa News Agency Sites site","potentialAction":[{"@type":"SearchAction","target":{"@type":"EntryPoint","urlTemplate":"https:\/\/www.africa-press.net\/senegal\/?s={search_term_string}"},"query-input":{"@type":"PropertyValueSpecification","valueRequired":true,"valueName":"search_term_string"}}],"inLanguage":"fr-FR"},{"@type":"Person","@id":"https:\/\/www.africa-press.net\/senegal\/#\/schema\/person\/2b1cf3cd81a31e3cd26889ca66d677f1","name":"cfeditorfr","url":"https:\/\/www.africa-press.net\/senegal\/author\/cfeditorfr"}]}},"_links":{"self":[{"href":"https:\/\/www.africa-press.net\/senegal\/wp-json\/wp\/v2\/posts\/65043","targetHints":{"allow":["GET"]}}],"collection":[{"href":"https:\/\/www.africa-press.net\/senegal\/wp-json\/wp\/v2\/posts"}],"about":[{"href":"https:\/\/www.africa-press.net\/senegal\/wp-json\/wp\/v2\/types\/post"}],"author":[{"embeddable":true,"href":"https:\/\/www.africa-press.net\/senegal\/wp-json\/wp\/v2\/users\/82"}],"replies":[{"embeddable":true,"href":"https:\/\/www.africa-press.net\/senegal\/wp-json\/wp\/v2\/comments?post=65043"}],"version-history":[{"count":0,"href":"https:\/\/www.africa-press.net\/senegal\/wp-json\/wp\/v2\/posts\/65043\/revisions"}],"wp:featuredmedia":[{"embeddable":true,"href":"https:\/\/www.africa-press.net\/senegal\/wp-json\/wp\/v2\/media\/65042"}],"wp:attachment":[{"href":"https:\/\/www.africa-press.net\/senegal\/wp-json\/wp\/v2\/media?parent=65043"}],"wp:term":[{"taxonomy":"category","embeddable":true,"href":"https:\/\/www.africa-press.net\/senegal\/wp-json\/wp\/v2\/categories?post=65043"},{"taxonomy":"post_tag","embeddable":true,"href":"https:\/\/www.africa-press.net\/senegal\/wp-json\/wp\/v2\/tags?post=65043"}],"curies":[{"name":"wp","href":"https:\/\/api.w.org\/{rel}","templated":true}]}}